{"id":10346,"date":"2013-07-16T11:23:52","date_gmt":"2013-07-16T14:23:52","guid":{"rendered":"http:\/\/rioonwatch.org\/?p=10346"},"modified":"2014-06-21T13:34:46","modified_gmt":"2014-06-21T16:34:46","slug":"vidigal-resists-real-estate-appreciation","status":"publish","type":"post","link":"https:\/\/rioonwatch.org\/?p=10346","title":{"rendered":"Vidigal Resists Real Estate Appreciation"},"content":{"rendered":"<p><em>For the original by Aramis Assis <em>in Portuguese on Viva Favela\u00a0<\/em>click <a href=\"http:\/\/bit.ly\/129Vluk\" target=\"_blank\">here<\/a>.\u00a0<\/em><\/p>\n<p><a href=\"http:\/\/www.rioonwatch.org\/?attachment_id=10349\" rel=\"attachment wp-att-10349\"><img fetchpriority=\"high\" decoding=\"async\" class=\"alignright size-full wp-image-10349\" title=\"Vidigal's spectacular view is one of the reasons for real estate appreciation\" src=\"http:\/\/www.rioonwatch.org\/wp-content\/uploads\/2013\/07\/7474759084_bbde40ed1b_c.jpg\" alt=\"\" width=\"336\" height=\"224\" srcset=\"https:\/\/rioonwatch.org\/wp-content\/uploads\/2013\/07\/7474759084_bbde40ed1b_c.jpg 800w, https:\/\/rioonwatch.org\/wp-content\/uploads\/2013\/07\/7474759084_bbde40ed1b_c-300x200.jpg 300w\" sizes=\"(max-width: 336px) 100vw, 336px\" \/><\/a>The hyper-appreciation of real estate values that has taken hold of Rio de Janeiro&#8217;s major neighborhoods has now reached the pacified favelas, and, surely due to location, is producing vigorous changes in <a href=\"http:\/\/bit.ly\/zBy7w2\" target=\"_blank\">Vidigal<\/a>. The community, which has had a <a href=\"http:\/\/bit.ly\/oTynCR\" target=\"_blank\">Pacifying Police Unit (UPP)<\/a> since January of last year, has attracted tourists and investors alike interested primarily in the beautiful views it boasts.<\/p>\n<p>For this reason, the price of a square meter of property in the favela has gone up dramatically. Today, according to the <a href=\"http:\/\/bit.ly\/1dez5o3\" target=\"_blank\">FIPE ZAP index<\/a>, the main indicator of the Brazilian real estate market, the average square meter in Vidigal is valued at R$8,299 (US$3750), slightly less than the average R$9,285 in the city of Rio. This increase is felt in the favela, where property purchased 10 years ago for R$30,000 is now worth R$350,000, when normally, corrected only by inflation in the period, it would not have even doubled in price.<\/p>\n<p><a href=\"http:\/\/www.rioonwatch.org\/?attachment_id=10352\" rel=\"attachment wp-att-10352\"><img decoding=\"async\" class=\"alignright size-full wp-image-10352\" title=\"Houses are valued at high prices\" src=\"http:\/\/www.rioonwatch.org\/wp-content\/uploads\/2013\/07\/8992316146_64b124137b_c.jpg\" alt=\"\" width=\"336\" height=\"252\" srcset=\"https:\/\/rioonwatch.org\/wp-content\/uploads\/2013\/07\/8992316146_64b124137b_c.jpg 800w, https:\/\/rioonwatch.org\/wp-content\/uploads\/2013\/07\/8992316146_64b124137b_c-300x225.jpg 300w, https:\/\/rioonwatch.org\/wp-content\/uploads\/2013\/07\/8992316146_64b124137b_c-174x131.jpg 174w, https:\/\/rioonwatch.org\/wp-content\/uploads\/2013\/07\/8992316146_64b124137b_c-70x53.jpg 70w, https:\/\/rioonwatch.org\/wp-content\/uploads\/2013\/07\/8992316146_64b124137b_c-326x245.jpg 326w\" sizes=\"(max-width: 336px) 100vw, 336px\" \/><\/a>According to Andr\u00e9 Bacana, cultural and social director of the Vidigal Residents Association (AMVV), the market boom has produced a phenomenon he classifies as \u201cwhite removal,\u201d (the newly coined Rio term for <a href=\"http:\/\/bit.ly\/s7lHQn\" target=\"_blank\">gentrification<\/a>) which leads old residents to sell their homes and move out of the favela. &#8220;We advise people to negotiate good deals and not move too far, since it would be a very big change of habit. We caution a lot against this,&#8221; says Andr\u00e9.<\/p>\n<p>Silva Costa, realtor in Vidigal, echoes Andr\u00e9, stating most residents regret selling their houses and moving from the favela. For him, the hyper-appreciation of real estate\u00a0helps residents learn to value their work and benefit from this phenomenon as well. This is the case, for example, of houseworker Elizabeth Oliveira, who has lived in the favela since she was a teenager and, with much effort, bought her own home. &#8220;I love working in my community. I would never leave Vidigal, it&#8217;s wonderful,&#8221; she says proudly.<\/p>\n<p><strong>Privileged Location and View<\/strong><\/p>\n<p>The traits that fill Elizabeth with pride are the same that keep the community\u2019s most distinguished residents, including actress Roberta Rodrigues, and attract celebrities such as artist Vik Muniz (who will be building a <a href=\"http:\/\/bit.ly\/12DcjEX\" target=\"_blank\">studio<\/a> for residents in the community), entrepreneur Rene Abi Jaoudi, and musician Otto, who lives in the condominium known as &#8220;artists\u2019 building,&#8221; for having been home to Gal Costa and S\u00e9rgio Ricado, among other artists, in the 1970s. The largest private investment in the favela, the Hotel Mirante do Arvr\u00e3o, a partnership between businessman Ant\u00f4nio Rodrigues, from Belmonte, and architect H\u00e9lio Pellegrino, also bets on Vidigal\u2019s privileged view and location.<\/p>\n<p>According to Andr\u00e9 Bacana, growth is not greater simply because of the limitations of the favela\u2019s topography. \u201cThe favela grew vertically and has no more space to continue building,&#8221; he says. He affirms that the community has infrastructure problems such as basic sanitation and garbage collection, and that the residents association is urging not only for Vidigal\u2019s inclusion in the <a href=\"http:\/\/bit.ly\/ozFSxL\" target=\"_blank\">Growth Acceleration Program (PAC)<\/a>, but also for urban planning to improve accessibility.<\/p>\n<p><a href=\"http:\/\/www.rioonwatch.org\/?attachment_id=10355\" rel=\"attachment wp-att-10355\"><img decoding=\"async\" class=\"alignright size-full wp-image-10355\" title=\"Trendy guesthouse Alto Vidigal\" src=\"http:\/\/www.rioonwatch.org\/wp-content\/uploads\/2013\/07\/7474768674_901a4d5329_c.jpg\" alt=\"\" width=\"336\" height=\"224\" srcset=\"https:\/\/rioonwatch.org\/wp-content\/uploads\/2013\/07\/7474768674_901a4d5329_c.jpg 800w, https:\/\/rioonwatch.org\/wp-content\/uploads\/2013\/07\/7474768674_901a4d5329_c-300x200.jpg 300w\" sizes=\"(max-width: 336px) 100vw, 336px\" \/><\/a>These problems are also noticed by those who arrived more recently, as is the case with Austrian Andreas Wielend, who has lived in Vidigal since 2009 and owns the trendy Alto Vidigal Hostel, located in Arvr\u00e3o, an area with one of the community\u2019s most breathtaking views and, thus, a good business location. &#8220;Yes, property values in the the favela have gone up, but this could just be <a href=\"http:\/\/bit.ly\/qEOl9V\" target=\"_blank\">speculation<\/a>, and these values \u200b\u200bmay end up, after a while, falling again. Very rapid growth is usually not healthy and it\u2019s the people who suffer from it,&#8221; says Andreas, who bought his first property in Vidigal with the intention of saving when he arrived in Rio, as rents in the city\u2019s South Zone were very expensive. He began his business with a German investor who owned many houses in Vidigal and gave up the project.<\/p>\n","protected":false},"excerpt":{"rendered":"<div class=\"mh-excerpt\"><p>For the original by Aramis Assis in Portuguese on Viva Favela\u00a0click here.\u00a0 The hyper-appreciation of real estate values that has taken hold of Rio de Janeiro&#8217;s major neighborhoods has now reached the pacified favelas, and, <a class=\"mh-excerpt-more\" href=\"https:\/\/rioonwatch.org\/?p=10346\" title=\"Vidigal Resists Real Estate Appreciation\">[&#8230;]<\/a><\/p>\n<\/div>","protected":false},"author":17,"featured_media":10358,"comment_status":"closed","ping_status":"closed","sticky":false,"template":"","format":"standard","meta":{"_monsterinsights_skip_tracking":false,"_monsterinsights_sitenote_active":false,"_monsterinsights_sitenote_note":"","_monsterinsights_sitenote_category":0,"footnotes":""},"categories":[1294,1267,1328,328],"tags":[771,65,205,282,15,10,156,363],"writer":[929],"translator":[601],"illustrator":[],"photographer":[],"class_list":{"0":"post-10346","1":"post","2":"type-post","3":"status-publish","4":"format-standard","5":"has-post-thumbnail","7":"category-communitymedia","8":"category-gentrificationwatch","9":"category-by-community-contributors","10":"category-understanding-rio","11":"tag-community-pride","12":"tag-gentrification","13":"tag-growth-acceleration-program-pac","14":"tag-housing","15":"tag-pacifying-police-unit","16":"tag-real-estate-speculation","17":"tag-south-zone","18":"tag-vidigal","19":"writer-aramis-assis","20":"translator-margo-hufstetler"},"_links":{"self":[{"href":"https:\/\/rioonwatch.org\/index.php?rest_route=\/wp\/v2\/posts\/10346","targetHints":{"allow":["GET"]}}],"collection":[{"href":"https:\/\/rioonwatch.org\/index.php?rest_route=\/wp\/v2\/posts"}],"about":[{"href":"https:\/\/rioonwatch.org\/index.php?rest_route=\/wp\/v2\/types\/post"}],"author":[{"embeddable":true,"href":"https:\/\/rioonwatch.org\/index.php?rest_route=\/wp\/v2\/users\/17"}],"replies":[{"embeddable":true,"href":"https:\/\/rioonwatch.org\/index.php?rest_route=%2Fwp%2Fv2%2Fcomments&post=10346"}],"version-history":[{"count":0,"href":"https:\/\/rioonwatch.org\/index.php?rest_route=\/wp\/v2\/posts\/10346\/revisions"}],"wp:featuredmedia":[{"embeddable":true,"href":"https:\/\/rioonwatch.org\/index.php?rest_route=\/wp\/v2\/media\/10358"}],"wp:attachment":[{"href":"https:\/\/rioonwatch.org\/index.php?rest_route=%2Fwp%2Fv2%2Fmedia&parent=10346"}],"wp:term":[{"taxonomy":"category","embeddable":true,"href":"https:\/\/rioonwatch.org\/index.php?rest_route=%2Fwp%2Fv2%2Fcategories&post=10346"},{"taxonomy":"post_tag","embeddable":true,"href":"https:\/\/rioonwatch.org\/index.php?rest_route=%2Fwp%2Fv2%2Ftags&post=10346"},{"taxonomy":"writer","embeddable":true,"href":"https:\/\/rioonwatch.org\/index.php?rest_route=%2Fwp%2Fv2%2Fwriter&post=10346"},{"taxonomy":"translator","embeddable":true,"href":"https:\/\/rioonwatch.org\/index.php?rest_route=%2Fwp%2Fv2%2Ftranslator&post=10346"},{"taxonomy":"illustrator","embeddable":true,"href":"https:\/\/rioonwatch.org\/index.php?rest_route=%2Fwp%2Fv2%2Fillustrator&post=10346"},{"taxonomy":"photographer","embeddable":true,"href":"https:\/\/rioonwatch.org\/index.php?rest_route=%2Fwp%2Fv2%2Fphotographer&post=10346"}],"curies":[{"name":"wp","href":"https:\/\/api.w.org\/{rel}","templated":true}]}}