{"id":10472,"date":"2013-07-18T21:09:47","date_gmt":"2013-07-19T00:09:47","guid":{"rendered":"http:\/\/rioonwatch.org\/?p=10472"},"modified":"2016-01-20T13:58:07","modified_gmt":"2016-01-20T16:58:07","slug":"residents-from-horto-and-vila-autodromo-and-members-of-the-national-moviment-for-the-fight-for-housing-movimento-nacional-de-luta-pela-moradia-hold-a-vigil-to-protest-evictions-rj","status":"publish","type":"post","link":"https:\/\/rioonwatch.org\/?p=10472","title":{"rendered":"Residents from Horto and Vila Aut\u00f3dromo, and Members of the National Movement for the Fight for Housing, hold a vigil to protest evictions"},"content":{"rendered":"<p><em>For the original in Portuguese on Pela Moradia click\u00a0<a href=\"http:\/\/bit.ly\/112IU67\" target=\"_blank\">here<\/a>.<\/em><\/p>\n<h3>Families occupy the steps of the Finance Ministry building in downtown Rio.<\/h3>\n<p>Approximately 50 people, residents of the <a href=\"http:\/\/bit.ly\/16OzuQc\" target=\"_blank\">Horto<\/a> and <a href=\"http:\/\/bit.ly\/szghey\" target=\"_blank\">Vila Aut\u00f3dromo<\/a> communities, along with the National Movement of\u00a0Housing Vindication\u00a0(MNLM, by the Portuguese acronym) held a vigil Wednesday, July 17th, at the entrance of the Ministry of Finance building, located at 375 Av. Presidente Ant\u00f4nio Carlos. The event began after a meeting with the families and Marina Esteves, the Secretary for National Heritage (SPU, by the Portuguese acronym).<\/p>\n<p>At the meeting residents demanded that the inter-ministerial commission\u2019s decision be revised to allow the families to remain in Horto. They also demanded the implementation of the 2010 plan by the Federal University of Rio de Janeiro (UFRJ) and the SPU to grant land titles. Other conditions include the transformation of four abandoned buildings belonging to Brazil&#8217;s social security agency (INSS) in downtown Rio into affordable housing, and the implementation of the Popular Urbanization Plan for Vila Aut\u00f3dromo developed by the UFRJ Institute of Urban and Regional Planning.<\/p>\n<p>The families remained on the steps of the building until the morning of July 18, to coincide with a meeting in Bras\u00edlia of the President with Minister Gilberto Carvalho and representatives of national organizations that are demanding housing and the granting of land titles, including the MNLM, the <a href=\"http:\/\/bit.ly\/1lvL37g\" target=\"_blank\">CMP<\/a> (Center for\u00a0Popular Movements), the Uni\u00e3o Nacional de Moradia Popular and CONAM (Confedera\u00e7\u00e3o Nacional das Associa\u00e7\u00f5es de Moradores).<\/p>\n<p>In addition, legislation to change the Code of Civil Procedures is pending in Congress. The organizations are insisting that repossession injunctions be granted only when the social function of the property in question is firmly established.<\/p>\n<p style=\"text-align: center;\"><a href=\"http:\/\/bit.ly\/112XZVc\"><img fetchpriority=\"high\" decoding=\"async\" class=\"aligncenter size-full wp-image-10474\" title=\"Photos from MNLM sit-in\" src=\"http:\/\/www.rioonwatch.org\/wp-content\/uploads\/2013\/07\/habita.jpg\" alt=\"\" width=\"412\" height=\"701\" srcset=\"https:\/\/rioonwatch.org\/wp-content\/uploads\/2013\/07\/habita.jpg 412w, https:\/\/rioonwatch.org\/wp-content\/uploads\/2013\/07\/habita-176x300.jpg 176w\" sizes=\"(max-width: 412px) 100vw, 412px\" \/><\/a><\/p>\n","protected":false},"excerpt":{"rendered":"<div class=\"mh-excerpt\"><p>For the original in Portuguese on Pela Moradia click\u00a0here. Families occupy the steps of the Finance Ministry building in downtown Rio. Approximately 50 people, residents of the Horto and Vila Aut\u00f3dromo communities, along with the <a class=\"mh-excerpt-more\" href=\"https:\/\/rioonwatch.org\/?p=10472\" title=\"Residents from Horto and Vila Aut\u00f3dromo, and Members of the National Movement for the Fight for Housing, hold a vigil to protest evictions\">[&#8230;]<\/a><\/p>\n<\/div>","protected":false},"author":5,"featured_media":10477,"comment_status":"closed","ping_status":"closed","sticky":false,"template":"","format":"standard","meta":{"_monsterinsights_skip_tracking":false,"_monsterinsights_sitenote_active":false,"_monsterinsights_sitenote_note":"","_monsterinsights_sitenote_category":0,"footnotes":""},"categories":[1293,1290,1333,335,336],"tags":[1920,11,884,282,26,936,919,18,4],"writer":[1760],"translator":[110],"illustrator":[],"photographer":[],"class_list":{"0":"post-10472","1":"post","2":"type-post","3":"status-publish","4":"format-standard","5":"has-post-thumbnail","7":"category-evictionswatch","8":"category-civilsociety","9":"category-event-reports","10":"category-policies","11":"category-violations","12":"tag-center-for-popular-movements-cmp","13":"tag-forced-evictions","14":"tag-horto","15":"tag-housing","16":"tag-housing-rights","17":"tag-land-titling","18":"tag-mnlm","19":"tag-protest","20":"tag-vila-autodromo","21":"writer-pela-moradia","22":"translator-lee-weingast"},"_links":{"self":[{"href":"https:\/\/rioonwatch.org\/index.php?rest_route=\/wp\/v2\/posts\/10472","targetHints":{"allow":["GET"]}}],"collection":[{"href":"https:\/\/rioonwatch.org\/index.php?rest_route=\/wp\/v2\/posts"}],"about":[{"href":"https:\/\/rioonwatch.org\/index.php?rest_route=\/wp\/v2\/types\/post"}],"author":[{"embeddable":true,"href":"https:\/\/rioonwatch.org\/index.php?rest_route=\/wp\/v2\/users\/5"}],"replies":[{"embeddable":true,"href":"https:\/\/rioonwatch.org\/index.php?rest_route=%2Fwp%2Fv2%2Fcomments&post=10472"}],"version-history":[{"count":0,"href":"https:\/\/rioonwatch.org\/index.php?rest_route=\/wp\/v2\/posts\/10472\/revisions"}],"wp:featuredmedia":[{"embeddable":true,"href":"https:\/\/rioonwatch.org\/index.php?rest_route=\/wp\/v2\/media\/10477"}],"wp:attachment":[{"href":"https:\/\/rioonwatch.org\/index.php?rest_route=%2Fwp%2Fv2%2Fmedia&parent=10472"}],"wp:term":[{"taxonomy":"category","embeddable":true,"href":"https:\/\/rioonwatch.org\/index.php?rest_route=%2Fwp%2Fv2%2Fcategories&post=10472"},{"taxonomy":"post_tag","embeddable":true,"href":"https:\/\/rioonwatch.org\/index.php?rest_route=%2Fwp%2Fv2%2Ftags&post=10472"},{"taxonomy":"writer","embeddable":true,"href":"https:\/\/rioonwatch.org\/index.php?rest_route=%2Fwp%2Fv2%2Fwriter&post=10472"},{"taxonomy":"translator","embeddable":true,"href":"https:\/\/rioonwatch.org\/index.php?rest_route=%2Fwp%2Fv2%2Ftranslator&post=10472"},{"taxonomy":"illustrator","embeddable":true,"href":"https:\/\/rioonwatch.org\/index.php?rest_route=%2Fwp%2Fv2%2Fillustrator&post=10472"},{"taxonomy":"photographer","embeddable":true,"href":"https:\/\/rioonwatch.org\/index.php?rest_route=%2Fwp%2Fv2%2Fphotographer&post=10472"}],"curies":[{"name":"wp","href":"https:\/\/api.w.org\/{rel}","templated":true}]}}