{"id":10856,"date":"2013-08-18T17:04:30","date_gmt":"2013-08-18T20:04:30","guid":{"rendered":"http:\/\/rioonwatch.org\/?p=10856"},"modified":"2024-03-21T11:17:13","modified_gmt":"2024-03-21T14:17:13","slug":"occupy-alemao-youth-collective-fight-against-the-criminalization-of-public-spaces-in-rios-favelas","status":"publish","type":"post","link":"https:\/\/rioonwatch.org\/?p=10856","title":{"rendered":"Occupy Alem\u00e3o: Youth Collective Fights Against the Criminalization of Public Spaces in Rio&#8217;s Favelas"},"content":{"rendered":"<p><a href=\"http:\/\/www.rioonwatch.org\/?attachment_id=7285\" rel=\"attachment wp-att-7285\"><img fetchpriority=\"high\" decoding=\"async\" class=\"alignright\" title=\"Political Graffiti workshop in Penha. Photo by Jo\u00e3o Lima\" src=\"http:\/\/www.rioonwatch.org.br\/wp-content\/uploads\/2013\/08\/Grafitada-Pol\u00edtica-na-Penha.-Foto-Jo\u00e3o-Lima1-300x225.jpg\" alt=\"\" width=\"300\" height=\"225\" \/><\/a>M\u00e1rio Lucas, 18, was brutally murdered by two plainclothes police officers in his own home in Morro da Fazendinha, in <a href=\"http:\/\/bit.ly\/U0MiGm\">Complexo do Alem\u00e3o<\/a> on the morning of November 26, 2012. Two days later, a curfew was imposed in Borel. These two incidents motivated Luciano Garcia, businessman and advertising student and resident of Complexo do Alem\u00e3o, to join a group of other youth from nearby Borel to organize an event to protest the violence of the <a href=\"http:\/\/bit.ly\/oTynCR\" target=\"_blank\" rel=\"noopener\">Pacifying Police (UPP)<\/a>. Inspired by movements around the globe following Occupy Wall Street, <a href=\"http:\/\/on.fb.me\/17qAINf\" target=\"_blank\" rel=\"noopener\">Occupy Alem\u00e3o<\/a> and <a href=\"http:\/\/bit.ly\/17OmZPf\" target=\"_blank\" rel=\"noopener\">Occupy Borel<\/a> were the first such initiatives organized by young people in Rio&#8217;s favelas.<\/p>\n<p>Military Police officers would drive around in unmarked cars saying the favela now belonged to the police. \u201cHow can that be? It used to belong to the drug traffickers and now it belongs to the police; when will it be ours? The favela has always belonged to the residents,\u201d complained Luciano, recalling how upset his four-year-old daughter was at witnessing his sister-in-law humiliated by a brutal police frisking.<\/p>\n<p>The event was held simultaneously in Borel and the favela of Nova Bras\u00edlia on December 5th. The 9pm starting time was in direct response to the curfew and thus attracted the attention of residents, especially young people. With activities to raise political awareness, an open mic, and the delivery of a letter to the chief of the UPP, the event was a success. In fact, it spurred other communities to organize, and gave rise to the <a href=\"http:\/\/bit.ly\/1a6n6vG\" target=\"_blank\" rel=\"noopener\">Occupy Alem\u00e3o<\/a> collective, a group, with no institutional or governmental support, for young people from Complexo do Alem\u00e3o and other favelas to facilitate the political, cultural and personal occupation of public spaces.<\/p>\n<p>\u201cOccupy Alem\u00e3o is made up of young people who believe that a new world is possible, that favelas should be recognized as part of the city, and who have ideas about how to realize these objectives. Our struggle is for the rights of the city, and for democratic access,\u201d explained journalist and media activist Thamyra Th\u00e2mara de Ara\u00fajo, resident of Complexo do Alem\u00e3o. She says that her involvement in the group \u201cis based in friendship and affinity. The greatest connection we have is our desire to change the world.\u201d<a href=\"http:\/\/www.rioonwatch.org\/?attachment_id=7286\" rel=\"attachment wp-att-7286\"><img decoding=\"async\" class=\"alignright\" title=\"Free library in Morro dos Mineiros. Photo by Jo\u00e3o Lima\" src=\"http:\/\/www.rioonwatch.org.br\/wp-content\/uploads\/2013\/08\/Biblioteca-Livre-do-Morro-dos-Mineiros.-Foto-Jo\u00e3o-Lima-300x225.jpg\" alt=\"\" width=\"300\" height=\"225\" \/><\/a><\/p>\n<p>The collective is currently organizing a series of activities to strengthen ties between residents and the street. Following the arrival of the UPPs and, more recently, of urban mobility programs, alleys and public squares have been increasingly associated with prohibition and repression. Sociologist and researcher Patr\u00edcia L\u00e2nes believes that \u201cthis strategy of occupying public spaces in the favela could be crucial in promoting the debate about the extent to which squares, streets, and recreational, cultural and sports equipment are in fact public. The term &#8216;occupy&#8217; reignites a discussion about who lays claim to these spaces, by the very people who have the right to them. Spaces that should be public are having their uses restricted, whether for safety or attempts at privatization.\u201d<\/p>\n<p>The establishment of resident-run free libraries, places for the sharing of knowledge, that incorporate the communities&#8217; buildings and landscape is just one of Occupy Alem\u00e3o&#8217;s initiatives to help restore the public nature of space in the favela. The first free library was launched in May, in Morro dos Mineiros, the least urbanized favela in Complexo do Alem\u00e3o.<\/p>\n<p>Another action is the <a href=\"http:\/\/bit.ly\/16QLEpw\" target=\"_blank\" rel=\"noopener\">Rol\u00e9 Afetivo<\/a>,\u00a0a walking tour of the streets of Complexo do Alem\u00e3o that ends with an informal discussion about key topics in the fight for rights and involvement in the favela. The collective is also planning open-air movies and political graffiti events that combine art, culture and political involvement. Also in the works is a network to facilitate communication in the communities, and audiovisual media workshops for young people.<\/p>\n<p><img decoding=\"async\" class=\"alignright\" title=\"Rol\u00e9 Afetivo. Discussion on the rooftop of community NGO Instituto Ra\u00edzes em Movimento, in the Complexo do Alem\u00e3o. Photo by Jo\u00e3o Lima\" src=\"http:\/\/www.rioonwatch.org.br\/wp-content\/uploads\/2013\/08\/Rol\u00e9-Afetivo.-Bate-papo-na-laje-do-Instituto-Ra\u00edzes-em-Movimento-no-Complexo-do-Alem\u00e3o.-Foto-Jo\u00e3o-Lima-300x225.jpg\" alt=\"\" width=\"300\" height=\"225\" \/><a href=\"http:\/\/on.fb.me\/14e0fXJ\" target=\"_blank\" rel=\"noopener\">Occupy Alem\u00e3o is also active on social networks<\/a>, where they post important topics for the group and strengthen their connection to other groups. According to Patr\u00edcia L\u00e2nes, co-author of the study \u201c<a href=\"http:\/\/bit.ly\/140uHs7\" target=\"_blank\" rel=\"noopener\">Poor Youth and the Use of New ICTs to Create New Public Democratic Realms<\/a>,\u201d the use of digital media changes both political and social engagement. She says, \u201cMany of the people interviewed in the study said they used the Internet and social networks to communicate more [with people] outside than within the favelas. This is still an important issue that should be explored. But the young people in the study don&#8217;t see this as a contradiction, rather as a connection between online and offline. That is, you have to be on the network but you also need meaningful action in your neighborhood.\u201d<\/p>\n","protected":false},"excerpt":{"rendered":"<div class=\"mh-excerpt\"><p>M\u00e1rio Lucas, 18, was brutally murdered by two plainclothes police officers in his own home in Morro da Fazendinha, in Complexo do Alem\u00e3o on the morning of November 26, 2012. Two days later, a curfew <a class=\"mh-excerpt-more\" href=\"https:\/\/rioonwatch.org\/?p=10856\" title=\"Occupy Alem\u00e3o: Youth Collective Fights Against the Criminalization of Public Spaces in Rio&#8217;s Favelas\">[&#8230;]<\/a><\/p>\n<\/div>","protected":false},"author":5,"featured_media":10863,"comment_status":"closed","ping_status":"closed","sticky":false,"template":"","format":"standard","meta":{"_monsterinsights_skip_tracking":false,"_monsterinsights_sitenote_active":false,"_monsterinsights_sitenote_note":"","_monsterinsights_sitenote_category":0,"footnotes":""},"categories":[1294,1328,1290,1333,335,329,336],"tags":[298,804,219,756,32,221,1455,970,918,968,37,790,964,965,1292,15,17,171,796],"writer":[963],"translator":[110],"illustrator":[],"photographer":[],"class_list":{"0":"post-10856","1":"post","2":"type-post","3":"status-publish","4":"format-standard","5":"has-post-thumbnail","7":"category-communitymedia","8":"category-by-community-contributors","9":"category-civilsociety","10":"category-event-reports","11":"category-policies","12":"category-solutions","13":"category-violations","14":"tag-occupy","15":"tag-borel","16":"tag-collective-action","17":"tag-community-organizing","18":"tag-complexo-do-alemao","19":"tag-favela-culture","20":"tag-fazendinha","21":"tag-free-libraries","22":"tag-military-police","23":"tag-morro-dos-mineiros","24":"tag-north-zone","25":"tag-nova-brasilia","26":"tag-occupy-alemao","27":"tag-occupy-borel","28":"tag-organizing","29":"tag-pacifying-police-unit","30":"tag-police-brutality","31":"tag-public-space","32":"tag-social-media","33":"writer-joao-lima","34":"translator-lee-weingast"},"_links":{"self":[{"href":"https:\/\/rioonwatch.org\/index.php?rest_route=\/wp\/v2\/posts\/10856","targetHints":{"allow":["GET"]}}],"collection":[{"href":"https:\/\/rioonwatch.org\/index.php?rest_route=\/wp\/v2\/posts"}],"about":[{"href":"https:\/\/rioonwatch.org\/index.php?rest_route=\/wp\/v2\/types\/post"}],"author":[{"embeddable":true,"href":"https:\/\/rioonwatch.org\/index.php?rest_route=\/wp\/v2\/users\/5"}],"replies":[{"embeddable":true,"href":"https:\/\/rioonwatch.org\/index.php?rest_route=%2Fwp%2Fv2%2Fcomments&post=10856"}],"version-history":[{"count":0,"href":"https:\/\/rioonwatch.org\/index.php?rest_route=\/wp\/v2\/posts\/10856\/revisions"}],"wp:featuredmedia":[{"embeddable":true,"href":"https:\/\/rioonwatch.org\/index.php?rest_route=\/wp\/v2\/media\/10863"}],"wp:attachment":[{"href":"https:\/\/rioonwatch.org\/index.php?rest_route=%2Fwp%2Fv2%2Fmedia&parent=10856"}],"wp:term":[{"taxonomy":"category","embeddable":true,"href":"https:\/\/rioonwatch.org\/index.php?rest_route=%2Fwp%2Fv2%2Fcategories&post=10856"},{"taxonomy":"post_tag","embeddable":true,"href":"https:\/\/rioonwatch.org\/index.php?rest_route=%2Fwp%2Fv2%2Ftags&post=10856"},{"taxonomy":"writer","embeddable":true,"href":"https:\/\/rioonwatch.org\/index.php?rest_route=%2Fwp%2Fv2%2Fwriter&post=10856"},{"taxonomy":"translator","embeddable":true,"href":"https:\/\/rioonwatch.org\/index.php?rest_route=%2Fwp%2Fv2%2Ftranslator&post=10856"},{"taxonomy":"illustrator","embeddable":true,"href":"https:\/\/rioonwatch.org\/index.php?rest_route=%2Fwp%2Fv2%2Fillustrator&post=10856"},{"taxonomy":"photographer","embeddable":true,"href":"https:\/\/rioonwatch.org\/index.php?rest_route=%2Fwp%2Fv2%2Fphotographer&post=10856"}],"curies":[{"name":"wp","href":"https:\/\/api.w.org\/{rel}","templated":true}]}}