{"id":11711,"date":"2013-10-17T00:28:53","date_gmt":"2013-10-17T03:28:53","guid":{"rendered":"http:\/\/rioonwatch.org\/?p=11711"},"modified":"2015-05-19T09:20:44","modified_gmt":"2015-05-19T12:20:44","slug":"favela-residents-and-teachers-unite-in-teachers-day-protest","status":"publish","type":"post","link":"https:\/\/rioonwatch.org\/?p=11711","title":{"rendered":"Favela Residents Join Teachers Day Protest"},"content":{"rendered":"<p><em>This post is a contribution to\u00a0<a href=\"http:\/\/bit.ly\/rt8b8Y\" target=\"_blank\">Blog Action Day 2013<\/a>\u00a0in which bloggers around the world reflect on this year\u2019s theme, Human Rights.<\/em><\/p>\n<p>Yesterday, Tuesday October 15, an estimated 20,000 people took to the streets in solidarity with teachers on strike and demanding improved education in Brazil. Taking place on Teachers Day, the <a href=\"http:\/\/bit.ly\/13Y0yIl\" target=\"_blank\">protest<\/a> was the latest in a series of recent protests regarding education and teachers&#8217; pay, career plan and roles. Demonstrators marched down the main downtown artery, Avenida Rio Branco, before, <a href=\"http:\/\/bit.ly\/17kebmq\" target=\"_blank\">as in other recent protests<\/a>, violence broke out between protesters and police.<\/p>\n<p>Present at yesterday&#8217;s protest were representatives from favelas and community organizations across Rio, mobilizing in unity with teachers and bringing attention to their own struggles within the broader city context. We spoke to favela residents, activists and teachers in attendance, asking them why they took part in the protest. Here is what we heard:<\/p>\n<blockquote><p><em>There is a big effort by the government to remove families instead of investing in education. We demand that the government stop\u00a0<a href=\"http:\/\/bit.ly\/p242P0\" target=\"_blank\">removals<\/a>\u00a0and invest in education!&#8221;&#8211; Rachel Gepp,\u00a0<a href=\"http:\/\/bit.ly\/1bc9tcY\" target=\"_blank\">Favela N\u00e3o Se Cala<\/a>\u00a0activist<\/em><\/p><\/blockquote>\n<p style=\"text-align: center;\"><a href=\"http:\/\/www.rioonwatch.org\/wp-content\/uploads\/2013\/10\/faixa-com-Fatima.jpg\"><img fetchpriority=\"high\" decoding=\"async\" class=\"aligncenter size-full wp-image-11716\" title=\"&quot;Favela Supports the Teachers&quot; Favela Nao Se Cala activists on right: Rachel Gepp (Babil\u00f4nia), Maria do Socorro (Indiana da Tijuca), Andr\u00e9 Constantine (Babil\u00f4nia)\" src=\"http:\/\/www.rioonwatch.org\/wp-content\/uploads\/2013\/10\/faixa-com-Fatima.jpg\" alt=\"\" width=\"583\" height=\"388\" srcset=\"https:\/\/rioonwatch.org\/wp-content\/uploads\/2013\/10\/faixa-com-Fatima.jpg 800w, https:\/\/rioonwatch.org\/wp-content\/uploads\/2013\/10\/faixa-com-Fatima-300x199.jpg 300w\" sizes=\"(max-width: 583px) 100vw, 583px\" \/><\/a><\/p>\n<blockquote><p>We are from the\u00a0<a href=\"http:\/\/bit.ly\/16OzuQc\" target=\"_blank\">Horto<\/a>\u00a0community, located in Jardim Bot\u00e2nico, a historic community threatened with removal because the authorities recently created a new demarcation map, which places 520 houses of former and current employees of Jardim Bot\u00e2nico within an area to be removed&#8230; In Horto we are facing the possibility that one of our schools (Manuel Bandeira) will be closed. Education is the most important thing in a country, it is the foundation of everything. We are here not only supporting the teachers\u2019 movement, but also to unite all the demands, all those communities that are unsatisfied with this government. We are coming together in a unified struggle with a broader, all-encompassing vision.&#8221; &#8212; Regina C\u00e9lia da Costa Coelho, Horto resident<\/p><\/blockquote>\n<p style=\"text-align: center;\"><a href=\"http:\/\/www.rioonwatch.org\/wp-content\/uploads\/2013\/10\/Regina-Celia-Horto.jpg\"><img decoding=\"async\" class=\"aligncenter size-full wp-image-11721\" title=\"&quot;Horto Supports the Teachers.&quot; Regina C\u00e9lia da Costa Coelho on right\" src=\"http:\/\/www.rioonwatch.org\/wp-content\/uploads\/2013\/10\/Regina-Celia-Horto.jpg\" alt=\"\" width=\"583\" height=\"388\" srcset=\"https:\/\/rioonwatch.org\/wp-content\/uploads\/2013\/10\/Regina-Celia-Horto.jpg 800w, https:\/\/rioonwatch.org\/wp-content\/uploads\/2013\/10\/Regina-Celia-Horto-300x199.jpg 300w\" sizes=\"(max-width: 583px) 100vw, 583px\" \/><\/a><\/p>\n<blockquote>\n<p dir=\"ltr\">The teachers\u2019 strike, just like the removals and the deterioration of the quality of life in the favelas, are all related to this model of the city that emphasizes the market instead of the people that live in the city. \u00a0With the strike, we are seeing violent police repression, the criminalization of social movements, teachers and activists being sent to jail, all of this is involved in this [model], which is the close relationship between the State and private enterprise, and the lack of respect that the State is showing its population, especially in the provision of basic services.&#8221; &#8212; Vin\u00edcius Neves, teacher at a municipal school in\u00a0<a href=\"http:\/\/bit.ly\/MYOrly\" target=\"_blank\">Mar\u00e9<\/a><\/p>\n<\/blockquote>\n<p style=\"text-align: center;\"><a href=\"http:\/\/www.rioonwatch.org\/wp-content\/uploads\/2013\/10\/MNLM.jpg\"><img decoding=\"async\" class=\"aligncenter size-full wp-image-11717\" title=\"&quot;For the social function of property! Stop the removals! For the end of military control in the favelas!&quot;\" src=\"http:\/\/www.rioonwatch.org\/wp-content\/uploads\/2013\/10\/MNLM.jpg\" alt=\"\" width=\"583\" height=\"407\" srcset=\"https:\/\/rioonwatch.org\/wp-content\/uploads\/2013\/10\/MNLM.jpg 800w, https:\/\/rioonwatch.org\/wp-content\/uploads\/2013\/10\/MNLM-300x209.jpg 300w\" sizes=\"(max-width: 583px) 100vw, 583px\" \/><\/a><\/p>\n<blockquote><p>We are here because we want to strengthen the teachers\u2019 struggle and take the opportunity to express that we cannot stand any more removals being carried out by Mayor Eduardo Paes, along with [Governor] S\u00e9rgio Cabral. We are united across various favelas, acting together and alongside the teachers&#8230; Education is being jeopardized in our country. Eduardo Paes wants to impose a system which would privatize and impair the education system. This is why the teachers are fighting. \u00a0It is not just about the &#8216;Career Plan,&#8217; it is for quality education.&#8221; &#8212; Noemia Magalh\u00e3es, member of\u00a0<a href=\"http:\/\/bit.ly\/19Z82Lm\" target=\"_blank\">National Movement of\u00a0Housing Vindication (MNLM)<\/a>, a Duque de Caxias resident.<\/p><\/blockquote>\n<p style=\"text-align: center;\"><a href=\"http:\/\/www.rioonwatch.org\/?attachment_id=11720\" rel=\"attachment wp-att-11720\"><img loading=\"lazy\" decoding=\"async\" class=\"aligncenter size-full wp-image-11720\" title=\"Around 20,000 people marched in solidarity with the teachers\" src=\"http:\/\/www.rioonwatch.org\/wp-content\/uploads\/2013\/10\/crowd.jpg\" alt=\"\" width=\"583\" height=\"388\" srcset=\"https:\/\/rioonwatch.org\/wp-content\/uploads\/2013\/10\/crowd.jpg 800w, https:\/\/rioonwatch.org\/wp-content\/uploads\/2013\/10\/crowd-300x199.jpg 300w\" sizes=\"(max-width: 583px) 100vw, 583px\" \/><\/a><\/p>\n<blockquote>\n<p dir=\"ltr\">Here [at this protest] there are teachers from the city, state and federal schools, expressing to the government that we are unsatisfied with the way education is being structured and organized. Students from favelas receive an education with very little infrastructure. For example, in the two high schools where I teach, the Internet doesn\u2019t work, the computers are terrible. I teach foreign languages and I don&#8217;t even have equipment to play a CD. Teachers have to work in more than one school which lowers their income and causes them not to have a strong relationship with the students or the school. My classrooms have 40 students, there is very precarious infrastructure in the schools.&#8221; &#8212; Rubi Merino, teacher in Rio de Janeiro state public schools in\u00a0<a href=\"http:\/\/bit.ly\/GKsHYp\" target=\"_blank\">Rocinha<\/a>\u00a0and Jardim Bot\u00e2nico<\/p>\n<\/blockquote>\n<p dir=\"ltr\" style=\"text-align: center;\"><a href=\"http:\/\/www.rioonwatch.org\/wp-content\/uploads\/2013\/10\/teacher-Rubi.jpg\"><img loading=\"lazy\" decoding=\"async\" class=\"aligncenter size-full wp-image-11714\" title=\"Rubi Merino, teacher in Rio de Janeiro state public schools in Rocinha and Jardim Bot\u00e2nico, holding a &quot;Peace and love&quot; sign made by students\" src=\"http:\/\/www.rioonwatch.org\/wp-content\/uploads\/2013\/10\/teacher-Rubi.jpg\" alt=\"\" width=\"583\" height=\"388\" srcset=\"https:\/\/rioonwatch.org\/wp-content\/uploads\/2013\/10\/teacher-Rubi.jpg 800w, https:\/\/rioonwatch.org\/wp-content\/uploads\/2013\/10\/teacher-Rubi-300x199.jpg 300w\" sizes=\"(max-width: 583px) 100vw, 583px\" \/><\/a><\/p>\n<blockquote>\n<p dir=\"ltr\">We consider education to be fundamental, it is the foundation of society, so we are all here fighting for this foundation. If you have a quality educational system, you will have educated, enlightened people. People who can question. This is our objective here: \u00a0it is not just our salaries, it is quality education.&#8221; &#8212; Regina Celia Rodrigues da Silva, a teacher in the state public school system<\/p>\n<\/blockquote>\n<p dir=\"ltr\" style=\"text-align: center;\"><a href=\"http:\/\/www.rioonwatch.org\/wp-content\/uploads\/2013\/10\/sideways-contra-remocoes.jpg\"><img loading=\"lazy\" decoding=\"async\" class=\"aligncenter size-full wp-image-11715\" title=\"&quot;Education On Strike&quot; &amp; &quot;All Communities United Against Eviction&quot;\" src=\"http:\/\/www.rioonwatch.org\/wp-content\/uploads\/2013\/10\/sideways-contra-remocoes.jpg\" alt=\"\" width=\"583\" height=\"436\" srcset=\"https:\/\/rioonwatch.org\/wp-content\/uploads\/2013\/10\/sideways-contra-remocoes.jpg 800w, https:\/\/rioonwatch.org\/wp-content\/uploads\/2013\/10\/sideways-contra-remocoes-300x225.jpg 300w, https:\/\/rioonwatch.org\/wp-content\/uploads\/2013\/10\/sideways-contra-remocoes-174x131.jpg 174w, https:\/\/rioonwatch.org\/wp-content\/uploads\/2013\/10\/sideways-contra-remocoes-70x53.jpg 70w, https:\/\/rioonwatch.org\/wp-content\/uploads\/2013\/10\/sideways-contra-remocoes-326x245.jpg 326w\" sizes=\"(max-width: 583px) 100vw, 583px\" \/><\/a><\/p>\n<p dir=\"ltr\" style=\"text-align: left;\">\n","protected":false},"excerpt":{"rendered":"<div class=\"mh-excerpt\"><p>This post is a contribution to\u00a0Blog Action Day 2013\u00a0in which bloggers around the world reflect on this year\u2019s theme, Human Rights. Yesterday, Tuesday October 15, an estimated 20,000 people took to the streets in solidarity <a class=\"mh-excerpt-more\" href=\"https:\/\/rioonwatch.org\/?p=11711\" title=\"Favela Residents Join Teachers Day Protest\">[&#8230;]<\/a><\/p>\n<\/div>","protected":false},"author":27,"featured_media":11750,"comment_status":"closed","ping_status":"closed","sticky":false,"template":"","format":"standard","meta":{"_monsterinsights_skip_tracking":false,"_monsterinsights_sitenote_active":false,"_monsterinsights_sitenote_note":"","_monsterinsights_sitenote_category":0,"footnotes":""},"categories":[1333,335,336,1329],"tags":[1013,1012,280,397,783,11,884,919,18,1019,12,1018],"writer":[1020,1770],"translator":[],"illustrator":[],"photographer":[],"class_list":{"0":"post-11711","1":"post","2":"type-post","3":"status-publish","4":"format-standard","5":"has-post-thumbnail","7":"category-event-reports","8":"category-policies","9":"category-violations","10":"category-by-international-observers","11":"tag-blog-action-day","12":"tag-blog-action-day-2013-human-rights","13":"tag-complexo-da-mare","14":"tag-education","15":"tag-favela-nao-se-cala","16":"tag-forced-evictions","17":"tag-horto","18":"tag-mnlm","19":"tag-protest","20":"tag-right-to-education","21":"tag-rocinha","22":"tag-teachers-strike","23":"writer-courtney-allen-crumpler","24":"writer-kate-steiker-ginzberg"},"_links":{"self":[{"href":"https:\/\/rioonwatch.org\/index.php?rest_route=\/wp\/v2\/posts\/11711","targetHints":{"allow":["GET"]}}],"collection":[{"href":"https:\/\/rioonwatch.org\/index.php?rest_route=\/wp\/v2\/posts"}],"about":[{"href":"https:\/\/rioonwatch.org\/index.php?rest_route=\/wp\/v2\/types\/post"}],"author":[{"embeddable":true,"href":"https:\/\/rioonwatch.org\/index.php?rest_route=\/wp\/v2\/users\/27"}],"replies":[{"embeddable":true,"href":"https:\/\/rioonwatch.org\/index.php?rest_route=%2Fwp%2Fv2%2Fcomments&post=11711"}],"version-history":[{"count":0,"href":"https:\/\/rioonwatch.org\/index.php?rest_route=\/wp\/v2\/posts\/11711\/revisions"}],"wp:featuredmedia":[{"embeddable":true,"href":"https:\/\/rioonwatch.org\/index.php?rest_route=\/wp\/v2\/media\/11750"}],"wp:attachment":[{"href":"https:\/\/rioonwatch.org\/index.php?rest_route=%2Fwp%2Fv2%2Fmedia&parent=11711"}],"wp:term":[{"taxonomy":"category","embeddable":true,"href":"https:\/\/rioonwatch.org\/index.php?rest_route=%2Fwp%2Fv2%2Fcategories&post=11711"},{"taxonomy":"post_tag","embeddable":true,"href":"https:\/\/rioonwatch.org\/index.php?rest_route=%2Fwp%2Fv2%2Ftags&post=11711"},{"taxonomy":"writer","embeddable":true,"href":"https:\/\/rioonwatch.org\/index.php?rest_route=%2Fwp%2Fv2%2Fwriter&post=11711"},{"taxonomy":"translator","embeddable":true,"href":"https:\/\/rioonwatch.org\/index.php?rest_route=%2Fwp%2Fv2%2Ftranslator&post=11711"},{"taxonomy":"illustrator","embeddable":true,"href":"https:\/\/rioonwatch.org\/index.php?rest_route=%2Fwp%2Fv2%2Fillustrator&post=11711"},{"taxonomy":"photographer","embeddable":true,"href":"https:\/\/rioonwatch.org\/index.php?rest_route=%2Fwp%2Fv2%2Fphotographer&post=11711"}],"curies":[{"name":"wp","href":"https:\/\/api.w.org\/{rel}","templated":true}]}}