{"id":14260,"date":"2014-04-03T10:35:41","date_gmt":"2014-04-03T13:35:41","guid":{"rendered":"http:\/\/rioonwatch.org\/?p=14260"},"modified":"2022-09-09T10:46:15","modified_gmt":"2022-09-09T13:46:15","slug":"mare-vive-community-comments-on-the-police-occupation-of-mare","status":"publish","type":"post","link":"https:\/\/rioonwatch.org\/?p=14260","title":{"rendered":"Mar\u00e9 Vive: Community Comments on the Police Occupation of Mar\u00e9"},"content":{"rendered":"<p style=\"text-align: right;\"><a href=\"http:\/\/bit.ly\/1qwYRu4\" target=\"_blank\" rel=\"noopener\"><strong><em>Clique aqui para Portugu\u00eas<img decoding=\"async\" width=\"20\" height=\"20\" class=\"alignright size-full wp-image-23766\" src=\"http:\/\/www.rioonwatch.org\/wp-content\/uploads\/2012\/08\/PT-e1439583827971.png\" alt=\"\" \/><\/em><\/strong><\/a><\/p>\n<p>On Sunday March 30, Military Police forces officially occupied <a href=\"http:\/\/bit.ly\/MYOrly\" target=\"_blank\" rel=\"noopener\">Complexo da Mar\u00e9<\/a>, Rio&#8217;s largest favela complex with 16 communities and over 130,000 residents. According to <em>Google News<\/em> the event was reported over 270 times in the international press, with agency reports published widely by media outlets all over the world. <em>AFP&#8217;s<\/em> coverage, published by by\u00a0<em><a href=\"http:\/\/aje.me\/1ffyKGn\" target=\"_blank\" rel=\"noopener\">Al Jazeera<\/a><\/em>,\u00a0<em><a href=\"http:\/\/yhoo.it\/1hhB23S\" target=\"_blank\" rel=\"noopener\">Yahoo!<\/a><\/em>, Australia&#8217;s <em><a href=\"http:\/\/bit.ly\/1oqlXXM\" target=\"_blank\" rel=\"noopener\">news.com.au<\/a><\/em>, <em><a href=\"http:\/\/bit.ly\/QFGWXZ\" target=\"_blank\" rel=\"noopener\">China Post<\/a><\/em> and many more, reads: &#8220;The swiftly conducted dawn operation was the latest attempt to drive drug gangs out of the notorious Mar\u00e9 <a href=\"http:\/\/bit.ly\/callthemfavelas\" target=\"_blank\" rel=\"noopener\">shanty town<\/a>, a haven for organized crime and one of the city&#8217;s most dangerous places.&#8221; The report describes the police operation, drugs seized, World Cup security fears and the state&#8217;s <a href=\"http:\/\/bit.ly\/oTynCR\" target=\"_blank\" rel=\"noopener\">Pacifying Police Units (UPPs)<\/a>. On <em>Yahoo!<\/em>, of 624 words, just 71 were spent acknowledging the people who call Mar\u00e9 home, largely stating how residents seemed irritated by the security forces and journalists&#8217; presence: &#8220;Few wanted to speak with reporters.&#8221;<\/p>\n<p><a href=\"http:\/\/www.rioonwatch.org\/wp-content\/uploads\/2014\/04\/mar\u00e9-luiz-baltar-3.jpg\"><img fetchpriority=\"high\" decoding=\"async\" class=\"alignright wp-image-14270\" title=\"A resident overlooks a policeman entering her property. Photo by Luiz Baltar\" src=\"http:\/\/www.rioonwatch.org\/wp-content\/uploads\/2014\/04\/mar\u00e9-luiz-baltar-3.jpg\" alt=\"\" width=\"276\" height=\"415\" srcset=\"https:\/\/rioonwatch.org\/wp-content\/uploads\/2014\/04\/mar\u00e9-luiz-baltar-3.jpg 640w, https:\/\/rioonwatch.org\/wp-content\/uploads\/2014\/04\/mar\u00e9-luiz-baltar-3-200x300.jpg 200w\" sizes=\"(max-width: 276px) 100vw, 276px\" \/><\/a>Though they refrained from giving interviews to foreign reporters, Mar\u00e9 residents were not quiet. A storm of comments, observations, denouncements and hopes were shared on social networks using the hashtags #OqueaMar\u00e9tem, #dedentrodaMar\u00e9 and #Mar\u00e9Vive. Posts were aggregated by community Facebook pages <a href=\"http:\/\/on.fb.me\/PiFwRH\" target=\"_blank\" rel=\"noopener\">Mar\u00e9 Vive<\/a> and <a href=\"http:\/\/on.fb.me\/1pLx7n7\" target=\"_blank\" rel=\"noopener\">Favela Fiscal<\/a>, the former created on March 28 specifically to share residents&#8217; comments on the occupation.<\/p>\n<p><a href=\"http:\/\/bit.ly\/10i5eFC\" target=\"_blank\" rel=\"noopener\">Anticipated for over a year<\/a>, the police operation in Mar\u00e9 was initiated on March 21. In the week leading up to the official occupation and media spectacle of Sunday, various abuses and several deaths were reported including that of an 18-year-old taken to an alley and killed by the Special Operations Battalion (<a href=\"http:\/\/bit.ly\/1b89Jdh\" target=\"_blank\" rel=\"noopener\">BOPE<\/a>) on March 27. Local NGO Redes de Desenvolvimento da Mar\u00e9 (Mar\u00e9 Development Networks) published a <a href=\"http:\/\/bit.ly\/1jynnec\" target=\"_blank\" rel=\"noopener\">report<\/a> on March 28 outlining the violations, including reports of police officers beating and locking up a group of boys in a room, threatening to blow it up, and BOPE invading houses to sleep and take a shower.<\/p>\n<p>One of the most controversial aspects of the Mar\u00e9 operation has been the <a href=\"http:\/\/bit.ly\/10CmHHa\" target=\"_blank\" rel=\"noopener\">collective warrant<\/a> authorized by the courts on Saturday, March 29. Legally questionable, the warrant meant any home could be broken into by police. The move outraged Mar\u00e9 residents with one posting on Facebook, &#8220;the collective warrant is a joke, a prejudiced and irresponsible invention by those who don&#8217;t respect the community.&#8221; Another wrote, &#8220;STATE OF EXCEPTION: Favela residents don&#8217;t have rights. In Mar\u00e9, the Constitution and the inviolability of the domicile doesn&#8217;t count!&#8221;<\/p>\n<p>Despite this and the military operation looming, Saturday night was typically festive in Mar\u00e9 with a forr\u00f3 event on the Vila do Jo\u00e3o community&#8217;s main road, and samba at the Museu da Mar\u00e9. One community photographer posted, &#8220;Mar\u00e9 couldn&#8217;t care less about the occupation. Its residents are partying, not because of the occupation but because these parties are always commonplace in our communities.&#8221;<\/p>\n<p><a href=\"http:\/\/www.rioonwatch.org\/wp-content\/uploads\/2014\/04\/atila-mar\u00e9.jpg\"><img decoding=\"async\" class=\"alignright wp-image-14288\" title=\"Widely shared photo by Atila Roque\" src=\"http:\/\/www.rioonwatch.org\/wp-content\/uploads\/2014\/04\/atila-mar\u00e9.jpg\" alt=\"\" width=\"346\" height=\"260\" srcset=\"https:\/\/rioonwatch.org\/wp-content\/uploads\/2014\/04\/atila-mar\u00e9.jpg 720w, https:\/\/rioonwatch.org\/wp-content\/uploads\/2014\/04\/atila-mar\u00e9-300x225.jpg 300w, https:\/\/rioonwatch.org\/wp-content\/uploads\/2014\/04\/atila-mar\u00e9-174x131.jpg 174w, https:\/\/rioonwatch.org\/wp-content\/uploads\/2014\/04\/atila-mar\u00e9-70x53.jpg 70w, https:\/\/rioonwatch.org\/wp-content\/uploads\/2014\/04\/atila-mar\u00e9-326x245.jpg 326w\" sizes=\"(max-width: 346px) 100vw, 346px\" \/><\/a>The military operation began in the early hours of Sunday morning. Community Facebook and Twitter pages posted regular updates on the movements of the operation including shock troop incursions in Vila do Jo\u00e3o, armored vehicles in Timbau, house invasions in Nova Holanda and army helicopters flying very close to houses. Mar\u00e9 Vive reported that an 81 year old man was arrested in Timbau. Favela Fiscal reported a denouncement that police assaulted a group of children in <a href=\"http:\/\/bit.ly\/1YrysRk\" target=\"_blank\" rel=\"noopener\">Baixa do Sapateiro<\/a>. Later that afternoon, one fifteen-year-old was shot and killed, and two other teenagers injured in a shootout between the Baixo do Sapateiro and Nova Holanda communities. Another death, further casualties and unlawful arrests were reported by community pages.<\/p>\n<p>The majority of residents, understandably, didn&#8217;t venture out, instead watching the operation happening outside their front doors on television. Many were critical of <em>Globo&#8217;s<\/em> sensationalist coverage. One resident viewing wrote &#8220;I feel like a character in a soap opera that has never gone out on <em>Globo<\/em>.&#8221; Another commented, &#8220;This is too much.. Plim plim [reference to the Globo jingle] is saying that Mar\u00e9 residents can leave the house to &#8216;interact with the police horse.'&#8221;<\/p>\n<p><a href=\"http:\/\/www.rioonwatch.org\/wp-content\/uploads\/2014\/04\/mar\u00e9-luiz-baltar-2.jpg\"><img loading=\"lazy\" decoding=\"async\" class=\"alignright wp-image-14272\" title=\"A resident looks on as armored vehicles pass. Photo by Luiz Baltar\" src=\"http:\/\/www.rioonwatch.org\/wp-content\/uploads\/2014\/04\/mar\u00e9-luiz-baltar-2.jpg\" alt=\"\" width=\"276\" height=\"415\" srcset=\"https:\/\/rioonwatch.org\/wp-content\/uploads\/2014\/04\/mar\u00e9-luiz-baltar-2.jpg 640w, https:\/\/rioonwatch.org\/wp-content\/uploads\/2014\/04\/mar\u00e9-luiz-baltar-2-200x300.jpg 200w\" sizes=\"(max-width: 276px) 100vw, 276px\" \/><\/a>By Sunday afternoon the situation had apparently calmed and, <a href=\"http:\/\/bit.ly\/RZYM3Z\" target=\"_blank\" rel=\"noopener\">as in other favela occupations<\/a>, the first companies to enter were telecommunications operators. Mar\u00e9 Vive posted: &#8220;Sky and Claro TV stands have already been set up in <a href=\"https:\/\/bit.ly\/3AmNZLV\" target=\"_blank\" rel=\"noopener\">Vila do Pinheiro<\/a>. This is the tone of &#8216;pacification&#8217; and our entrance into the State of Rights&#8211;summarized for us as just the right to consume.&#8221;<\/p>\n<p>Many online comments pointed out that the greatest demand in Mar\u00e9 is for improved basic services. One resident wrote: &#8220;What are these war tanks in Mar\u00e9 here for? Our taxes being used for the spectacularization of the State, for commercial media\/politics and the criminalization of the poor. These soldiers could improve the streetpaving [\u2026] instead of showing off and wasting gas with these tanks. They could bring building materials to renovate houses instead of showing off these rifles and psychopathic expressions. They could set up well-equipped community hospitals with fast, effective healthcare instead of a killing command center. But thinking of this is a tremendous utopia.&#8221;<\/p>\n<p>Marking much of the commentary was an affirmation of Mar\u00e9&#8217;s local identity and history of struggle and conquests. Reporting on police occupations largely fails to represent the wide-ranging differences and unique cultural identities of the favelas occupied, focusing heavily on the official state-sponsored narrative and favela stereotypes. Online commentary by residents counters this, particularly in Mar\u00e9 with its vibrant civil society and\u00a0culture scene.<\/p>\n<p>One resident wrote: &#8220;We don&#8217;t clamor for peace because we&#8217;ve never lived at war! We&#8217;ve always lived under the negligence of the authorities and public sector and even with all this we have electricity, water, sewerage, trash collection and other basic services all because of the united, resistant and strong community&#8217;s struggle, beautiful people who&#8217;ve occupied this space since the 1940s.. It&#8217;s screwed up to hear that only now we will have dignity. To these I say: you know nothing!&#8221;<\/p>\n<p><a href=\"http:\/\/www.rioonwatch.org\/wp-content\/uploads\/2014\/04\/mar\u00e9-luiz-baltar1.jpg\"><img loading=\"lazy\" decoding=\"async\" class=\"alignright wp-image-14274\" title=\"Photo by Luiz Baltar\" src=\"http:\/\/www.rioonwatch.org\/wp-content\/uploads\/2014\/04\/mar\u00e9-luiz-baltar1.jpg\" alt=\"\" width=\"346\" height=\"230\" srcset=\"https:\/\/rioonwatch.org\/wp-content\/uploads\/2014\/04\/mar\u00e9-luiz-baltar1.jpg 960w, https:\/\/rioonwatch.org\/wp-content\/uploads\/2014\/04\/mar\u00e9-luiz-baltar1-300x200.jpg 300w\" sizes=\"(max-width: 346px) 100vw, 346px\" \/><\/a>Others were tentatively hopeful, with one writing: &#8220;We hope that all the basic services be offered, that we have the right to come and go as we always have, that police act within the law and have patience until they&#8217;re accepted, if they are, because it won&#8217;t be a cavalry and war tank filled with children that will change the thinking of a community that&#8217;s been <a href=\"http:\/\/bit.ly\/12I35SV\" target=\"_blank\" rel=\"noopener\">massacred for decades<\/a>.&#8221;<\/p>\n<p>Since Sunday, there have been reports that police presence is low and even that drug sale points have been set up in certain parts of the complex. On Monday, the <em>Estad\u00e3o<\/em> news site <a href=\"http:\/\/bit.ly\/1jYT6rF\" target=\"_blank\" rel=\"noopener\">reported<\/a> that there is no police presence in the <a href=\"http:\/\/bit.ly\/1mwF947\" target=\"_blank\" rel=\"noopener\">militia-controlled communities<\/a> of Praia de Ramos and Parque Roquette Pinto and that militia activities continue undisturbed.<\/p>\n<p>Community activists fear police repression in the coming months, especially with the announcement that the <a href=\"http:\/\/bit.ly\/1mwF947\" target=\"_blank\" rel=\"noopener\">army is to be deployed there<\/a>, and are uniting in a range of resistance efforts. Mar\u00e9 Vive released a note on\u00a0Wednesday April 2\u00a0signed by 17 community and human rights organizations calling for unity: &#8220;We know that this is just the start of a whole wave of oppression via a policy of extermination and militarization in the favelas. The strengthening of resistance is imperative.&#8221; The internationally-renowned Favelas Observatory (Observat\u00f3rio de Favelas) and other civil society organizations have called a <a href=\"http:\/\/on.fb.me\/1fugvwO\" target=\"_blank\" rel=\"noopener\">public hearing with State Security Secretary, Jos\u00e9 Mariano Beltrame<\/a>\u00a0on Thursday, April 3 in Mar\u00e9. \u00a0Residents are also organizing a day of cultural occupation of the Parque Uni\u00e3o community in Mar\u00e9 combining music, art and protest for this Saturday, April 5. Titled &#8220;It&#8217;s Times to Mobilize: Mar\u00e9 Resists,&#8221; the description on the <a href=\"http:\/\/on.fb.me\/1hhYVbB\" target=\"_blank\" rel=\"noopener\">event&#8217;s Facebook page<\/a> is a call to action: &#8220;We need to mobilize and protest against new forms of dictatorship in strategic spaces in our city. Peace isn&#8217;t a donation, it&#8217;s a conquest!&#8221;<\/p>\n","protected":false},"excerpt":{"rendered":"<div class=\"mh-excerpt\"><p>Clique aqui para Portugu\u00eas On Sunday March 30, Military Police forces officially occupied Complexo da Mar\u00e9, Rio&#8217;s largest favela complex with 16 communities and over 130,000 residents. According to Google News the event was reported <a class=\"mh-excerpt-more\" href=\"https:\/\/rioonwatch.org\/?p=14260\" title=\"Mar\u00e9 Vive: Community Comments on the Police Occupation of Mar\u00e9\">[&#8230;]<\/a><\/p>\n<\/div>","protected":false},"author":17,"featured_media":23764,"comment_status":"closed","ping_status":"closed","sticky":false,"template":"","format":"standard","meta":{"_monsterinsights_skip_tracking":false,"_monsterinsights_sitenote_active":false,"_monsterinsights_sitenote_note":"","_monsterinsights_sitenote_category":0,"footnotes":""},"categories":[335,336,1329],"tags":[1087,1144,356,771,280,918,1143,37,281,15,1147,17,888,638,1146,809,1555,796,1142,1321],"writer":[444],"translator":[],"illustrator":[],"photographer":[],"class_list":{"0":"post-14260","1":"post","2":"type-post","3":"status-publish","4":"format-standard","5":"has-post-thumbnail","7":"category-policies","8":"category-violations","9":"category-by-international-observers","10":"tag-voicesfromsocialmedia","11":"tag-baixa-do-sapateiro","12":"tag-bope","13":"tag-community-pride","14":"tag-complexo-da-mare","15":"tag-military-police","16":"tag-morro-do-timbau","17":"tag-north-zone","18":"tag-nova-holanda","19":"tag-pacifying-police-unit","20":"tag-parque-roquette-pinto","21":"tag-police-brutality","22":"tag-police-intimidation","23":"tag-police-occupation","24":"tag-praia-de-ramos","25":"tag-public-security","26":"tag-redes-de-desenvolvimento-da-mare","27":"tag-social-media","28":"tag-vila-do-joao","29":"tag-vila-do-pinheiro","30":"writer-felicity-clarke"},"_links":{"self":[{"href":"https:\/\/rioonwatch.org\/index.php?rest_route=\/wp\/v2\/posts\/14260","targetHints":{"allow":["GET"]}}],"collection":[{"href":"https:\/\/rioonwatch.org\/index.php?rest_route=\/wp\/v2\/posts"}],"about":[{"href":"https:\/\/rioonwatch.org\/index.php?rest_route=\/wp\/v2\/types\/post"}],"author":[{"embeddable":true,"href":"https:\/\/rioonwatch.org\/index.php?rest_route=\/wp\/v2\/users\/17"}],"replies":[{"embeddable":true,"href":"https:\/\/rioonwatch.org\/index.php?rest_route=%2Fwp%2Fv2%2Fcomments&post=14260"}],"version-history":[{"count":0,"href":"https:\/\/rioonwatch.org\/index.php?rest_route=\/wp\/v2\/posts\/14260\/revisions"}],"wp:featuredmedia":[{"embeddable":true,"href":"https:\/\/rioonwatch.org\/index.php?rest_route=\/wp\/v2\/media\/23764"}],"wp:attachment":[{"href":"https:\/\/rioonwatch.org\/index.php?rest_route=%2Fwp%2Fv2%2Fmedia&parent=14260"}],"wp:term":[{"taxonomy":"category","embeddable":true,"href":"https:\/\/rioonwatch.org\/index.php?rest_route=%2Fwp%2Fv2%2Fcategories&post=14260"},{"taxonomy":"post_tag","embeddable":true,"href":"https:\/\/rioonwatch.org\/index.php?rest_route=%2Fwp%2Fv2%2Ftags&post=14260"},{"taxonomy":"writer","embeddable":true,"href":"https:\/\/rioonwatch.org\/index.php?rest_route=%2Fwp%2Fv2%2Fwriter&post=14260"},{"taxonomy":"translator","embeddable":true,"href":"https:\/\/rioonwatch.org\/index.php?rest_route=%2Fwp%2Fv2%2Ftranslator&post=14260"},{"taxonomy":"illustrator","embeddable":true,"href":"https:\/\/rioonwatch.org\/index.php?rest_route=%2Fwp%2Fv2%2Fillustrator&post=14260"},{"taxonomy":"photographer","embeddable":true,"href":"https:\/\/rioonwatch.org\/index.php?rest_route=%2Fwp%2Fv2%2Fphotographer&post=14260"}],"curies":[{"name":"wp","href":"https:\/\/api.w.org\/{rel}","templated":true}]}}