{"id":15432,"date":"2014-05-20T10:31:35","date_gmt":"2014-05-20T13:31:35","guid":{"rendered":"http:\/\/www.rioonwatch.org\/?p=15432"},"modified":"2015-12-23T22:44:16","modified_gmt":"2015-12-24T01:44:16","slug":"exhibition-review-favela-you-make-it-yourself-community-visions-for-public-space-in-alemao","status":"publish","type":"post","link":"https:\/\/rioonwatch.org\/?p=15432","title":{"rendered":"Exhibition Review: \u201cFavela, You Make It Yourself!\u201d Community Visions for Public Space in Alem\u00e3o"},"content":{"rendered":"<p style=\"text-align: right;\"><a href=\"http:\/\/bit.ly\/1r49HNK\" target=\"_blank\"><strong><em>Clique aqui para Portugu\u00eas<img decoding=\"async\" width=\"20\" height=\"20\" class=\"alignright size-full wp-image-23766\" src=\"http:\/\/www.rioonwatch.org\/wp-content\/uploads\/2012\/08\/PT-e1439583827971.png\" alt=\"\" \/><\/em><\/strong><\/a><\/p>\n<p>Nestled\u00a0high up on Alvorada hill, right below a portion of <a href=\"http:\/\/bit.ly\/oKvkVy\" target=\"_blank\">Complexo do Alem\u00e3o<\/a>\u2019s photogenic but <a href=\"http:\/\/bit.ly\/19EZSyh\" target=\"_blank\">controversial cable car<\/a>, <a href=\"http:\/\/bit.ly\/1gMKxJZ\" target=\"_blank\">Barraco #55<\/a> is a community-oriented center for arts and research. As well as hosting regular events such as concerts, workshops and exhibitions involving residents, the center also offers accommodation for visitors wishing to experience Complexo do Alem\u00e3o.<\/p>\n<p><a href=\"http:\/\/rioonwatch.org\/wp-content\/uploads\/2014\/05\/opening-barraco-55.jpg\"><img fetchpriority=\"high\" decoding=\"async\" class=\"alignright wp-image-14960 size-medium\" title=\"The opening of &quot;Favela You Make It Yourself!&quot; at Barraco #55\" src=\"http:\/\/rioonwatch.org\/wp-content\/uploads\/2014\/05\/opening-barraco-55-300x201.jpg\" alt=\"\" width=\"300\" height=\"201\" \/><\/a>Barraco #55 is managed by Dutch writer and researcher Ellen Sluis and musician Eddu Grau, born and raised in the neighborhood, and is a display of the vibrant identity and the cultural wealth, globally underestimated by the general public, that lies within the Complexo do Alem\u00e3o\u2013an area unfortunately still stigmatized for drug gang violence and the <a href=\"http:\/\/bit.ly\/1qIexAg\" target=\"_blank\">military occupation in November 2010<\/a>. The center aims to promote the cultural qualities of the favela to visitors\u2013including surprising art forms, a potential for sustainability and a strong sense of community\u2013breaking common stigmas about the neighborhood and consequently reducing the psychological distance separating favelas from the &#8220;<a href=\"http:\/\/bit.ly\/RZ2hMc\" target=\"_blank\">asphalt<\/a>&#8221; or formal city.<\/p>\n<p>The exhibition \u201c<em>Favela, v\u00f4ce mesmo faz!<\/em>\u201d (Favela, you make it yourself!) opened at Barraco 55 on Sunday, April 13. Focusing on the use of <a href=\"http:\/\/bit.ly\/1nRG1S0\" target=\"_blank\">public and semi-public space<\/a> in the local communities of Alvorada, Itarar\u00e9, Morro do Alem\u00e3o and Nova Bras\u00edlia, the exhibition questions the use of available space and suggests possibilities to optimize these public places, often considered too rare in the dense environments of Rio\u2019s informal settlements.<\/p>\n<p><a href=\"http:\/\/rioonwatch.org\/wp-content\/uploads\/2014\/05\/FVMF-11.png\"><img decoding=\"async\" class=\"alignright wp-image-14942 size-medium\" title=\"Visitors on the inauguration day of the exhibition\" src=\"http:\/\/rioonwatch.org\/wp-content\/uploads\/2014\/05\/FVMF-11-300x200.png\" alt=\"\" width=\"300\" height=\"200\" \/><\/a>The event is named after favelas\u2019 notable\u00a0capacity for self-build and to stimulate\u00a0local interaction with the exhibition by providing suggestions about future implementations in their urban environment. As such, the exhibition aims to raise community awareness about the undergoing urban evolution of Complexo do Alem\u00e3o. Ben Stokke, an architecture student from United States, resident of Barraco #55 and co-organizer of the exhibition, explains: \u201cWe want to know what changes the community feels are necessary and beneficial for the people, [changes] that can make Complexo do Alem\u00e3o healthier, happier, safer, and a better place to live.\u201d<\/p>\n<p>For this remarkable showcase, Ben partnered with Dutch urban planner Manoe Ruhe, also resident of Complexo do Alem\u00e3o, to do research-based work including creating a model made of concrete and recovered materials of the Rua da Assembl\u00e9ia, a major circulation axis in the community, linking important nodes and offering high visibility to the local businesses it hosts\u2013on which their work partly focuses.<\/p>\n<p>\u201cOne side of the street has many entrepreneurs and on the other side is a lot of (potential) public space. Also, since the construction of the <a href=\"http:\/\/bit.ly\/sLRrzN\" target=\"_blank\">cable car<\/a>, the government already demolished buildings in this street to renew the area, but nothing has happened [with the space] yet,\u201d tells Manoe.<\/p>\n<p>On the model, areas where spatial flexibility is more obvious are highlighted. Residents and visitors are invited to express their suggestions for the use of each spot by writing their ideas on some of the room\u2019s originally blank walls. One month after the exhibition\u2019s inauguration, two wall surfaces were filled with writing from contributors of all ages. The most popular suggestions are requests for more green spaces, street hygiene as well as <a href=\"http:\/\/bit.ly\/1dsHC6r\" target=\"_blank\">health<\/a> and <a href=\"http:\/\/bit.ly\/13I7xpK\" target=\"_blank\">sanitation<\/a> infrastructure.<\/p>\n<p><a href=\"http:\/\/rioonwatch.org\/wp-content\/uploads\/2014\/05\/FVMF-2.jpg\"><img loading=\"lazy\" decoding=\"async\" class=\"alignright wp-image-14940 size-medium\" title=\"Children proudly draw their ideal images of Complexo do Alem\u00e3o\" src=\"http:\/\/rioonwatch.org\/wp-content\/uploads\/2014\/05\/FVMF-2-300x199.jpg\" alt=\"\" width=\"300\" height=\"199\" \/><\/a>Another interactive aspect of the exhibition consists of asking children to draw their ideal image for Complexo do Alem\u00e3o. The results have been surprising in expressing an appeal for peace, love and tranquility. These wise and aspirational words have been written on the vast majority of the collected drawings by Alem\u00e3o&#8217;s younger generations.<\/p>\n<p>The views of older residents, some belonging to the first generations to have settled in parts of Complexo do Alem\u00e3o, are also featured in the exhibition. Their stories tell of the speed at which the favela complex has expanded and densified during the last decades. Some expressed criticism over the way Alem\u00e3o has evolved, for example 71 year old Luciano Batista Dos Santos says, \u201cIt was better back then in all senses, much better than it is today.\u201d Others expressed the inevitability of the urban transformation of the area. \u201cProgress is unstoppable,\u201d states Mr. Florindo in his portrait, aged 83 and resident of Nova Bras\u00edlia for 70 years.<\/p>\n<p>Further transformations are due in the area as there are plans to enlarge the Rua da Assembl\u00e9ia under the <a href=\"http:\/\/bit.ly\/pa20TG\" target=\"_blank\">Growth Acceleration Program (PAC)<\/a>. The project will require the demolition of entire rows of buildings, removing residents and local businesses to create a wider lane, which according to the state will facilitate the flow of traffic and police control.<\/p>\n<p><a href=\"http:\/\/rioonwatch.org\/wp-content\/uploads\/2014\/05\/cablecar-complexodoalemao.jpg\"><img loading=\"lazy\" decoding=\"async\" class=\"alignright wp-image-14961 size-medium\" title=\"The PAC installed a cable car in Complexo do Alem\u00e3o\" src=\"http:\/\/rioonwatch.org\/wp-content\/uploads\/2014\/05\/cablecar-complexodoalemao-300x225.jpg\" alt=\"\" width=\"300\" height=\"225\" \/><\/a>However, the PAC has long been criticized for being more monumental than genuinely beneficial for the communities, which in most cases need public services to facilitate social integration, with priorities placed on efficient sewerage systems. <a href=\"http:\/\/bit.ly\/1al1GpH\" target=\"_blank\">Complexo do Alem\u00e3o\u2019s 3.5km cable car can be cited as an example<\/a>. The cable car is still failing to meet the performance announced by the government, while its construction led to inefficient or dead spaces at the bottom edge of its pylons and around its five stations. These spaces could be given social purposes, as the existing public spaces are used as <a href=\"http:\/\/bit.ly\/1eHgyak\" target=\"_blank\">dumps<\/a> and parking lots. Proof of the demand for such spaces can be found at Barraco 55\u2019s exhibition itself, which has become a playground for local children. As Manoe describes, \u201cWhen the exhibition opened, a lot of children came in to play. It is amazing for them to have such a big (public) space to play in. Which again proves there is a big shortage of possibilities to play on the hill.\u201d<\/p>\n<p>Consequently, how to deal with the neighborhood\u2019s unused spaces to make sustainable, community-oriented areas is the other main question the exhibition looks to address, featuring work developed by participants of &#8220;<a href=\"http:\/\/bit.ly\/QQyJ28\" target=\"_blank\">The Case of Unused Spaces in Complexo do Alem\u00e3o<\/a>&#8221; workshop as part of the International Seminar of Innovation and Urbanism in October 2013. Ben and Manoe&#8217;s\u00a0proposals promote a greener neighborhood encouraging urban agriculture at different scales, increasing shading and reducing the heat island effect while providing sustainable food resources for the community.<\/p>\n<p><a href=\"http:\/\/rioonwatch.org\/wp-content\/uploads\/2014\/05\/selma-barraco-55.jpg\"><img loading=\"lazy\" decoding=\"async\" class=\"alignright size-medium wp-image-14962\" src=\"http:\/\/rioonwatch.org\/wp-content\/uploads\/2014\/05\/selma-barraco-55-225x300.jpg\" alt=\"A vision for one of Alem\u00e3o's disused spaces by 10 year old Selma, from the Alvorada community\" width=\"225\" height=\"300\" \/><\/a>As well as exploring the issue of public space in dense communities, &#8220;Favela, You Make It Yourself!&#8221; proves to be a very important exhibition in the experience it offers to both vistors from outside Complexo do Alem\u00e3o and for local residents.<\/p>\n<p>Visitors to Complexo do Alem\u00e3o most commonly visit via the cable car, which has a single trip ticketing system, (R$5 for visitors and R$1 for residents) which means tourists generally only stop at the end of the line, where a small public space surrounding the Palmeiras station hosts food and beverage kiosks and affords a spectacular view on Rio\u2019s central and northen zones. This concentrates most of the touristic activity of Complexo do Alem\u00e3o, limiting the visitor&#8217;s experience of Alem\u00e3o to a self-contained viewing area, distant from the actual vibrancy and activity present throughout the favela. At the exhibition, visitors gain much greater insight and proximity to the life of Alem\u00e3o, including through the photographic works of Dutch photographer Martin Dijkstra, capturing scenes from everyday life, and through Ellen Sluis\u2019 short film \u201cPrato do dia\u201d (Dish of the day) about the daily issues of garbage disposal in the neighborhood.<\/p>\n<p>Crucially, residents visiting the exhibition are invited to participate in creating a collective vision for Alem\u00e3o&#8217;s public spaces. It also raises awareness locally of the coming urban transformations the communities are set to undergo under the PAC. \u201cAs we see these urban amenities being implemented in Complexo do Alem\u00e3o, it is critical that the community is prepared to concisely communicate its\u00a0demands. This area is changing and I think it is important that people living here invest time thinking about how and what improvements might be best for the greater whole and for future generations,\u201d explained Ben Stokke.<\/p>\n<p>Initially scheduled until May 15, the exhibition \u201cFavela, You Make It Yourself!\u201d has been extended until May 29, opening on Fridays from 5pm to 10pm, and on Saturdays and Sundays from 3pm to 7pm. For more information visit the Barraco 55 <a href=\"http:\/\/bit.ly\/1gMKxJZ\" target=\"_blank\">website<\/a>.<\/p>\n","protected":false},"excerpt":{"rendered":"<div class=\"mh-excerpt\"><p>Clique aqui para Portugu\u00eas Nestled\u00a0high up on Alvorada hill, right below a portion of Complexo do Alem\u00e3o\u2019s photogenic but controversial cable car, Barraco #55 is a community-oriented center for arts and research. As well as <a class=\"mh-excerpt-more\" href=\"https:\/\/rioonwatch.org\/?p=15432\" title=\"Exhibition Review: \u201cFavela, You Make It Yourself!\u201d Community Visions for Public Space in Alem\u00e3o\">[&#8230;]<\/a><\/p>\n<\/div>","protected":false},"author":5,"featured_media":15448,"comment_status":"closed","ping_status":"closed","sticky":false,"template":"","format":"standard","meta":{"_monsterinsights_skip_tracking":false,"_monsterinsights_sitenote_active":false,"_monsterinsights_sitenote_note":"","_monsterinsights_sitenote_category":0,"footnotes":""},"categories":[1288,1333,1268,1271,329,452,1329],"tags":[150,258,32,538,857,1298,205,473,1297,1299,37,790,1292,152,404,171,535],"writer":[1149],"translator":[],"illustrator":[],"photographer":[],"class_list":{"0":"post-15432","1":"post","2":"type-post","3":"status-publish","4":"format-standard","5":"has-post-thumbnail","7":"category-highlight","8":"category-event-reports","9":"category-favelaculture","10":"category-favelaqualities","11":"category-solutions","12":"category-rio20","13":"category-by-international-observers","14":"tag-cable-car","15":"tag-community-solution","16":"tag-complexo-do-alemao","17":"tag-exhibition","18":"tag-favela-design","19":"tag-green-space","20":"tag-growth-acceleration-program-pac","21":"tag-heat-island","22":"tag-itarere","23":"tag-morro-do-alvorada","24":"tag-north-zone","25":"tag-nova-brasilia","26":"tag-organizing","27":"tag-participation","28":"tag-public-consultation","29":"tag-public-space","30":"tag-sanitation","31":"writer-michel-jaquet"},"_links":{"self":[{"href":"https:\/\/rioonwatch.org\/index.php?rest_route=\/wp\/v2\/posts\/15432","targetHints":{"allow":["GET"]}}],"collection":[{"href":"https:\/\/rioonwatch.org\/index.php?rest_route=\/wp\/v2\/posts"}],"about":[{"href":"https:\/\/rioonwatch.org\/index.php?rest_route=\/wp\/v2\/types\/post"}],"author":[{"embeddable":true,"href":"https:\/\/rioonwatch.org\/index.php?rest_route=\/wp\/v2\/users\/5"}],"replies":[{"embeddable":true,"href":"https:\/\/rioonwatch.org\/index.php?rest_route=%2Fwp%2Fv2%2Fcomments&post=15432"}],"version-history":[{"count":0,"href":"https:\/\/rioonwatch.org\/index.php?rest_route=\/wp\/v2\/posts\/15432\/revisions"}],"wp:featuredmedia":[{"embeddable":true,"href":"https:\/\/rioonwatch.org\/index.php?rest_route=\/wp\/v2\/media\/15448"}],"wp:attachment":[{"href":"https:\/\/rioonwatch.org\/index.php?rest_route=%2Fwp%2Fv2%2Fmedia&parent=15432"}],"wp:term":[{"taxonomy":"category","embeddable":true,"href":"https:\/\/rioonwatch.org\/index.php?rest_route=%2Fwp%2Fv2%2Fcategories&post=15432"},{"taxonomy":"post_tag","embeddable":true,"href":"https:\/\/rioonwatch.org\/index.php?rest_route=%2Fwp%2Fv2%2Ftags&post=15432"},{"taxonomy":"writer","embeddable":true,"href":"https:\/\/rioonwatch.org\/index.php?rest_route=%2Fwp%2Fv2%2Fwriter&post=15432"},{"taxonomy":"translator","embeddable":true,"href":"https:\/\/rioonwatch.org\/index.php?rest_route=%2Fwp%2Fv2%2Ftranslator&post=15432"},{"taxonomy":"illustrator","embeddable":true,"href":"https:\/\/rioonwatch.org\/index.php?rest_route=%2Fwp%2Fv2%2Fillustrator&post=15432"},{"taxonomy":"photographer","embeddable":true,"href":"https:\/\/rioonwatch.org\/index.php?rest_route=%2Fwp%2Fv2%2Fphotographer&post=15432"}],"curies":[{"name":"wp","href":"https:\/\/api.w.org\/{rel}","templated":true}]}}