{"id":16761,"date":"2014-07-13T15:49:46","date_gmt":"2014-07-13T18:49:46","guid":{"rendered":"http:\/\/www.rioonwatch.org\/?p=16761"},"modified":"2014-07-13T16:46:40","modified_gmt":"2014-07-13T19:46:40","slug":"final-day-of-world-cup-protests-live-from-tijuca-in-rio-de-janeiro-peaceful-as-of-morning","status":"publish","type":"post","link":"https:\/\/rioonwatch.org\/?p=16761","title":{"rendered":"Final Day of World Cup: Morning Protest Live from Tijuca in Rio de Janeiro"},"content":{"rendered":"<p>Two days after a nationwide police operation preemptively arrested several protesters in Rio, S\u00e3o Paulo, and Porto Alegre on trumped-up charges, approximately 500 people gathered for the morning march on the final day of the World Cup to ask \u201cCopa Para Quem?\u201d (World Cup for Whom?) Starting in Pra\u00e7a Afonso Pena, they headed to Pra\u00e7a Saens Pena in Rio\u2019s Tijuca neighborhood on Sunday morning before the tournament concludes this afternoon at Maracan\u00e3. They were flanked in the rear and on one side by phalanxes of military police, some dressed in the much-loathed <a href=\"http:\/\/bit.ly\/1mxWucz\" target=\"_blank\">\u201cRobocop\u201d gear<\/a>, with groups of police stationed on every side of Pra\u00e7a Saens Pena. I joined the morning portion of the protest about halfway through until it reached its destination, and, different from the larger afternoon protest covered on <a href=\"http:\/\/bit.ly\/1mM8NSf\" target=\"_blank\">RioOnWatch&#8217;s Twitter feed<\/a> at #RioCupWatch, there were no indications of violence on the part of either police or protesters. The two walked side-by-side during the morning protest, oftentimes just feet from each other, and indeed the police occasionally looked bored\u2013some were checking their cell phones or otherwise ambling along at the leisurely pace set by the marchers.<\/p>\n<p>The protesters, for their part, represented a diverse group of causes, both related and unrelated to the event looming this afternoon. On the World Cup side, they included accusations against the economic and social cost of the event, the <a href=\"http:\/\/bit.ly\/1pO06YP\" target=\"_blank\">forced eviction<\/a> of low-income and favela residents, the corrupt relationship between FIFA and politicians, <a href=\"http:\/\/bit.ly\/1k3YzNi\" target=\"_blank\">police violence<\/a> and repression of the right to <a href=\"http:\/\/bit.ly\/1owU22I\" target=\"_blank\">protest<\/a>, the privatization of public goods and services, and a lack of healthcare and education at the expense of the event. Other groups included left political parties. In light of ongoing events in the Middle East, there were also several Palestinian flags.<\/p>\n<p>T-shirts, costumes, and uniforms covered a wide gamut, from the aforementioned political parties to holdovers from last year\u2019s teachers\u2019 strike to \u201cFifa Terrorista\u201d to Batman clutching a sign and mock World Cup trophy. There were scattered Germany and Argentina jerseys in the crowd \u2013 one woman wore a Messi jersey with a keffiyah over her head \u2013 and a notable absence of CBF jerseys, albeit plenty of Brazilian colors. A pair from the Carnavandaliriza\u00e7\u00e3o movement included a Choque de Amor t-shirt and a woman in a pink boa with glitter on her cheeks. The latter, named Renata, said she was acquainted with Sininho, one of the nearly 20 people arrested on <a href=\"http:\/\/glo.bo\/1oUe7Dc\" target=\"_blank\">charges<\/a> of forming an armed gang. According to various online social media sources familiar with the situation, a legally registered gun belonging to a relative of one of the arrested individuals has formed the basis of this serious, but likely spurious, allegation. Renata said that the tense situation, including the arrests, had caused a lot of people to <a href=\"http:\/\/bit.ly\/VZOPty\" target=\"_blank\">stay home out of fear<\/a>.<\/p>\n<p>At its core, an animated drum corps, saxophone, clarinet, and flute led the group in chants that have become common refrains in Rio during the protests:<\/p>\n<blockquote><p>\u201cN\u00e3o acabou \/ Tem que acabar \/ Quero fim \u00e0 pol\u00edcia\u00a0militar\u00a0(It\u2019s not over yet \/ It has to end \/ I want the end of the military police)\u201d<\/p>\n<p>\u201cDa Copa, da Copa, eu abro m\u00e3o \/ Quero meu dinheiro pra sa\u00fade e educa\u00e7\u00e3o (The Cup, the Cup, I&#8217;ll gladly give up\u00a0\/ I want my money to go to health and education)\u201d<\/p>\n<p>\u201cPez\u00e3o \u00e9 ditador (Pez\u00e3o [the governor] is a dictator\u201d)<\/p><\/blockquote>\n<p>Shifting from samba to the rhythms of funk, Rio\u2019s popular culture music genre par excellence, the band belted out classics like MC Galo\u2019s \u201cRocinha Pede Paz\u201d with a new refrain: \u201cQuero saber onde Amarlido est\u00e1 (I want to know where Amarildo is).\u201d They also played the socially conscious classic \u201cRap da Felicidade\u201d sounding like a much smaller version of the immensely popular Monobloco band that plays annually during Carnival.<\/p>\n<p>Upon arrival at Saens Pena, protesters were greeted with an open-air photojournalism display called Warld, with some of the best images to come out of the World Cup that have shown the other side of the event \u2013 the homeless sleeping at the door of the subway below signs pointing to Maracan\u00e3, favela homes marked for demolition, police violence during protests, a naked soccer game on Copacabana Beach during a Brazil match, street vendors and trash pickers pausing to watch a game on a jury-rigged TV. The photos were mounted on the side of a structure related to the Metr\u00f4, and Batman stood proudly atop it with his sign and trophy, conducting interviews. The police continued to mingle freely among the crowd and there were few signs of tension by the time I left at 1 pm. Another march was scheduled to depart from the same square shortly thereafter. I asked a woman who appeared to be organizing the next round of activity if they were heading toward Maracan\u00e3. With Rio mounting what the local press has called the biggest security operation <a href=\"http:\/\/bbc.in\/1nkW9FH\" target=\"_blank\">in the city\u2019s history<\/a>,\u00a0she responded \u201cno\u201d as if the question had long been a foregone conclusion.<\/p>\n","protected":false},"excerpt":{"rendered":"<div class=\"mh-excerpt\"><p>Two days after a nationwide police operation preemptively arrested several protesters in Rio, S\u00e3o Paulo, and Porto Alegre on trumped-up charges, approximately 500 people gathered for the morning march on the final day of the <a class=\"mh-excerpt-more\" href=\"https:\/\/rioonwatch.org\/?p=16761\" title=\"Final Day of World Cup: Morning Protest Live from Tijuca in Rio de Janeiro\">[&#8230;]<\/a><\/p>\n<\/div>","protected":false},"author":5,"featured_media":16769,"comment_status":"closed","ping_status":"closed","sticky":false,"template":"","format":"standard","meta":{"_monsterinsights_skip_tracking":false,"_monsterinsights_sitenote_active":false,"_monsterinsights_sitenote_note":"","_monsterinsights_sitenote_category":0,"footnotes":""},"categories":[1736,1288,1333,336],"tags":[189,11,918,17,18,1350,167],"writer":[355],"translator":[],"illustrator":[],"photographer":[],"class_list":{"0":"post-16761","1":"post","2":"type-post","3":"status-publish","4":"format-standard","5":"has-post-thumbnail","7":"category-1736","8":"category-highlight","9":"category-event-reports","10":"category-violations","11":"tag-fifa","12":"tag-forced-evictions","13":"tag-military-police","14":"tag-police-brutality","15":"tag-protest","16":"tag-tijuca","17":"tag-world-cup","18":"writer-greg-scruggs"},"_links":{"self":[{"href":"https:\/\/rioonwatch.org\/index.php?rest_route=\/wp\/v2\/posts\/16761","targetHints":{"allow":["GET"]}}],"collection":[{"href":"https:\/\/rioonwatch.org\/index.php?rest_route=\/wp\/v2\/posts"}],"about":[{"href":"https:\/\/rioonwatch.org\/index.php?rest_route=\/wp\/v2\/types\/post"}],"author":[{"embeddable":true,"href":"https:\/\/rioonwatch.org\/index.php?rest_route=\/wp\/v2\/users\/5"}],"replies":[{"embeddable":true,"href":"https:\/\/rioonwatch.org\/index.php?rest_route=%2Fwp%2Fv2%2Fcomments&post=16761"}],"version-history":[{"count":0,"href":"https:\/\/rioonwatch.org\/index.php?rest_route=\/wp\/v2\/posts\/16761\/revisions"}],"wp:featuredmedia":[{"embeddable":true,"href":"https:\/\/rioonwatch.org\/index.php?rest_route=\/wp\/v2\/media\/16769"}],"wp:attachment":[{"href":"https:\/\/rioonwatch.org\/index.php?rest_route=%2Fwp%2Fv2%2Fmedia&parent=16761"}],"wp:term":[{"taxonomy":"category","embeddable":true,"href":"https:\/\/rioonwatch.org\/index.php?rest_route=%2Fwp%2Fv2%2Fcategories&post=16761"},{"taxonomy":"post_tag","embeddable":true,"href":"https:\/\/rioonwatch.org\/index.php?rest_route=%2Fwp%2Fv2%2Ftags&post=16761"},{"taxonomy":"writer","embeddable":true,"href":"https:\/\/rioonwatch.org\/index.php?rest_route=%2Fwp%2Fv2%2Fwriter&post=16761"},{"taxonomy":"translator","embeddable":true,"href":"https:\/\/rioonwatch.org\/index.php?rest_route=%2Fwp%2Fv2%2Ftranslator&post=16761"},{"taxonomy":"illustrator","embeddable":true,"href":"https:\/\/rioonwatch.org\/index.php?rest_route=%2Fwp%2Fv2%2Fillustrator&post=16761"},{"taxonomy":"photographer","embeddable":true,"href":"https:\/\/rioonwatch.org\/index.php?rest_route=%2Fwp%2Fv2%2Fphotographer&post=16761"}],"curies":[{"name":"wp","href":"https:\/\/api.w.org\/{rel}","templated":true}]}}