{"id":17334,"date":"2014-08-18T14:55:18","date_gmt":"2014-08-18T17:55:18","guid":{"rendered":"http:\/\/www.rioonwatch.org\/?p=17334"},"modified":"2014-10-25T09:25:11","modified_gmt":"2014-10-25T12:25:11","slug":"researchers-reflect-on-the-big-picture-rios-favelas-in-the-face-of-a-changing-planning-landscape","status":"publish","type":"post","link":"https:\/\/rioonwatch.org\/?p=17334","title":{"rendered":"Researchers Reflect on the Big Picture: Rio&#8217;s Favelas in the Face of a Changing Planning Landscape"},"content":{"rendered":"<p>Last weekend, Columbia University&#8217;s <a href=\"http:\/\/bit.ly\/1kJ58pM\" target=\"_blank\">Studio X &#8211;\u00a0Carioca Center of Design<\/a>\u00a0hosted <a href=\"http:\/\/on.fb.me\/1taBX0j\" target=\"_blank\">Entremeios<\/a>, a <a href=\"http:\/\/bit.ly\/Vu3Vqc\" target=\"_blank\">series of conferences<\/a>\u00a0about lifestyles and creative practices in the city, inviting speakers from the fields of design, architecture, urbanism, anthropology and other social sciences. The organizers insisted on design as a powerful mediator, both open and dangerous.<\/p>\n<p>Some of the talks were focused on the local scale, namely the center of Rio de Janeiro. Others came from afar to discuss urban activism or the interaction between design and anthropology in the Nordic countries of Europe. Many of the topics discussed, whether about grassroots <a href=\"http:\/\/bit.ly\/1uEurg7\" target=\"_blank\">placemaking<\/a>\u00a0activities or about the power relations intrinsic to the creation of the city, are relevant to Rio\u2019s favelas.<\/p>\n<p>Wendy Gunn, professor of Design Anthropology, said that the difference between the Scandinavian context and Brazil is that here things are \u201cnot all sewn up\u201d, so there is potential for things that would not be possible in Denmark.<\/p>\n<p>Planners and other urban actors can indeed learn from the vernacular nature of favelas: spaces <a href=\"http:\/\/bit.ly\/1kqjJUU\" target=\"_blank\">evolve according to users\u2019 needs<\/a>\u00a0and allow for <a href=\"http:\/\/bit.ly\/1kKkjwq\" target=\"_blank\">everyday fun and spontaneous activities<\/a>. As opposed to planned housing, favelas do not have rigid objectives, timelines and rules, thus providing affordable housing that is never finished, but rather always being built by and for the community.<\/p>\n<p><a href=\"http:\/\/www.rioonwatch.org\/wp-content\/uploads\/2014\/08\/1.png\"><img fetchpriority=\"high\" decoding=\"async\" class=\"aligncenter size-content wp-image-17345\" src=\"http:\/\/www.rioonwatch.org\/wp-content\/uploads\/2014\/08\/1-620x264.png\" alt=\"Cantagalo, photo by Martin Lazarev\" width=\"620\" height=\"264\" srcset=\"https:\/\/rioonwatch.org\/wp-content\/uploads\/2014\/08\/1-620x264.png 620w, https:\/\/rioonwatch.org\/wp-content\/uploads\/2014\/08\/1-940x400.png 940w\" sizes=\"(max-width: 620px) 100vw, 620px\" \/><\/a><\/p>\n<p>This collaborative and evolving design of favelas is also <a href=\"http:\/\/bit.ly\/1kJ5FYA\" target=\"_blank\">sustainable<\/a>\u00a0in the environmental sense, fostering a mixed-use urban composition and a pedestrian-oriented configuration: favela residents rely less on cars and more on bikes and their two feet to <a href=\"http:\/\/bit.ly\/1v0vXGK\" target=\"_blank\">get around<\/a>. They are often situated on Rio\u2019s hills, offering great views of the ocean and forest, but also constitute an attraction in themselves, echoing the aesthetics of historic Portuguese cities or the Greek postcard landscapes.<\/p>\n<p>Their <a href=\"http:\/\/bit.ly\/1nVvyiL\" target=\"_blank\">urban informality<\/a>\u00a0encourages sociability and community: the close-knit relationships of the favela contrast with the anonymity of neighbors in condominiums.<\/p>\n<p>One of the weekend\u2019s presentations highlighted the role of favelas as <a href=\"http:\/\/bit.ly\/1vkJH32\" target=\"_blank\">cultural incubators<\/a>\u00a0through the <a href=\"http:\/\/bit.ly\/1uEwaSG\" target=\"_blank\"><em>N\u00f3s com todos: n\u00e3o tem como n\u00e3o dan\u00e7ar<\/em><\/a>\u00a0(Us with everyone: It&#8217;s hard not to dance) film. The <a href=\"http:\/\/bit.ly\/1pzyG9x\" target=\"_blank\">N\u00f3s com Todos project<\/a>\u00a0aims to improve conviviality between the neighboring&#8211;but historically rival&#8211;communities of Borel and Casa Branca, through\u00a0<a href=\"http:\/\/bit.ly\/1mTRj32\">funk<\/a>, hip-hop, b-boy and <a href=\"http:\/\/on.fb.me\/1mZiB7p\" target=\"_blank\">passinho<\/a>, expressions of <a href=\"http:\/\/bit.ly\/VsQjMj\" target=\"_blank\">favela culture<\/a>, ever-present in the <a href=\"http:\/\/bit.ly\/1oDdQXx\" target=\"_blank\">streets<\/a>, alleys and other <a href=\"http:\/\/bit.ly\/1vU4Scn\" target=\"_blank\">public spaces<\/a>\u00a0of Rio\u2019s communities.<\/p>\n<p>Urban interventions in the favelas should take into account these qualities, both of the physical and social environments.\u00a0Eeva Berglund, anthropology scholar, reflected on the weekend by lauding the Brazilian culture and skill of \u201cmaking do\u201d: using common sense and what is at hand, repurposing objects\u2026 Despite <a href=\"http:\/\/bit.ly\/EndFavelaStigma\" target=\"_blank\">media portrayals<\/a> of favelas as scenes of violence and misery, they can just as easily be seen as places of creativity and abundance. In many favelas, art and design meet sustainability, for instance with Alex Sandro\u2019s <a href=\"http:\/\/bit.ly\/1qeCg5j\" target=\"_blank\">glass recycling initiative<\/a>.<\/p>\n<p>The do-it-yourself mentality extends to the favela\u2019s urban fabric, for instance with the <a href=\"http:\/\/bit.ly\/1lZ91Ec\" target=\"_blank\">project<\/a> aiming to foster a collective vision for Alem\u00e3o\u2019s public spaces through an interactive exhibition.<\/p>\n<p>Marcos Rosa, author of <a href=\"http:\/\/bit.ly\/1BmGnov\" target=\"_blank\">Handmade Urbanism: From Community Initiatives to Participatory Models<\/a>\u00a0gave a talk about mapping \u201c<a href=\"http:\/\/bit.ly\/1l9T6X2\" target=\"_blank\">lighter, quicker, cheaper<\/a>\u201d ways of creating the city. He insists that the mainstream conception of how cities are made&#8211;as technical interventions from the State&#8211;is wrong. Cities are indeed complex, porous constructions that involve the participation of many people.<\/p>\n<p>State-implemented infrastructure can also be adapted to use and humanized. For instance, the <a href=\"http:\/\/bit.ly\/1nZcujT\" target=\"_blank\">incremental urbanism in Cidade de Deus<\/a>.<\/p>\n<p><a href=\"http:\/\/www.rioonwatch.org\/wp-content\/uploads\/2014\/08\/2.png\"><img decoding=\"async\" class=\"aligncenter wp-image-17348\" src=\"http:\/\/www.rioonwatch.org\/wp-content\/uploads\/2014\/08\/2-620x264.png\" alt=\"Cidade de Deus, photo from Ruby Press\" width=\"620\" height=\"357\" srcset=\"https:\/\/rioonwatch.org\/wp-content\/uploads\/2014\/08\/2-300x172.png 300w, https:\/\/rioonwatch.org\/wp-content\/uploads\/2014\/08\/2.png 995w\" sizes=\"(max-width: 620px) 100vw, 620px\" \/><\/a><\/p>\n<p>Anthropologist Mariana Cavalcanti started her talk, on the aesthetics of State intervention in the landscape, by saying that favelas are part of the \u201cmargins\u201d on at least two accounts. They are in the global South and they are sometimes situated at the periphery of the city, places where the State intervenes in a different way, which is often complicated and questionable.<br \/>\nHer research is about the construction process of favelas, which often start as temporary wooden houses but evolve to an urban settlement that is way more than what the word \u201c<a href=\"http:\/\/bit.ly\/Vu5u7N\" target=\"_blank\">slum<\/a>\u201d characterizes. For example, this seemingly rural photo from 1960 is now a dynamic hub within the community of Borel; Rio de Janeiro\u2019s favelas can indeed change rapidly and Cavalcanti has looked into the impact of the State on their development:<\/p>\n<p><a href=\"http:\/\/www.rioonwatch.org\/wp-content\/uploads\/2014\/08\/3.jpg\"><img decoding=\"async\" class=\"aligncenter size-content wp-image-17350\" src=\"http:\/\/www.rioonwatch.org\/wp-content\/uploads\/2014\/08\/3-620x264.jpg\" alt=\"Borel in 1960, photo from National Archives\" width=\"620\" height=\"264\" srcset=\"https:\/\/rioonwatch.org\/wp-content\/uploads\/2014\/08\/3-620x264.jpg 620w, https:\/\/rioonwatch.org\/wp-content\/uploads\/2014\/08\/3-940x400.jpg 940w\" sizes=\"(max-width: 620px) 100vw, 620px\" \/><\/a><\/p>\n<p>For decades, the favela was <a href=\"http:\/\/bit.ly\/1oDeMv3\" target=\"_blank\">where the city stopped<\/a>: the State did not provide any services, such as waste collection or water, never mind interventions in the built environment. Therefore favela residents got together and worked collectively to improve their communities, through what is called <em><a href=\"http:\/\/bit.ly\/1w14adA\" target=\"_blank\">mutir\u00e3o<\/a><\/em>, a Tupi word used to describe group work, or collective action, with benefits for all. In the 1980s this hard work was remunerated for the first time by the municipal <a href=\"http:\/\/bit.ly\/1uEz4Xn\" target=\"_blank\">Projeto Mutir\u00e3o<\/a> program.<\/p>\n<p><a href=\"http:\/\/bit.ly\/1yIV9lc\" target=\"_blank\">Favela-Bairro<\/a>\u00a0however is probably a more significant program of favela upgrading in Rio de Janeiro. Primarily concerned with infrastructure improvements, it also included\u00a0the idea of providing public social services, such as day care facilities, in some of the favelas served. Favela-Bairro\u2019s aim was not focused on remaking the\u00a0city and its image, but rather on improving the\u00a0organization of spaces within the favelas, which is different from programs directed towards favelas today.<\/p>\n<p>Take for instance the bridge designed by Niemeyer at the entrance of Rocinha, a project of the federal\u00a0<a href=\"http:\/\/bit.ly\/1k3S4db\" target=\"_blank\">Growth Acceleration Program (PAC)<\/a>: it can be seen from afar, it can be read in the landscape. Cavalcanti affirms that the legacy of the PAC is the inscription of the favela into the cityscape; however it is not really the favela, but rather a bridge, a gateway: what can be seen from afar is the connection, the integration, \u201cthe arrival of the State.&#8221;<\/p>\n<p><a href=\"http:\/\/www.rioonwatch.org\/wp-content\/uploads\/2014\/08\/4.png\"><img loading=\"lazy\" decoding=\"async\" class=\"aligncenter wp-image-17352 size-content\" src=\"http:\/\/www.rioonwatch.org\/wp-content\/uploads\/2014\/08\/4-620x264.png\" alt=\"Rocinha's entrance, photo by SHIFT\" width=\"620\" height=\"264\" srcset=\"https:\/\/rioonwatch.org\/wp-content\/uploads\/2014\/08\/4-620x264.png 620w, https:\/\/rioonwatch.org\/wp-content\/uploads\/2014\/08\/4-940x400.png 940w\" sizes=\"(max-width: 620px) 100vw, 620px\" \/><\/a><br \/>\nThe huge Cantagalo elevator and the Alem\u00e3o\u00a0<a href=\"http:\/\/bit.ly\/1oQuiho\" target=\"_blank\">cable cars<\/a>\u00a0are similar\u00a0<a href=\"http:\/\/bit.ly\/1mAIXSK\">symbols<\/a>, connecting the favela to the formal city.<\/p>\n<p><a href=\"http:\/\/www.rioonwatch.org\/wp-content\/uploads\/2014\/08\/5.png\"><img loading=\"lazy\" decoding=\"async\" class=\"aligncenter size-content wp-image-17354\" src=\"http:\/\/www.rioonwatch.org\/wp-content\/uploads\/2014\/08\/5-620x264.png\" alt=\"&quot;Tourism in Alem\u00e3o&quot;, photo from Catalytic Communities flickr\" width=\"620\" height=\"264\" srcset=\"https:\/\/rioonwatch.org\/wp-content\/uploads\/2014\/08\/5-620x264.png 620w, https:\/\/rioonwatch.org\/wp-content\/uploads\/2014\/08\/5-940x400.png 940w\" sizes=\"(max-width: 620px) 100vw, 620px\" \/><\/a><br \/>\nCavalcanti says that it is subtle but eloquent that tourists arriving from Rio\u2019s international airport are protected from the sight of <a href=\"http:\/\/bit.ly\/1rNMXO3\" target=\"_blank\">Complexo da Mar\u00e9<\/a> by a \u201csoundwall,\u201d while\u00a0the view of the cable car visibly dominates the <a href=\"http:\/\/bit.ly\/1nEeBwu\">Complexo do Alem\u00e3o<\/a>. By the same logic, the <a href=\"http:\/\/bit.ly\/1lIGSxv\" target=\"_blank\">Pacifying Police Unit (UPP)<\/a>\u00a0buildings are very evident in Rio\u2019s favelas.<\/p>\n<p><a href=\"http:\/\/www.rioonwatch.org\/wp-content\/uploads\/2014\/08\/6.jpg\"><img loading=\"lazy\" decoding=\"async\" class=\"aligncenter wp-image-17356 size-content\" src=\"http:\/\/www.rioonwatch.org\/wp-content\/uploads\/2014\/08\/6-620x264.jpg\" alt=\"&quot;The Path of Human Rights&quot; by Vidigal's UPP, photo by Ivo Korytowski\" width=\"620\" height=\"264\" srcset=\"https:\/\/rioonwatch.org\/wp-content\/uploads\/2014\/08\/6-620x264.jpg 620w, https:\/\/rioonwatch.org\/wp-content\/uploads\/2014\/08\/6-940x400.jpg 940w\" sizes=\"(max-width: 620px) 100vw, 620px\" \/><\/a><\/p>\n<p><a href=\"http:\/\/bit.ly\/1m4JS9c\" target=\"_blank\">Rocinha<\/a>\u2019s residents <a href=\"http:\/\/bit.ly\/1lkIuh2\" target=\"_blank\">ask for basic sanitation<\/a>, but that would not be as obvious in the landscape as a cable car project. Some favela residents shine a spotlight on this strategy\u00a0by making deaths linked to <a href=\"http:\/\/bit.ly\/1k3YzNi\" target=\"_blank\">police violence<\/a>\u00a0visible with signs above roadways, or, in other cases, <a href=\"http:\/\/bit.ly\/1pnnNrU\" target=\"_blank\">filing\u00a0law suits<\/a> against the State. The State literally makes its mark on the favelas through the signs on the houses to be demolished and the ruins left by the ongoing\u00a0<a href=\"http:\/\/bit.ly\/1pO06YP\" target=\"_blank\">evictions<\/a>\u00a0which began anew in 2010 after Rio was announced to host the 2016 Olympic Games.<\/p>\n<p><a href=\"http:\/\/www.rioonwatch.org\/wp-content\/uploads\/2014\/08\/7.png\"><img loading=\"lazy\" decoding=\"async\" class=\"aligncenter wp-image-17358 size-content\" src=\"http:\/\/www.rioonwatch.org\/wp-content\/uploads\/2014\/08\/7-620x264.png\" alt=\"Ruins and a marked home in Vila Aut\u00f3dromo, photo from Catalytic Communities flickr\" width=\"620\" height=\"264\" srcset=\"https:\/\/rioonwatch.org\/wp-content\/uploads\/2014\/08\/7-620x264.png 620w, https:\/\/rioonwatch.org\/wp-content\/uploads\/2014\/08\/7-940x400.png 940w\" sizes=\"(max-width: 620px) 100vw, 620px\" \/><\/a><br \/>\nCavalcanti says that the simple dichotomy between\u00a0favela and &#8220;asphalt&#8221; (formal city) does not communicate all the inequalities at the regional&#8211;Rio Metropolitan&#8211;level: for instance in the industrial outskirts where manufacturing spaces are recreated as Growth Acceleration Program (PAC) or <a href=\"http:\/\/bit.ly\/1kN2TLh\" target=\"_blank\">Minha Casa, Minha Vida<\/a>\u00a0public housing projects.<\/p>\n<p>The newly created leisure areas in <a href=\"http:\/\/bit.ly\/1sksV07\" target=\"_blank\">Manguinhos<\/a>\u00a0echo the central plazas of Spanish colonial cities: an oasis from which everything radiates. Cavalcanti observed that among this <em>urbanismo redentor<\/em> (\u201credeeming urbanism\u201d) of public services and constructions, drug traffickers and <em><a href=\"http:\/\/bit.ly\/1jHoZiZ\" target=\"_blank\">cracol\u00e2ndias<\/a><\/em>\u00a0(cracklands) reappear on the <em>concreto novinho<\/em> (&#8220;brand new concrete&#8221;). She reminded us that urban planning is complex, has mixed results and that many things escape from the implementation of projects.<\/p>\n<p><a href=\"http:\/\/www.rioonwatch.org\/wp-content\/uploads\/2014\/08\/8.png\"><img loading=\"lazy\" decoding=\"async\" class=\"aligncenter wp-image-17360 size-content\" src=\"http:\/\/www.rioonwatch.org\/wp-content\/uploads\/2014\/08\/8-620x264.png\" alt=\"New leisure areas in Manguinhos, photo from the State of RJ website\" width=\"620\" height=\"264\" srcset=\"https:\/\/rioonwatch.org\/wp-content\/uploads\/2014\/08\/8-620x264.png 620w, https:\/\/rioonwatch.org\/wp-content\/uploads\/2014\/08\/8-940x400.png 940w\" sizes=\"(max-width: 620px) 100vw, 620px\" \/><\/a><br \/>\nThe construction of the Minha Casa Minha Vida \u201cBarrio Carioca\u201d public housing project in Triagem, North Zone, is of a huge scale and is intended to house people <a href=\"http:\/\/bit.ly\/1m4KHPf\" target=\"_blank\">removed from \u201cat-risk\u201d areas<\/a>. The region is transformed by this urbanism: it raises questions about territory and poverty. Cavalcanti says it is easy to compare Cantagalo favela and its neighbor, formal upscale Ipanema, but that Triagem&#8217;s new mass public housing needs an ethnographic study to be built\u00a0from the bottom up. There is no sociology existing about it.<\/p>\n<p><a href=\"http:\/\/www.rioonwatch.org\/wp-content\/uploads\/2014\/08\/9.png\"><img loading=\"lazy\" decoding=\"async\" class=\"aligncenter wp-image-17362 size-content\" src=\"http:\/\/www.rioonwatch.org\/wp-content\/uploads\/2014\/08\/9-620x264.png\" alt=\"Minha Casa Minha Vida project in Triagem, photo from the Cidade Olympica website\" width=\"620\" height=\"264\" srcset=\"https:\/\/rioonwatch.org\/wp-content\/uploads\/2014\/08\/9-620x264.png 620w, https:\/\/rioonwatch.org\/wp-content\/uploads\/2014\/08\/9-940x400.png 940w\" sizes=\"(max-width: 620px) 100vw, 620px\" \/><\/a><br \/>\nThe destruction of favelas leaves ruins behind; hundreds of families <a href=\"http:\/\/bit.ly\/1taza7g\" target=\"_blank\">occupy abandoned factories and only some are then removed<\/a> to social housing. Cavalcanti asserts that we can see the relations of humans in a city through its (de)construction.<\/p>\n<p><a href=\"http:\/\/www.rioonwatch.org\/wp-content\/uploads\/2014\/08\/10.jpg\"><img loading=\"lazy\" decoding=\"async\" class=\"aligncenter wp-image-17364\" src=\"http:\/\/www.rioonwatch.org\/wp-content\/uploads\/2014\/08\/10.jpg\" alt=\"Destruction of a factory, with Minha Casa Minha Vida in the foreground, photo from Globo\" width=\"620\" height=\"268\" srcset=\"https:\/\/rioonwatch.org\/wp-content\/uploads\/2014\/08\/10.jpg 999w, https:\/\/rioonwatch.org\/wp-content\/uploads\/2014\/08\/10-300x129.jpg 300w\" sizes=\"(max-width: 620px) 100vw, 620px\" \/><\/a><br \/>\nWendy Gunn\u2019s work is based on the Scandinavian ideal of democracy as \u201call-inclusive engagement:\u201d including people that would usually be excluded from design and innovation. How do <a href=\"http:\/\/bit.ly\/1rkcjHD\" target=\"_blank\">participatory processes<\/a>\u00a0compare to that ideal in Rio de Janeiro? The failures of working with inhabitants of Rio\u2019s favelas are a lost opportunity for dialogue and better policy, and lead to <a href=\"http:\/\/bit.ly\/RFBFz5\" target=\"_blank\">poor quality programs<\/a>, despite the official discourse about <a href=\"http:\/\/bit.ly\/ShDdjn\" target=\"_blank\">integration<\/a>\u00a0and <a href=\"http:\/\/bit.ly\/1rErp6A\" target=\"_blank\">participation<\/a>, especially in the context of the UPP Social program in \u201cpacified\u201d communities.<\/p>\n<p>However, resident protaganism does exist in Rio de Janeiro\u2019s favelas, it just takes on more grassroots forms, as exemplified by the <a href=\"http:\/\/bit.ly\/1m4LfF3\" target=\"_blank\">\u201cN\u00e3o Saio Daqui Porque\u201d project<\/a>, presented during the weekend. Created by university students, this form of interactive art started in <a href=\"http:\/\/bit.ly\/1hXNzRG\" target=\"_blank\">Santa Marta<\/a>\u00a0and invites community members to list the reasons they do not want to leave, despite threats of eviction or\u00a0<a href=\"http:\/\/bit.ly\/1l6Oo5g\" target=\"_blank\">gentrification<\/a>, directly on the walls of their favela. The reasons vary from\u00a0\u201cbecause I like my home,\u201d &#8220;because I was born and raised here,&#8221; and \u201cbecause I like it here,\u201d to \u201cbecause there is no car noise\u201d and &#8220;because the beer is always cold.&#8221;<\/p>\n<p><a href=\"http:\/\/www.rioonwatch.org\/wp-content\/uploads\/2014\/08\/11.jpg\"><img loading=\"lazy\" decoding=\"async\" class=\"aligncenter wp-image-17366 size-content\" src=\"http:\/\/www.rioonwatch.org\/wp-content\/uploads\/2014\/08\/11-620x264.jpg\" alt=\"&quot;I won't leave because...&quot;, photo from the project's tumblr\" width=\"620\" height=\"264\" srcset=\"https:\/\/rioonwatch.org\/wp-content\/uploads\/2014\/08\/11-620x264.jpg 620w, https:\/\/rioonwatch.org\/wp-content\/uploads\/2014\/08\/11-940x400.jpg 940w\" sizes=\"(max-width: 620px) 100vw, 620px\" \/><\/a><br \/>\nEeva Berglund, an anthropologist from Finland, said that the kind of activism we see\u00a0is a challenge to the way we view cities. The general discourse on urban activism is about working together and getting our hands dirty, but she affirms that the thinking part is very important. Some design labs want to rekindle the good ideas of the 1960s that were avant-garde then: non-centralized, networked, small-scale ways of designing the city.<\/p>\n<p>Berglund gave the example of a \u201ctalkoot,\u201d the Finnish version of <a href=\"http:\/\/bit.ly\/1oQvcug\" target=\"_blank\">mutir\u00e3o<\/a>, to preserve an older building in Helsinki: it is not about making profit, or putting it on a CV, or even about saving the planet, but rather about small scale hard work to make a little patch better.<\/p>\n<p>Residents\u2019 visions often clash with city plans, often\u00a0taken over by large scale\u00a0construction groups and involving large\u00a0shopping malls, skyscrapers and highways. Berglund affirms that we increasingly live in a world designed not to fit people but to fit large corporate interests. In Helsinki and in Rio, we can observe a disconnect between \u201cthe suits\u201d and \u201cthe T-shirts\u201d, between city plans and handmade urbanism initiatives.<\/p>\n<p><em>Jessica Goodenough is finishing an International Masters in Sustainable Territorial Development and is conducting research on the challenges and qualities\u00a0associated with the informality of public spaces in Rio&#8217;s favelas.<\/em><\/p>\n","protected":false},"excerpt":{"rendered":"<div class=\"mh-excerpt\"><p>Last weekend, Columbia University&#8217;s Studio X &#8211;\u00a0Carioca Center of Design\u00a0hosted Entremeios, a series of conferences\u00a0about lifestyles and creative practices in the city, inviting speakers from the fields of design, architecture, urbanism, anthropology and other social <a class=\"mh-excerpt-more\" href=\"https:\/\/rioonwatch.org\/?p=17334\" title=\"Researchers Reflect on the Big Picture: Rio&#8217;s Favelas in the Face of a Changing Planning Landscape\">[&#8230;]<\/a><\/p>\n<\/div>","protected":false},"author":50,"featured_media":17352,"comment_status":"closed","ping_status":"closed","sticky":false,"template":"","format":"standard","meta":{"_monsterinsights_skip_tracking":false,"_monsterinsights_sitenote_active":false,"_monsterinsights_sitenote_note":"","_monsterinsights_sitenote_category":0,"footnotes":""},"categories":[1333,335,1282,328,1329],"tags":[1390,150,112,756,280,32,187,11,205,282,147,157,15,152,1472,210,740,12,206,365],"writer":[1182],"translator":[],"illustrator":[],"photographer":[],"class_list":{"0":"post-17334","1":"post","2":"type-post","3":"status-publish","4":"format-standard","5":"has-post-thumbnail","7":"category-event-reports","8":"category-policies","9":"category-research-analysis","10":"category-understanding-rio","11":"category-by-international-observers","12":"tag-ostentatious-governance","13":"tag-cable-car","14":"tag-cantagalo","15":"tag-community-organizing","16":"tag-complexo-da-mare","17":"tag-complexo-do-alemao","18":"tag-favela-bairro","19":"tag-forced-evictions","20":"tag-growth-acceleration-program-pac","21":"tag-housing","22":"tag-morar-carioca","23":"tag-minha-casa-minha-vida","24":"tag-pacifying-police-unit","25":"tag-participation","26":"tag-passinho","27":"tag-public-housing","28":"tag-research-findings","29":"tag-rocinha","30":"tag-upgrading","31":"tag-zero-participation","32":"writer-jessica-goodenough"},"_links":{"self":[{"href":"https:\/\/rioonwatch.org\/index.php?rest_route=\/wp\/v2\/posts\/17334","targetHints":{"allow":["GET"]}}],"collection":[{"href":"https:\/\/rioonwatch.org\/index.php?rest_route=\/wp\/v2\/posts"}],"about":[{"href":"https:\/\/rioonwatch.org\/index.php?rest_route=\/wp\/v2\/types\/post"}],"author":[{"embeddable":true,"href":"https:\/\/rioonwatch.org\/index.php?rest_route=\/wp\/v2\/users\/50"}],"replies":[{"embeddable":true,"href":"https:\/\/rioonwatch.org\/index.php?rest_route=%2Fwp%2Fv2%2Fcomments&post=17334"}],"version-history":[{"count":0,"href":"https:\/\/rioonwatch.org\/index.php?rest_route=\/wp\/v2\/posts\/17334\/revisions"}],"wp:featuredmedia":[{"embeddable":true,"href":"https:\/\/rioonwatch.org\/index.php?rest_route=\/wp\/v2\/media\/17352"}],"wp:attachment":[{"href":"https:\/\/rioonwatch.org\/index.php?rest_route=%2Fwp%2Fv2%2Fmedia&parent=17334"}],"wp:term":[{"taxonomy":"category","embeddable":true,"href":"https:\/\/rioonwatch.org\/index.php?rest_route=%2Fwp%2Fv2%2Fcategories&post=17334"},{"taxonomy":"post_tag","embeddable":true,"href":"https:\/\/rioonwatch.org\/index.php?rest_route=%2Fwp%2Fv2%2Ftags&post=17334"},{"taxonomy":"writer","embeddable":true,"href":"https:\/\/rioonwatch.org\/index.php?rest_route=%2Fwp%2Fv2%2Fwriter&post=17334"},{"taxonomy":"translator","embeddable":true,"href":"https:\/\/rioonwatch.org\/index.php?rest_route=%2Fwp%2Fv2%2Ftranslator&post=17334"},{"taxonomy":"illustrator","embeddable":true,"href":"https:\/\/rioonwatch.org\/index.php?rest_route=%2Fwp%2Fv2%2Fillustrator&post=17334"},{"taxonomy":"photographer","embeddable":true,"href":"https:\/\/rioonwatch.org\/index.php?rest_route=%2Fwp%2Fv2%2Fphotographer&post=17334"}],"curies":[{"name":"wp","href":"https:\/\/api.w.org\/{rel}","templated":true}]}}