{"id":19654,"date":"2014-12-18T11:00:18","date_gmt":"2014-12-18T14:00:18","guid":{"rendered":"http:\/\/www.rioonwatch.org\/?p=19654"},"modified":"2015-12-07T21:24:36","modified_gmt":"2015-12-08T00:24:36","slug":"nova-tuffy-occupiers-in-alemao-evicted-with-nowhere-to-go","status":"publish","type":"post","link":"https:\/\/rioonwatch.org\/?p=19654","title":{"rendered":"Nova Tuffy Occupiers in Alem\u00e3o Evicted With Nowhere to Go"},"content":{"rendered":"<p style=\"text-align: right;\"><a href=\"http:\/\/bit.ly\/1wUfUZy\" target=\"_blank\"><strong><em>Clique aqui para Portugu\u00eas<img decoding=\"async\" width=\"20\" height=\"20\" class=\"alignright size-full wp-image-23766\" src=\"http:\/\/www.rioonwatch.org\/wp-content\/uploads\/2012\/08\/PT-e1439583827971.png\" alt=\"\" \/><\/em><\/strong><\/a><\/p>\n<p>Hundreds of families were evicted from the <a href=\"http:\/\/bit.ly\/1rihq9E\" target=\"_blank\">Favela Nova Tuffy occupation<\/a> in <a href=\"http:\/\/bit.ly\/1nEeBwu\" target=\"_blank\">Complexo do Alem\u00e3o<\/a> on Tuesday December 16. Over 2,000 people had been living in the abandoned factory owned by businessman Tuffy Habib for seven months because they could no longer afford to pay rent after the prices went up due to rising rent costs in the region.<\/p>\n<p>The <a href=\"http:\/\/bit.ly\/YPk785\" target=\"_blank\">Military Police<\/a> arrived at the occupied building at 6am and started the process of vacating people from the building at 8am. The occupiers filed out of the building peacefully, boarding six buses to be taken to Olaria Atl\u00e9tico Club to be registered by the <a href=\"http:\/\/bit.ly\/1uB1KPU\" target=\"_blank\">Municipal Housing Secretariat (SMH)<\/a> to either receive social rent allowance or be put on the <a href=\"http:\/\/bit.ly\/1lTMw0y\" target=\"_blank\">Minha Casa Minha Vida (MCMV)<\/a> housing program wait list.<\/p>\n<p><a href=\"http:\/\/bit.ly\/1qVh2cQ\" target=\"_blank\"><em> O Cidad\u00e3o<\/em><\/a> journalist Gizele Martins <a href=\"http:\/\/on.fb.me\/1AGdEc1\" target=\"_blank\">reported<\/a>: \u201cEven without police brutality, the large number of police was frightening. It\u2019s questionable how housing issues in the favela are treated as a police matter.\u201d<\/p>\n<p>Martins also spoke to an occupier who told her: \u201cAfter the <a href=\"http:\/\/bit.ly\/1kqe5Cp\" target=\"_blank\">Growth Acceleration Program (PAC<span class=\"st\">)<\/span><\/a> arrived, the rent increased a lot. It\u2019s around R$800 [USD$295] for a small house. I earn minimum wage, how am I going to pay? I can\u2019t!\u201d<\/p>\n<p><a href=\"http:\/\/bit.ly\/1rp9pfS\" target=\"_blank\">Community media<\/a> outlets of Complexo do Alem\u00e3o covered the eviction throughout the day, reporting that many residents\u2019 lives were disrupted because the police blocked Avenida Itaoca for most of the day. No buses, moto-taxis or cars were allowed through.<\/p>\n<p><a href=\"http:\/\/on.fb.me\/1wgZRtu\" target=\"_blank\"> Coletivo Papo Reto<\/a> reported that once the occupiers arrived at Olaria Atl\u00e9tico Club, many of them were not allowed to go in to register.<\/p>\n<p>They reported: \u201cAnd the saga of Tuffy residents continues. Now they are being stopped from entering Olaria Atl\u00e9tico Club where they were taken to be registered by the Municipal Housing Secretariat. The mood is tense. The shock battalion is present.\u201d<\/p>\n<figure id=\"attachment_19688\" aria-describedby=\"caption-attachment-19688\" style=\"width: 620px\" class=\"wp-caption aligncenter\"><a href=\"http:\/\/www.rioonwatch.org\/wp-content\/uploads\/2014\/12\/tuffy-gym1.jpg\"><img fetchpriority=\"high\" decoding=\"async\" class=\"wp-image-19688 size-content\" title=\"Nova Tuffy residents in Olaria Atl\u00e9tico Club for registration. Photo courtesy of Jornal Alem\u00e3o de Not\u00edcias.\" src=\"http:\/\/www.rioonwatch.org\/wp-content\/uploads\/2014\/12\/tuffy-gym1-620x264.jpg\" alt=\"Nova Tuffy residents in Olaria Atl\u00e9tico Club for registration. Photo courtesy of Jornal Alem\u00e3o de Not\u00edcias.\" width=\"620\" height=\"264\" srcset=\"https:\/\/rioonwatch.org\/wp-content\/uploads\/2014\/12\/tuffy-gym1-620x264.jpg 620w, https:\/\/rioonwatch.org\/wp-content\/uploads\/2014\/12\/tuffy-gym1-940x400.jpg 940w\" sizes=\"(max-width: 620px) 100vw, 620px\" \/><\/a><figcaption id=\"caption-attachment-19688\" class=\"wp-caption-text\">Nova Tuffy residents in Olaria Atl\u00e9tico Club for registration. Photo courtesy of Jornal Alem\u00e3o de Not\u00edcias.<\/figcaption><\/figure>\n<p>After occupiers managed to register, they were told to go to a shelter nearby called Center of Rehabilitation Rio Acolhedor (Centro de Recupera\u00e7\u00e3o Rio Acolhedor) in Paci\u00eancia. <em>RioOnWatch<\/em> spoke to occupier Marlene over the phone, who said most people were turned away because it\u2019s a shelter for drug addicts: \u201cThe police dropped us off at the end of a road and told us to walk straight to the shelter. When we got there, they didn\u2019t even know we were coming and we couldn\u2019t all stay because it\u2019s a shelter for addicts. They were nice and gave us food but mothers with small children couldn\u2019t stay.&#8221;<\/p>\n<p>Marlene had been in the occupation with two of her children and is now staying with her brother until a solution is offered.<\/p>\n<p>\u201cBecause of the <a href=\"http:\/\/bit.ly\/1sfrwsy\" target=\"_blank\">cable car<\/a>, the rent is too expensive now and I can\u2019t pay,\u201d she explains. She also said she couldn\u2019t have stayed in the shelter in Paci\u00eancia because she works in a hospital near the occupation and expressed concern for people who do not have relatives to house them after the eviction.<\/p>\n<p><em>RioOnWatch<\/em>\u00a0contacted the Rio Acolhedor shelter and was told they were unable to house most of the families because the shelter is for adults, and children are not allowed to stay according to the law. They also clarified that around 36 families were brought to them\u00a0but were told to go to the Maria Teresa family shelter in Jacarepagu\u00e1, West Zone.<\/p>\n<p><a href=\"http:\/\/on.fb.me\/1wgZRtu\" target=\"_blank\"><em>Coletivo Papo Reto<\/em><\/a> later reported that after the eviction, the housing and shops built by Nova Tuffy residents were destroyed (<a href=\"http:\/\/on.fb.me\/1zA4bnn\" target=\"_blank\">see photos<\/a>).<\/p>\n<p>\u201cAfter building commerce, houses and lives in Tuffy, residents watch everything be destroyed in front of their eyes,\u201d they reported.<\/p>\n<figure id=\"attachment_19684\" aria-describedby=\"caption-attachment-19684\" style=\"width: 620px\" class=\"wp-caption aligncenter\"><a href=\"http:\/\/www.rioonwatch.org\/wp-content\/uploads\/2014\/12\/tuffy.jpg\"><img decoding=\"async\" class=\"wp-image-19684 size-content\" title=\"Tuffy shops demolished. Photo by Carlos Coutinho\" src=\"http:\/\/www.rioonwatch.org\/wp-content\/uploads\/2014\/12\/tuffy-620x264.jpg\" alt=\"Tuffy shops demolished. Photo by Carlos Coutinho\" width=\"620\" height=\"264\" srcset=\"https:\/\/rioonwatch.org\/wp-content\/uploads\/2014\/12\/tuffy-620x264.jpg 620w, https:\/\/rioonwatch.org\/wp-content\/uploads\/2014\/12\/tuffy-940x400.jpg 940w\" sizes=\"(max-width: 620px) 100vw, 620px\" \/><\/a><figcaption id=\"caption-attachment-19684\" class=\"wp-caption-text\">Tuffy shops demolished. Photo by Carlos Coutinho<\/figcaption><\/figure>\n","protected":false},"excerpt":{"rendered":"<div class=\"mh-excerpt\"><p>Clique aqui para Portugu\u00eas Hundreds of families were evicted from the Favela Nova Tuffy occupation in Complexo do Alem\u00e3o on Tuesday December 16. Over 2,000 people had been living in the abandoned factory owned by <a class=\"mh-excerpt-more\" href=\"https:\/\/rioonwatch.org\/?p=19654\" title=\"Nova Tuffy Occupiers in Alem\u00e3o Evicted With Nowhere to Go\">[&#8230;]<\/a><\/p>\n<\/div>","protected":false},"author":57,"featured_media":19690,"comment_status":"closed","ping_status":"closed","sticky":false,"template":"","format":"standard","meta":{"_monsterinsights_skip_tracking":false,"_monsterinsights_sitenote_active":false,"_monsterinsights_sitenote_note":"","_monsterinsights_sitenote_category":0,"footnotes":""},"categories":[1293,1288,1333],"tags":[1166,1606,32,11,282,1375,25,918,157,37,1423,17,10,379,135],"writer":[1356],"translator":[],"illustrator":[],"photographer":[],"class_list":{"0":"post-19654","1":"post","2":"type-post","3":"status-publish","4":"format-standard","5":"has-post-thumbnail","7":"category-evictionswatch","8":"category-highlight","9":"category-event-reports","10":"tag-awaiting-public-housing","11":"tag-coletivo-papo-reto","12":"tag-complexo-do-alemao","13":"tag-forced-evictions","14":"tag-housing","15":"tag-housing-deficit","16":"tag-human-rights","17":"tag-military-police","18":"tag-minha-casa-minha-vida","19":"tag-north-zone","20":"tag-nova-tuffy","21":"tag-police-brutality","22":"tag-real-estate-speculation","23":"tag-shock-police","24":"tag-social-rent","25":"writer-nicole-froio"},"_links":{"self":[{"href":"https:\/\/rioonwatch.org\/index.php?rest_route=\/wp\/v2\/posts\/19654","targetHints":{"allow":["GET"]}}],"collection":[{"href":"https:\/\/rioonwatch.org\/index.php?rest_route=\/wp\/v2\/posts"}],"about":[{"href":"https:\/\/rioonwatch.org\/index.php?rest_route=\/wp\/v2\/types\/post"}],"author":[{"embeddable":true,"href":"https:\/\/rioonwatch.org\/index.php?rest_route=\/wp\/v2\/users\/57"}],"replies":[{"embeddable":true,"href":"https:\/\/rioonwatch.org\/index.php?rest_route=%2Fwp%2Fv2%2Fcomments&post=19654"}],"version-history":[{"count":0,"href":"https:\/\/rioonwatch.org\/index.php?rest_route=\/wp\/v2\/posts\/19654\/revisions"}],"wp:featuredmedia":[{"embeddable":true,"href":"https:\/\/rioonwatch.org\/index.php?rest_route=\/wp\/v2\/media\/19690"}],"wp:attachment":[{"href":"https:\/\/rioonwatch.org\/index.php?rest_route=%2Fwp%2Fv2%2Fmedia&parent=19654"}],"wp:term":[{"taxonomy":"category","embeddable":true,"href":"https:\/\/rioonwatch.org\/index.php?rest_route=%2Fwp%2Fv2%2Fcategories&post=19654"},{"taxonomy":"post_tag","embeddable":true,"href":"https:\/\/rioonwatch.org\/index.php?rest_route=%2Fwp%2Fv2%2Ftags&post=19654"},{"taxonomy":"writer","embeddable":true,"href":"https:\/\/rioonwatch.org\/index.php?rest_route=%2Fwp%2Fv2%2Fwriter&post=19654"},{"taxonomy":"translator","embeddable":true,"href":"https:\/\/rioonwatch.org\/index.php?rest_route=%2Fwp%2Fv2%2Ftranslator&post=19654"},{"taxonomy":"illustrator","embeddable":true,"href":"https:\/\/rioonwatch.org\/index.php?rest_route=%2Fwp%2Fv2%2Fillustrator&post=19654"},{"taxonomy":"photographer","embeddable":true,"href":"https:\/\/rioonwatch.org\/index.php?rest_route=%2Fwp%2Fv2%2Fphotographer&post=19654"}],"curies":[{"name":"wp","href":"https:\/\/api.w.org\/{rel}","templated":true}]}}