{"id":20216,"date":"2015-02-07T14:14:52","date_gmt":"2015-02-07T17:14:52","guid":{"rendered":"http:\/\/www.rioonwatch.org\/?p=20216"},"modified":"2018-01-15T13:13:25","modified_gmt":"2018-01-15T16:13:25","slug":"pacifying-police-unit-upp-installations-part-2-2010-2011","status":"publish","type":"post","link":"https:\/\/rioonwatch.org\/?p=20216","title":{"rendered":"Pacifying Police Unit (UPP) Installations Part 2: 2010-2011"},"content":{"rendered":"<p style=\"text-align: right;\"><a href=\"http:\/\/bit.ly\/1C8Qhf0\" target=\"_blank\"><strong><em>Clique aqui para Portugu\u00eas<img decoding=\"async\" width=\"20\" height=\"20\" class=\"alignright size-full wp-image-23766\" src=\"http:\/\/www.rioonwatch.org\/wp-content\/uploads\/2012\/08\/PT-e1439583827971.png\" alt=\"\" \/><\/em><\/strong><\/a><\/p>\n<p><em>This is <strong>Part 2<\/strong> in a <a href=\"http:\/\/bit.ly\/1vxpBnf\" target=\"_blank\">five-part series<\/a> documenting Pacifying Police Unit (UPP) <a href=\"http:\/\/bit.ly\/1Ae99XY\" target=\"_blank\">Installations<\/a>.<\/em><\/p>\n<p>If the <a href=\"http:\/\/bit.ly\/14uAaeg\" target=\"_blank\">first six\u00a0implementations<\/a> can be described as the honeymoon period of the Pacifying Police Unit (UPP), the next phase was when the first cracks in the program began to emerge. From April\u00a02010 until November 2011 the focus moved to the\u00a0<a href=\"http:\/\/bit.ly\/1p1GMFc\" target=\"_blank\">Central<\/a> and near-<a href=\"http:\/\/bit.ly\/1kZa3h9\" target=\"_blank\">North Zone<\/a>\u00a0to favelas in the region nearby and surrounding the <a href=\"http:\/\/bit.ly\/1sbr2VI\" target=\"_blank\">Maracan\u00e3 Stadium<\/a>, host venue of six <a href=\"http:\/\/bit.ly\/1pvpuE4\" target=\"_blank\">World Cup<\/a> games including the final and the opening ceremony for the <a href=\"http:\/\/bit.ly\/1pXMFVa\" target=\"_blank\">Olympic Games<\/a>. As Rio State Security Secretary Jos\u00e9 Mariano Beltrame targeted areas around Centro, Santa Teresa, Tijuca and the Maracan\u00e3, there were increasing local reports of authoritarian behavior and torture from certain UPP units, though these did not become widely known. With homicide levels within and around these communities falling drastically, and drug trafficking leaders largely abandoning pacified favelas, UPP implementation continued to be seen as a broad success. Later in this period\u00a0criminal gangs began to return to their old strongholds. Since 2012 in these areas, they have\u00a0exerted more and more pressure on the police.<\/p>\n<h3><strong>7. Provid\u00eancia &#8211; Central Rio <\/strong><\/h3>\n<p><b>Date of installation: April 26, 2010<\/b> <a href=\"http:\/\/www.rioonwatch.org\/wp-content\/uploads\/2014\/11\/Provi-1.jpg\"><img fetchpriority=\"high\" decoding=\"async\" class=\"alignright wp-image-19099 size-medium\" title=\"UPP officers in Provid\u00eancia\" src=\"http:\/\/www.rioonwatch.org\/wp-content\/uploads\/2014\/11\/Provi-1-300x200.jpg\" alt=\"\" width=\"300\" height=\"200\" srcset=\"https:\/\/rioonwatch.org\/wp-content\/uploads\/2014\/11\/Provi-1-300x200.jpg 300w, https:\/\/rioonwatch.org\/wp-content\/uploads\/2014\/11\/Provi-1.jpg 525w\" sizes=\"(max-width: 300px) 100vw, 300px\" \/><\/a><\/p>\n<p>The pacification of <a href=\"http:\/\/bit.ly\/1jqQCNc\" target=\"_blank\">Provid\u00eancia<\/a> was strategically timed to coincide with Rio&#8217;s hosting of the World Urban Forum just blocks away in Rio&#8217;s <a href=\"http:\/\/bit.ly\/1iwThVm\" target=\"_blank\">Port Region.<\/a>\u00a0It was also seen as imperative in ensuring security and guaranteeing the long-term viability of the <a href=\"http:\/\/bit.ly\/1y5AQhF\" target=\"_blank\">Porto Maravilha<\/a> Port revitalization project. After reluctantly welcoming <a href=\"http:\/\/bit.ly\/1ENnYlM\" target=\"_blank\">the UPP<\/a> (the president of the Neighborhood Association did not attend the inauguration ceremony), Provid\u00eancia gradually accepted the unit and levels of violence dropped, though in recent months crossfire has returned as tensions have risen\u00a0with drug dealers <a href=\"http:\/\/bit.ly\/1zsPSm5\" target=\"_blank\">resuming operations<\/a>\u00a0in the area.\u00a0Provid\u00eancia&#8217;s first commander, Glauco Schorcht, appeared to be proactive in organizing community projects, and this no doubt had a positive impact early on. One controversy to hit Provid\u00eancia was the sacking in 2012 of Schorcht, for police involvement in the <em>jogo do bicho<\/em> illegal lottery in the community; however, after he helped to identify the offending officers, <a href=\"http:\/\/bit.ly\/1wtNuJX\" target=\"_blank\">he was reinstated<\/a>. A telling incident from last year, which displayed the sometimes contradictory faces of the UPP, perhaps shows why he was reinstated: in a <a href=\"http:\/\/bit.ly\/1AfBfR6\" target=\"_blank\">video<\/a> in which her son is involved in a heated argument with UPP officers, a mother shouts, &#8220;Call Glauco.&#8221; This type of personal trust in the police would have been almost unheard of five years earlier.<\/p>\n<p><strong>Resident Perspectives<\/strong><\/p>\n<blockquote><p>\u201cI am in favor of having the police here in the favela, when they act correctly. We have to behave in a legal manner. But there are very problematic elements in this project. On the street, there is this air of suspicion of what is going to happen in 10 minutes. We are not allowed, for example, to have birthday parties past 10:00 at night. And we are afraid to leave our kids alone. When the hill was run by the drug traffic, we knew what to do and where to go. With these men here in uniform, we don\u2019t know how to act.\u201d &#8211; <a href=\"http:\/\/bit.ly\/1ir97Gl\" target=\"_blank\">Eron C\u00e9sar dos Santos<\/a>, Provid\u00eancia resident.<\/p>\n<p>\u201cIt\u2019s a bad necessity. The UPP is a bad necessity. It had to happen. I say to everyone that I think the UPP came to protect us from our own police. Since the UPP entered, you don\u2019t have any more shootings. But why?&#8230; [Because the police were the ones shooting here, when they&#8217;d raid the community.] If the UPP leaves and in comes a new group of police to kill the traffickers, it\u2019s all going to start again.\u201d &#8211; <a href=\"http:\/\/bit.ly\/1jCWQJT\" target=\"_blank\">Provid\u00eancia resident<\/a><\/p><\/blockquote>\n<h3>8. Borel &#8211; North Zone<\/h3>\n<p><strong><a href=\"http:\/\/www.rioonwatch.org\/wp-content\/uploads\/2014\/11\/ocupaborel.jpg\"><img decoding=\"async\" class=\"alignright wp-image-19100 size-medium\" title=\"Residents protest at Ocupa Borel in November 2012\" src=\"http:\/\/www.rioonwatch.org\/wp-content\/uploads\/2014\/11\/ocupaborel-300x187.jpg\" alt=\"\" width=\"300\" height=\"187\" srcset=\"https:\/\/rioonwatch.org\/wp-content\/uploads\/2014\/11\/ocupaborel-300x187.jpg 300w, https:\/\/rioonwatch.org\/wp-content\/uploads\/2014\/11\/ocupaborel.jpg 652w\" sizes=\"(max-width: 300px) 100vw, 300px\" \/><\/a>Date of installation: June 7, 2010<\/strong><\/p>\n<p>Seven years prior to the arrival of a UPP, in\u00a02003, <a href=\"http:\/\/bit.ly\/12Hsfs4\" target=\"_blank\">Borel<\/a> was the scene of a crime symbolic of police action within the favela at the time. On April 16, <a href=\"http:\/\/bit.ly\/1zY1zim\" target=\"_blank\">police executed four young Borel residents<\/a>, claiming later that day that the men were part of a drug gang and had been apprehended with drugs and guns. In reality the four were innocent civilians, yet the officers involved were among many who escaped punishment for so-called <em>autos de resist\u00eancia<\/em>, the term for deaths caused when suspects &#8220;resist arrest.&#8221; Thus, Borel had a fragile relationship with the police, and it was perhaps unsurprising that <a href=\"http:\/\/bit.ly\/1BoW5ff\" target=\"_blank\">the UPP<\/a> was <a href=\"http:\/\/bit.ly\/1ofkDYl\" target=\"_blank\">not initially well received<\/a>, particularly when <a href=\"http:\/\/bit.ly\/13D3QW7\" target=\"_blank\">reports of extortion<\/a> by officers began to surface. To further strain relations, in late November 2012, residents began to complain of certain UPP officers effecting an illegal curfew. This gave rise to <a href=\"http:\/\/bit.ly\/1ztImIe\" target=\"_blank\">Ocupa Borel<\/a>, a one-night movement in which residents and members of the wider community (including the Unidos da Tijuca samba school\u00a0group) joined together to parade in the favela late at night, challenging the repressive measures.<\/p>\n<p><strong>Resident Perspectives<\/strong><\/p>\n<blockquote><p>\u201cI was in my sister&#8217;s house with a group of friends, talking and listening to music. Suddenly a group of police arrived, they told everyone to go home, that this was not the time for workers to be in anyone&#8217;s house.\u201d &#8211; <a href=\"http:\/\/bit.ly\/UUbKGz\" target=\"_blank\">Borel resident<\/a><\/p>\n<p>\u201cThe pacification completely influenced the idea of the newspaper. When it happened, we thought it was time to bring communities together to interact, to communicate. We want the public to exchange information and participate.\u201d &#8211; <a href=\"http:\/\/bit.ly\/UUbN59\" target=\"_blank\">Adalto Afonso<\/a>, Borel resident and co-founder of the <em>A Vez do Morro<\/em> community newspaper<\/p><\/blockquote>\n<h3>9. Formiga &#8211; North Zone<\/h3>\n<p><strong><a href=\"http:\/\/www.rioonwatch.org\/wp-content\/uploads\/2014\/11\/Conto-de-histo\u0301rias-na-UPP-Formiga_editada.jpg\"><img loading=\"lazy\" decoding=\"async\" class=\"alignright wp-image-19101 size-medium\" title=\"Storytelling at the community library in Formiga\" src=\"http:\/\/www.rioonwatch.org\/wp-content\/uploads\/2014\/11\/Conto-de-histo\u0301rias-na-UPP-Formiga_editada-300x198.jpg\" alt=\"\" width=\"300\" height=\"198\" srcset=\"https:\/\/rioonwatch.org\/wp-content\/uploads\/2014\/11\/Conto-de-histo\u0301rias-na-UPP-Formiga_editada-300x198.jpg 300w, https:\/\/rioonwatch.org\/wp-content\/uploads\/2014\/11\/Conto-de-histo\u0301rias-na-UPP-Formiga_editada.jpg 400w\" sizes=\"(max-width: 300px) 100vw, 300px\" \/><\/a>Date of installation: July 1, 2010<\/strong><\/p>\n<p>One of the smallest&#8211;and as a result potentially easily controlled&#8211;favelas to be pacified, <a href=\"http:\/\/bit.ly\/1pk9mmV\" target=\"_blank\">Morro da Formiga<\/a> in Tijuca has been one of the more successful <a href=\"http:\/\/bit.ly\/1FA1UxQ\" target=\"_blank\">UPP implementations<\/a>. A\u00a0study carried out by <a href=\"http:\/\/on.fb.me\/1wFw0q7\" target=\"_blank\">ICOS<\/a> found safety to be the fourth largest concern of residents, and\u00a0community policing has been apparently more smoothly implemented than elsewhere. The construction of a <a href=\"http:\/\/glo.bo\/10RbCuj\" target=\"_blank\">community library<\/a> offering free access to books, CDs, Internet and other media, among other local projects such as a community garden, show the potential of the UPP given the right circumstances.<\/p>\n<p><strong>Resident Perspectives<\/strong><\/p>\n<blockquote><p>\u201cI\u2019ve lived in Formiga for 19 years and opened my own business before the arrival of the police, but with the peace my little shop began to make more money because of the visiting tourists and even locals.\u201d &#8211; <a href=\"http:\/\/bit.ly\/UUbWFJ\" target=\"_blank\">Ant\u00f4nia Rocha<\/a>, Formiga resident<\/p>\n<p>\u201c[The implementation of the UPP] was a mixture of\u00a0relief and tension. No one knew how the operation would be done and the project of these guys was more or less based on trust and hoping that nothing bad would happen.\u201d &#8211; <a href=\"http:\/\/bit.ly\/1w2Lq9W\" target=\"_blank\">F\u00e1bio Ara\u00fajo<\/a>, Formiga resident<\/p><\/blockquote>\n<h3>10. Andara\u00ed &#8211; North Zone<\/h3>\n<p><strong><a href=\"http:\/\/www.rioonwatch.org\/wp-content\/uploads\/2014\/12\/INAUGURAC\u0327A\u0303O_CENTRO_TERINAMENTO_ANDARAI\u0301_BNNERUPP_040214_DSC_0180.jpg\"><img loading=\"lazy\" decoding=\"async\" class=\"alignright wp-image-19580 size-medium\" title=\"A training center inaugurated by UPP Andara\u00ed\" src=\"http:\/\/www.rioonwatch.org\/wp-content\/uploads\/2014\/12\/INAUGURAC\u0327A\u0303O_CENTRO_TERINAMENTO_ANDARAI\u0301_BNNERUPP_040214_DSC_0180-300x156.jpg\" alt=\"\" width=\"300\" height=\"156\" srcset=\"https:\/\/rioonwatch.org\/wp-content\/uploads\/2014\/12\/INAUGURAC\u0327A\u0303O_CENTRO_TERINAMENTO_ANDARAI\u0301_BNNERUPP_040214_DSC_0180-300x156.jpg 300w, https:\/\/rioonwatch.org\/wp-content\/uploads\/2014\/12\/INAUGURAC\u0327A\u0303O_CENTRO_TERINAMENTO_ANDARAI\u0301_BNNERUPP_040214_DSC_0180.jpg 590w\" sizes=\"(max-width: 300px) 100vw, 300px\" \/><\/a>Date of installation: July 28, 2010<\/strong><\/p>\n<p>Andara\u00ed has seen sporadic violence since the installation of <a href=\"http:\/\/bit.ly\/1DTFDul\" target=\"_blank\">the UPP<\/a>. The influence of <a href=\"http:\/\/bit.ly\/1vxXakT\" target=\"_blank\">drug trafficking<\/a> remains a problem, but police made a significant breakthrough when they <a href=\"http:\/\/bit.ly\/1scjHjE\" target=\"_blank\">captured local chief AP<\/a>\u00a0in early 2014. Many residents will say\u00a0life is better in the community and success stories such as the <a href=\"http:\/\/bit.ly\/1up9FS3\" target=\"_blank\">UPP Fight tournament<\/a> run by a local officer in 2014 are positive signs. However, in the same year\u00a0reports surfaced of a group of UPP officers who had drawn up a <a href=\"http:\/\/bit.ly\/1x337XI\" target=\"_blank\">list of young men from the community<\/a> who they promised to kill. These growing rogue elements, which the police institution has such difficulty in controlling or removing, jeopardize the UPPs. Because of the <a href=\"http:\/\/bit.ly\/YPk785\" target=\"_blank\">history of the Military Police<\/a>, and the very public promises made by UPP policymakers, incidences of corruption or abuse of power are a huge blow to the program&#8217;s legitimacy.<\/p>\n<p><b>Resident Perspective<\/b><\/p>\n<blockquote><p>\u201cThere still exists a feud between residents of certain areas which were dominated by different drug trafficking factions. There are people from the upper part of the favela who will not come and buy from my store. The UPP closed the Neighborhood Association because it was controlled by drug traffickers. Only one month ago public services started coming into the favela, nearly a year after the entry of the police. Because of this delay, the UPP has lost a lot of credibility with the residents.\u201d &#8211; <a href=\"http:\/\/glo.bo\/1ys96qk\" target=\"_blank\">Jorge Mathias de Souza<\/a>, Andara\u00ed resident<\/p><\/blockquote>\n<h3><b>11. Salgueiro &#8211; North Zone<\/b><\/h3>\n<p><strong><a href=\"http:\/\/www.rioonwatch.org\/wp-content\/uploads\/2014\/11\/5049092727_33c73525b0_b.jpg\"><img loading=\"lazy\" decoding=\"async\" class=\"alignright wp-image-19103 size-medium\" title=\"Ricard Henriques (UPP Social) and Jos\u00e9 Mariano Beltrame (State Security Secretary) at UPP Salgueiro\" src=\"http:\/\/www.rioonwatch.org\/wp-content\/uploads\/2014\/11\/5049092727_33c73525b0_b-300x199.jpg\" alt=\"\" width=\"300\" height=\"199\" srcset=\"https:\/\/rioonwatch.org\/wp-content\/uploads\/2014\/11\/5049092727_33c73525b0_b-300x199.jpg 300w, https:\/\/rioonwatch.org\/wp-content\/uploads\/2014\/11\/5049092727_33c73525b0_b.jpg 1024w\" sizes=\"(max-width: 300px) 100vw, 300px\" \/><\/a>Date of installation: September 17, 2010<\/strong><\/p>\n<p>The implementation of <a href=\"http:\/\/bit.ly\/1y1geaN\" target=\"_blank\">the UPP<\/a> in <a href=\"http:\/\/bit.ly\/1kUMbi5\" target=\"_blank\">Salgueiro<\/a>, Tijuca has been a relative success, with crime dropping drastically: official statistics (which can be manipulated) showed only four cases of robbery and 19 of theft in 2012. Baile funks\u00a0<a href=\"http:\/\/bit.ly\/183prJf\" target=\"_blank\">have been permitted<\/a> in the community, a move which shows a flexibility and pragmatism within the program that is essential to its potential success. And the increased comfort of outsiders to enter the community is also seen as a plus in a traditionally isolated neighborhood. However, as residents below point out, pacification has not been properly consolidated with sufficient\u00a0social services. Furthermore, proof of the difficulty of ridding criminal elements came with\u00a0recent news that the president of the Salgueiro Neighborhood Association was\u00a0<a href=\"http:\/\/bit.ly\/1E0mJgp\" target=\"_blank\">arrested carrying a kilogram of cocaine<\/a>. Though the UPPs never purported to eliminate drug trafficking\u2014their focus is on ridding communities of arms and armed conflict\u2014the presence of drug traders in positions of local political authority\u00a0clearly complicates\u00a0community policing.<\/p>\n<p><b>Resident Perspectives<\/b><\/p>\n<blockquote><p>\u201cWhat&#8217;s improved [most] is the ability to come and go. This is the number one improvement. The movement of people, those who come down but especially\u00a0those who come up (the hill), makes the creation of bridges between the hill (informal city, or favela) and the asphalt (formal city) possible&#8230; What needs to change is the arrival\u00a0of social services. We&#8217;re missing the State&#8217;s presence in social development, and this hampers the consolidation of the\u00a0program.\u201d &#8211; <a href=\"http:\/\/odia.ig.com.br\/noticia\/riosemfronteiras\/2014-05-07\/se-ficar-na-policia-nao-vai-a-frente-diz-idealizador-de-projeto-no-salgueiro.html\" target=\"_blank\">Emerson Menezes<\/a>, Salgueiro resident and cultural activist<\/p>\n<p>\u201cSalgueiro is much safer. Besides this, the streets are paved and there are more services for residents. I like it here, I do not intend to move anytime soon. Even so, a lot of other things need to improve. The community needs more cultural spaces and courses for residents.\u201d &#8211; <a href=\"http:\/\/bit.ly\/1lQsXWf\" target=\"_blank\">Luan Fontes<\/a>, Salgueiro resident<\/p><\/blockquote>\n<h3><b>12. \u00a0Turano &#8211; North Zone<\/b><\/h3>\n<p><b><a href=\"http:\/\/www.rioonwatch.org\/wp-content\/uploads\/2014\/11\/turano-baile.jpg\"><img loading=\"lazy\" decoding=\"async\" class=\"alignright wp-image-19104 size-medium\" title=\"Police questioning youth at a baile party in Turano\" src=\"http:\/\/www.rioonwatch.org\/wp-content\/uploads\/2014\/11\/turano-baile-300x187.jpg\" alt=\"\" width=\"300\" height=\"187\" srcset=\"https:\/\/rioonwatch.org\/wp-content\/uploads\/2014\/11\/turano-baile-300x187.jpg 300w, https:\/\/rioonwatch.org\/wp-content\/uploads\/2014\/11\/turano-baile.jpg 652w\" sizes=\"(max-width: 300px) 100vw, 300px\" \/><\/a>Date of installa<\/b><strong>tion: September 30, 2010<\/strong><\/p>\n<p>Something the statistics never show is the extent to which <a href=\"http:\/\/bit.ly\/1y1gC9f\" target=\"_blank\">the UPP<\/a> imposes\u00a0on the lives of residents. Reports from <a href=\"http:\/\/bit.ly\/1w940Ad\" target=\"_blank\">Turano<\/a> in Tijuca summarize the delicate nature of a situation in which a police force is charged with\u00a0taking control of a territory without infringing on residents\u2019 rights. In the first year of pacification, residents regularly complained of abuse of power by the police and the feeling of suffocation at being under 24 hour surveillance. In <a href=\"http:\/\/bit.ly\/1tWxiA7\" target=\"_blank\">this video<\/a> from 2011, residents describe how a Father&#8217;s Day party was violently interrupted by the police before the agreed cut-off time, and one man complains of the stresses of working Monday to Saturday to then be prohibited from listening to certain music or attending certain events on his day off. Such tensions have not disappeared: last year <a href=\"http:\/\/bit.ly\/1wtW37t\" target=\"_blank\">three UPP officers were injured<\/a> when they tried to break up an unauthorized party. This type of social imposition, particularly the <a href=\"http:\/\/bit.ly\/16oyCil\" target=\"_blank\">prohibition of funk parties<\/a>, has been one of the biggest controversies in UPP communities. Proximity policing should involve dialogue, mediation, and community involvement on the part of the police, but many that the UPPs overstep this line, abusing their authority in an attempt to impose a new, or re-ordered, cultural framework.<\/p>\n<p><b>Resident Perspectives<\/b><\/p>\n<blockquote><p>\u201cOutside the community events can go on after 10pm, but here in the community we can\u2019t.\u201d &#8211; <a href=\"http:\/\/bit.ly\/1lQsXWf\" target=\"_blank\">Turano resident<\/a><\/p>\n<p>\u201cWhen the UPP arrived\u00a0in 2010, we began to see enrollment increasing. This win and change is great. We now have approximately two thousand students.\u201d &#8211; <a href=\"http:\/\/bit.ly\/1kUNskz\" target=\"_blank\">Rui de Souza Xavier<\/a>, Director of Herbert de Souza State School in Turano<\/p><\/blockquote>\n<h3><b>13. \u00a0Morro dos Macacos &#8211; North Zone<\/b><\/h3>\n<p><b><a href=\"http:\/\/www.rioonwatch.org\/wp-content\/uploads\/2014\/11\/ninja-macacos.jpg\"><img loading=\"lazy\" decoding=\"async\" class=\"alignright wp-image-19105 size-medium\" title=\"Protests following violence in Macacos earlier this year. Photo by M\u00eddia NINJA\" src=\"http:\/\/www.rioonwatch.org\/wp-content\/uploads\/2014\/11\/ninja-macacos-300x197.jpg\" alt=\"\" width=\"300\" height=\"197\" srcset=\"https:\/\/rioonwatch.org\/wp-content\/uploads\/2014\/11\/ninja-macacos-300x197.jpg 300w, https:\/\/rioonwatch.org\/wp-content\/uploads\/2014\/11\/ninja-macacos.jpg 800w\" sizes=\"(max-width: 300px) 100vw, 300px\" \/><\/a><\/b><strong>Date of installation: October 30, 2010<\/strong><\/p>\n<p>In October 2009, just one year before the implementation of <a href=\"http:\/\/bit.ly\/1xeybHS\" target=\"_blank\">the UPP<\/a> there and <a href=\"http:\/\/nyti.ms\/1DMOaLB\" target=\"_blank\">two weeks after Rio<\/a> was selected to host the 2016 Olympic Games, drug traffickers from S\u00e3o Jo\u00e3o invaded <a href=\"http:\/\/bit.ly\/1n3ZBXm\" target=\"_blank\">Morro dos Macacos<\/a> in Vila Isabel and\u00a0<a href=\"http:\/\/bit.ly\/1yUiNNi\" target=\"_blank\">shot down a police helicopter<\/a>\u00a0in the ensuing confrontation, in scenes that shocked Rio and the world. Trafficking has strong links in the community, with bosses such as <a href=\"http:\/\/bit.ly\/1rY0p0o\" target=\"_blank\">Scooby<\/a> and <a href=\"http:\/\/bit.ly\/10phqud\" target=\"_blank\">Bebez\u00e3o<\/a> violently enforcing their control despite the presence of the UPP. In 2011, the ex-president of the neighborhood association was executed by an assassin linked to Scooby, and the following year the <a href=\"http:\/\/bit.ly\/1qnj7Pq\" target=\"_blank\">president of the commerce association within the favela was murdered<\/a>\u00a0by the same powers. Thus, the UPP in Morro dos Macacos has not been particularly well-received or successful. UPP officers have been attacked numerous times, in what seems to be a concerted effort by drug gangs to destabilize the program. Most recently, in May 2014, <a href=\"http:\/\/bit.ly\/1jAWdQ3\" target=\"_blank\">8 year-old V\u00edtor Gomes Bento was shot<\/a> in the head during a shootout between UPP police and traffickers, causing fierce protests within the community. Although Bebez\u00e3o is now dead, and Scooby in hiding outside of Macacos, it has proven a struggle for the UPP to remove the influence of criminal groups.<\/p>\n<p><b>Resident Perspectives<\/b><\/p>\n<blockquote><p>\u201cEverything was much more difficult before the UPP because suppliers did not enter the community because of fear. We&#8217;ve made partnerships that would\u2019ve been impossible before, such as the installation of the electronic ATM. I\u2019ve been the owner of a bakery for eight years and always dreamed of the permit, which is now my greatest victory.\u201d &#8211; <a href=\"http:\/\/bit.ly\/1kUNBV1\" target=\"_blank\">Fl\u00e1vio Duarte<\/a>, Macacos resident and business owner<\/p>\n<p>&#8220;I came here 50 years ago when the community didn\u2019t even have a main street. I&#8217;ve seen many things change over the years. We couldn\u2019t walk down the street for fear of a shooting. Now, we are more comfortable. I have 12 nieces and nephews and today I see that they can play and grow without fear, with more freedom.\u201d &#8211; <a href=\"http:\/\/bit.ly\/1pPStmd\" target=\"_blank\">Zilma Roque<\/a>, Macacos resident<\/p><\/blockquote>\n<h3>14. S\u00e3o Jo\u00e3o\/Matriz\/Quieto &#8211; North Zone<\/h3>\n<p><strong>Date of installation: January 28, 2011<\/strong><\/p>\n<p><a href=\"http:\/\/www.rioonwatch.org\/wp-content\/uploads\/2015\/01\/1063794_552035484855430_1889206608_o.jpg\"><img loading=\"lazy\" decoding=\"async\" class=\"alignright size-medium wp-image-20107\" title=\"S\u00e3o Jo\u00e3o's UPP station. Photo by UPP S\u00c3O Jo\u00e3o \/ Matriz \/ Queto\" src=\"http:\/\/www.rioonwatch.org\/wp-content\/uploads\/2015\/01\/1063794_552035484855430_1889206608_o-300x225.jpg\" alt=\"\" width=\"300\" height=\"225\" srcset=\"https:\/\/rioonwatch.org\/wp-content\/uploads\/2015\/01\/1063794_552035484855430_1889206608_o-300x225.jpg 300w, https:\/\/rioonwatch.org\/wp-content\/uploads\/2015\/01\/1063794_552035484855430_1889206608_o-1024x768.jpg 1024w, https:\/\/rioonwatch.org\/wp-content\/uploads\/2015\/01\/1063794_552035484855430_1889206608_o-174x131.jpg 174w, https:\/\/rioonwatch.org\/wp-content\/uploads\/2015\/01\/1063794_552035484855430_1889206608_o-70x53.jpg 70w, https:\/\/rioonwatch.org\/wp-content\/uploads\/2015\/01\/1063794_552035484855430_1889206608_o-326x245.jpg 326w, https:\/\/rioonwatch.org\/wp-content\/uploads\/2015\/01\/1063794_552035484855430_1889206608_o.jpg 2048w\" sizes=\"(max-width: 300px) 100vw, 300px\" \/><\/a>The S\u00e3o Jo\u00e3o complex of favelas in Engenho Novo is a pertinent example of how <a href=\"http:\/\/bit.ly\/1N4DvBH\" target=\"_blank\">the UPPs<\/a> have failed to bring peace to\u00a0many favelas, even those smaller ones, particularly in the northern parts of the city. On January 12, 2014, <a href=\"http:\/\/bit.ly\/1vYkeLS\" target=\"_blank\">19 year old Jos\u00e9 Carlos Lopes J\u00fanior was shot and killed by UPP officers<\/a>, in what his family described as a summary execution. Police refuted this claim, yet as is unfortunately standard in these cases, nothing has since been reported in the media regarding forensic evidence. 2014 saw numerous confrontations between the police and criminals within S\u00e3o Jo\u00e3o, with tensions rising markedly in the last three months. In October 2014 one of several shootouts resulted in a <a href=\"http:\/\/glo.bo\/1siREFl\" target=\"_blank\">UPP officer being shot in the head<\/a>, and on November 8 and 14 more\u00a0<a href=\"http:\/\/bit.ly\/13fZDYw\" target=\"_blank\">officers were hospitalized<\/a>, one only saved by his bulletproof jacket.<\/p>\n<p>The Matriz favela has also experienced problems, with residents <a href=\"http:\/\/bit.ly\/1zYdfSl\" target=\"_blank\">protesting about a shortage of water and electricity<\/a>\u00a0in the community in 2014. The lack of such basic human rights undermines any positive work the police might be doing in pacified favelas.<\/p>\n<p><strong>Resident Perspectives<\/strong><\/p>\n<blockquote><p>\u201cBefore the UPP, I thought of selling my apartment because of the violence. It was very complicated, the street closed because of gunfire. Now, if the situation changes, I don\u2019t want to leave here.\u201d &#8211;\u00a0<a href=\"http:\/\/bit.ly\/1DpDSkm\" target=\"_blank\">Johen Eine da Silva Pinto<\/a>,Visconde de Santa de Isabel Resident, 30 years old<\/p>\n<p>\u201cHopefully the police come to stay, but I still will not remove my steel window. I want to see how it goes from here on. Many drug traffickers have left the favela.\u201d &#8211; <a href=\"http:\/\/glo.bo\/1BWFlPA\" target=\"_blank\">Matriz Resident<\/a>, 84 years old<\/p><\/blockquote>\n<h3>15. Morro da Coroa\/Fallet\/Fogueteiro &#8211; Central Rio<\/h3>\n<p><strong>Date of installation: February 25, 2011<\/strong><\/p>\n<p><a href=\"http:\/\/www.rioonwatch.org\/wp-content\/uploads\/2015\/01\/01.jpg\"><img loading=\"lazy\" decoding=\"async\" class=\"alignright size-medium wp-image-20106\" title=\"UPP Coroa\/Fallet\/Fogueteiro commemorates two years of pacification. Photo by Andr\u00e9 Gomes de Melo \/ Rio.gov.br\" src=\"http:\/\/www.rioonwatch.org\/wp-content\/uploads\/2015\/01\/01-300x199.jpg\" alt=\"\" width=\"300\" height=\"199\" srcset=\"https:\/\/rioonwatch.org\/wp-content\/uploads\/2015\/01\/01-300x199.jpg 300w, https:\/\/rioonwatch.org\/wp-content\/uploads\/2015\/01\/01-620x411.jpg 620w, https:\/\/rioonwatch.org\/wp-content\/uploads\/2015\/01\/01-948x629.jpg 948w, https:\/\/rioonwatch.org\/wp-content\/uploads\/2015\/01\/01-768x510.jpg 768w, https:\/\/rioonwatch.org\/wp-content\/uploads\/2015\/01\/01-1024x680.jpg 1024w, https:\/\/rioonwatch.org\/wp-content\/uploads\/2015\/01\/01.jpg 1100w\" sizes=\"(max-width: 300px) 100vw, 300px\" \/><\/a>Whereas in many pacified favelas there was a honeymoon period in which the new dynamic had a certain period to be digested and cracks only appeared a bit later, in these three favelas in the central neighborhood of Santa Teresa there was no such process. Just four months after its installation, a <a href=\"http:\/\/bit.ly\/1uuoqNS\" target=\"_blank\">UPP officer had his leg amputated after being wounded by a grenade<\/a>. Immediately after the attack, <a href=\"http:\/\/bit.ly\/1uvKKre\" target=\"_blank\">UPP officers from Coroa complained<\/a> of poor organization, equipment and training in what was a typical evaluation early in the program&#8217;s existence. Community policing requires months of training, yet because of the rush with which\u00a0the program unfolded across Rio, new recruits were being sent into delicate territories without the requisite experience. Since the aforementioned incident, problems have escalated, with constant attacks on <a href=\"http:\/\/bit.ly\/1BKKYgJ\" target=\"_blank\">the UPP<\/a> amid various reports of police brutality. In August 2011, <a href=\"http:\/\/bit.ly\/1uup0uX\" target=\"_blank\">residents accused police of kidnapping and torturing five teenagers<\/a> before trying to sell them to other favelas. In June 2012 <a href=\"http:\/\/bit.ly\/1uvLqwY\" target=\"_blank\">Jackson Lessa dos Santos, 20, was killed by police<\/a> as he returned home from work, and three weeks later Thales Pereira Ribeiro, 15, was shot dead, both in <a href=\"http:\/\/bit.ly\/LFl2NS\" target=\"_blank\">Fogueteiro<\/a>. In August\u00a02014, <a href=\"http:\/\/glo.bo\/1IIJ9bf\" target=\"_blank\">Vitor Luiz Rodrigues, a moto-taxi driver, was murdered<\/a> as he held his two children in his arms and Rafael de Souza Azerbinato, 23, was killed in his home. Six UPP officers were arrested and <a href=\"http:\/\/bit.ly\/1yGoqNb\" target=\"_blank\">accused of murder<\/a>.<\/p>\n<p>There have also been police casualties: in September 2011 an officer was seriously injured in a shootout, and in August\u00a02014 <a href=\"http:\/\/bit.ly\/1x9ul1Q\" target=\"_blank\">Weslley dos Santos da Silva Lucas<\/a> became the second UPP officer to be killed in Coroa, after Paulo C\u00e9sar de Lima Junior was fatally shot in 2012.<\/p>\n<p><strong>Resident Perspectives<\/strong><\/p>\n<blockquote><p>\u201cI believe the majority of people support the implementation of the UPP, not the way in which the police work but rather for the change. Now we have less exposure to weapons. Today children don\u2019t see as many firearms as they did before, when they had this view of the guerrilla. Nowadays there isn\u2019t this view, despite everything. Children know that everything continues more or less as before. The goal of the UPP is not a bad project, the idea was really good, but over time I believe they are losing strength, losing credibility, there has been lots of talk of this. I believe the government does not want to have rogue police but there are many rogue police. This undermines the successful functioning of any police program. So there you go, I think that the UPP has its pros and many cons.\u201d &#8211; <a href=\"http:\/\/bit.ly\/1vRqrnO\" target=\"_blank\">C\u00edntia Luna<\/a>, President of the Fogueteiro Resident\u2019s Association<\/p>\n<p>&#8220;When the hill was dominated by the drug traffic, they would not let that happen [the high piling up of trash]. Now there is no one to monitor the situation.\u201d &#8211; <a href=\"http:\/\/glo.bo\/1CTaVPO\" target=\"_blank\">Coroa Resident<\/a><\/p><\/blockquote>\n<h3>16. Morro dos Prazeres\/Escondidinho &#8211; Central Rio<\/h3>\n<p><strong>Date of installation: February 25, 2011<\/strong><\/p>\n<p><a href=\"http:\/\/www.rioonwatch.org\/wp-content\/uploads\/2015\/01\/morro-dos-prazeres_t88000_3_jpg_640x480_upscale_q90.jpg\"><img loading=\"lazy\" decoding=\"async\" class=\"alignright size-medium wp-image-20028\" title=\"Scene from 'Morro dos Prazeres' film\" src=\"http:\/\/www.rioonwatch.org\/wp-content\/uploads\/2015\/01\/morro-dos-prazeres_t88000_3_jpg_640x480_upscale_q90-300x169.jpg\" alt=\"\" width=\"300\" height=\"169\" srcset=\"https:\/\/rioonwatch.org\/wp-content\/uploads\/2015\/01\/morro-dos-prazeres_t88000_3_jpg_640x480_upscale_q90-300x169.jpg 300w, https:\/\/rioonwatch.org\/wp-content\/uploads\/2015\/01\/morro-dos-prazeres_t88000_3_jpg_640x480_upscale_q90-1024x576.jpg 1024w, https:\/\/rioonwatch.org\/wp-content\/uploads\/2015\/01\/morro-dos-prazeres_t88000_3_jpg_640x480_upscale_q90-580x326.jpg 580w, https:\/\/rioonwatch.org\/wp-content\/uploads\/2015\/01\/morro-dos-prazeres_t88000_3_jpg_640x480_upscale_q90-174x98.jpg 174w, https:\/\/rioonwatch.org\/wp-content\/uploads\/2015\/01\/morro-dos-prazeres_t88000_3_jpg_640x480_upscale_q90.jpg 1100w\" sizes=\"(max-width: 300px) 100vw, 300px\" \/><\/a><a href=\"http:\/\/bit.ly\/1C7BYWE\" target=\"_blank\">The UPP<\/a> experience in Morro dos Prazeres, high in the hills above Santa Teresa, perhaps best summarizes the difficult adaptation to the new dynamic in which, without the control of drug gangs, often neither residents nor police quite know how to deal with each other. In her <a href=\"http:\/\/bit.ly\/MorroDosPrazeres\" target=\"_blank\">2013 film\u00a0named for the favela<\/a>, Maria Augusto Ramos explores both sides of the UPP implementation. Whilst there has been little violence in the community since the installation, the problems dealt with in the film highlight the day-to-day tensions, which though small and sometimes seemingly insignificant in themselves, carry the weight of <a href=\"http:\/\/bit.ly\/U3F5Nh\" target=\"_blank\">decades of conflict<\/a>. There are the random stop-and-searches by the police, accusations of authoritarian and arrogant behavior, and complaints about feeling under constant vigilance. However, the film also demonstrates the severe limitations faced by officers working with residents who in some cases will never accept their presence. Add this to the flagrancy with which drug dealers in the favela <a href=\"http:\/\/bit.ly\/1D3mjGB\" target=\"_blank\">go about business<\/a> and one can imagine the frustrations of the police. Community policing demands compromise from both sides, otherwise it is bound to have limited success.<\/p>\n<p><strong>Resident Perspectives<\/strong><\/p>\n<blockquote><p>&#8220;With the UPP coming in it was expected there might be improvements. Unfortunately, so far there has been nothing at all. We used to have two people working with the water supply here, but with the \u2018pacification\u2019 they took away one of those guys. Now how are we supposed to all have water here if one guy on minimum wage and working eight hours a day has to take care of everything? Sometimes there is only good water really early in the morning.\u201d &#8211;\u00a0<a href=\"http:\/\/bit.ly\/1uIYEHR\" target=\"_blank\">Eliza Rosa<\/a>, President of Residents&#8217; Association<\/p>\n<p>\u201cWe can\u2019t permit that the UPP says how our life is going to be and that the Resident\u2019s Association doesn\u2019t have a say. I\u2019ve been here for\u00a0years, working hard, sometimes 12 hours a day. We care about Morro dos Prazeres. And does the UPP commander that came here care about the community? Of course not. He lives elsewhere. We\u2019re not going to let the UPP end our residents&#8217; organization.\u201d &#8211; <a href=\"http:\/\/bit.ly\/1D6Blht\" target=\"_blank\">Dona Elisa<\/a>, Prazeres Resident<\/p><\/blockquote>\n<h3>Complexo de S\u00e3o Carlos &#8211;\u00a0North Zone<\/h3>\n<p><strong>Date of installation: May 17, 2011<\/strong><\/p>\n<p><a href=\"http:\/\/www.rioonwatch.org\/wp-content\/uploads\/2015\/01\/21112013-dancamangueira-03.jpg\"><img loading=\"lazy\" decoding=\"async\" class=\"alignright size-medium wp-image-20104\" title=\"UPP Officer rehearses 'Romeu e Julieta' with youth from the S\u00e3o Carlos favela. Photo by Andr\u00e9 Gomes de Melo\/ GERJ\" src=\"http:\/\/www.rioonwatch.org\/wp-content\/uploads\/2015\/01\/21112013-dancamangueira-03-300x200.jpg\" alt=\"\" width=\"300\" height=\"200\" srcset=\"https:\/\/rioonwatch.org\/wp-content\/uploads\/2015\/01\/21112013-dancamangueira-03-300x200.jpg 300w, https:\/\/rioonwatch.org\/wp-content\/uploads\/2015\/01\/21112013-dancamangueira-03-1024x682.jpg 1024w, https:\/\/rioonwatch.org\/wp-content\/uploads\/2015\/01\/21112013-dancamangueira-03.jpg 1100w\" sizes=\"(max-width: 300px) 100vw, 300px\" \/><\/a>The implementation in S\u00e3o Carlos, in Tijuca, was immediately undermined with the news that <a href=\"http:\/\/bit.ly\/1BgyJtc\" target=\"_blank\">the UPP<\/a> commander of the community was, from its very beginning, <a href=\"http:\/\/glo.bo\/1uYsbT0\" target=\"_blank\">receiving R$15,000 a week<\/a> from Peixe, a well known drug dealer, to ensure trafficking was not impeded in the area. This level of corruption jeopardizes the entire\u00a0program: how can anybody\u2014police, resident or wider society\u2014take this new, expensive, supposedly game-changing method of policing seriously when senior officials are so clearly embedded in the criminal network? It seems that in S\u00e3o Carlos much of the old Military Police dynamic remains: residents complain of officers abusing power, enforcing curfews and threatening locals. In December 2013, two UPP officials were filmed robbing a woman. Meanwhile, the continued presence of drug trafficking gang Amigos dos Amigos is unquestionable; in 2012 Spanish newspaper <em>El Pais<\/em> published a graphic video of a shootout in which an officer was seriously injured and in December 2013 when the Special Operations Battalion (BOPE) was\u00a0sent in to combat armed dealers after a heavy attack on the UPP base. More recently, on October 19, 2014, two officers were shot and one run over in an attack by the criminal group. Further difficulties facing S\u00e3o Carlos were highlighted in 2014 when <a href=\"http:\/\/bit.ly\/1y3yPTq\" target=\"_blank\">officers were ordered to remain on duty in the UPP container even when on\u00a0sick leave<\/a>\u00a0due to staff shortages. Poor working conditions make a police force already struggling to identify with a program even less likely to carry out effective work. This also shows how stretched resources are, despite the huge increase in police numbers since the launch of the UPPs.\u00a0A higher note, however, came\u00a0in late 2013 when the UPP led community youth in\u00a0a modern performance of <a href=\"http:\/\/glo.bo\/1zfGIcK\">Romeo and Juliet<\/a>.<\/p>\n<p><strong>Resident Perspectives<\/strong><\/p>\n<blockquote><p>&#8220;They shoot in the sky when it goes dark, saying now they are the bosses and that if we don&#8217;t respect the laws we will end up in the dirt. Sargent Gilson, for example, walks round the alleys late at night announcing this by megaphone.&#8221; &#8211; <a href=\"http:\/\/bit.ly\/1LeGw2e\" target=\"_blank\">Aldir<\/a>, S\u00e3o Carlos resident<\/p>\n<p>\u201cWith this situation of the UPP in the favela, commerce diminished a lot. Now there\u2019s a curfew. Last weekend, <span class=\"aBn\" tabindex=\"0\" data-term=\"goog_830760736\"><span class=\"aQJ\">on Friday<\/span><\/span>, <span class=\"aBn\" tabindex=\"0\" data-term=\"goog_830760737\"><span class=\"aQJ\">Saturday<\/span><\/span> and <span class=\"aBn\" tabindex=\"0\" data-term=\"goog_830760738\"><span class=\"aQJ\">Sunday<\/span><\/span> I had to take all my paintings\u00a0out of my van because the BOPE ordered me to. I sell my paintings in Copacabana, and they told me that it will be like this for 40 days. So every day I go out to sell, I&#8217;m going to arrive late at night, tired, and go through these searches. That&#8217;s why residents are out and about less. They&#8217;re scared. And businesses suffer because of the lack of movement.&#8221; &#8211; <a href=\"http:\/\/bit.ly\/1D6Blht\" target=\"_blank\">S\u00e3o Carlos Resident<\/a><\/p><\/blockquote>\n<h3>Morro da Mangueira &#8211; North Zone<\/h3>\n<p><strong>Date of installation: November 3, 2011<\/strong><\/p>\n<p><a href=\"http:\/\/www.rioonwatch.org\/wp-content\/uploads\/2015\/01\/7155351188_ff46746993_o.jpg\"><img loading=\"lazy\" decoding=\"async\" class=\"alignright size-medium wp-image-20071\" title=\"Favela Metr\u00f4-Mangueira following recent demolitions\" src=\"http:\/\/www.rioonwatch.org\/wp-content\/uploads\/2015\/01\/7155351188_ff46746993_o-300x225.jpg\" alt=\"\" width=\"300\" height=\"225\" srcset=\"https:\/\/rioonwatch.org\/wp-content\/uploads\/2015\/01\/7155351188_ff46746993_o-300x225.jpg 300w, https:\/\/rioonwatch.org\/wp-content\/uploads\/2015\/01\/7155351188_ff46746993_o-1024x768.jpg 1024w, https:\/\/rioonwatch.org\/wp-content\/uploads\/2015\/01\/7155351188_ff46746993_o-174x131.jpg 174w, https:\/\/rioonwatch.org\/wp-content\/uploads\/2015\/01\/7155351188_ff46746993_o-70x53.jpg 70w, https:\/\/rioonwatch.org\/wp-content\/uploads\/2015\/01\/7155351188_ff46746993_o-326x245.jpg 326w, https:\/\/rioonwatch.org\/wp-content\/uploads\/2015\/01\/7155351188_ff46746993_o.jpg 1100w\" sizes=\"(max-width: 300px) 100vw, 300px\" \/><\/a>Researcher Vinicius Miranda Gentil spent the first year and a half of <a href=\"http:\/\/bit.ly\/1FA44gX\" target=\"_blank\">the UPP<\/a> implementation doing fieldwork in Mangueira, and concluded that there was <a href=\"http:\/\/bit.ly\/1ENyWr1\" target=\"_blank\">a tense acceptance<\/a> of the program, with police carrying out their duties but complaining of a lack of structure, and residents going about their daily lives generally distrusting the police, not feeling the potentially positive results of proximity policing. However, others claimed\u00a0<a href=\"http:\/\/oglobo.globo.com\/rio\/upp-de-fantasia-trafico-impoe-terror-no-morro-da-mangueira-7635299\" target=\"_blank\">the UPP never gained control over drug gangs<\/a>, which have deep family links in the community. Certainly it is clear that since the publication of Gentil\u2019s report in January 2013, criminal gangs have <a href=\"http:\/\/bit.ly\/1D3wieY\" target=\"_blank\">intensified the fight for control<\/a> of the territory. In August, ex-leader Tuchinha was brutally assassinated in the community, and since then three different factions have been disputing power. Last\u00a0month, Thiago Rosa Coelho was <a href=\"http:\/\/bit.ly\/1DdiDCJ\" target=\"_blank\">shot dead<\/a> and his colleague injured, as residents reported <a href=\"http:\/\/glo.bo\/1Bk1xAv\" target=\"_blank\">regular shootouts<\/a> within the community.<\/p>\n<p>And just two\u00a0months ago, after 5 mutilated bodies were found at the foot of the community, <em>Meia Hora<\/em> ran with the front page headline, &#8220;Mangueira, teu cen\u00e1rio\u00a0\u00e9\u00a0uma tristeza&#8221; (Mangueira, your scenario\u00a0is a tragedy), lamenting what has happened to the famous samba neighborhood known for its tune &#8220;Mangueira, your scenario is a beauty.&#8221;<\/p>\n<p><strong>Resident Perspective<\/strong><\/p>\n<blockquote><p>&#8220;If you come up here you will see all the streets closed. The situation is complicated here.&#8221; &#8211; <a href=\"http:\/\/glo.bo\/1Cqxb4X\" target=\"_blank\">Mangueira resident<\/a><\/p><\/blockquote>\n<p><em>This is <strong>Part 2<\/strong>\u00a0in a five-part series documenting\u00a0Pacifying Police Unit (UPP) Installations. For other articles in the\u00a0series click <a href=\"http:\/\/bit.ly\/1vxpBnf\" target=\"_blank\">here<\/a>.<\/em><\/p>\n<p><em>Thanks to Rachael Hilderbrand for supporting research.<\/em><\/p>\n","protected":false},"excerpt":{"rendered":"<div class=\"mh-excerpt\"><p>Clique aqui para Portugu\u00eas This is Part 2 in a five-part series documenting Pacifying Police Unit (UPP) Installations. If the first six\u00a0implementations can be described as the honeymoon period of the Pacifying Police Unit (UPP), <a class=\"mh-excerpt-more\" href=\"https:\/\/rioonwatch.org\/?p=20216\" title=\"Pacifying Police Unit (UPP) Installations Part 2: 2010-2011\">[&#8230;]<\/a><\/p>\n<\/div>","protected":false},"author":5,"featured_media":20106,"comment_status":"closed","ping_status":"closed","sticky":false,"template":"","format":"standard","meta":{"_monsterinsights_skip_tracking":false,"_monsterinsights_sitenote_active":false,"_monsterinsights_sitenote_note":"","_monsterinsights_sitenote_category":0,"footnotes":""},"categories":[1277,1288,335,1282,1329],"tags":[356,804,1261,168,1409,442,746,1530,212,116,376,117,1406,387,37,965,15,17,16,917,148,664,144,1531,906,172,1408,2634,1529,795],"writer":[1095],"translator":[],"illustrator":[],"photographer":[],"class_list":{"0":"post-20216","1":"post","2":"type-post","3":"status-publish","4":"format-standard","5":"has-post-thumbnail","7":"category-uppwatch","8":"category-highlight","9":"category-policies","10":"category-research-analysis","11":"category-by-international-observers","12":"tag-bope","13":"tag-borel","14":"tag-central-rio","15":"tag-centro","16":"tag-escondidinho","17":"tag-fallet","18":"tag-mangueira","19":"tag-matriz","20":"tag-morro-da-coroa","21":"tag-morro-da-formiga","22":"tag-morro-do-andarai","23":"tag-morro-do-fogueteiro","24":"tag-morro-do-sao-joao","25":"tag-morro-dos-macacos","26":"tag-north-zone","27":"tag-occupy-borel","28":"tag-pacifying-police-unit","29":"tag-police-brutality","30":"tag-police-corruption","31":"tag-police-reform","32":"tag-port-region","33":"tag-prazeres","34":"tag-morro-da-providencia","35":"tag-quieto","36":"tag-salgueiro","37":"tag-santa-teresa","38":"tag-sao-carlos","39":"tag-series","40":"tag-series-upp","41":"tag-turano","42":"writer-patrick-ashcroft"},"_links":{"self":[{"href":"https:\/\/rioonwatch.org\/index.php?rest_route=\/wp\/v2\/posts\/20216","targetHints":{"allow":["GET"]}}],"collection":[{"href":"https:\/\/rioonwatch.org\/index.php?rest_route=\/wp\/v2\/posts"}],"about":[{"href":"https:\/\/rioonwatch.org\/index.php?rest_route=\/wp\/v2\/types\/post"}],"author":[{"embeddable":true,"href":"https:\/\/rioonwatch.org\/index.php?rest_route=\/wp\/v2\/users\/5"}],"replies":[{"embeddable":true,"href":"https:\/\/rioonwatch.org\/index.php?rest_route=%2Fwp%2Fv2%2Fcomments&post=20216"}],"version-history":[{"count":0,"href":"https:\/\/rioonwatch.org\/index.php?rest_route=\/wp\/v2\/posts\/20216\/revisions"}],"wp:featuredmedia":[{"embeddable":true,"href":"https:\/\/rioonwatch.org\/index.php?rest_route=\/wp\/v2\/media\/20106"}],"wp:attachment":[{"href":"https:\/\/rioonwatch.org\/index.php?rest_route=%2Fwp%2Fv2%2Fmedia&parent=20216"}],"wp:term":[{"taxonomy":"category","embeddable":true,"href":"https:\/\/rioonwatch.org\/index.php?rest_route=%2Fwp%2Fv2%2Fcategories&post=20216"},{"taxonomy":"post_tag","embeddable":true,"href":"https:\/\/rioonwatch.org\/index.php?rest_route=%2Fwp%2Fv2%2Ftags&post=20216"},{"taxonomy":"writer","embeddable":true,"href":"https:\/\/rioonwatch.org\/index.php?rest_route=%2Fwp%2Fv2%2Fwriter&post=20216"},{"taxonomy":"translator","embeddable":true,"href":"https:\/\/rioonwatch.org\/index.php?rest_route=%2Fwp%2Fv2%2Ftranslator&post=20216"},{"taxonomy":"illustrator","embeddable":true,"href":"https:\/\/rioonwatch.org\/index.php?rest_route=%2Fwp%2Fv2%2Fillustrator&post=20216"},{"taxonomy":"photographer","embeddable":true,"href":"https:\/\/rioonwatch.org\/index.php?rest_route=%2Fwp%2Fv2%2Fphotographer&post=20216"}],"curies":[{"name":"wp","href":"https:\/\/api.w.org\/{rel}","templated":true}]}}