{"id":22000,"date":"2015-05-26T16:08:41","date_gmt":"2015-05-26T19:08:41","guid":{"rendered":"http:\/\/www.rioonwatch.org\/?p=22000"},"modified":"2016-12-09T10:35:30","modified_gmt":"2016-12-09T13:35:30","slug":"museu-da-mare-celebrates-nine-years-of-existence-while-facing-threats-of-eviction","status":"publish","type":"post","link":"https:\/\/rioonwatch.org\/?p=22000","title":{"rendered":"Museu da Mar\u00e9 Celebrates Nine Years While Facing Threats of Eviction"},"content":{"rendered":"<p><em>For the original in Portuguese, by <i>Miriane da Costa Peregrino<\/i>, published in Vozes das Comunidades,\u00a0<a href=\"http:\/\/bit.ly\/1F8V4jK\" target=\"_blank\">click\u00a0here<\/a>.<\/em><\/p>\n<h3>Faced with threats of eviction, residents speak out in defense of the museum<\/h3>\n<p><a href=\"http:\/\/bit.ly\/1CSqPIR\" target=\"_blank\">Museu da Mar\u00e9<\/a> celebrated nine years on\u00a0Friday May 8, but has been facing\u00a0<a href=\"http:\/\/bitly.com\/1pKP8Ri\" target=\"_blank\">threats of eviction<\/a>\u00a0since last September by the owner of the building\u00a0where it has been located since 2003, when it was known as the Mar\u00e9 Cultural Center. A unique initiative in the areas of social museology and the preservation of favela\u00a0memory, <a href=\"http:\/\/bit.ly\/1ctxGjP\" target=\"_blank\">the museum<\/a> was created in 2006 by a group of residents of <a href=\"http:\/\/bit.ly\/1rNMXO3\" target=\"_blank\">Complexo da Mar\u00e9<\/a> as a project of the Mar\u00e9 Center of Solidarity Studies and Actions (CEASM), and occupies a property donated by the Libra Group, which requested the devolution\u00a0of the property when\u00a0federal troops entered the area.<\/p>\n<p><a href=\"http:\/\/www.rioonwatch.org\/wp-content\/uploads\/2015\/05\/Museu-da-Mare.jpg\"><img fetchpriority=\"high\" decoding=\"async\" class=\"aligncenter wp-image-22013 size-content\" title=\"Protest against the eviction of the museum on October 18. Photo: Terezinha Lanzellotti\" src=\"http:\/\/www.rioonwatch.org\/wp-content\/uploads\/2015\/05\/Museu-da-Mare-620x264.jpg\" alt=\"Protest against the eviction of the museum on October 18. Photo: Terezinha Lanzellotti\" width=\"620\" height=\"264\" srcset=\"https:\/\/rioonwatch.org\/wp-content\/uploads\/2015\/05\/Museu-da-Mare-620x264.jpg 620w, https:\/\/rioonwatch.org\/wp-content\/uploads\/2015\/05\/Museu-da-Mare-940x400.jpg 940w\" sizes=\"(max-width: 620px) 100vw, 620px\" \/><\/a><\/p>\n<p>On October 18 of last year, staff, supporters and Mar\u00e9 residents organized a <a href=\"http:\/\/bitly.com\/1pKP8Ri\" target=\"_blank\">protest along Avenida Brasil against the eviction<\/a>. Since then, the threat of eviction has continued. The Municipal Council for Culture approved the <a href=\"http:\/\/bit.ly\/174Asts\" target=\"_blank\">legal protection of the Museum&#8217;s collection in September of last year<\/a>, but <a href=\"http:\/\/bit.ly\/1nZkXpa\" target=\"_blank\">Mayor Eduardo Paes<\/a> has still not approved the decree.<\/p>\n<p>Thamires Ribeiro, a Mar\u00e9 resident and student of Conservation and Restoration at the Rio de Janeiro Federal University (UFRJ), 24, says the museum eviction &#8220;would be a terrible loss for the community that has the Museum not only as a space for theater, dance and reading, but also as a place of memory that plays a key role in preserving and telling the story of Mar\u00e9.&#8221; The student explains, &#8220;this process\u00a0happens\u00a0through the help of Mar\u00e9 residents, who go to the museum and identify with the place, unlike what happens in most museums in Rio de Janeiro, where people, especially the residents of favelas, do not feel represented in that space.&#8221;<\/p>\n<p>Luiz Louren\u00e7o, 29, Mar\u00e9 resident and student of Geography at UFRJ, says he identifies with the museum as a preservation tool for the memory of Mar\u00e9 and supports the museum&#8217;s continuity: &#8220;As a cultural device, the museum should not be evicted, and to me that is a fact! The museum was born the same way as the favelas, through self-construction, which is why I identify with it, making a cultural break from the inside out.&#8221;<\/p>\n<p>Mar\u00e9 resident and Law student at the Rio de Janeiro State University (UERJ), Lydia Felix, 24, talks about her relationship with the museum: &#8220;I train capoeira at the museum and was really sad to\u00a0hear\u00a0the news [of the eviction]. I am not following the case closely, but I share online petitions and collect signatures from neighbors and friends. The museum is fundamental for Mar\u00e9 residents: it tells our story. It is a space created by residents, for residents. The museum rescues the identity of the favela and our resistance. In addition, numerous activities are held in this space (capoeira, zumba, ballet, etc).<\/p>\n<p>When she learned of the threat\u00a0of the museum\u2019s eviction, resident and journalist Renata Souza, 32, promoted an online petition against the eviction: &#8220;I contacted <a href=\"http:\/\/bit.ly\/1K4mOao\" target=\"_blank\">Meu Rio<\/a>, which is an NGO that organizes online petitions to press the government, to prevent the museum from being evicted. We managed to recruit a couple thousand people to press the government by sending direct emails to the Department of Culture,&#8221; said Renata Souza.<\/p>\n<p>Despite the initiatives of residents and museum staff reaching out to the cultural secretariats (at the municipal and state levels), in those\u00a0first\u00a0stages the secretariat\u00a0that emerged in support of the museum was the state&#8217;s Tourism Secretariat.<\/p>\n<p>&#8220;Late last year, the state of Rio de Janeiro, through SETUR (Tourism Secretariat) and ITERJ (Institute of Land and Cartography of the State of Rio de Janeiro), <a href=\"http:\/\/bit.ly\/174Asts\" target=\"_blank\">supported the museum<\/a>. Tourism Secretary Claudio Magnavita created SETUR Resolution 93 of November 24, 2014, which was published in the DOERJ on November 25, 2014, creating a Special Working Group. Because of this we were able to extend the initial period of the eviction notice from December 10, 2014 to March 10, 2015. In addition, the Museum was recognized by the State Board of Tourism as a priority tourist destination in the State of Rio de Janeiro, on December 10, 2014,&#8221; says Claudia Rose Ribeiro da Silva, the museum&#8217;s coordinator.<\/p>\n<p>She continues: &#8220;With the departure of Magnavita from his post as Secretary, SEC (State Culture Secretariat) took on the defense of the Museum within the state government. Along with IBRAM (Brazilian Institute of Museums) and the City&#8217;s\u00a0Culture Secretariat, SEC created a new working group to discuss actions to\u00a0ensure that the museum could stay in the same location. The SEC Resolution No. 594, which established the Special Working Group, was established by Secretary Eva Doris and published in DOERJ on February 20, 2015. The Working Group has already had two meetings and managed to arrange\u00a0a conversation with the board of the Libra Group. Secretary Eva Doris took a letter of support for the museum signed by herself, the city council Secretary of\u00a0Culture, Marcelo Calero, and the chairman of IBRAM, Carlos Roberto Brand\u00e3o, to this meeting. In addition, CEASM submitted, at Libra&#8217;s\u00a0headquarters, a letter requesting further extension of the eviction date so that we could have more time to coordinate\u00a0actions aimed at staying in this location.&#8221;<\/p>\n<h3>Public safety, real estate speculation, evictions and tourism: public policies for the mega-events in Mar\u00e9<strong><br \/>\n<\/strong><\/h3>\n<p><a href=\"http:\/\/www.rioonwatch.org\/wp-content\/uploads\/2015\/05\/Museu-da-Mare-2.jpeg\"><img decoding=\"async\" class=\"aligncenter wp-image-22014 size-content\" title=\"Protest to avoid the eviction of Museu da Mar\u00e9. Photo: Fernando Fraz\u00e3o\" src=\"http:\/\/www.rioonwatch.org\/wp-content\/uploads\/2015\/05\/Museu-da-Mare-2-620x264.jpeg\" alt=\"Protest to avoid the eviction of Museu da Mar\u00e9. Photo: Fernando Fraz\u00e3o\" width=\"620\" height=\"264\" srcset=\"https:\/\/rioonwatch.org\/wp-content\/uploads\/2015\/05\/Museu-da-Mare-2-620x264.jpeg 620w, https:\/\/rioonwatch.org\/wp-content\/uploads\/2015\/05\/Museu-da-Mare-2-940x400.jpeg 940w\" sizes=\"(max-width: 620px) 100vw, 620px\" \/><\/a><\/p>\n<p>For residents who follow the situation of other favelas in Rio de Janeiro where\u00a0<a href=\"http:\/\/bit.ly\/1vxpBnf\" target=\"_blank\">Pacifying Police Units<\/a>\u00a0(UPPs) were installed, it is clear that public policies, whether local, state or\u00a0federal, benefit those who are outside the favelas. Lydia Felix is one who claims that &#8220;the museum\u2019s eviction is linked to <a href=\"http:\/\/bit.ly\/TJf8CL\" target=\"_blank\">real estate speculation<\/a> and the state&#8217;s desire to make\u00a0<a href=\"http:\/\/bit.ly\/N7vSuN\" target=\"_blank\">favela\u00a0culture<\/a> invisible.&#8221; In fact, in all the favelas\u00a0in which UPPs were established, we can see that public security policies are followed by hikes in real estate prices, <a href=\"http:\/\/bit.ly\/1pO06YP\" target=\"_blank\">evictions<\/a> and tourist development projects.<\/p>\n<p>Although the main objective of the military occupation of Mar\u00e9 is to ensure control of the main access roads to the city of Rio de Janeiro and guarantee the safety of mega-events, real estate speculation and tourism are also important issues, albeit not to the same extent as in\u00a0<a href=\"http:\/\/bit.ly\/1bFiE5q\" target=\"_blank\">South Zone<\/a>\u00a0favelas like\u00a0<a href=\"http:\/\/bit.ly\/T5QI5Q\" target=\"_blank\">Vidigal<\/a>, <a href=\"http:\/\/bit.ly\/1m4JS9c\" target=\"_blank\">Rocinha<\/a> and <a href=\"http:\/\/bit.ly\/1hXNzRG\" target=\"_blank\">Santa Marta<\/a>. The discourse of the state government&#8217;s tourism office reinforced this fear in Mar\u00e9 residents: in interviews, the secretary at the time always focused on the importance of the museum as an attraction for foreign tourists without mentioning\u00a0the relevance of the space for the residents of the community, reversing the logic that guided the creation of the space in the first place.<\/p>\n<p>Resident Luiz Louren\u00e7o notes that tourism is growing around the world as a lucrative economic sector, but points to the target audience of this industry: &#8220;Tourism is currently the third most lucrative economic sector in the world, second only to the oil and car industries, and can be used as a form of social development and income generation for the favela\u00a0if local residents are actively involved in the process as workers and entrepreneurs. The memory of the favela needs to be preserved and promoted, positive memories and also the negative memories; following the military occupation\u00a0I believe the visitor rates to the Museum will increase. However, who is it that will come? For the construction of a real favela\u00a0memory it is necessary that visitation is not only by people from outside the favela, but also favela residents from Mar\u00e9 who have not yet visited the museum as well as favela residents of\u00a0<a href=\"http:\/\/bit.ly\/1nEeBwu\" target=\"_blank\">Alem\u00e3o<\/a> and <a href=\"http:\/\/bit.ly\/1jqQCNc\" target=\"_blank\">Provid\u00eancia<\/a>, who can, from their experience of the museum, create their own local museums.&#8221;<\/p>\n<p>For resident Renata Souza, the threat of eviction against\u00a0the museum is a consequence of the property speculation following military occupation: &#8220;Nothing is random, right? So when militarization happens\u00a0here and the museum is then threatened with eviction\u00a0we cannot help but relate one thing to another. Favelas where UPPs are being installed are going through a land valorization\u00a0process. Then your land is more expensive because there are\u00a0police and basic services are more expensive, an increased cost of living. So, in the process, to dislodge the museum, which is located in a super strategic place&#8230; The museum is 100, 200 meters from Avenida Brasil, which is a very strategic place for them to do whatever they want. We have a tourism process going on within the favelas and it&#8217;s no wonder the main government project\u00a0in Complexo do Alem\u00e3o is the cable car. For whom is the cable car? It&#8217;s for the resident? No, it&#8217;s for tourism in the favela. No one asked <a href=\"http:\/\/bit.ly\/1nz7xVi\" target=\"_blank\">if the residents wanted a cable car or basic sanitation<\/a>; if they did, they ignored the residents&#8217; needs on purpose. In other words, today you have a giant cable car, but every time it rains there\u2019s a flood with open sewers. Basic services are still precarious, but the government would rather do other things that <a href=\"http:\/\/bit.ly\/1pnnNrU\" target=\"_blank\">attract the attention of tourists<\/a>.&#8221;<\/p>\n<p>Renata Souza explains\u00a0that Mar\u00e9 is a much targeted territory by the authorities because it cuts through the main roads of the city: &#8220;The army comes here with the clear objective of giving a sense of security to those coming for the <a href=\"http:\/\/bit.ly\/NiGX0D\" target=\"_blank\">Games<\/a>. When the army arrived here, it was a few days prior to\u00a0the <a href=\"http:\/\/bit.ly\/15v5mF6\" target=\"_blank\">2014 World Cup<\/a>&#8230; They sent a message like: &#8216;We are dominating this space for those who are coming from abroad to feel safe in our wonderful city.&#8217; Wonders may be in Rio\u2019s postcards, but in terms of life in the favela this idea of the \u2018wonderful city\u2019 is very questionable. For me, in the favela, wonderful is a Sunday afternoon when\u00a0I can sit in front of my house, have my beer and play my stereo. But the moment that the army comes and says that I cannot do that&#8230; how wonderful is it?&#8221;<\/p>\n<p>It is important to remember that on July 22 of last year about 30 families had their homes <a href=\"http:\/\/bit.ly\/1AjmTkf\" target=\"_blank\">demolished<\/a> in the favela\u00a0<a href=\"http:\/\/bit.ly\/1nqI3qC\" target=\"_blank\">Salsa e\u00a0Merengue<\/a>, which constitutes part of the Mar\u00e9 Complex, and nothing was said about it in the media. The area was of interest to the City for the construction of a government project called Tomorrow&#8217;s School Factories. On the other hand, more than 30 families <a href=\"http:\/\/bit.ly\/1s7LJ5h\" target=\"_blank\">living in precarious conditions<\/a> in the MacLaren area continue unassisted by the State. They have been registered with the City\u00a0for more than five years, want to be relocated, but are still there, living between the Yellow Line highway\u00a0viaduct and the open sewage drain, hidden behind a wall dubbed the Wall of Shame, because, after all, the area they occupy is not of interest to the government or the private sector.<\/p>\n<p>Readers who do not know or do not remember where the MacLaren favela\u00a0is might remember the morning of March 30, 2014, when the first wave of soldiers entered Mar\u00e9, the largest collection of favelas in Rio de Janeiro, and raised the national flag beside open sewage. This is near where the MacLaren community lives, in shacks without sanitation and with only one water spout, in one of the poorest areas of Mar\u00e9.<\/p>\n<h3>The legacy of pacification forces: More guns and less culture, health, education&#8230;<\/h3>\n<p>The image of the <a href=\"http:\/\/bit.ly\/1y6nJ4c\" target=\"_blank\">protest in defense<\/a> of Museu da Mar\u00e9 last October, with activists sharing\u00a0the street with the pacifying forces, seems to represent a scale where the comparative weights of culture and public safety are revealed. Antonio Carlos Vieira, director of the museum, spoke about the situation in Mar\u00e9 after the military occupation and during the current UPP implementation process:\u00a0&#8220;The current situation is one of permanent tension. The occupation that is being conducted, in my opinion, is wrong because it transfers a public safety issue to the military, that is, army forces that are trained for war. This ends up causing the attacks we have witnessed, with violent approaches that end up resulting in the deaths of innocent people. I also see that there is a strong psychological factor at play with the presence of armed men in defensive postures, even in terms of the\u00a0residents, compounded by heavy weapons and the constant movement of army tanks. This situation undoubtedly generates a collective trauma, with unknown consequences for the children of the community. In terms of violence, in Mar\u00e9 we currently live in one of the most difficult periods for the residents and for all around\u00a0here. Instead, the high cost of maintaining\u00a0the current occupying force\u00a0could be used for social projects that can actually change\u00a0the awareness and world views of the community&#8217;s young people,&#8221; says the director.<\/p>\n<p><a href=\"http:\/\/www.rioonwatch.org\/wp-content\/uploads\/2015\/05\/Military-in-Mar\u00e9.jpg\"><img decoding=\"async\" class=\"alignright wp-image-22015 size-full\" title=\"Resident encounters soldier at his doorstep. Photo: Miriane Peregrino\" src=\"http:\/\/www.rioonwatch.org\/wp-content\/uploads\/2015\/05\/Military-in-Mar\u00e9.jpg\" alt=\"Resident encounters soldier at his doorstep. Photo: Miriane Peregrino\" width=\"300\" height=\"225\" srcset=\"https:\/\/rioonwatch.org\/wp-content\/uploads\/2015\/05\/Military-in-Mar\u00e9.jpg 300w, https:\/\/rioonwatch.org\/wp-content\/uploads\/2015\/05\/Military-in-Mar\u00e9-174x131.jpg 174w, https:\/\/rioonwatch.org\/wp-content\/uploads\/2015\/05\/Military-in-Mar\u00e9-70x53.jpg 70w\" sizes=\"(max-width: 300px) 100vw, 300px\" \/><\/a><\/p>\n<p>Both residents and non-residents who work in Mar\u00e9 are living in a tense atmosphere. Marilene Nunes, Mar\u00e9 resident and coordinator of Museu da Mar\u00e9&#8217;s\u00a0library, tells us how the space is often used as refuge during clashes and shootings in the museum&#8217;s surroundings: &#8220;A few weeks ago I was here in the library and suddenly a shootout\u00a0started. I went running to close the front gate. We went to hide in the reserve. The other day, at 5:30pm, another shootout started. I went out to close the gate, but this time, I could not do it because while I tried to close the gate the people passing on the street were pushing to get in here. They were students of Bahia School, residents&#8230; A woman came in a car, parked the car by\u00a0the museum door and came in, desperate. And shots were being fired. It was the army, the police, the boys. It was more than half an hour of shooting. We were inside the building and the shooting was going crazy on Guilherme Maxwell Street.&#8221;<\/p>\n<p>A resident, who declined to be identified, says the movement of tanks by\u00a0the pacifying\u00a0forces has caused damage to the already fragile infrastructure of the favela: &#8220;The tanks break pipes\u00a0and we are the ones who fix them later.&#8221; The tanks also leave scuff marks on the streets and sidewalks. &#8220;These are the marks of democracy for\u00a0those of us in the favela,&#8221; concludes the resident.<\/p>\n<p><a href=\"http:\/\/www.rioonwatch.org\/wp-content\/uploads\/2015\/05\/Tanks-in-Mar\u00e9.jpg\"><img loading=\"lazy\" decoding=\"async\" class=\"alignright wp-image-22016 size-medium\" title=\"Tank marks in Mar\u00e9. Photo: Miriane Peregrino\" src=\"http:\/\/www.rioonwatch.org\/wp-content\/uploads\/2015\/05\/Tanks-in-Mar\u00e9-225x300.jpg\" alt=\"Tank marks in Mar\u00e9. Photo: Miriane Peregrino\" width=\"225\" height=\"300\" \/><\/a>Since the beginning of this year, it has been reported that the federal troops are leaving Mar\u00e9 by July 2015 and that the the Military Police will\u00a0come in gradually to implement the UPPs. The first batch of policemen came in at the start of April\u00a0to Roquette Pinto and Praia de Ramos and the second batch on May 1<span style=\"font-size: 13.3333330154419px; line-height: 16px;\">,<\/span>\u00a0to Nova Holanda, Nova Mar\u00e9, Rubem Vaz and Parque Uni\u00e3o. The recent protests against the UPPs\u2014particularly the <a href=\"http:\/\/bit.ly\/1vGtINB\" target=\"_blank\">one on February 23<\/a> that occurred after a series of cases of abuse by pacifying\u00a0forces and deaths in Mar\u00e9 during Carnival\u2014and <a href=\"http:\/\/glo.bo\/1Pbbjih\" target=\"_blank\">the need to &#8220;re-occupy&#8221; Complexo do Alem\u00e3o<\/a> in April point, once again, to the failure of the UPPs as a public security policy and the State&#8217;s authoritarian\u00a0approach to\u00a0intervention in the favelas.<\/p>\n<h3>Memories from yesterday, fights of today<\/h3>\n<p>It is in this context of intense dispute over the territory and its symbolic goods that the threat of the museum&#8217;s eviction exists, and it is a dispute guided by interests that are certainly beyond those of\u00a0visible property speculation. Extensions in the eviction deadline do not solve\u00a0the situation: they ease the\u00a0pain but do\u00a0not cure the illness.<\/p>\n<p>It is important to remember that hosting visitors is part of the function of any museum, be they\u00a0<a href=\"http:\/\/bit.ly\/1nwqlO1\" target=\"_blank\">community-driven<\/a> or not, but the genealogy of Museu da Mar\u00e9\u00a0goes beyond that: it is a museum by\u00a0residents for residents, a museum that promotes the favelas\u00a0and subverts the logic of the ruling class, encouraging the creation of <a href=\"http:\/\/bit.ly\/1nwqlO1\" target=\"_blank\">other community museums<\/a> in different favelas, inspiring the development of a public policies to preserve the memory of the popular classes, such\u00a0as the Ministry of Culture&#8217;s Points of Memory Program.<\/p>\n<p>Anyone who has visited <a href=\"http:\/\/bit.ly\/1ctxGjP\" target=\"_blank\">Museu da Mar\u00e9<\/a> knows its permanent exhibition is divided into 12 thematic eras. One of them is called Time of the Future, about the time being written in the present.<\/p>\n<h3>How to Visit<\/h3>\n<p>Location: Museu da Mar\u00e9<\/p>\n<p>Address: Avenida Guilherme Maxwell, 26 \u2013 Mar\u00e9 \/ CEP: 21.042-110 \/ Rio de Janeiro<\/p>\n<p>Telephone: +55(21)3868-6748\/3976-8779<\/p>\n","protected":false},"excerpt":{"rendered":"<div class=\"mh-excerpt\"><p>For the original in Portuguese, by Miriane da Costa Peregrino, published in Vozes das Comunidades,\u00a0click\u00a0here. Faced with threats of eviction, residents speak out in defense of the museum Museu da Mar\u00e9 celebrated nine years on\u00a0Friday <a class=\"mh-excerpt-more\" href=\"https:\/\/rioonwatch.org\/?p=22000\" title=\"Museu da Mar\u00e9 Celebrates Nine Years While Facing Threats of Eviction\">[&#8230;]<\/a><\/p>\n<\/div>","protected":false},"author":57,"featured_media":22014,"comment_status":"closed","ping_status":"closed","sticky":false,"template":"","format":"standard","meta":{"_monsterinsights_skip_tracking":false,"_monsterinsights_sitenote_active":false,"_monsterinsights_sitenote_note":"","_monsterinsights_sitenote_category":0,"footnotes":""},"categories":[1267,1328,1290,1268,1271,1330,336],"tags":[1162,280,221,674,11,65,170,1948,673,1160,716,37,281,1643,15,1147,362,1146,18,10,1644,2267,194],"writer":[1532],"translator":[737],"illustrator":[],"photographer":[],"class_list":{"0":"post-22000","1":"post","2":"type-post","3":"status-publish","4":"format-standard","5":"has-post-thumbnail","7":"category-gentrificationwatch","8":"category-by-community-contributors","9":"category-civilsociety","10":"category-favelaculture","11":"category-favelaqualities","12":"category-translation","13":"category-violations","14":"tag-army-occupation","15":"tag-complexo-da-mare","16":"tag-favela-culture","17":"tag-memory","18":"tag-forced-evictions","19":"tag-gentrification","20":"tag-historic-preservation","21":"tag-iterj","22":"tag-misplaced-public-priorities","23":"tag-museu-da-mare","24":"tag-museum","25":"tag-north-zone","26":"tag-nova-holanda","27":"tag-nova-mare","28":"tag-pacifying-police-unit","29":"tag-parque-roquette-pinto","30":"tag-parque-uniao","31":"tag-praia-de-ramos","32":"tag-protest","33":"tag-real-estate-speculation","34":"tag-rubem-vaz","35":"tag-salsa-e-merengue","36":"tag-tourism","37":"writer-miriane-peregrino","38":"translator-arianne-reis"},"_links":{"self":[{"href":"https:\/\/rioonwatch.org\/index.php?rest_route=\/wp\/v2\/posts\/22000","targetHints":{"allow":["GET"]}}],"collection":[{"href":"https:\/\/rioonwatch.org\/index.php?rest_route=\/wp\/v2\/posts"}],"about":[{"href":"https:\/\/rioonwatch.org\/index.php?rest_route=\/wp\/v2\/types\/post"}],"author":[{"embeddable":true,"href":"https:\/\/rioonwatch.org\/index.php?rest_route=\/wp\/v2\/users\/57"}],"replies":[{"embeddable":true,"href":"https:\/\/rioonwatch.org\/index.php?rest_route=%2Fwp%2Fv2%2Fcomments&post=22000"}],"version-history":[{"count":0,"href":"https:\/\/rioonwatch.org\/index.php?rest_route=\/wp\/v2\/posts\/22000\/revisions"}],"wp:featuredmedia":[{"embeddable":true,"href":"https:\/\/rioonwatch.org\/index.php?rest_route=\/wp\/v2\/media\/22014"}],"wp:attachment":[{"href":"https:\/\/rioonwatch.org\/index.php?rest_route=%2Fwp%2Fv2%2Fmedia&parent=22000"}],"wp:term":[{"taxonomy":"category","embeddable":true,"href":"https:\/\/rioonwatch.org\/index.php?rest_route=%2Fwp%2Fv2%2Fcategories&post=22000"},{"taxonomy":"post_tag","embeddable":true,"href":"https:\/\/rioonwatch.org\/index.php?rest_route=%2Fwp%2Fv2%2Ftags&post=22000"},{"taxonomy":"writer","embeddable":true,"href":"https:\/\/rioonwatch.org\/index.php?rest_route=%2Fwp%2Fv2%2Fwriter&post=22000"},{"taxonomy":"translator","embeddable":true,"href":"https:\/\/rioonwatch.org\/index.php?rest_route=%2Fwp%2Fv2%2Ftranslator&post=22000"},{"taxonomy":"illustrator","embeddable":true,"href":"https:\/\/rioonwatch.org\/index.php?rest_route=%2Fwp%2Fv2%2Fillustrator&post=22000"},{"taxonomy":"photographer","embeddable":true,"href":"https:\/\/rioonwatch.org\/index.php?rest_route=%2Fwp%2Fv2%2Fphotographer&post=22000"}],"curies":[{"name":"wp","href":"https:\/\/api.w.org\/{rel}","templated":true}]}}