{"id":22711,"date":"2015-06-24T14:39:30","date_gmt":"2015-06-24T17:39:30","guid":{"rendered":"http:\/\/www.rioonwatch.org\/?p=22711"},"modified":"2021-07-08T16:03:53","modified_gmt":"2021-07-08T19:03:53","slug":"mexicos-caravana-43-ends-latin-american-tour-with-memorable-days-in-rio-de-janeiro","status":"publish","type":"post","link":"https:\/\/rioonwatch.org\/?p=22711","title":{"rendered":"Mexico&#8217;s Caravana 43 Ends Latin American Tour With Memorable Days in Rio de Janeiro"},"content":{"rendered":"<p style=\"text-align: right;\"><a href=\"http:\/\/bit.ly\/1HuwyJ4\" target=\"_blank\" rel=\"noopener\"><strong><em>Clique aqui para Portugu\u00eas<img decoding=\"async\" class=\"alignright size-full wp-image-23766\" src=\"http:\/\/www.rioonwatch.org\/wp-content\/uploads\/2012\/08\/PT-e1439583827971.png\" alt=\"PT\" width=\"20\" height=\"20\" \/><\/em><\/strong><\/a><\/p>\n<p>Almost nine months after <a href=\"http:\/\/huff.to\/1K2aWEK\" target=\"_blank\" rel=\"noopener\">43 Mexican students were abducted<\/a>, three parents and a classmate of the 43 Normalistas visited Rio de Janeiro last week to conclude the <a href=\"http:\/\/bit.ly\/1LzqYoi\" target=\"_blank\" rel=\"noopener\">Caravana 43<\/a> journey across\u00a0South America.<\/p>\n<p>Parents Mario C\u00e9sar Gonz\u00e1lez, Hilda Hernandez Rivera and Hilda Legide\u00f1o Vargas, along with Normalista survivor of the attackFrancisco S\u00e1nchez Nava, comprised the Caravana. The group, which also visited Argentina and Uruguay, met with Brazilian victims of violence, activist groups, indigenous groups and education activists in diverse areas of Rio. The Caravana&#8217;s objective was to form a strong network with other Latin American movements and unite strengths against &#8216;state terrorism&#8217; in Latin America, S\u00e1nchez Nava said.<\/p>\n<p>\u201cWe want the presence, we want the union, we want to see that we all really have a heart in our chests, and that we are all brothers,\u201d he\u00a0said. \u201cGovernments have globalized [violence]. We must globalize brotherhood, globalize resistance and strength and show the governments, the system, the state, that we are tired of that. Every day there will be more of us. Every day there will be a stronger force.\u201d<\/p>\n<p>The Caravana launched\u00a0its week of activities in Rio with a <a href=\"http:\/\/bit.ly\/1dea1nv\" target=\"_blank\" rel=\"noopener\">press conference<\/a> to an audience of almost 60 activists and journalists on June 9, downtown. The four guests told passionate stories of the night of September 26, as news of their disappeared sons unraveled. They asked for support from the Brazilian people and demanded the 43 students be returned alive.<\/p>\n<p>Gonz\u00e1lez said parents of the 43 students still believe their sons are alive because none of the evidence presented by the Mexican government is considered\u00a0reliable. He added that independent Argentine investigators had questioned the scientific credibility of the evidence.<\/p>\n<p>\u201cIf we have to go to the edge of the world to find these kids, we will,\u201d Gonz\u00e1lez said.<\/p>\n<p>The event ended with a loud, \u201cVivos se los llevaron, vivos los queremos!\u201d (&#8220;They were taken alive, and we want them back alive!&#8221;), a chant that would be repeated throughout the week.<\/p>\n<p><a href=\"http:\/\/www.rioonwatch.org\/wp-content\/uploads\/2015\/06\/20150610_173506.jpg\"><img fetchpriority=\"high\" decoding=\"async\" class=\"aligncenter wp-image-22714 size-full\" title=\"43 Mexican students were abducted in September\" src=\"http:\/\/www.rioonwatch.org\/wp-content\/uploads\/2015\/06\/20150610_173506.jpg\" alt=\"43 Mexican students were abducted in September\" width=\"703\" height=\"395\" srcset=\"https:\/\/rioonwatch.org\/wp-content\/uploads\/2015\/06\/20150610_173506.jpg 703w, https:\/\/rioonwatch.org\/wp-content\/uploads\/2015\/06\/20150610_173506-300x169.jpg 300w, https:\/\/rioonwatch.org\/wp-content\/uploads\/2015\/06\/20150610_173506-580x326.jpg 580w, https:\/\/rioonwatch.org\/wp-content\/uploads\/2015\/06\/20150610_173506-174x98.jpg 174w\" sizes=\"(max-width: 703px) 100vw, 703px\" \/><\/a><\/p>\n<p>On June 10, the <a href=\"http:\/\/bit.ly\/1Lzry5m\" target=\"_blank\" rel=\"noopener\">Caravana spoke at the Museu da Mar\u00e9<\/a>, <a href=\"http:\/\/bit.ly\/1CSqPIR\" target=\"_blank\" rel=\"noopener\">a museum<\/a>\u00a0located inside one of the largest favela complexes in Rio, <a href=\"http:\/\/bit.ly\/1rNMXO3\" target=\"_blank\" rel=\"noopener\">Complexo da Mar\u00e9<\/a>. Favela residents from all over the city attended the event to show solidarity and share their experiences as victims of police violence in their communities.<\/p>\n<p>\u201cWe ask for your support and solidarity so that in Mexico they realize that there are people all over the continent who support us,\u201d Legide\u00f1o Vargas told\u00a0the audience.<\/p>\n<p>The Caravana met with activist groups and community leaders privately first and then participated in a public panel that included four favela residents including <a href=\"http:\/\/bit.ly\/1EtEytj\" target=\"_blank\" rel=\"noopener\">Ana Paula de Oliveira<\/a> from <a href=\"http:\/\/bit.ly\/1sksV07\" target=\"_blank\" rel=\"noopener\">Manguinhos<\/a>, <a href=\"http:\/\/bit.ly\/1MKWmAA\" target=\"_blank\" rel=\"noopener\">Vitor Lira<\/a> from <a href=\"http:\/\/bit.ly\/1hXNzRG\" target=\"_blank\" rel=\"noopener\">Santa Marta<\/a>, Monica Cunha from the organization <a href=\"https:\/\/www.facebook.com\/movimentomoleque\/info?ref=page_internal\">Movimento Moleque<\/a>, and <a href=\"http:\/\/extra.globo.com\/casos-de-policia\/filha-de-rapaz-baleado-por-militares-na-mare-nao-sabe-que-pai-esta-internado-caso-emocionou-cantor-naldo-15328195.html\">Irone Maria Santiago<\/a> from Complexo da Mar\u00e9.<\/p>\n<p>Oliveira in particular feels a strong connection to the Caravana 43 movement because she has also lost a son to police violence in Rio.<\/p>\n<p>She said: &#8220;My fight is necessary, I&#8217;m conscious that unfortunately my son won&#8217;t come back to me, but I can&#8217;t just sit here with arms crossed. I have to fight for my life, for the life of everyone who is here, for the life of every favela, for all youth and residents of favelas. I will continue my journey until I&#8217;m able to, until I have health and strength to fight, I will keep going.&#8221;<\/p>\n<p>Cunha continued the discussion stressing the importance of educating favela youth to steer their views away from negative social stigma.<\/p>\n<p>&#8220;We have to change that history, and tell them they can, tell them they are human beings, that they have rights, that the city is theirs, that the state is theirs, that the country is theirs,&#8221; Cunha said.<\/p>\n<p>Sanchez Nava directed his message to the Brazilian government and asked for justice for the many victims the Caravana had met during their visit to Brazil. He listed more than a dozen names of victims from S\u00e3o Paulo, Porto Alegre, and Rio.<\/p>\n<p><a href=\"http:\/\/www.rioonwatch.org\/wp-content\/uploads\/2015\/06\/20150610_184120.jpg\"><img decoding=\"async\" class=\"aligncenter wp-image-22713 size-content\" title=\"Caravana 43 spoke in Museu da Mar\u00e9\" src=\"http:\/\/www.rioonwatch.org\/wp-content\/uploads\/2015\/06\/20150610_184120-620x264.jpg\" alt=\"Caravana 43 spoke in Museu da Mar\u00e9\" width=\"620\" height=\"264\" \/><\/a><\/p>\n<p>On the morning of June 11, the <a href=\"http:\/\/bit.ly\/1GxzZK8\" target=\"_blank\" rel=\"noopener\">Caravana visited the Centro Etno-conhecimento S\u00f3cio-cultural e Ambiental Cauier\u00e9 (CESAC)<\/a>\u00a0in the <a href=\"http:\/\/bit.ly\/137W3d8\" target=\"_blank\" rel=\"noopener\">North Zone<\/a> of Rio to have a private meeting with indigenous Guarani peoples: the Teko Haw, Guajajara, Mudurunku, Tupinambas de Oliven\u00e7a, Ash\u00e1ninka, Krenak, Krikati, and Manaua. The event was followed by a visit to a community in the Maracan\u00e3 neighborhood, where Caravana representatives demanded the return of the 43 Normalistas and justice for Rio\u2019s indigenous populations, who have suffered oppression from the state.<\/p>\n<p>The next morning, about 15 people joined the Caravana to hold a demonstration outside the Mexican Consulate in Rio. Brazilian organizers of the Caravana delivered a <a href=\"http:\/\/bit.ly\/1GF4Qrx\" target=\"_blank\" rel=\"noopener\">letter signed by several organizations and activists<\/a> to the Consulate General.<\/p>\n<p>Tensions rose during the event when the Consulate General quickly passed out fliers with the official government response to the Ayotzinapa incident and rushed back inside. Disagreeing with some of its statements, Sanchez Nava symbolically ripped the flier in half and threw it at the Mexican Consulate door.<\/p>\n<p>The second event, a debate called \u201cI Think, and Then They Make Me Disappear,\u201d on June 12 took place in Rio\u2019s state university, Universidade do Estado do Rio de Janeiro (UERJ). The objective was to share the experiences and battles for public education in the city of Rio and in Mexico.<\/p>\n<p>M\u00e1rcia Curi Vaz Galv\u00e3o, leader of the organization <a href=\"http:\/\/bit.ly\/1LjFIKd\" target=\"_blank\" rel=\"noopener\">Filhos e Netos por Mem\u00f3ria, Verdade, e Justi\u00e7a<\/a>\u00a0(Sons and Grandsons for Memories, Truth and Justice), an organization that raises awareness about the consequences of the Brazilian dictatorship and provides psychological help for family members of victims of the state during the dictatorship, said she could find many similarities between the experiences of Caravana members and members of her organization.<\/p>\n<p>She said: \u201cWhen I got there and heard Francisco [S\u00e1nchez Nava] speak, I thought, \u2018But he is saying what I would say.\u2019 It is the same cause, the same America.\u201d<\/p>\n<p>The Caravana concluded their journey through South America with a large event on the steps of Rio\u2019s City Hall. The event gathered about 200 spectators to enjoy Latin American music and speeches from\u00a0local activist groups.<\/p>\n<p><a href=\"http:\/\/www.rioonwatch.org\/wp-content\/uploads\/2015\/06\/20150612_200103.jpg\"><img loading=\"lazy\" decoding=\"async\" class=\"aligncenter wp-image-22712 size-content\" title=\"Final event of Caravana 43\" src=\"http:\/\/www.rioonwatch.org\/wp-content\/uploads\/2015\/06\/20150612_200103-620x264.jpg\" alt=\"Final event of Caravana 43\" width=\"620\" height=\"264\" \/><\/a><\/p>\n<p>Galv\u00e3o\u2019s group spoke during the event and each member of the group symbolically changed their\u00a0names during the gathering to represent one of the 43 Mexican students.<\/p>\n<p>She\u00a0said: \u201cWe are here in support [of Caravana 43] because we understand that the 43 students who disapeared or were murdered, those 43 boys are exactly the same as the ones who disappeared during the dictatorship in Brazil, they are the same ones who have disappeared in the disguised dictatorship we live today in Rio de Janeiro\u2019s state violence, they are the same ones who disappeared in Argentina &#8230; in Uruguay. Just change the name of the country, the name of the person and the address.\u201d<\/p>\n","protected":false},"excerpt":{"rendered":"<div class=\"mh-excerpt\"><p>Clique aqui para Portugu\u00eas Almost nine months after 43 Mexican students were abducted, three parents and a classmate of the 43 Normalistas visited Rio de Janeiro last week to conclude the Caravana 43 journey across\u00a0South <a class=\"mh-excerpt-more\" href=\"https:\/\/rioonwatch.org\/?p=22711\" title=\"Mexico&#8217;s Caravana 43 Ends Latin American Tour With Memorable Days in Rio de Janeiro\">[&#8230;]<\/a><\/p>\n<\/div>","protected":false},"author":62,"featured_media":22715,"comment_status":"closed","ping_status":"closed","sticky":false,"template":"","format":"standard","meta":{"_monsterinsights_skip_tracking":false,"_monsterinsights_sitenote_active":false,"_monsterinsights_sitenote_note":"","_monsterinsights_sitenote_category":0,"footnotes":""},"categories":[1290,1333,329,336,1329],"tags":[1361,646,280,1063,878,637,1678,3383,1160,716,37,66,520,268,453,30],"writer":[1453],"translator":[],"illustrator":[],"photographer":[],"class_list":{"0":"post-22711","1":"post","2":"type-post","3":"status-publish","4":"format-standard","5":"has-post-thumbnail","7":"category-civilsociety","8":"category-event-reports","9":"category-solutions","10":"category-violations","11":"category-by-international-observers","12":"tag-endfavelastigma","13":"tag-aldeia-maracana","14":"tag-complexo-da-mare","15":"tag-cooperation","16":"tag-international-comparison","17":"tag-manguinhos","18":"tag-mexico","19":"tag-movimento-moleque","20":"tag-museu-da-mare","21":"tag-museum","22":"tag-north-zone","23":"tag-santa-marta","24":"tag-solidarity","25":"tag-state-violence","26":"tag-stigma","27":"tag-urban-violence","28":"writer-elma-gonzalez"},"_links":{"self":[{"href":"https:\/\/rioonwatch.org\/index.php?rest_route=\/wp\/v2\/posts\/22711","targetHints":{"allow":["GET"]}}],"collection":[{"href":"https:\/\/rioonwatch.org\/index.php?rest_route=\/wp\/v2\/posts"}],"about":[{"href":"https:\/\/rioonwatch.org\/index.php?rest_route=\/wp\/v2\/types\/post"}],"author":[{"embeddable":true,"href":"https:\/\/rioonwatch.org\/index.php?rest_route=\/wp\/v2\/users\/62"}],"replies":[{"embeddable":true,"href":"https:\/\/rioonwatch.org\/index.php?rest_route=%2Fwp%2Fv2%2Fcomments&post=22711"}],"version-history":[{"count":0,"href":"https:\/\/rioonwatch.org\/index.php?rest_route=\/wp\/v2\/posts\/22711\/revisions"}],"wp:featuredmedia":[{"embeddable":true,"href":"https:\/\/rioonwatch.org\/index.php?rest_route=\/wp\/v2\/media\/22715"}],"wp:attachment":[{"href":"https:\/\/rioonwatch.org\/index.php?rest_route=%2Fwp%2Fv2%2Fmedia&parent=22711"}],"wp:term":[{"taxonomy":"category","embeddable":true,"href":"https:\/\/rioonwatch.org\/index.php?rest_route=%2Fwp%2Fv2%2Fcategories&post=22711"},{"taxonomy":"post_tag","embeddable":true,"href":"https:\/\/rioonwatch.org\/index.php?rest_route=%2Fwp%2Fv2%2Ftags&post=22711"},{"taxonomy":"writer","embeddable":true,"href":"https:\/\/rioonwatch.org\/index.php?rest_route=%2Fwp%2Fv2%2Fwriter&post=22711"},{"taxonomy":"translator","embeddable":true,"href":"https:\/\/rioonwatch.org\/index.php?rest_route=%2Fwp%2Fv2%2Ftranslator&post=22711"},{"taxonomy":"illustrator","embeddable":true,"href":"https:\/\/rioonwatch.org\/index.php?rest_route=%2Fwp%2Fv2%2Fillustrator&post=22711"},{"taxonomy":"photographer","embeddable":true,"href":"https:\/\/rioonwatch.org\/index.php?rest_route=%2Fwp%2Fv2%2Fphotographer&post=22711"}],"curies":[{"name":"wp","href":"https:\/\/api.w.org\/{rel}","templated":true}]}}