{"id":2322,"date":"2011-12-12T08:00:43","date_gmt":"2011-12-12T11:00:43","guid":{"rendered":"http:\/\/rioonwatch.org\/?p=2322"},"modified":"2016-10-02T22:27:38","modified_gmt":"2016-10-03T01:27:38","slug":"lacking-providence","status":"publish","type":"post","link":"https:\/\/rioonwatch.org\/?p=2322","title":{"rendered":"Losing Providence"},"content":{"rendered":"<p><img fetchpriority=\"high\" decoding=\"async\" class=\"size-medium wp-image-2274 alignright\" title=\"Morro da Provid\u00eancia 1977\" src=\"http:\/\/www.rioonwatch.org\/wp-content\/uploads\/2011\/12\/Morro-da-Provid\u00eancia-1977.jpg\" alt=\"\" width=\"288\" height=\"217\" \/><\/p>\n<p>Brazil\u2019s first favela, Morro da Provid\u00eancia (Providence Hill), was built by veterans of the\u00a0<a href=\"http:\/\/bit.ly\/v7SYni\">Canudos War<\/a>. Thousands of soldiers flocked to Rio when the war ended in 1897, because the government had offered them housing in the nation\u2019s capital. Veterans built provisional shelters on the hill while they awaited the promised housing. When it never materialized, the initial settlement grew into a permanent community originally called &#8220;Morro da Favela&#8221; or &#8220;Favela Hill,&#8221; named after the <a href=\"http:\/\/bit.ly\/t9ZIdc\">shrubby plants<\/a>\u00a0soldiers had lived amongst during their battles in the Northeast. Freed slaves and their descendants joined the original settlers, arriving in search for jobs in the city which failed to provide affordable housing. Today Provid\u00eancia, which sits on a hill between Rio\u2019s Port Zone and central thoroughfare Avenida Presidente Vargas, houses 5,500 people. In April 2010 the seventh\u00a0<a href=\"http:\/\/bit.ly\/oTynCR\">Police Pacification Unit (UPP)<\/a>\u00a0was installed in the community. In 2008 the community gained prominence when it served as the <a href=\"http:\/\/bit.ly\/tOJAo0\">subject and object<\/a> of an enormous <a href=\"http:\/\/bit.ly\/sv1SFc\">installation<\/a> by French photographer <a href=\"http:\/\/bit.ly\/uIs0i3\">JR<\/a>.<\/p>\n<p><img decoding=\"async\" class=\"size-medium wp-image-2274 alignright\" title=\"JR photo installation on Morro da Provid\u00eancia in 2008\" src=\"http:\/\/www.rioonwatch.org\/wp-content\/uploads\/2011\/12\/JR.jpg\" alt=\"\" width=\"350\" height=\"233\" \/><\/p>\n<p>Today Provid\u00eancia is the site of a large-scale urbanization project that will include a\u00a0<a href=\"http:\/\/bit.ly\/sLRrzN\">gondola<\/a>, a furnicular tram, streetlights, and housing. The interventions will be carried out under the auspices of\u00a0<a href=\"http:\/\/bit.ly\/tsYshW\">Porto Maravilha<\/a>, a project that aims to revitalize the area surrounding Rio\u2019s port.<\/p>\n<p>Porto Maravilha is a Public-Private-Partnership (<a href=\"http:\/\/bit.ly\/uEWtC3\">PPP<\/a>): Rio\u2019s government has signed a R$7.6 billion contract with the Porto Novo Consortium, comprised of Norberto Odebrecht, OAS, and Carioca Engenharia. The consortium assumed responsibility for the area in February of this year and the concession lasts fifteen years. These three corporations will receive the resources from a private fund administered by the city-owned Port Urban Development Company. Porto Maravilha seeks to redevelop and revitalize the port area given its\u00a0proximity to the city center and thus boost the region&#8217;s attractiveness to business. Tourism is a key feature and the project aims to create\u00a0a cultural center, with a new museum, aquarium, and art fair. The three companies will take responsibility for infrastructure upgrades in port neighborhoods, stated to include rerouting a main road through an underground tunnel, improving sidewalks, plazas, sewage systems, water, and drainage.<\/p>\n<p><img decoding=\"async\" class=\"size-medium wp-image-2274 alignleft\" title=\"Planned gondola station occupies existing Pra\u00e7a Am\u00e9rico Brum and is argued by residents to serve mainly tourists: linking the city's port and cruiseships to the top of the community only for views, then down to the city's central train station\" src=\"http:\/\/www.rioonwatch.org\/wp-content\/uploads\/2011\/12\/GondolaStation.jpg\" alt=\"\" width=\"370\" height=\"208\" \/><\/p>\n<p>As part of Porto Maravilha, Provid\u00eancia is the first favela to have infrastructure investments bankrolled by private enterprise. The project will cost R$150 million in total, funded through the PPP consortium, federal and state funds associated with PAC 2, and funds from city government.<\/p>\n<p>It is important to note that the city-funded changes to the neighborhood are said to be under the guise of the <a href=\"http:\/\/bit.ly\/vS4RaV\">Morar Carioca<\/a> favela upgrading program. This has created some confusion since the \u201cMorar Carioca\u201d label is generally associated with participatory and pro-community upgrades, an extension of the Favela-Bairro program funded by the Inter-American Bank since 1995.\u00a0 Yet in Provid\u00eancia\u2019s case the intervention termed \u201cMorar Carioca\u201d involves the demolition of over 800 homes and the community\u2019s only widely used public square, for what residents argue is essentially a tourism project.<\/p>\n<p><img loading=\"lazy\" decoding=\"async\" class=\"size-medium wp-image-2274 alignright\" title=\"Foreign visitors visit Morro da Provid\u00eancia to take shots of Rio's downtown\" src=\"http:\/\/www.rioonwatch.org\/wp-content\/uploads\/2011\/12\/visitors.jpg\" alt=\"\" width=\"300\" height=\"236\" \/><\/p>\n<p>Infrastructure changes to Provid\u00eancia are scheduled to be completed in 2013. The gondola will have three stations: Cidade do Samba (\u201cSamba City\u201d) in Rio\u2019s Port, Provid\u00eancia, and the central train station Central do Brasil. In addition to the gondola, a furnicular tram inside the community will provide another means of getting up the signature steps of Provid\u00eancia. According to Housing Secretary Jorge Bittar, \u201cthe re-urbanization of Provid\u00eancia is fundamental to the revitalization of the Port Zone.\u201d<\/p>\n<p>But according to residents, evictions are happening arbitrarily. A lifelong resident and young professional photographer, Diego de Deus, explained the city&#8217;s procedure as they announced his building, located next to the projected gondola station, would be removed. &#8220;First they told us it was going to be removed because of landslide risk. Then when we asked for proof, they eventually came back and told us that no, it had to be removed in order to make way for a corridor. But then more recently they said it would be for new housing, just not for us.&#8221;<\/p>\n<p><img loading=\"lazy\" decoding=\"async\" class=\"size-medium wp-image-2274 alignleft\" title=\"Signature steps that connect street with homes in Provid\u00eancia\" src=\"http:\/\/www.rioonwatch.org\/wp-content\/uploads\/2011\/12\/Provid\u00eanciaSteps.jpg\" alt=\"\" width=\"300\" height=\"224\" \/><\/p>\n<p>In January of this year Secretary Bittar said that 300 families would be relocated; in April, the number was amended to 800. Some of the families live in at-risk areas and are willing to be relocated for safety reasons, but others live on land that will be used for questionable urbanization projects, although officials like Bittar and Mayor Paes tend to conflate the two. Relocations, whereby residents consent to moving, are occurring in Pedra Lisa, an area threatened by landslides. Unconsensual evictions, however, characterize many of the other marked homes. \u00a0Bittar affirmed that evicted residents will be resettled in\u00a0<a href=\"http:\/\/bit.ly\/npj8HR\">Minha Casa Minha Vida<\/a>\u00a0housing projects in nearby neighborhoods down the hill, and receive rent money in the meantime. Yet Minha Casa Minha Vida programs in Rio have been characterized by lower quality construction than existing homes in Provid\u00eancia with greater density and less conducive to solidarity-building activity. They are also known to constrict resident rights: residents are not allowed to run businesses from their homes, have pets or other domestic animals, or practice religion in common spaces. All of these are common practices in Rio\u2019s favelas and promote community-building as well as providing buffers during hard economic times. In Provid\u00eancia\u2019s case there is an added preservation concern given the unique historical role of the community as Brazil\u2019s first favela, not to mention the neighborhood\u2019s relevance to Afro-Brazilian history.<\/p>\n<p><img loading=\"lazy\" decoding=\"async\" class=\"size-medium wp-image-2274 alignright\" title=\"Maur\u00edcio Hora's photo montage that helped save homes on one side of the famous staircase\" src=\"http:\/\/www.rioonwatch.org\/wp-content\/uploads\/2011\/12\/FacesClose.jpg\" alt=\"\" width=\"300\" height=\"205\" \/><\/p>\n<p>As is common practice across the city, the Municipal Secretary of Housing (SMH) marked houses for removal with spray-painted SMH tags, without clarification. Some residents complained they returned from work to tagged homes without further information. Many evictions will affect houses near the community\u2019s signature staircase linking the community to the street. The government originally planned to remove people on both sides, one to construct the tram and the other because of landslide risk. Local photographer and community organizer <a href=\"http:\/\/bit.ly\/rMYCiI\">Maur\u00edcio Hora<\/a> protested the unnecessary removals by displaying enlarged portraits of residents on the sides of their threatened homes. Despite previous unwillingness to modify plans, city officials then moved the planned tram to the side that was already at risk, eliminating the need to evict tens of\u00a0residents on the other side.<\/p>\n<p><img loading=\"lazy\" decoding=\"async\" class=\"size-medium wp-image-2274 alignleft\" title=\"Most widely used public square in the community: Pra\u00e7a Am\u00e9rico Brum\" src=\"http:\/\/www.rioonwatch.org\/wp-content\/uploads\/2011\/12\/WidelyUsedPra\u00e7aAmericoBrum.jpg\" alt=\"\" width=\"300\" height=\"213\" \/><\/p>\n<p>The Provid\u00eancia gondola station is set to be built on the site of the Pra\u00e7a Am\u00e9rico Brum, the largest and most utilized public space in the community. Residents use the Pra\u00e7a for soccer games, parties, live music, holiday celebrations, and everyday socializing. The only other large public square, Pra\u00e7a da Igreja do Cruzeiro, was redeveloped by the city. Residents explain that it is rarely used for events now because the remodeled space is narrower than it was before. In July <a href=\"http:\/\/glo.bo\/vkaJTu\">residents staged a protest<\/a> of preliminary land surveys for the gondola station, asking the government to leave them their only leisure space. They complained that government had not shared information about the project with the community because it is primarily meant for tourists.<\/p>\n<p><img loading=\"lazy\" decoding=\"async\" class=\"size-medium wp-image-2274 alignright\" title=\"'Government wants to destroy what the community built' -- residents protest unwanted interventions in the community\" src=\"http:\/\/www.rioonwatch.org\/wp-content\/uploads\/2011\/12\/GovernoQuerDestruir.jpg\" alt=\"\" width=\"343\" height=\"220\" \/><\/p>\n<p>After the protest the city government held a meeting with residents and community leaders, but the discussion focused on the location of the gondola stations, rather than whether the entire project is necessary.<\/p>\n<p>As a transportation improvement, the gondola is dubious. Provid\u00eancia is a low hill, it doesn\u2019t take long to walk up the staircase, and roads provide access near the top of the community. The Central Station is a 15-minute walk from the top of the hill. Moreover, there is already a road linking the Port Zone to Central do Brasil. Maur\u00edcio Hora pointed out that a gondola line along the ridge of the hill, rather than across it, would be far more practical since it would link Provid\u00eancia to neighboring communities and serve a real need. Even assuming a new transportation option were needed, constructing a tram and gondola is overkill. It will give tourists travelling between the Port Zone and city center a scenic view of Rio\u2019s first favela, but it comes at a high price for the community.<\/p>\n<p><iframe src=\"http:\/\/www.youtube.com\/embed\/5GDgO7BaA8c\" width=\"560\" height=\"315\" frameborder=\"0\"><\/iframe><\/p>\n","protected":false},"excerpt":{"rendered":"<div class=\"mh-excerpt\"><p>Brazil\u2019s first favela, Morro da Provid\u00eancia (Providence Hill), was built by veterans of the\u00a0Canudos War. Thousands of soldiers flocked to Rio when the war ended in 1897, because the government had offered them housing in <a class=\"mh-excerpt-more\" href=\"https:\/\/rioonwatch.org\/?p=2322\" title=\"Losing Providence\">[&#8230;]<\/a><\/p>\n<\/div>","protected":false},"author":5,"featured_media":2630,"comment_status":"open","ping_status":"closed","sticky":false,"template":"","format":"standard","meta":{"_monsterinsights_skip_tracking":false,"_monsterinsights_sitenote_active":false,"_monsterinsights_sitenote_note":"","_monsterinsights_sitenote_category":0,"footnotes":""},"categories":[1293,1267,1736,335,336],"tags":[150,1261,11,65,205,201,147,157,367,15,148,146,144,149,194],"writer":[166],"translator":[],"illustrator":[],"photographer":[],"class_list":{"0":"post-2322","1":"post","2":"type-post","3":"status-publish","4":"format-standard","5":"has-post-thumbnail","7":"category-evictionswatch","8":"category-gentrificationwatch","9":"category-1736","10":"category-policies","11":"category-violations","12":"tag-cable-car","13":"tag-central-rio","14":"tag-forced-evictions","15":"tag-gentrification","16":"tag-growth-acceleration-program-pac","17":"tag-inter-american-development-bank","18":"tag-morar-carioca","19":"tag-minha-casa-minha-vida","20":"tag-odebrecht","21":"tag-pacifying-police-unit","22":"tag-port-region","23":"tag-porto-maravilha","24":"tag-morro-da-providencia","25":"tag-public-private-partnership","26":"tag-tourism","27":"writer-zoe-roller"},"_links":{"self":[{"href":"https:\/\/rioonwatch.org\/index.php?rest_route=\/wp\/v2\/posts\/2322","targetHints":{"allow":["GET"]}}],"collection":[{"href":"https:\/\/rioonwatch.org\/index.php?rest_route=\/wp\/v2\/posts"}],"about":[{"href":"https:\/\/rioonwatch.org\/index.php?rest_route=\/wp\/v2\/types\/post"}],"author":[{"embeddable":true,"href":"https:\/\/rioonwatch.org\/index.php?rest_route=\/wp\/v2\/users\/5"}],"replies":[{"embeddable":true,"href":"https:\/\/rioonwatch.org\/index.php?rest_route=%2Fwp%2Fv2%2Fcomments&post=2322"}],"version-history":[{"count":0,"href":"https:\/\/rioonwatch.org\/index.php?rest_route=\/wp\/v2\/posts\/2322\/revisions"}],"wp:featuredmedia":[{"embeddable":true,"href":"https:\/\/rioonwatch.org\/index.php?rest_route=\/wp\/v2\/media\/2630"}],"wp:attachment":[{"href":"https:\/\/rioonwatch.org\/index.php?rest_route=%2Fwp%2Fv2%2Fmedia&parent=2322"}],"wp:term":[{"taxonomy":"category","embeddable":true,"href":"https:\/\/rioonwatch.org\/index.php?rest_route=%2Fwp%2Fv2%2Fcategories&post=2322"},{"taxonomy":"post_tag","embeddable":true,"href":"https:\/\/rioonwatch.org\/index.php?rest_route=%2Fwp%2Fv2%2Ftags&post=2322"},{"taxonomy":"writer","embeddable":true,"href":"https:\/\/rioonwatch.org\/index.php?rest_route=%2Fwp%2Fv2%2Fwriter&post=2322"},{"taxonomy":"translator","embeddable":true,"href":"https:\/\/rioonwatch.org\/index.php?rest_route=%2Fwp%2Fv2%2Ftranslator&post=2322"},{"taxonomy":"illustrator","embeddable":true,"href":"https:\/\/rioonwatch.org\/index.php?rest_route=%2Fwp%2Fv2%2Fillustrator&post=2322"},{"taxonomy":"photographer","embeddable":true,"href":"https:\/\/rioonwatch.org\/index.php?rest_route=%2Fwp%2Fv2%2Fphotographer&post=2322"}],"curies":[{"name":"wp","href":"https:\/\/api.w.org\/{rel}","templated":true}]}}