{"id":24734,"date":"2015-10-12T09:51:43","date_gmt":"2015-10-12T12:51:43","guid":{"rendered":"http:\/\/www.rioonwatch.org\/?p=24734"},"modified":"2016-01-20T14:07:19","modified_gmt":"2016-01-20T17:07:19","slug":"studio-x-rio-de-janeiro-discusses-bottom-up-housing-projects","status":"publish","type":"post","link":"https:\/\/rioonwatch.org\/?p=24734","title":{"rendered":"Studio-X Rio de Janeiro Discusses Bottom-Up Housing Projects"},"content":{"rendered":"<p style=\"text-align: right;\"><a href=\"http:\/\/bit.ly\/1RWB8mt\" target=\"_blank\"><strong><em>Clique aqui para Portugu\u00eas<img decoding=\"async\" width=\"20\" height=\"20\" class=\"alignright size-full wp-image-23766\" src=\"http:\/\/www.rioonwatch.org\/wp-content\/uploads\/2012\/08\/PT-e1439583827971.png\" alt=\"\" \/><\/em><\/strong><\/a><\/p>\n<p>On Tuesday October 6, <a href=\"http:\/\/bit.ly\/Zemn4Z\">Studio X Rio<\/a> de Janeiro hosted the <a href=\"http:\/\/on.fb.me\/1MC6JYu\" target=\"_blank\">event<\/a> \u201cWhen People Take Control: Bottom-Up House Making\u201d to discuss alternative ways the world can house all its inhabitants given the rapid rates of urbanization in the 21<sup>st<\/sup> century.<\/p>\n<p>Speaking at the event were: Axelle Dechelette, a graduate from Sciences Po Paris who shared her recent research on Urban Squatting Movements spanning across Rio de Janeiro and S\u00e3o Paulo; Elisete Napole\u00e3o, a national leader of the <a href=\"http:\/\/bit.ly\/19Z82Lm\" target=\"_blank\">National Movement for Housing Vindication<\/a> (Movimento Nacional de Luta pela Moradia or MNLM) explained the movement\u2019s role and various projects around Rio; and Fernando Minto, an architect and urbanist from the University of S\u00e3o Paulo, spoke about several social housing projects in S\u00e3o Paulo.<\/p>\n<blockquote><p>&#8220;Today the city of Rio de Janeiro has a housing deficit with respect to\u00a0220,000 of its residents.&#8221; &#8211; Axelle Dechelette<\/p><\/blockquote>\n<p>Axelle Dechelette presented her research on four urban <a href=\"http:\/\/bit.ly\/1tVeVuR\" target=\"_blank\">occupations<\/a> that she has been following closely since August: <a href=\"http:\/\/bit.ly\/1xc7Vv7\">Manoel Congo<\/a> in Cinel\u00e2ndia, <a href=\"http:\/\/bit.ly\/1KKurnr\" target=\"_blank\">Chiquinha Gonzaga<\/a> in Centro, <a href=\"http:\/\/bit.ly\/1LwGBin\" target=\"_blank\">Quilombo da Gamboa<\/a> in the <a href=\"http:\/\/bit.ly\/1iwThVm\" target=\"_blank\">Port Region<\/a>, and <a href=\"http:\/\/bit.ly\/1VNOlhH\" target=\"_blank\">Mariana Crioula<\/a>, also in the Port Region at the foot of <a href=\"http:\/\/bit.ly\/1P6dPbm\">Provid\u00eancia<\/a>. She highlighted that the occupation movement in Brazil began in the 1970s with support from the Catholic\u00a0Church in response to the historical\u00a0housing deficit. Today the city of Rio de Janeiro has a housing deficit with respect to\u00a0220,000 of its residents, while S\u00e3o Paulo&#8217;s is\u00a0over 475,000. She expressed that social movements want to increase the number of housing units made available as one of many efforts to\u00a0ensure the <a href=\"http:\/\/bit.ly\/1zOpGkf\" target=\"_blank\">right to housing<\/a>.<\/p>\n<p><a href=\"http:\/\/www.rioonwatch.org\/wp-content\/uploads\/2015\/10\/elisete.jpg\"><img fetchpriority=\"high\" decoding=\"async\" class=\"aligncenter wp-image-24761 size-content\" title=\"Elisete Napole\u00e3o, Axelle Dechelette e Fernando Minto apresentaram modos alternativos de produzir habita\u00e7\u00e3o no Brasil como forma de rea\u00e7\u00e3o \u00e0 maior crise de moradia na hist\u00f3ria moderna. Veja imagens do Studio X: on.fb.me\/1RCh2Oa\" src=\"http:\/\/www.rioonwatch.org\/wp-content\/uploads\/2015\/10\/elisete-620x264.jpg\" alt=\"Elisete Napole\u00e3o, Axelle Dechelette e Fernando Minto apresentaram modos alternativos de produzir habita\u00e7\u00e3o no Brasil como forma de rea\u00e7\u00e3o \u00e0 maior crise de moradia na hist\u00f3ria moderna. Veja imagens do Studio X: on.fb.me\/1RCh2Oa\" width=\"620\" height=\"264\" srcset=\"https:\/\/rioonwatch.org\/wp-content\/uploads\/2015\/10\/elisete-620x264.jpg 620w, https:\/\/rioonwatch.org\/wp-content\/uploads\/2015\/10\/elisete-940x400.jpg 940w\" sizes=\"(max-width: 620px) 100vw, 620px\" \/><\/a><\/p>\n<p>Elisete Napole\u00e3o spoke about her experiences of <a href=\"http:\/\/bit.ly\/1qbJV72\" target=\"_blank\">inequality<\/a>\u00a0in Rio de Janeiro.\u00a0 She grew up in the <a href=\"http:\/\/bit.ly\/1pfz23A\" target=\"_blank\">South Zone<\/a> favela of <a href=\"http:\/\/bit.ly\/1lU6eQ0\" target=\"_blank\">Pav\u00e3o-Pav\u00e3ozinho<\/a> and started work at the age of 14, later earning a scholarship to study law at university. At university, Elisete explained, she was constantly reminded about Article 5 of the Constitution, \u201ceveryone is equal,\u201d but every day when she returned home she felt this to be untrue. Elisete didn&#8217;t go on to practice law, but is now a national leader in the National Movement for Housing Vindication (<a href=\"http:\/\/bit.ly\/1jU8oPF\" target=\"_blank\">MNLM)<\/a> fighting for housing rights. According to Elisete, many of the <a href=\"http:\/\/bit.ly\/1lTMw0y\" target=\"_blank\">Minha Casa Minha Vida<\/a> residents who are relocated to public housing end up moving out. She spoke about MNLM&#8217;s activities teaching families self-management and <a href=\"http:\/\/bit.ly\/1ADRar9\" target=\"_blank\">sustainability<\/a>.<\/p>\n<p>Architect and urbanist from the University of S\u00e3o Paulo, Fernando Minto presented three of his projects working closely with residents from the occupation movements of S\u00e3o Paulo. He highlighted the success of <a href=\"http:\/\/bit.ly\/1KyrzGq\" target=\"_blank\">\u201chorizontal\u201d decision-making for the process of house building<\/a>. The projects begin the social housing process with training that includes parties from both inside and outside the movements. With each of their projects the architects worked with locals and their resources facilitating \u201ccollective project activity.\u201d They provided easy to use mechanisms which encouraged participatory design and planning of the housing units. Initial plans included resident input and knowledge and giving them a vision of their new home to which they&#8217;d contributed and therefore had some ownership over the design process.<\/p>\n<p><em>See images of the event <a href=\"http:\/\/bit.ly\/1G8OwCn\" target=\"_blank\">here<\/a>. Read other articles covering Studio X events <a href=\"http:\/\/bit.ly\/1M97X0G\" target=\"_blank\">here<\/a>.<\/em><\/p>\n","protected":false},"excerpt":{"rendered":"<div class=\"mh-excerpt\"><p>Clique aqui para Portugu\u00eas On Tuesday October 6, Studio X Rio de Janeiro hosted the event \u201cWhen People Take Control: Bottom-Up House Making\u201d to discuss alternative ways the world can house all its inhabitants given <a class=\"mh-excerpt-more\" href=\"https:\/\/rioonwatch.org\/?p=24734\" title=\"Studio-X Rio de Janeiro Discusses Bottom-Up Housing Projects\">[&#8230;]<\/a><\/p>\n<\/div>","protected":false},"author":95,"featured_media":24751,"comment_status":"closed","ping_status":"closed","sticky":false,"template":"","format":"standard","meta":{"_monsterinsights_skip_tracking":false,"_monsterinsights_sitenote_active":false,"_monsterinsights_sitenote_note":"","_monsterinsights_sitenote_category":0,"footnotes":""},"categories":[1854,1333,1282,329,1329],"tags":[219,756,258,282,26,203,129,515,1071,919,157,296,152,1834,210,1073,1555,406,130,1403,841,471],"writer":[1807,1664],"translator":[],"illustrator":[],"photographer":[],"class_list":{"0":"post-24734","1":"post","2":"type-post","3":"status-publish","4":"format-standard","5":"has-post-thumbnail","7":"category-housingwatch","8":"category-event-reports","9":"category-research-analysis","10":"category-solutions","11":"category-by-international-observers","12":"tag-collective-action","13":"tag-community-organizing","14":"tag-community-solution","15":"tag-housing","16":"tag-housing-rights","17":"tag-inequality","18":"tag-leadership","19":"tag-manoel-congo","20":"tag-minha-casa-minha-vida-entidades","21":"tag-mnlm","22":"tag-minha-casa-minha-vida","23":"tag-occupation","24":"tag-participation","25":"tag-participatory-design","26":"tag-public-housing","27":"tag-quilombo-da-gamboa","28":"tag-redes-de-desenvolvimento-da-mare","29":"tag-sao-paulo","30":"tag-social-movements","31":"tag-solution","32":"tag-studio-x","33":"tag-sustainability","34":"writer-clare-huggins","35":"writer-julia-jones"},"_links":{"self":[{"href":"https:\/\/rioonwatch.org\/index.php?rest_route=\/wp\/v2\/posts\/24734","targetHints":{"allow":["GET"]}}],"collection":[{"href":"https:\/\/rioonwatch.org\/index.php?rest_route=\/wp\/v2\/posts"}],"about":[{"href":"https:\/\/rioonwatch.org\/index.php?rest_route=\/wp\/v2\/types\/post"}],"author":[{"embeddable":true,"href":"https:\/\/rioonwatch.org\/index.php?rest_route=\/wp\/v2\/users\/95"}],"replies":[{"embeddable":true,"href":"https:\/\/rioonwatch.org\/index.php?rest_route=%2Fwp%2Fv2%2Fcomments&post=24734"}],"version-history":[{"count":0,"href":"https:\/\/rioonwatch.org\/index.php?rest_route=\/wp\/v2\/posts\/24734\/revisions"}],"wp:featuredmedia":[{"embeddable":true,"href":"https:\/\/rioonwatch.org\/index.php?rest_route=\/wp\/v2\/media\/24751"}],"wp:attachment":[{"href":"https:\/\/rioonwatch.org\/index.php?rest_route=%2Fwp%2Fv2%2Fmedia&parent=24734"}],"wp:term":[{"taxonomy":"category","embeddable":true,"href":"https:\/\/rioonwatch.org\/index.php?rest_route=%2Fwp%2Fv2%2Fcategories&post=24734"},{"taxonomy":"post_tag","embeddable":true,"href":"https:\/\/rioonwatch.org\/index.php?rest_route=%2Fwp%2Fv2%2Ftags&post=24734"},{"taxonomy":"writer","embeddable":true,"href":"https:\/\/rioonwatch.org\/index.php?rest_route=%2Fwp%2Fv2%2Fwriter&post=24734"},{"taxonomy":"translator","embeddable":true,"href":"https:\/\/rioonwatch.org\/index.php?rest_route=%2Fwp%2Fv2%2Ftranslator&post=24734"},{"taxonomy":"illustrator","embeddable":true,"href":"https:\/\/rioonwatch.org\/index.php?rest_route=%2Fwp%2Fv2%2Fillustrator&post=24734"},{"taxonomy":"photographer","embeddable":true,"href":"https:\/\/rioonwatch.org\/index.php?rest_route=%2Fwp%2Fv2%2Fphotographer&post=24734"}],"curies":[{"name":"wp","href":"https:\/\/api.w.org\/{rel}","templated":true}]}}