{"id":25400,"date":"2015-11-20T08:00:12","date_gmt":"2015-11-20T11:00:12","guid":{"rendered":"http:\/\/www.rioonwatch.org\/?p=25400"},"modified":"2017-06-07T19:06:24","modified_gmt":"2017-06-07T22:06:24","slug":"vila-autodromo-invests-in-remaining-public-spaces-as-evictions-persist","status":"publish","type":"post","link":"https:\/\/rioonwatch.org\/?p=25400","title":{"rendered":"Vila Aut\u00f3dromo Invests in Remaining Public Spaces As Evictions Persist"},"content":{"rendered":"<p style=\"text-align: right;\"><a href=\"http:\/\/bit.ly\/1X4eIWB\" target=\"_blank\"><strong><em>Clique aqui para Portugu\u00eas<img decoding=\"async\" width=\"20\" height=\"20\" class=\"alignright size-full wp-image-23766\" src=\"http:\/\/www.rioonwatch.org\/wp-content\/uploads\/2012\/08\/PT-e1439583827971.png\" alt=\"\" \/><\/em><\/strong><\/a><\/p>\n<p><a href=\"http:\/\/on.fb.me\/1OdsZeU\" target=\"_blank\">Last weekend<\/a> students from two universities joined residents of <a href=\"http:\/\/bit.ly\/VilaAut\" target=\"_blank\">Vila Aut\u00f3dromo<\/a>\u00a0to revitalize the community park, or Parquinho. <a href=\"http:\/\/bit.ly\/1NeuFVK\" target=\"_blank\">Participants tied colored ribbons<\/a> around trees, painted the jungle gym, seesaw and swing-set, and planted a garden using recycled materials. Following the <a href=\"http:\/\/bit.ly\/1Hk8z1o\" target=\"_blank\">demolition of the community&#8217;s ping-pong table<\/a> early this month and the <a href=\"http:\/\/bit.ly\/1ON7QZ6\" target=\"_blank\">lightning evictions<\/a>\u00a0of October 23 when bulldozers destroyed five homes, the Parquinho is one of few <a href=\"http:\/\/bit.ly\/1Bm0h0B\" target=\"_blank\">public spaces<\/a> still in tact.<\/p>\n<p><a href=\"http:\/\/www.rioonwatch.org\/wp-content\/uploads\/2015\/11\/Parquinho-II.png\"><img fetchpriority=\"high\" decoding=\"async\" class=\"alignright wp-image-25403\" src=\"http:\/\/www.rioonwatch.org\/wp-content\/uploads\/2015\/11\/Parquinho-II.png\" alt=\"Parquinho II\" width=\"200\" height=\"355\" srcset=\"https:\/\/rioonwatch.org\/wp-content\/uploads\/2015\/11\/Parquinho-II.png 640w, https:\/\/rioonwatch.org\/wp-content\/uploads\/2015\/11\/Parquinho-II-169x300.png 169w, https:\/\/rioonwatch.org\/wp-content\/uploads\/2015\/11\/Parquinho-II-577x1024.png 577w\" sizes=\"(max-width: 200px) 100vw, 200px\" \/><\/a>\u201cThe Parquinho is the only space for leisure that we can go to on a Saturday or Sunday to get out of the house. We come here to chat with the neighbors and to bring our children to play,\u201d said Concei\u00e7\u00e3o Queiroz, 41, one of the Vila Aut\u00f3dromo residents determined to remain in the community.<\/p>\n<p>Located next to the partially constructed Olympic Park in <a href=\"http:\/\/bit.ly\/1EJxTst\" target=\"_blank\">Barra da Tijuca<\/a>, Vila Aut\u00f3dromo sits on valuable real estate. The city government has been holding private negotiations with individual families, offering\u00a0monetary compensation or an\u00a0apartment\u00a0in the <a href=\"http:\/\/bit.ly\/1DOMPbm\" target=\"_blank\">Parque Carioca<\/a> complex as part of the\u00a0<a href=\"http:\/\/bit.ly\/1lTMw0y\" target=\"_blank\">Minha Casa Minha Vida<\/a>\u00a0federal housing program. Under this strategy, the community\u2019s population has shrunk by <a href=\"http:\/\/glo.bo\/205YVFP\" target=\"_blank\">83%<\/a>\u00a0in the past two years. Yet at least 41 families are steadfast in their determination\u00a0to stay in Vila Aut\u00f3dromo, and making good on the <a href=\"http:\/\/bit.ly\/1PbOueL\" target=\"_blank\">Mayor&#8217;s promise<\/a> that no resident would be removed against their will.<\/p>\n<p>The idea to revitalize the Parquinho stems from the Community Extension Project at the University of Anhanguera in Niter\u00f3i with students partnering with Vila Aut\u00f3dromo residents to help redevelop the community.<\/p>\n<figure id=\"attachment_25440\" aria-describedby=\"caption-attachment-25440\" style=\"width: 300px\" class=\"wp-caption alignright\"><a href=\"http:\/\/www.rioonwatch.org\/wp-content\/uploads\/2015\/11\/jardim.jpg\"><img decoding=\"async\" class=\"wp-image-25440 size-medium\" src=\"http:\/\/www.rioonwatch.org\/wp-content\/uploads\/2015\/11\/jardim-300x210.jpg\" alt=\"Residents restoring garden at new entrance to Vila Aut\u00f3dromo\" width=\"300\" height=\"210\" srcset=\"https:\/\/rioonwatch.org\/wp-content\/uploads\/2015\/11\/jardim-300x210.jpg 300w, https:\/\/rioonwatch.org\/wp-content\/uploads\/2015\/11\/jardim-1024x718.jpg 1024w, https:\/\/rioonwatch.org\/wp-content\/uploads\/2015\/11\/jardim.jpg 1117w\" sizes=\"(max-width: 300px) 100vw, 300px\" \/><\/a><figcaption id=\"caption-attachment-25440\" class=\"wp-caption-text\">Residents restoring garden at new entrance to Vila Aut\u00f3dromo<\/figcaption><\/figure>\n<p>\u201c[Vila Aut\u00f3dromo] is a very resilient community: <a href=\"http:\/\/bit.ly\/1MLOaV8\" target=\"_blank\">they protest<\/a>, they want to stay, and they know their rights,&#8221; said Diana Bogado, a professor at Anhanguera and the director of the Community Extension Project. &#8220;Urban policy [in Rio] is an elitist policy, a policy that creates <a href=\"http:\/\/bit.ly\/1IjFtt1\" target=\"_blank\">segregation<\/a> and serves only the interests of <a href=\"http:\/\/bit.ly\/TJf8CL\" target=\"_blank\">real estate development<\/a>. In reality, this <a href=\"http:\/\/bit.ly\/1pO06YP\" target=\"_blank\">eviction<\/a>\u00a0violates human rights.&#8221;<\/p>\n<p>When asked on numerous occasions about the future of Vila Aut\u00f3dromo, Paes has been cagey in his responses, leaving residents like Concei\u00e7\u00e3o paralyzed with uncertainty. Like the other 40-50 families\u00a0who refuse to leave, Concei\u00e7\u00e3o is waiting for Paes to respond to the proposed <a href=\"http:\/\/bit.ly\/1PWnD87\" target=\"_blank\">People\u2019s Plan<\/a>, an <a href=\"http:\/\/bit.ly\/RFHRHs\" target=\"_blank\">award winning<\/a>\u00a0community development proposal that ensures\u00a0Vila Aut\u00f3dromo&#8217;s future.<\/p>\n<figure id=\"attachment_25442\" aria-describedby=\"caption-attachment-25442\" style=\"width: 300px\" class=\"wp-caption alignright\"><a href=\"http:\/\/www.rioonwatch.org\/wp-content\/uploads\/2015\/11\/PET-planters.jpg\"><img loading=\"lazy\" decoding=\"async\" class=\"wp-image-25442 size-medium\" src=\"http:\/\/www.rioonwatch.org\/wp-content\/uploads\/2015\/11\/PET-planters-300x240.jpg\" alt=\"PET planters\" width=\"300\" height=\"240\" srcset=\"https:\/\/rioonwatch.org\/wp-content\/uploads\/2015\/11\/PET-planters-300x240.jpg 300w, https:\/\/rioonwatch.org\/wp-content\/uploads\/2015\/11\/PET-planters-1024x818.jpg 1024w, https:\/\/rioonwatch.org\/wp-content\/uploads\/2015\/11\/PET-planters.jpg 1904w\" sizes=\"(max-width: 300px) 100vw, 300px\" \/><\/a><figcaption id=\"caption-attachment-25442\" class=\"wp-caption-text\">PET planters<\/figcaption><\/figure>\n<p>\u201cWe are in this struggle because the city promised us that they would remove only a part of the community. They weren\u2019t going to remove everyone. They prepared a project, but they never presented it,&#8221; said Concei\u00e7\u00e3o. &#8220;But if the city has developed a plan for the people who don\u2019t want to leave, how come they haven\u2019t presented it?\u201d<\/p>\n<p>In the absence of a definitive plan making good on their right to remain by the city government, residents are continuing to resist removal and invest in their community. As well as revitalizing the playground space, residents have reformed the <a href=\"http:\/\/on.fb.me\/1SHhZEP\" target=\"_blank\">entrance to the community<\/a> with a new sign and plants. The community is currently planning its second <a href=\"http:\/\/on.fb.me\/214Vjo1\" target=\"_blank\">#OcupaVilaAut\u00f3dromo cultural festival<\/a> to be held on Saturday November 28 featuring music, cinema, exhibitions, food and drinks.<\/p>\n<p><a href=\"http:\/\/www.rioonwatch.org\/wp-content\/uploads\/2015\/11\/antes-e-depois.jpg\"><img loading=\"lazy\" decoding=\"async\" class=\"wp-image-25438 size-medium\" src=\"http:\/\/www.rioonwatch.org\/wp-content\/uploads\/2015\/11\/antes-e-depois-300x300.jpg\" alt=\"After &amp; Before\" width=\"300\" height=\"300\" srcset=\"https:\/\/rioonwatch.org\/wp-content\/uploads\/2015\/11\/antes-e-depois-300x300.jpg 300w, https:\/\/rioonwatch.org\/wp-content\/uploads\/2015\/11\/antes-e-depois.jpg 960w\" sizes=\"(max-width: 300px) 100vw, 300px\" \/><\/a>\u00a0<iframe src=\"https:\/\/www.youtube.com\/embed\/irGvTCrD3Dg\" width=\"300\" height=\"300\" frameborder=\"0\" allowfullscreen=\"allowfullscreen\"><\/iframe><\/p>\n","protected":false},"excerpt":{"rendered":"<div class=\"mh-excerpt\"><p>Clique aqui para Portugu\u00eas Last weekend students from two universities joined residents of Vila Aut\u00f3dromo\u00a0to revitalize the community park, or Parquinho. Participants tied colored ribbons around trees, painted the jungle gym, seesaw and swing-set, and <a class=\"mh-excerpt-more\" href=\"https:\/\/rioonwatch.org\/?p=25400\" title=\"Vila Aut\u00f3dromo Invests in Remaining Public Spaces As Evictions Persist\">[&#8230;]<\/a><\/p>\n<\/div>","protected":false},"author":98,"featured_media":25439,"comment_status":"closed","ping_status":"closed","sticky":false,"template":"","format":"standard","meta":{"_monsterinsights_skip_tracking":false,"_monsterinsights_sitenote_active":false,"_monsterinsights_sitenote_note":"","_monsterinsights_sitenote_category":0,"footnotes":""},"categories":[1293,1854,1736,1290,1333,329,1329],"tags":[9,225,975,756,910,272,11,1565,282,26,25,936,1259,157,5,1292,1866,1525,171,2400,270,4,21],"writer":[1863],"translator":[],"illustrator":[],"photographer":[],"class_list":{"0":"post-25400","1":"post","2":"type-post","3":"status-publish","4":"format-standard","5":"has-post-thumbnail","7":"category-evictionswatch","8":"category-housingwatch","9":"category-1736","10":"category-civilsociety","11":"category-event-reports","12":"category-solutions","13":"category-by-international-observers","14":"tag-9","15":"tag-barra-da-tijuca","16":"tag-civil-disobedience","17":"tag-community-organizing","18":"tag-creative-organizing","19":"tag-mayor-eduardo-paes","20":"tag-forced-evictions","21":"tag-garden","22":"tag-housing","23":"tag-housing-rights","24":"tag-human-rights","25":"tag-land-titling","26":"tag-mega-events","27":"tag-minha-casa-minha-vida","28":"tag-olympics","29":"tag-organizing","30":"tag-peoples-plan","31":"tag-playground","32":"tag-public-space","33":"tag-resilience","34":"tag-resistance","35":"tag-vila-autodromo","36":"tag-west-zone","37":"writer-sam-salvesen"},"_links":{"self":[{"href":"https:\/\/rioonwatch.org\/index.php?rest_route=\/wp\/v2\/posts\/25400","targetHints":{"allow":["GET"]}}],"collection":[{"href":"https:\/\/rioonwatch.org\/index.php?rest_route=\/wp\/v2\/posts"}],"about":[{"href":"https:\/\/rioonwatch.org\/index.php?rest_route=\/wp\/v2\/types\/post"}],"author":[{"embeddable":true,"href":"https:\/\/rioonwatch.org\/index.php?rest_route=\/wp\/v2\/users\/98"}],"replies":[{"embeddable":true,"href":"https:\/\/rioonwatch.org\/index.php?rest_route=%2Fwp%2Fv2%2Fcomments&post=25400"}],"version-history":[{"count":0,"href":"https:\/\/rioonwatch.org\/index.php?rest_route=\/wp\/v2\/posts\/25400\/revisions"}],"wp:featuredmedia":[{"embeddable":true,"href":"https:\/\/rioonwatch.org\/index.php?rest_route=\/wp\/v2\/media\/25439"}],"wp:attachment":[{"href":"https:\/\/rioonwatch.org\/index.php?rest_route=%2Fwp%2Fv2%2Fmedia&parent=25400"}],"wp:term":[{"taxonomy":"category","embeddable":true,"href":"https:\/\/rioonwatch.org\/index.php?rest_route=%2Fwp%2Fv2%2Fcategories&post=25400"},{"taxonomy":"post_tag","embeddable":true,"href":"https:\/\/rioonwatch.org\/index.php?rest_route=%2Fwp%2Fv2%2Ftags&post=25400"},{"taxonomy":"writer","embeddable":true,"href":"https:\/\/rioonwatch.org\/index.php?rest_route=%2Fwp%2Fv2%2Fwriter&post=25400"},{"taxonomy":"translator","embeddable":true,"href":"https:\/\/rioonwatch.org\/index.php?rest_route=%2Fwp%2Fv2%2Ftranslator&post=25400"},{"taxonomy":"illustrator","embeddable":true,"href":"https:\/\/rioonwatch.org\/index.php?rest_route=%2Fwp%2Fv2%2Fillustrator&post=25400"},{"taxonomy":"photographer","embeddable":true,"href":"https:\/\/rioonwatch.org\/index.php?rest_route=%2Fwp%2Fv2%2Fphotographer&post=25400"}],"curies":[{"name":"wp","href":"https:\/\/api.w.org\/{rel}","templated":true}]}}