{"id":25528,"date":"2015-11-27T16:35:53","date_gmt":"2015-11-27T19:35:53","guid":{"rendered":"http:\/\/www.rioonwatch.org\/?p=25528"},"modified":"2015-12-03T08:51:41","modified_gmt":"2015-12-03T11:51:41","slug":"brazils-first-favela-morro-da-providencia-celebrates-118th-birthday","status":"publish","type":"post","link":"https:\/\/rioonwatch.org\/?p=25528","title":{"rendered":"Brazil&#8217;s First Favela, Morro da Provid\u00eancia, Celebrates 118th Birthday"},"content":{"rendered":"<p style=\"text-align: right;\"><a href=\"http:\/\/bit.ly\/1OIavAB\" target=\"_blank\"><strong><em>Clique aqui para Portugu\u00eas<img decoding=\"async\" width=\"20\" height=\"20\" class=\"alignright size-full wp-image-23766\" src=\"http:\/\/www.rioonwatch.org\/wp-content\/uploads\/2012\/08\/PT-e1439583827971.png\" alt=\"\" \/><\/em><\/strong><\/a><\/p>\n<h3>On Sunday, November 22, Brazil&#8217;s <a href=\"http:\/\/bit.ly\/1Fhf4uE\" target=\"_blank\">first favela<\/a>, the\u00a0community of\u00a0<a href=\"http:\/\/bit.ly\/1jqQCNc\" target=\"_blank\">Morro da Provid\u00eancia<\/a>,\u00a0celebrated its\u00a0118th birthday. Though the exact day is unknown,\u00a0it is popularly understood\u00a0that Provid\u00eancia was born in November 1897.<\/h3>\n<p>Following\u00a0Brazil\u00a0<a href=\"http:\/\/bit.ly\/1z67Fgp\" target=\"_blank\">Black Awareness<\/a>\u00a0month events that kept residents busy til night, Provid\u00eancia&#8217;s birthday celebrations began at 2pm. In the heart of the <a href=\"http:\/\/bit.ly\/1iwThVm\" target=\"_blank\">Port Region<\/a>, Provid\u00eancia is surrounded by some of the most important\u00a0<a href=\"http:\/\/bit.ly\/1L6NMu4\" target=\"_blank\">Afro-Brazilian heritage landmarks<\/a>, such as the\u00a0<a href=\"http:\/\/bit.ly\/1sviIgy\" target=\"_blank\">Pedra do Sal Quilombo<\/a> and the <a href=\"http:\/\/bit.ly\/1z07GG6\" target=\"_blank\">Valongo slave market<\/a>, which hosted celebrations of the black cultural DNA that flows through the veins of the Brazilian popular identity at large.<\/p>\n<p>Provid\u00eancia&#8217;s\u00a0birthday\u00a0party was held next to the Gamboa Olympic Vila and amidst\u00a0construction works of the <a href=\"http:\/\/bit.ly\/1Otiy4o\" target=\"_blank\">new light rail transport system<\/a>, both projects of the <a href=\"http:\/\/bit.ly\/1y5AQhF\" target=\"_blank\">Marvelous Port<\/a>\u00a0port revitalization program. In the early afternoon technicians worked to set up the stage, musicians gathered under a large tent, and community traders prepared stalls\u00a0to sell drinks during the celebration.<\/p>\n<p>Giselle Diaz, new president of the <a href=\"http:\/\/bit.ly\/1nWxyYx\" target=\"_blank\">Neighborhood Association<\/a>, hurriedly approached the musicians, and apologized for the delay. The <em>feijoada-<\/em>-a traditional Brazilian pork and black bean stew&#8211;was nearly\u00a0ready, she said. Giselle recently took over an <a href=\"http:\/\/bit.ly\/1iBMUpf\" target=\"_blank\">Association that has been criticized<\/a>\u00a0for not attending\u00a0to the needs of the community, especially when it was suffering\u00a0<a href=\"http:\/\/bit.ly\/1LKUrwL\" target=\"_blank\">forced evictions<\/a>. She is seeking to change this, or as she says \u201cto make it function,\u201d starting with creating a workable office space. The birthday\u00a0party helped with raising funds for this.<\/p>\n<p><img fetchpriority=\"high\" decoding=\"async\" class=\"aligncenter wp-image-25531 size-content\" title=\"Provid\u00eancia Anniversary Tent\" src=\"http:\/\/www.rioonwatch.org\/wp-content\/uploads\/2015\/11\/Carpa-620x264.jpg\" alt=\"Provid\u00eancia Anniversary Tent\" width=\"620\" height=\"264\" srcset=\"https:\/\/rioonwatch.org\/wp-content\/uploads\/2015\/11\/Carpa-620x264.jpg 620w, https:\/\/rioonwatch.org\/wp-content\/uploads\/2015\/11\/Carpa-940x400.jpg 940w\" sizes=\"(max-width: 620px) 100vw, 620px\" \/><\/p>\n<p>At 3pm traditional firecrackers marked the start of the party and residents\u00a0came down the hill following the smell of <em>feijoada<\/em>\u00a0made by Dona Jurema, winner of a <a href=\"http:\/\/bit.ly\/1Nd4ngo\" target=\"_blank\">culinary<\/a>\u00a0contest held in the region. Soon after\u00a0music started with the performance by local <a href=\"http:\/\/bit.ly\/1ytQYiu\" target=\"_blank\">samba<\/a> group <a href=\"http:\/\/on.fb.me\/1NQvhv1\" target=\"_blank\">Velhos Malandros<\/a>.<\/p>\n<p>Music and people filled up the large tent and\u00a0vendors sold drinks from their stalls. The vendors were community members, many grateful for this opportunity to trade after the previous night&#8217;s <a href=\"http:\/\/bit.ly\/1mTRj32\" target=\"_blank\">funk<\/a> party had been once again cancelled. <a href=\"http:\/\/bit.ly\/1DlRYBr\" target=\"_blank\">Funk parties were prohibited<\/a>\u00a0in the community during the first years since the installation of a <a href=\"http:\/\/bit.ly\/1lIGSxv\" target=\"_blank\">Pacifying Police Unit (UPP)<\/a> in <a href=\"http:\/\/bit.ly\/1C4I8E9\" target=\"_blank\">2010<\/a>. Provid\u00eancia&#8217;s funk party producer reports that it still gets cancelled from time to time, though on this occasion the event was rained out.<\/p>\n<p>Events like the funk party and anniversary event stimulate\u00a0the local economy and provide trading opportunities for residents. Raul, a resident and vendor in his early 20s, said: \u201cWe are all <a href=\"http:\/\/bit.ly\/1kCrcnw\" target=\"_blank\">street vendors<\/a>\u00a0too, we try to sell at Central do Brasil\u2026 But things are getting difficult, you know? Well, they\u2019ve always been.\u201d Raul\u00a0told of how street vendors&#8211;known as <em>camel\u00f4s<\/em> in Brazil&#8211;suffer <a href=\"http:\/\/bit.ly\/1JGPzrG\" target=\"_blank\">violence and repression<\/a>\u00a0from\u00a0the <a href=\"http:\/\/bit.ly\/1QIZkem\" target=\"_blank\">Municipal Guard<\/a> who confiscate their goods and\u00a0no longer\u00a0allow them to sell by\u00a0the nearby Central do Brasil, the city&#8217;s central station where street vendors traditionally sell their wares. \u201cWe need to make a living too. How are we supposed to pay the rent, for our food?\u201d He added: \u201cThe party is good, we can sell our stuff here. But it is also a privilege being able to celebrate Provid\u00eancia&#8217;s birthday: <a href=\"http:\/\/bit.ly\/1pn4nOY\" target=\"_blank\">it&#8217;s the oldest favela!<\/a>\u201d<\/p>\n<p><a href=\"http:\/\/www.rioonwatch.org\/wp-content\/uploads\/2015\/11\/Velhos.jpg\"><img decoding=\"async\" class=\"aligncenter wp-image-25533 size-content\" title=\"Velhos Malandros samba group performed\" src=\"http:\/\/www.rioonwatch.org\/wp-content\/uploads\/2015\/11\/Velhos-620x264.jpg\" alt=\"Velhos Malandros samba group performed\" width=\"620\" height=\"264\" srcset=\"https:\/\/rioonwatch.org\/wp-content\/uploads\/2015\/11\/Velhos-620x264.jpg 620w, https:\/\/rioonwatch.org\/wp-content\/uploads\/2015\/11\/Velhos-940x400.jpg 940w\" sizes=\"(max-width: 620px) 100vw, 620px\" \/><\/a><\/p>\n<p>Later\u00a0the music changed and faster Carnival samba\u00a0rhythms filled the air as the <a href=\"http:\/\/on.fb.me\/1XsXLQP\" target=\"_blank\">Vizinha Faladeira Samba School<\/a>&#8211;one of the oldest samba schools in Brazil&#8211;performed.<\/p>\n<p>As well as music, dancing and food, the event included a projection of photographs by local artist Maur\u00edcio Hora, including his latest project combining images of Provid\u00eancia with photos taken in the village of Canudos in northeast Brazil.\u00a0The first favela was established\u00a0after soldiers who served in\u00a0the <a href=\"http:\/\/bit.ly\/1ljDf8Y\" target=\"_blank\">Canudos War<\/a>\u00a0were\u00a0promised payment in the form of land in Rio, but upon arrival, found there was none awaiting them. They squatted in front of the Ministry of War until a colonel told them to squat on a nearby\u00a0hill, known today as Provid\u00eancia hill. Maur\u00edcio said that celebrating the Provid\u00eancia&#8217;s birthday is more than just a local, neighborhood party; it celebrates the start of a way of life, of the <a href=\"http:\/\/bit.ly\/1SkUVvR\" target=\"_blank\">creation and spread of favelas<\/a>\u00a0and their significant\u00a0contributions to the city&#8217;s life and <a href=\"http:\/\/bit.ly\/1y2hqyq\" target=\"_blank\">culture<\/a>.<\/p>\n<p><a href=\"http:\/\/www.rioonwatch.org\/wp-content\/uploads\/2015\/11\/Projection.jpg\"><img loading=\"lazy\" decoding=\"async\" class=\"aligncenter wp-image-25534 size-content\" title=\"Mauricio Hora's photography projection\" src=\"http:\/\/www.rioonwatch.org\/wp-content\/uploads\/2015\/11\/Projection-620x264.jpg\" alt=\"Mauricio Hora's photography projection\" width=\"620\" height=\"264\" srcset=\"https:\/\/rioonwatch.org\/wp-content\/uploads\/2015\/11\/Projection-620x264.jpg 620w, https:\/\/rioonwatch.org\/wp-content\/uploads\/2015\/11\/Projection-940x400.jpg 940w\" sizes=\"(max-width: 620px) 100vw, 620px\" \/><\/a><\/p>\n<p>Provid\u00eancia\u2019s rich history and cultural life has long attracted artists, including international artist JR brought by Maur\u00edcio, with whom he created the <a href=\"http:\/\/bit.ly\/MbFnrL\" target=\"_blank\">Women Are Heroes<\/a> art project there in 2008. Maur\u00edcio also collaborated with Portuguese street artist Vhils who <a href=\"http:\/\/bit.ly\/1Oic0r6\" target=\"_blank\">sculpted evicted residents&#8217; portraits<\/a> into the community walls to protest forced evictions in 2013.<\/p>\n<p>An artist and graffiti professional who recently moved to Provid\u00eancia after more than 25 years working in carnival samba warehouses, Marcelo is\u00a0helping Maur\u00edcio revitalize the community&#8217;s\u00a0cultural center, known as the Casa Amarela (Yellow House),\u00a0to offer workshops for Provid\u00eancia&#8217;s children. Marcelo spoke of his\u00a0optimism for\u00a0Provid\u00eancia\u2019s future and of Saturday&#8217;s anniversary celebration: \u201cWe need these kinds of events. They bring joy and bring community members together.\u201d<\/p>\n","protected":false},"excerpt":{"rendered":"<div class=\"mh-excerpt\"><p>Clique aqui para Portugu\u00eas On Sunday, November 22, Brazil&#8217;s first favela, the\u00a0community of\u00a0Morro da Provid\u00eancia,\u00a0celebrated its\u00a0118th birthday. Though the exact day is unknown,\u00a0it is popularly understood\u00a0that Provid\u00eancia was born in November 1897. Following\u00a0Brazil\u00a0Black Awareness\u00a0month events <a class=\"mh-excerpt-more\" href=\"https:\/\/rioonwatch.org\/?p=25528\" title=\"Brazil&#8217;s First Favela, Morro da Provid\u00eancia, Celebrates 118th Birthday\">[&#8230;]<\/a><\/p>\n<\/div>","protected":false},"author":90,"featured_media":25532,"comment_status":"closed","ping_status":"closed","sticky":false,"template":"","format":"standard","meta":{"_monsterinsights_skip_tracking":false,"_monsterinsights_sitenote_active":false,"_monsterinsights_sitenote_note":"","_monsterinsights_sitenote_category":0,"footnotes":""},"categories":[1290,1333,1268,1271,329,1329],"tags":[396,1041,772,756,258,221,573,11,501,188,1870,1170,618,15,1036,572,148,146,144,571,957],"writer":[1786],"translator":[],"illustrator":[],"photographer":[],"class_list":{"0":"post-25528","1":"post","2":"type-post","3":"status-publish","4":"format-standard","5":"has-post-thumbnail","7":"category-civilsociety","8":"category-event-reports","9":"category-favelaculture","10":"category-favelaqualities","11":"category-solutions","12":"category-by-international-observers","13":"tag-art","14":"tag-black-awareness-month","15":"tag-cais-do-valongo","16":"tag-community-organizing","17":"tag-community-solution","18":"tag-favela-culture","19":"tag-feijoada","20":"tag-forced-evictions","21":"tag-funk","22":"tag-history","23":"tag-light-rail","24":"tag-municipal-guard","25":"tag-neighborhood-association","26":"tag-pacifying-police-unit","27":"tag-pedra-do-sal-quilombo","28":"tag-photography","29":"tag-port-region","30":"tag-porto-maravilha","31":"tag-morro-da-providencia","32":"tag-samba","33":"tag-street-vendors","34":"writer-marta-ill-raga"},"_links":{"self":[{"href":"https:\/\/rioonwatch.org\/index.php?rest_route=\/wp\/v2\/posts\/25528","targetHints":{"allow":["GET"]}}],"collection":[{"href":"https:\/\/rioonwatch.org\/index.php?rest_route=\/wp\/v2\/posts"}],"about":[{"href":"https:\/\/rioonwatch.org\/index.php?rest_route=\/wp\/v2\/types\/post"}],"author":[{"embeddable":true,"href":"https:\/\/rioonwatch.org\/index.php?rest_route=\/wp\/v2\/users\/90"}],"replies":[{"embeddable":true,"href":"https:\/\/rioonwatch.org\/index.php?rest_route=%2Fwp%2Fv2%2Fcomments&post=25528"}],"version-history":[{"count":0,"href":"https:\/\/rioonwatch.org\/index.php?rest_route=\/wp\/v2\/posts\/25528\/revisions"}],"wp:featuredmedia":[{"embeddable":true,"href":"https:\/\/rioonwatch.org\/index.php?rest_route=\/wp\/v2\/media\/25532"}],"wp:attachment":[{"href":"https:\/\/rioonwatch.org\/index.php?rest_route=%2Fwp%2Fv2%2Fmedia&parent=25528"}],"wp:term":[{"taxonomy":"category","embeddable":true,"href":"https:\/\/rioonwatch.org\/index.php?rest_route=%2Fwp%2Fv2%2Fcategories&post=25528"},{"taxonomy":"post_tag","embeddable":true,"href":"https:\/\/rioonwatch.org\/index.php?rest_route=%2Fwp%2Fv2%2Ftags&post=25528"},{"taxonomy":"writer","embeddable":true,"href":"https:\/\/rioonwatch.org\/index.php?rest_route=%2Fwp%2Fv2%2Fwriter&post=25528"},{"taxonomy":"translator","embeddable":true,"href":"https:\/\/rioonwatch.org\/index.php?rest_route=%2Fwp%2Fv2%2Ftranslator&post=25528"},{"taxonomy":"illustrator","embeddable":true,"href":"https:\/\/rioonwatch.org\/index.php?rest_route=%2Fwp%2Fv2%2Fillustrator&post=25528"},{"taxonomy":"photographer","embeddable":true,"href":"https:\/\/rioonwatch.org\/index.php?rest_route=%2Fwp%2Fv2%2Fphotographer&post=25528"}],"curies":[{"name":"wp","href":"https:\/\/api.w.org\/{rel}","templated":true}]}}