{"id":29231,"date":"2016-06-16T13:07:38","date_gmt":"2016-06-16T16:07:38","guid":{"rendered":"http:\/\/www.rioonwatch.org\/?p=29231"},"modified":"2017-04-19T11:22:11","modified_gmt":"2017-04-19T14:22:11","slug":"favelados-around-the-world-project-challenges-links-between-social-class-and-travel","status":"publish","type":"post","link":"https:\/\/rioonwatch.org\/?p=29231","title":{"rendered":"&#8216;Favelados Around the World&#8217; Channel Challenges Links Between Social Class and Travel [VIDEO]"},"content":{"rendered":"<p style=\"text-align: right;\"><a href=\"http:\/\/bit.ly\/28PEyK3\" target=\"_blank\"><strong><em>Clique aqui para Portugu\u00eas<\/em><\/strong><\/a><a href=\"http:\/\/bit.ly\/28PEyK3\" target=\"_blank\"><strong><em><img decoding=\"async\" width=\"20\" height=\"20\" class=\"alignright size-full wp-image-23766\" src=\"http:\/\/www.rioonwatch.org\/wp-content\/uploads\/2012\/08\/PT-e1439583827971.png\" \/><\/em><\/strong><\/a><\/p>\n<p>\u201c<em>Favelados<\/em> around the world is culture, too,\u201d <a href=\"http:\/\/bit.ly\/1XMsXO4\" target=\"_blank\">grins comedian Marcelo Magano<\/a>, standing in a sunlit street in Bogot\u00e1, Colombia. Behind him is the Jorge Eli\u00e9cer Gait\u00e1n Theater, known for its wide-ranging displays of culture including full seasons of opera and traditional zarzuela performances plus international theater, music and dance festivals. Built in 1890, the theater is only a few years older than\u00a0<a href=\"http:\/\/bit.ly\/1TlFX8h\" target=\"_blank\">Rio\u2019s oldest favelas<\/a>.<\/p>\n<p>In February 2016 Magano, a resident of <a href=\"http:\/\/bit.ly\/1wwjhWi\" target=\"_blank\">City of God<\/a> in the <a href=\"http:\/\/bit.ly\/14ViRBO\" target=\"_blank\">West Zone<\/a> of Rio de Janeiro, launched the\u00a0<a href=\"http:\/\/bit.ly\/24hLBgQ\" target=\"_blank\">YouTube series \u2018Favelados Around the World.\u2019<\/a>\u00a0He describes the project as \u201cnothing more than a modern favela resident saving for a year to travel.\u201d The series consists of 5-minute episodes of Magano and blog posts from his friends from other favelas exploring cities abroad, providing comedy-infused travel advice \u201cby <em>favelados<\/em> for <em>favelados<\/em>.\u201d<\/p>\n<p><a href=\"http:\/\/www.rioonwatch.org\/wp-content\/uploads\/2016\/06\/3.jpg\"><img fetchpriority=\"high\" decoding=\"async\" class=\"aligncenter wp-image-29568 size-content\" title=\"Marcelo Magano in Bogat\u00e1\" src=\"http:\/\/www.rioonwatch.org\/wp-content\/uploads\/2016\/06\/3-620x264.jpg\" alt=\"Marcelo Magano in Bogat\u00e1\" width=\"620\" height=\"264\" \/><\/a><\/p>\n<p>\u201cWho says <a href=\"http:\/\/bit.ly\/1r0EFro\" target=\"_blank\">the poor don\u2019t travel<\/a>?\u201d writes Magano in the series&#8217; <a href=\"http:\/\/bit.ly\/24hLBgQ\" target=\"_blank\">inaugural blog post<\/a>. \u201cI don\u2019t know if it\u2019s because the middle class is rising or because the rich are in crisis, but the truth is that the poor also travel and spend.\u201d<\/p>\n<p>Magano\u2019s pursuit of travel extends the territory of contemporary debates about participation in <a href=\"http:\/\/bit.ly\/1y2hqyq\" target=\"_blank\">popular culture<\/a>,\u00a0<a href=\"http:\/\/bit.ly\/1OubRvQ\" target=\"_blank\">politics<\/a> and the <a href=\"http:\/\/bit.ly\/1Bm0h0B\" target=\"_blank\">right to public space<\/a>. Often framed as a case of economic feasibility, debates around who should participate in travel\u00a0<a href=\"http:\/\/bit.ly\/1VsUSlV#\" target=\"_blank\">play off stereotypes<\/a> that favela <a href=\"http:\/\/bit.ly\/1CITsXA\" target=\"_blank\">residents are too poor<\/a> to travel, it would be financially irresponsible for them to do so, or that they cannot partake of &#8220;high culture.&#8221; International travel, and air travel in particular, have been framed in the recent past as something belonging exclusively to Brazil\u2019s elite social tiers. In 2012, <em>Folha de S\u00e3o Paulo<\/em> published an <a href=\"http:\/\/bit.ly\/U76Z5J\" target=\"_blank\">opinion piece from writer Danuza Le\u00e3o<\/a> lamenting that travel loses its allure \u201cif your doorman can go as well.&#8221;<\/p>\n<p>More recently, in 2014 a professor at Rio&#8217;s Pontifical Catholic University (PUC), posted <a href=\"http:\/\/bit.ly\/1SFw6w6\" target=\"_blank\">a photo of a fellow passenger<\/a> at Rio\u2019s Santos Dumont\u00a0airport to Facebook with the caption, \u201cAirport or bus station?\u201d The photo triggered\u00a0hundreds of shares, largely\u00a0due to comments from other university professors that the passenger depicted \u201clooked more like a stowaway,\u201d that air travel is now \u201cseriously lacking in glamor\u201d and that \u201cthis is the type of passenger who\u2013clearly\u2013doesn\u2019t respect (or doesn\u2019t fit) in their own seat.\u201d<\/p>\n<p><a href=\"http:\/\/www.rioonwatch.org\/wp-content\/uploads\/2016\/05\/Capture.png\"><img decoding=\"async\" class=\"wp-image-29251 size-content aligncenter\" title=\"PUC professor sparked outrage with derogatory comments about favela residents\" src=\"http:\/\/www.rioonwatch.org\/wp-content\/uploads\/2016\/05\/Capture-620x264.png\" alt=\"PUC professor sparked outrage with derogatory comments about favela residents\" width=\"620\" height=\"264\" \/><\/a><\/p>\n<p>In the <a href=\"http:\/\/bit.ly\/1UHjmCV\" target=\"_blank\">Favelados Around the World<\/a> project, Magano uses his unique brand of comedy to challenge notions that travel is reserved for certain economic or social classes. His narrations of his first trips to Bogot\u00e1, Cartagena and San Andr\u00e9s in Colombia poke fun at middle and upper classes as well as working classes and fellow favela residents.<\/p>\n<p>\u201cLaughter is revolutionary,\u201d he explains. \u201cLaughter is my most powerful and clearest weapon of expression. I like to play with the stereotypes given to the favelas, the idea that you\u2019re \u2018poor even when you have money because you spend it on frivolities.\u2019<\/p>\n<p>\u201cThere\u2019s always this idea of the <a href=\"http:\/\/bit.ly\/1zflqMP\" target=\"_blank\">ostentatious<\/a> dude who spends money on drinking, on women and expensive clothes, and that this is the only type of <em>favelado<\/em>\u00a0that exists. Yes, I am bragging about traveling in the same way that many favela\u00a0residents\u00a0brag to show off what they have. But I\u2019m doing this to show that we were always more than that stereotype.\u201d<\/p>\n<p>For Magano, travel isn\u2019t about showing off or about leisure; instead, he believes that each journey is about learning, experience and cultural exchanges that enable personal transformation. He says he is surprised by the series\u2019 impact, with more and more of his peers expressing interest in following in his footsteps. \u201cFavelados Around the World is a culture,\u201d he reaffirms, \u201cit\u2019s about more than just leisure.\u201d<\/p>\n<p>\u201cTraveling should be a basic right for every human being,\u201d he said. \u201cFavelados Pelo Mundo is a manifesto: we want to see poor black youths traveling around, exchanging, sharing, learning and teaching with others.\u201d<\/p>\n<figure id=\"attachment_29567\" aria-describedby=\"caption-attachment-29567\" style=\"width: 620px\" class=\"wp-caption aligncenter\"><a href=\"http:\/\/www.rioonwatch.org\/wp-content\/uploads\/2016\/06\/13001121_1021710514543865_1720838969064635275_n.jpg\"><img loading=\"lazy\" decoding=\"async\" class=\"wp-image-29567\" title=\"&quot;There are favela residents traveling abroad!&quot;\" src=\"http:\/\/www.rioonwatch.org\/wp-content\/uploads\/2016\/06\/13001121_1021710514543865_1720838969064635275_n.jpg\" alt=\"&quot;There are favela residents traveling abroad!&quot;\" width=\"620\" height=\"620\" srcset=\"https:\/\/rioonwatch.org\/wp-content\/uploads\/2016\/06\/13001121_1021710514543865_1720838969064635275_n.jpg 960w, https:\/\/rioonwatch.org\/wp-content\/uploads\/2016\/06\/13001121_1021710514543865_1720838969064635275_n-300x300.jpg 300w, https:\/\/rioonwatch.org\/wp-content\/uploads\/2016\/06\/13001121_1021710514543865_1720838969064635275_n-768x768.jpg 768w\" sizes=\"(max-width: 620px) 100vw, 620px\" \/><\/a><figcaption id=\"caption-attachment-29567\" class=\"wp-caption-text\">&#8220;There are favela residents traveling abroad!&#8221;<\/figcaption><\/figure>\n<p>Favelados Around the World has extended beyond South America, with Magano\u2019s peers traveling in the USA and Europe. Activist and writer <a href=\"http:\/\/bit.ly\/1qtRfzL\" target=\"_blank\">Thain\u00e3 de Medeiros<\/a> wrote about his trip to Holland for Favelados Around the World, which he <a href=\"http:\/\/bit.ly\/1XIMIbb\" target=\"_blank\">described as the \u201cfirst vacation of my life\u201d<\/a> and an \u201cachievement for someone of my background to even set foot in Europe.\u201d<\/p>\n<p>Isabela, a French language teacher from Bras\u00edlia, <a href=\"http:\/\/bit.ly\/1WGV02n\" target=\"_blank\">wrote a guest post<\/a> for the series blog after her 20-day trip through Lisbon, Brussels, Amsterdam, Paris and Dijon. \u201cFavelados Around the World is the most beautiful thing,\u201d she wrote, \u201cbecause it shows people, people like us, that you don\u2019t have to be born with a silver spoon to see the world, nor are we limited by where we are born.\u201d<\/p>\n<p>Community journalist and activist <a href=\"http:\/\/bit.ly\/1Nj8p7u\" target=\"_blank\">Raull Santiago<\/a> voiced his support for Favelados Around the World after his recent trip to New York City with D\u00e9bora Maria da Silva, founder of the\u00a0<a href=\"http:\/\/bit.ly\/1syJQ3k\" target=\"_blank\">M\u00e3es de Maio Movement<\/a>\u00a0of mothers who&#8217;ve lost children to police violence. Both were <a href=\"http:\/\/bit.ly\/1Pjb7f1\" target=\"_blank\">speaking at an Amnesty International event<\/a>\u00a0on human rights and police violence in the favelas. Santiago and Medeiros\u2019 fellow <a href=\"http:\/\/bit.ly\/1CFBPI0\" target=\"_blank\">Coletivo Papo Reto<\/a> activist Renata Trajano also recently visited Baltimore, after which Santiago <a href=\"http:\/\/bit.ly\/1XcEsiL\">shared the above photo on Facebook<\/a>, endorsing Magano\u2019s series. Santiago\u2019s ecstatic caption reads, \u201cJust so you know: the favela is traveling abroad!\u201d and was met with equal enthusiasm in the comments.<\/p>\n<p>Magano is expanding the program, with four competition winners who will travel and blog to be\u00a0announced at the end of 2016. And Magano has no plans to stop traveling himself, with\u00a0plans for his own next journeys are already in place. He plans to travel\u00a0through Central America, in Mexico, Guatemala, Honduras and Costa Rica. He finishes our exchange with another chuckle, \u201cOstentatious, no?\u201d<\/p>\n<h3>Check out Episode 1:<\/h3>\n<p><iframe src=\"https:\/\/www.youtube.com\/embed\/RwHyraUit2k\" width=\"620\" height=\"349\" frameborder=\"0\" allowfullscreen=\"allowfullscreen\"><\/iframe><\/p>\n","protected":false},"excerpt":{"rendered":"<div class=\"mh-excerpt\"><p>Clique aqui para Portugu\u00eas \u201cFavelados around the world is culture, too,\u201d grins comedian Marcelo Magano, standing in a sunlit street in Bogot\u00e1, Colombia. Behind him is the Jorge Eli\u00e9cer Gait\u00e1n Theater, known for its wide-ranging <a class=\"mh-excerpt-more\" href=\"https:\/\/rioonwatch.org\/?p=29231\" title=\"&#8216;Favelados Around the World&#8217; Channel Challenges Links Between Social Class and Travel [VIDEO]\">[&#8230;]<\/a><\/p>\n<\/div>","protected":false},"author":103,"featured_media":29570,"comment_status":"closed","ping_status":"closed","sticky":false,"template":"","format":"standard","meta":{"_monsterinsights_skip_tracking":false,"_monsterinsights_sitenote_active":false,"_monsterinsights_sitenote_note":"","_monsterinsights_sitenote_category":0,"footnotes":""},"categories":[1294,1668,1268,1284,1329],"tags":[750,231,1606,2087,1653,2089,504,506,221,2090,2091,2088,203,878,2134,1678,534,558,1403,453,2086,21],"writer":[1956],"translator":[],"illustrator":[],"photographer":[],"class_list":{"0":"post-29231","1":"post","2":"type-post","3":"status-publish","4":"format-standard","5":"has-post-thumbnail","7":"category-communitymedia","8":"category-participationwatch","9":"category-favelaculture","10":"category-interviews-profiles","11":"category-by-international-observers","12":"tag-access","13":"tag-city-of-god","14":"tag-coletivo-papo-reto","15":"tag-colombia","16":"tag-community-media","17":"tag-costa-rica","18":"tag-culture","19":"tag-exclusion","20":"tag-favela-culture","21":"tag-guatemala","22":"tag-holland","23":"tag-honduras","24":"tag-inequality","25":"tag-international-comparison","26":"tag-maes-de-maio","27":"tag-mexico","28":"tag-misperceptions","29":"tag-prejudice","30":"tag-solution","31":"tag-stigma","32":"tag-travel","33":"tag-west-zone","34":"writer-ciara-long"},"_links":{"self":[{"href":"https:\/\/rioonwatch.org\/index.php?rest_route=\/wp\/v2\/posts\/29231","targetHints":{"allow":["GET"]}}],"collection":[{"href":"https:\/\/rioonwatch.org\/index.php?rest_route=\/wp\/v2\/posts"}],"about":[{"href":"https:\/\/rioonwatch.org\/index.php?rest_route=\/wp\/v2\/types\/post"}],"author":[{"embeddable":true,"href":"https:\/\/rioonwatch.org\/index.php?rest_route=\/wp\/v2\/users\/103"}],"replies":[{"embeddable":true,"href":"https:\/\/rioonwatch.org\/index.php?rest_route=%2Fwp%2Fv2%2Fcomments&post=29231"}],"version-history":[{"count":0,"href":"https:\/\/rioonwatch.org\/index.php?rest_route=\/wp\/v2\/posts\/29231\/revisions"}],"wp:featuredmedia":[{"embeddable":true,"href":"https:\/\/rioonwatch.org\/index.php?rest_route=\/wp\/v2\/media\/29570"}],"wp:attachment":[{"href":"https:\/\/rioonwatch.org\/index.php?rest_route=%2Fwp%2Fv2%2Fmedia&parent=29231"}],"wp:term":[{"taxonomy":"category","embeddable":true,"href":"https:\/\/rioonwatch.org\/index.php?rest_route=%2Fwp%2Fv2%2Fcategories&post=29231"},{"taxonomy":"post_tag","embeddable":true,"href":"https:\/\/rioonwatch.org\/index.php?rest_route=%2Fwp%2Fv2%2Ftags&post=29231"},{"taxonomy":"writer","embeddable":true,"href":"https:\/\/rioonwatch.org\/index.php?rest_route=%2Fwp%2Fv2%2Fwriter&post=29231"},{"taxonomy":"translator","embeddable":true,"href":"https:\/\/rioonwatch.org\/index.php?rest_route=%2Fwp%2Fv2%2Ftranslator&post=29231"},{"taxonomy":"illustrator","embeddable":true,"href":"https:\/\/rioonwatch.org\/index.php?rest_route=%2Fwp%2Fv2%2Fillustrator&post=29231"},{"taxonomy":"photographer","embeddable":true,"href":"https:\/\/rioonwatch.org\/index.php?rest_route=%2Fwp%2Fv2%2Fphotographer&post=29231"}],"curies":[{"name":"wp","href":"https:\/\/api.w.org\/{rel}","templated":true}]}}