{"id":32383,"date":"2016-08-05T06:00:59","date_gmt":"2016-08-05T09:00:59","guid":{"rendered":"http:\/\/www.rioonwatch.org\/?p=32383"},"modified":"2016-10-08T05:53:57","modified_gmt":"2016-10-08T08:53:57","slug":"providencia-hosts-cultural-festival-featuring-local-capoeira-theater-cinema-and-environmental-action","status":"publish","type":"post","link":"https:\/\/rioonwatch.org\/?p=32383","title":{"rendered":"Provid\u00eancia Hosts Cultural Festival Featuring Local Capoeira, Theater, Cinema and Environmental Action Groups"},"content":{"rendered":"<p style=\"text-align: right;\"><a href=\"http:\/\/bit.ly\/2arIVNw\" target=\"_blank\"><strong><em>Clique aqui para Portugu\u00eas<img decoding=\"async\" width=\"20\" height=\"20\" class=\"alignright size-full wp-image-23766\" src=\"http:\/\/www.rioonwatch.org\/wp-content\/uploads\/2012\/08\/PT-e1439583827971.png\" \/><\/em><\/strong><\/a><\/p>\n<p>On\u00a0June 23, the Largo do Cruzeiro square in <a href=\"http:\/\/bit.ly\/1jqQCNc\" target=\"_blank\">Providencia<\/a>\u00a0in <a href=\"http:\/\/bit.ly\/1p1GMFc\" target=\"_blank\">central Rio de Janeiro<\/a>\u00a0hosted\u00a0the <a href=\"http:\/\/bit.ly\/2ascsBK\" target=\"_blank\">Festival\u00a0Subindo a Ladeira<\/a> (Climbing the Hill Festival), with groups from inside and outside the favela taking part. The festival took place over the course of a day and included theater and other performances, hip hop, capoeira, a cinema club and environment action. The square in front of the Nossa Senhora da Penha church was occupied by groups such as <a href=\"http:\/\/bit.ly\/2aMZ7t8\" target=\"_blank\">Bando Teatro Favela<\/a> (theater), <a href=\"http:\/\/bit.ly\/2aKB4K9\" target=\"_blank\">N\u00facleo da Provid\u00eancia da Capoeira Ventre Livre<\/a> (capoeira), <a href=\"http:\/\/bit.ly\/2c8OrFj\" target=\"_blank\">Efeito Urbano<\/a> (dance), <a href=\"http:\/\/bit.ly\/2c2vmRG\" target=\"_blank\">Horta Inteligente<\/a> (urban gardening and environmental education), and <a href=\"http:\/\/bit.ly\/2c2vZL3\" target=\"_blank\">Cine Provid\u00eancia<\/a> (cinema), among others.<\/p>\n<p>\u201cThe festival came about after we did a skills course organized by <a href=\"http:\/\/bit.ly\/1zaaEFk\" target=\"_blank\">Favela Criativa<\/a> (Creative Favela),&#8221; said M\u00f4nica Saturnino, 41, one of the event organizers. Another organizer C\u00edntia Sant\u2019Anna, 30, explained that she and M\u00f4nica have been holding workshops in the favela for five years, but it was only last year that the <a href=\"http:\/\/bit.ly\/2aMZ7t8\" target=\"_blank\">Bando Teatro Favela<\/a> theater group was formed, putting on a play called \u201cEntre Becos e Vielas\u201d (\u201cBetween the Alleys and Narrow Streets\u201d). The play formed part of this year\u2019s festival. M\u00f4nica and C\u00edntia took part in the street theater group <a href=\"http:\/\/bit.ly\/2ayPqdJ\" target=\"_blank\">Grupo de Teatro T\u00e1 na Rua<\/a>, directed by Amir Haddad: the group perform in Lapa, downtown Rio. The two women spoke about how this experience gave them the desire to occupy the Provid\u00eancia square and have more direct contact with\u00a0residents. \u201cOne of our objectives was to occupy this space, so we occupied the square,\u201d said Sant\u2019Anna.<\/p>\n<p><a href=\"http:\/\/www.rioonwatch.org\/wp-content\/uploads\/2016\/08\/Foto-2.jpg\"><img fetchpriority=\"high\" decoding=\"async\" class=\"aligncenter wp-image-32391 size-content\" title=\"Capoeira circle perform in the square. Photo by Miriane Peregrino\" src=\"http:\/\/www.rioonwatch.org\/wp-content\/uploads\/2016\/08\/Foto-2-620x264.jpg\" alt=\"Capoeira circle perform in the square. Photo by Miriane Peregrino\" width=\"620\" height=\"264\" srcset=\"https:\/\/rioonwatch.org\/wp-content\/uploads\/2016\/08\/Foto-2-620x264.jpg 620w, https:\/\/rioonwatch.org\/wp-content\/uploads\/2016\/08\/Foto-2-940x400.jpg 940w\" sizes=\"(max-width: 620px) 100vw, 620px\" \/><\/a><\/p>\n<p>At around 1pm there was a <a href=\"http:\/\/bit.ly\/1Ow5Ore\" target=\"_blank\">capoeira<\/a> circle with lots of children from Provid\u00eancia taking part, organized by resident and capoeira teacher, Rog\u00e9rio Silva, 35. \u201cIt\u2019s incredible for me to participate in this circle\u00a0because I started playing capoeira here in 1996, when I was 16 years old. And now I\u2019m here with the capoeira master, Mestre Batata. It\u2019s very satisfying to see these kids playing today, getting to know capoeira,\u201d he said. The capoeira group <a href=\"http:\/\/bit.ly\/2aKB4K9\" target=\"_blank\">N\u00facleo Provid\u00eancia do Centro Cultural de Capoeira Ventre Livre<\/a> has existed in Provid\u00eancia for more than 20 years.<\/p>\n<p>Juliana Melo, 27, director and actor from the dance group <a href=\"http:\/\/bit.ly\/2c8OrFj\" target=\"_blank\">Efeito Urbano<\/a>, also praised the festival\u2019s initiative. \u201cIt\u2019s through combining our strengths that we manage to achieve things,\u201d she said. Efeito Urbano was created in 2011 and is composed of young Provid\u00eancia residents. They hold free workshops every Wednesday evening from 6-8pm. Mixing hip hop, performance skills and theater, the group will premiere their first performance, &#8220;Funk &#8211; For\u00e7a Urbana Nacional Carioca&#8221; (Funk &#8211; Rio\u2019s National Urban Force), on September 18, at the Arena Dicr\u00f3 in <a href=\"http:\/\/bit.ly\/1zvuEky\" target=\"_blank\">Penha<\/a>.<\/p>\n<p>\u201cI think art is a weapon that works for good. I carry my dance as if it were a weapon for good,\u201d said Juliana, who started to dance in 2002. \u201cI say to [the kids] that dance is a way for us to work on concepts such as respect, ending discrimination and breaking taboos. Art is a kind of magic. We are a little bit of light in Provid\u00eancia, in the region, sharing our knowledge and bringing people to the stage.\u201d<\/p>\n<p><a href=\"http:\/\/www.rioonwatch.org\/wp-content\/uploads\/2016\/08\/Foto-3-e1472479339231.jpg\"><img decoding=\"async\" class=\"aligncenter wp-image-32392 size-content\" title=\"Youth from Efeito Urbano perform in front of the church. Photo by Miriane Peregrino\" src=\"http:\/\/www.rioonwatch.org\/wp-content\/uploads\/2016\/08\/Foto-3-e1472479339231-620x264.jpg\" alt=\"Youth from Efeito Urbano perform in front of the church. Photo by Miriane Peregrino\" width=\"620\" height=\"264\" srcset=\"https:\/\/rioonwatch.org\/wp-content\/uploads\/2016\/08\/Foto-3-e1472479339231-620x264.jpg 620w, https:\/\/rioonwatch.org\/wp-content\/uploads\/2016\/08\/Foto-3-e1472479339231-940x400.jpg 940w\" sizes=\"(max-width: 620px) 100vw, 620px\" \/><\/a><\/p>\n<p>Provid\u00eancia resident Maria L\u00facia, 50, watched all the festival\u2019s shows. She works as a general assistant at the Fluminense Federal University (UFF), crossing the Guanabara Bay every day to work Monday to Friday, and relaxes at the weekend by being at home with her husband and meeting her neighbors in the square. \u201cI really liked the hip hop and capoeira,\u201d she said. \u201cI wish we always had this kind of thing happening in the favela: it animates people.\u201d<\/p>\n<p><a href=\"http:\/\/www.rioonwatch.org\/wp-content\/uploads\/2016\/08\/Foto-4.jpg\"><img loading=\"lazy\" decoding=\"async\" class=\"aligncenter wp-image-32393 size-content\" title=\"Cine Provid\u00eancia screened short films about the community and Port Region. Photo by Miriane Peregrino\" src=\"http:\/\/www.rioonwatch.org\/wp-content\/uploads\/2016\/08\/Foto-4-620x264.jpg\" alt=\"Cine Provid\u00eancia screened short films about the community and Port Region. Photo by Miriane Peregrino\" width=\"620\" height=\"264\" srcset=\"https:\/\/rioonwatch.org\/wp-content\/uploads\/2016\/08\/Foto-4-620x264.jpg 620w, https:\/\/rioonwatch.org\/wp-content\/uploads\/2016\/08\/Foto-4-940x400.jpg 940w\" sizes=\"(max-width: 620px) 100vw, 620px\" \/><\/a><\/p>\n<p>The last event on the festival program was a screening of ten short films about Provid\u00eancia and the surrounding <a href=\"http:\/\/bit.ly\/1iwThVm\" target=\"_blank\">Port Region<\/a> of Rio. The films were launched at the latest editions of the <a href=\"http:\/\/bit.ly\/2aKD05G\" target=\"_blank\">72 Hours cinema festival<\/a>: an event where filmmakers submit films they\u2019ve made in less than 72 hours. Alexandre Louren\u00e7o, 37, from <a href=\"http:\/\/bit.ly\/1bkFZ10\" target=\"_blank\">Cidade Nova<\/a>, was the curator of the screening and the films shown covered issues such as <a href=\"http:\/\/bit.ly\/1l6Oo5g\" target=\"_blank\">gentrification<\/a>, <a href=\"http:\/\/bit.ly\/1ttMnJX\" target=\"_blank\">racism<\/a>, religion and childhood in favelas. <a href=\"http:\/\/bit.ly\/2c2vZL3\" target=\"_blank\">Cine Providencia<\/a>\u00a0was founded in 2014 and Alexandre has been working in the community\u00a0for the last two years. \u201cWe have an archive of 120 short films made in the Port Region alone,\u201d he said. \u201cWe are a mobile organization and we do exchanges with other communities in Rio, such as <a href=\"http:\/\/bit.ly\/1wwjhWi\" target=\"_blank\">City of God<\/a>.\u201d<\/p>\n<p>The short film <em>Olhares da Provid\u00eancia<\/em> (Provid\u00eancia Viewpoints), produced by Alexandre Louren\u00e7o, was created for the 72 Hours festival this year. \u201cIt was great, we had to write and produce the whole thing in three days and it was all done here in Provid\u00eancia,\u201d he said. The film screening moved a lot of the residents in the audience who in many cases could recognize either themselves on the screen, or their neighbors or places in the film that were used for different scenes. At one point lots of children in the audience shouted out \u201cIt\u2019s Vera!\u201d when they saw an image of Provid\u00eancia resident Vera L\u00facia Ferreira, 48, on the screen.<\/p>\n<p>\u201cI actually didn\u2019t see myself on the screen because at that moment I was serving someone,\u201d said Vera L\u00facia, who lives and has a bar in front of the church square. \u201cEver since I was born my mother always worked serving people. I\u2019ve been in this house for 28 years. After my mother died I took over this bar myself.\u201d Vera L\u00facia said she liked the festival and hoped to see more activities like it in the favela.<\/p>\n<p><a href=\"http:\/\/www.rioonwatch.org\/wp-content\/uploads\/2016\/08\/Foto-5.jpg\"><img loading=\"lazy\" decoding=\"async\" class=\"aligncenter wp-image-32394 size-content\" title=\"Vera L\u00facia in her bar in Provid\u00eancia. Photo by Miriane Peregrino\" src=\"http:\/\/www.rioonwatch.org\/wp-content\/uploads\/2016\/08\/Foto-5-620x264.jpg\" alt=\"Vera L\u00facia in her bar in Provid\u00eancia. Photo by Miriane Peregrino\" width=\"620\" height=\"264\" srcset=\"https:\/\/rioonwatch.org\/wp-content\/uploads\/2016\/08\/Foto-5-620x264.jpg 620w, https:\/\/rioonwatch.org\/wp-content\/uploads\/2016\/08\/Foto-5-940x400.jpg 940w\" sizes=\"(max-width: 620px) 100vw, 620px\" \/><\/a><\/p>\n<p>C\u00edntia and M\u00f4nica are preparing a new performance, this time about women. \u201cWe know that the favela is a feminine place. The whole world is,\u201d said C\u00edntia. &#8220;I got into theater as a way to improve my self confidence and the idea is that through theater we can show people that there are other possibilities, other options. Theater showed me other options; it showed me that I had choices,\u201d she said. \u201cI often talk with people who say, \u2018but everyone can make their own choices\u2026\u2019 I don\u2019t believe it. Here there\u2019s often one option that holds sway, when you need money and someone offers you R$100\u00a0to do something, you know? We want to show that there are other options out there. And we give what we know how to give: theater!\u201d<\/p>\n<p>As well as organizing the festival and being founding members of the theater group Bando Teatro Favela, C\u00edntia Sant\u2019Anna and M\u00f4nica Saturnino have also created a cultural organization called Associa\u00e7\u00e3o Cultural Colombina, which they run from C\u00edntia\u2019s home in Provid\u00eancia.<\/p>\n","protected":false},"excerpt":{"rendered":"<div class=\"mh-excerpt\"><p>Clique aqui para Portugu\u00eas On\u00a0June 23, the Largo do Cruzeiro square in Providencia\u00a0in central Rio de Janeiro\u00a0hosted\u00a0the Festival\u00a0Subindo a Ladeira (Climbing the Hill Festival), with groups from inside and outside the favela taking part. The <a class=\"mh-excerpt-more\" href=\"https:\/\/rioonwatch.org\/?p=32383\" title=\"Provid\u00eancia Hosts Cultural Festival Featuring Local Capoeira, Theater, Cinema and Environmental Action Groups\">[&#8230;]<\/a><\/p>\n<\/div>","protected":false},"author":17,"featured_media":32390,"comment_status":"closed","ping_status":"closed","sticky":false,"template":"","format":"standard","meta":{"_monsterinsights_skip_tracking":false,"_monsterinsights_sitenote_active":false,"_monsterinsights_sitenote_note":"","_monsterinsights_sitenote_category":0,"footnotes":""},"categories":[1328,1333,1268,1271,329],"tags":[396,169,1261,258,1522,504,320,1502,221,602,148,144,1403,319],"writer":[1532],"translator":[1401],"illustrator":[],"photographer":[],"class_list":{"0":"post-32383","1":"post","2":"type-post","3":"status-publish","4":"format-standard","5":"has-post-thumbnail","7":"category-by-community-contributors","8":"category-event-reports","9":"category-favelaculture","10":"category-favelaqualities","11":"category-solutions","12":"tag-art","13":"tag-capoeira","14":"tag-central-rio","15":"tag-community-solution","16":"tag-cultural-production","17":"tag-culture","18":"tag-dance","19":"tag-favela-criativa","20":"tag-favela-culture","21":"tag-film","22":"tag-port-region","23":"tag-morro-da-providencia","24":"tag-solution","25":"tag-theatre","26":"writer-miriane-peregrino","27":"translator-sarah-jacobs"},"_links":{"self":[{"href":"https:\/\/rioonwatch.org\/index.php?rest_route=\/wp\/v2\/posts\/32383","targetHints":{"allow":["GET"]}}],"collection":[{"href":"https:\/\/rioonwatch.org\/index.php?rest_route=\/wp\/v2\/posts"}],"about":[{"href":"https:\/\/rioonwatch.org\/index.php?rest_route=\/wp\/v2\/types\/post"}],"author":[{"embeddable":true,"href":"https:\/\/rioonwatch.org\/index.php?rest_route=\/wp\/v2\/users\/17"}],"replies":[{"embeddable":true,"href":"https:\/\/rioonwatch.org\/index.php?rest_route=%2Fwp%2Fv2%2Fcomments&post=32383"}],"version-history":[{"count":0,"href":"https:\/\/rioonwatch.org\/index.php?rest_route=\/wp\/v2\/posts\/32383\/revisions"}],"wp:featuredmedia":[{"embeddable":true,"href":"https:\/\/rioonwatch.org\/index.php?rest_route=\/wp\/v2\/media\/32390"}],"wp:attachment":[{"href":"https:\/\/rioonwatch.org\/index.php?rest_route=%2Fwp%2Fv2%2Fmedia&parent=32383"}],"wp:term":[{"taxonomy":"category","embeddable":true,"href":"https:\/\/rioonwatch.org\/index.php?rest_route=%2Fwp%2Fv2%2Fcategories&post=32383"},{"taxonomy":"post_tag","embeddable":true,"href":"https:\/\/rioonwatch.org\/index.php?rest_route=%2Fwp%2Fv2%2Ftags&post=32383"},{"taxonomy":"writer","embeddable":true,"href":"https:\/\/rioonwatch.org\/index.php?rest_route=%2Fwp%2Fv2%2Fwriter&post=32383"},{"taxonomy":"translator","embeddable":true,"href":"https:\/\/rioonwatch.org\/index.php?rest_route=%2Fwp%2Fv2%2Ftranslator&post=32383"},{"taxonomy":"illustrator","embeddable":true,"href":"https:\/\/rioonwatch.org\/index.php?rest_route=%2Fwp%2Fv2%2Fillustrator&post=32383"},{"taxonomy":"photographer","embeddable":true,"href":"https:\/\/rioonwatch.org\/index.php?rest_route=%2Fwp%2Fv2%2Fphotographer&post=32383"}],"curies":[{"name":"wp","href":"https:\/\/api.w.org\/{rel}","templated":true}]}}