{"id":34766,"date":"2017-01-30T14:23:44","date_gmt":"2017-01-30T17:23:44","guid":{"rendered":"http:\/\/www.rioonwatch.org\/?p=34766"},"modified":"2020-08-07T14:03:48","modified_gmt":"2020-08-07T17:03:48","slug":"book-analyzes-removals-from-rio-favelas-between-2007-and-2011","status":"publish","type":"post","link":"https:\/\/rioonwatch.org\/?p=34766","title":{"rendered":"Interview With a Former Public Defender: Rio Attorney Alexandre Mendes Launches Book on Favela Removals [INTERVIEW]"},"content":{"rendered":"<p style=\"text-align: right;\"><a href=\"http:\/\/bit.ly\/2hgLPnX\" target=\"_blank\" rel=\"noopener noreferrer\"><strong><em>Clique aqui para Portugu\u00eas<img decoding=\"async\" width=\"20\" height=\"20\" class=\"alignright size-full wp-image-23766\" src=\"http:\/\/www.rioonwatch.org\/wp-content\/uploads\/2012\/08\/PT-e1439583827971.png\" \/><\/em><\/strong><\/a><\/p>\n<p><em>For the original article by Eduardo S\u00e1\u00a0in Portuguese\u00a0published by Fazendo Media\u00a0click <a href=\"http:\/\/bit.ly\/2hgLPnX\" target=\"_blank\" rel=\"noopener noreferrer\">here<\/a>.<\/em><\/p>\n<p>Various studies and specialists <a href=\"http:\/\/bit.ly\/1JnWsNg\" target=\"_blank\" rel=\"noopener noreferrer\">have declared<\/a> that\u00a0the last decade was the period during\u00a0which the most people were <a href=\"http:\/\/bit.ly\/1Tg0lMI\" target=\"_blank\" rel=\"noopener noreferrer\">evicted<\/a>\u00a0from their homes by the government in the Marvelous City. The reasons behind this\u00a0are varied, but hosting\u00a0<a href=\"http:\/\/bit.ly\/1CyLaE2\" target=\"_blank\" rel=\"noopener noreferrer\">mega-events<\/a> like the <a href=\"http:\/\/bit.ly\/1pvpuE4\" target=\"_blank\" rel=\"noopener noreferrer\">World Cup<\/a>\u00a0and the <a href=\"http:\/\/bit.ly\/1pXMFVa\" target=\"_blank\" rel=\"noopener noreferrer\">Olympics<\/a> was\u00a0used as the main justification. In parallel with\u00a0this process, affected residents in various neighborhoods of the city set up a resistance movement in partnership with the <a href=\"http:\/\/bit.ly\/1tXvTWY\" target=\"_blank\" rel=\"noopener noreferrer\">State Public Defenders&#8217; Office&#8217;s\u00a0Housing and Land Nucleus (NUTH)<\/a> in Rio de Janeiro.<\/p>\n<p><a href=\"http:\/\/www.rioonwatch.org\/wp-content\/uploads\/2017\/01\/resistencia-das-favelas.png\"><img fetchpriority=\"high\" decoding=\"async\" class=\"alignright wp-image-34773 size-full\" src=\"http:\/\/www.rioonwatch.org\/wp-content\/uploads\/2017\/01\/resistencia-das-favelas.png\" width=\"300\" height=\"300\" \/><\/a>In order to maintain\u00a0the memory of this period alive and present possibilities to the displaced, Alexandre Mendes, who previously worked as a Public Defender for NUTH (2006-2011) and who is now a law professor at the State University of Rio de Janeiro (UERJ), edited\u00a0<a href=\"http:\/\/bit.ly\/2flmp78\" target=\"_blank\" rel=\"noopener noreferrer\">the book &#8220;Resistance to Favela Removals in Rio de Janeiro&#8221;<\/a> in partnership with Professor <a href=\"http:\/\/bit.ly\/2eBJuST\" target=\"_blank\" rel=\"noopener noreferrer\">Giuseppe Cocco<\/a> from the Federal University of Rio de Janeiro&#8217;s School of Social Work\u00a0(UFRJ), <a href=\"http:\/\/bit.ly\/2jKuB36\" target=\"_blank\" rel=\"noopener noreferrer\">published by Revan<\/a>. In this work he joins together an interview with <a href=\"http:\/\/bit.ly\/1pz3VFe\" target=\"_blank\" rel=\"noopener noreferrer\">Dona Penha<\/a>, resident of <a href=\"http:\/\/bit.ly\/VilaAut\" target=\"_blank\" rel=\"noopener noreferrer\">Vila Aut\u00f3dromo<\/a>, and various other articles by social activists who lived through the process.\u00a0The book also highlights the difficulties faced by the Public Defenders\u00a0who worked\u00a0alongside social movements and the poor\u00a0[mainstream Brazilian] media coverage on the subject, instead supporting\u00a0the City government.<\/p>\n<p>In an interview with <em>Fazendo Media<\/em>, Mendes affirms that the most violent evictions were promoted as protecting an idea of public property totally unrelated to its actual use, and defends\u00a0a new way of managing urban spaces of large metropolitan areas. \u201cIt requires a total reinvention: nothing like the old bureaucratic and inefficient State, or the State-private elitist and exclusive partnerships. Why not have State-Society partnerships?\u201d suggests the researcher. For him, it is necessary to broaden society&#8217;s\u00a0participation in democracy, and to consider [ways to build] a more inclusive city.<\/p>\n<h3>How did the idea to put this book\u00a0together come about?<\/h3>\n<p>The idea of compiling\u00a0a book\u00a0about the fight against favela evictions\u00a0based on NUTH&#8217;s\u00a0legal work came to me while I worked as a Public Defender and saw\u00a0rich and important data sets, reports, experiences, impressions, and stories that came through the Public Defender&#8217;s Office daily couldn\u2019t all be pulled together and systematized in a more coherent way due to our being overworked. I realized then that many people working in this field&#8211;interns, partners, activists, public defenders etc.&#8211;were also studying and researching the cases faced between 2007 and 2011 at undergraduate or postgraduate level at various universities. The truth is that we were all left heavily impacted by the entire process and\u00a0used writing or research to talk about this experience. A third reason behind the book\u00a0being brought into fruition is the recognition that the memories and experiences of these years are important to rescue, not as a process that is over or something from the past, but to serve as a living memory which can be useful in conflicts and understanding the present. And so it was that myself and Giuseppe Cocco, who had coordinated a piece of research on the subject at UFRJ, met up and started this book\u00a0which we worked on over the course of two years.<\/p>\n<h3>The <a href=\"http:\/\/bit.ly\/1tXvTWY\" target=\"_blank\" rel=\"noopener noreferrer\">Public Defenders&#8217; Office<\/a>&#8216;s Land and Housing Nucleus (NUTH) is one of few legal resources available to residents affected by removals. Have you faced challenges for struggling against strong economic and political power?<\/h3>\n<p><a href=\"http:\/\/www.rioonwatch.org\/wp-content\/uploads\/2017\/01\/lancamento-livro.jpg\"><img decoding=\"async\" class=\"alignright wp-image-34774 size-full\" title=\"Book launch at the Public Defenders' Office\" src=\"http:\/\/www.rioonwatch.org\/wp-content\/uploads\/2017\/01\/lancamento-livro.jpg\" width=\"300\" height=\"126\" \/><\/a>Yes, even within the institution itself! The book\u00a0has a section that deals with the fight we had in 2011 to maintain the autonomy of the NUTH\u00a0after four years of intense action. In truth, as early as 2010, we learned that our work was irritating the State Government, especially after we drafted an international notification to the International Olympic Committee (IOC) about Vila Aut\u00f3dromo. The State government wanted all controversies to be kept local but we saw that there was no room for dialogue here. Then, from January to April 2011, we\u00a0suffered\u00a0through the dismantling of our team and the work we had achieved, but this culminated in <a href=\"http:\/\/bit.ly\/2kG8EU6\" target=\"_blank\" rel=\"noopener noreferrer\">public protests<\/a>, manifestos, and a movement\u00a0for the independence of NUTH\u00a0from the Public Defenders&#8217; Office. At that time, the secretaries and interns\u00a0were all discharged of their duties and we Public Defenders had to respond\u00a0to disciplinary proceedings. The manifestos of repudiation of political persecution were organized and are published in the book. Today, we can say that the result of this\u00a0public conflict was very positive even for the Public Defenders&#8217; Office. After a few unstable years, NUTH\u00a0resumed center stage acting in defense of favela residents, largely thanks to the work of new coordinators like Public Defender Jo\u00e3o Helv\u00e9cio. The whole process was very tense and painful, but it was worth it.<\/p>\n<h3>Is it possible to identify the regions of the city most affected by evictions\u00a0and structural data on the subject?<\/h3>\n<p>Some studies have already been carried out based on data from City Hall itself, indicating that <a href=\"http:\/\/bit.ly\/1TCVwcw\" target=\"_blank\" rel=\"noopener noreferrer\">about 20,000 families were evicted<\/a> between 2009 and 2013. Aside from these, we can say that on the one hand removals have been generalized across the city as a whole. But on the other, the destination of the affected population is practically the same in all cases: [federal public housing program] <a href=\"http:\/\/bit.ly\/1lTMw0y\" target=\"_blank\" rel=\"noopener noreferrer\">Minha Casa Minha Vida<\/a> (MCMV) condominiums in the [extreme] <a href=\"http:\/\/bit.ly\/1kZa7gI\" target=\"_blank\" rel=\"noopener noreferrer\">West Zone<\/a> areas of <a href=\"http:\/\/bit.ly\/2aLDMxp\" target=\"_blank\" rel=\"noopener noreferrer\">Cosmos<\/a>, <a href=\"http:\/\/bit.ly\/1FOLLDP\" target=\"_blank\" rel=\"noopener noreferrer\">Santa Cruz<\/a>, and <a href=\"http:\/\/bit.ly\/1nsjVpN\" target=\"_blank\" rel=\"noopener noreferrer\">Campo Grande<\/a>. In regards to the reasons presented by City Hall for the removals, we find the allegations of <a href=\"http:\/\/bit.ly\/1m4KHPf\" target=\"_blank\" rel=\"noopener noreferrer\">geological and environmental risk<\/a>, infrastructure works (namely <a href=\"http:\/\/bit.ly\/1tirHzP\" target=\"_blank\" rel=\"noopener noreferrer\">Bus Rapid Transit<\/a>), and evictions related to \u2018revitalization\u2019 projects and promotions of tourism like at <a href=\"http:\/\/bit.ly\/1y5AQhF\" target=\"_blank\" rel=\"noopener noreferrer\">Porto Maravilha<\/a>, the installation of <a href=\"http:\/\/bit.ly\/1oQuiho\" target=\"_blank\" rel=\"noopener noreferrer\">cable cars<\/a>, and reform projects linked to the <a href=\"http:\/\/bit.ly\/1pvpuE4\" target=\"_blank\" rel=\"noopener noreferrer\">World Cup<\/a> and <a href=\"http:\/\/bit.ly\/2k95gkF\" target=\"_blank\" rel=\"noopener noreferrer\">Olympics<\/a>.<\/p>\n<figure id=\"attachment_34776\" aria-describedby=\"caption-attachment-34776\" style=\"width: 300px\" class=\"wp-caption alignright\"><a href=\"http:\/\/www.rioonwatch.org\/wp-content\/uploads\/2017\/01\/alexandre-mendes.jpg\"><img loading=\"lazy\" decoding=\"async\" class=\"size-full wp-image-34776\" src=\"http:\/\/www.rioonwatch.org\/wp-content\/uploads\/2017\/01\/alexandre-mendes.jpg\" alt=\"&quot;I was able to conduct a study about the umbilical coherence between the editorials and news promulgated by O Globo and the strategies adopted by the City government,&quot; criticizes Alexandre Mendes.\" width=\"300\" height=\"225\" srcset=\"https:\/\/rioonwatch.org\/wp-content\/uploads\/2017\/01\/alexandre-mendes.jpg 300w, https:\/\/rioonwatch.org\/wp-content\/uploads\/2017\/01\/alexandre-mendes-174x131.jpg 174w, https:\/\/rioonwatch.org\/wp-content\/uploads\/2017\/01\/alexandre-mendes-70x53.jpg 70w\" sizes=\"(max-width: 300px) 100vw, 300px\" \/><\/a><figcaption id=\"caption-attachment-34776\" class=\"wp-caption-text\">&#8220;I was able to conduct a study about the umbilical coherence between the editorials and news promulgated by O Globo and the strategies adopted by the City government,&#8221; criticizes Alexandre Mendes.<\/figcaption><\/figure>\n<p>The book, citing legal cases, covers practically all these facts and allegations, and also shows the\u00a0intense struggle that ensued in order to avoid that these \u201cbig projects\u201d serve to violate\u00a0the <a href=\"http:\/\/bit.ly\/1SsnfR0\" target=\"_blank\" rel=\"noopener noreferrer\">rights to the city<\/a> and <a href=\"http:\/\/bit.ly\/1zOpGkf\" target=\"_blank\" rel=\"noopener noreferrer\">housing<\/a>. In almost every case, we realized that the fight was not just to defend those rights but also to build them. Communities organize to defend themselves, but also to propose projects that are not only viable, but are much better than the interventions proposed by the public sector. <a href=\"http:\/\/bit.ly\/1PWnD87\" target=\"_blank\" rel=\"noopener noreferrer\">Vila Aut\u00f3dromo&#8217;s People&#8217;s\u00a0Plan<\/a> demanded an investment of R$20 million yet the removal proposal from City Hall ended up costing R$200 million from the public coffers and was inferior in all aspects (including democratic, environmental, and urbanistic). The fact is\u00a0that we all paid so that\u00a0an exclusive luxury condominium could drive the Vila Aut\u00f3dromo community out of its surroundings.<\/p>\n<h3>Why is it that you use the idea of &#8216;institution of the common&#8217; to understand the evictions?<\/h3>\n<p>The concept of the &#8216;<a href=\"http:\/\/bit.ly\/2juvOji\" target=\"_blank\" rel=\"noopener noreferrer\">institution of the common<\/a>&#8216; seemed interesting to me to drive home four points: first, the fact that evictions\u00a0end up being the\u00a0effect of an appropriation that occurs through a\u00a0legal regime, that of both public and private property. It is often even harder\u00a0to confront the public sector, which relies on prerogatives linked to the abstract concept of public interest, or due to\u00a0the lack of right to obtain (<a href=\"http:\/\/bit.ly\/1Qy2n7N\" target=\"_blank\" rel=\"noopener noreferrer\">adversely possess<\/a>) private ownership of public property. I would even say that in Rio de Janeiro, during the time that we worked, the most violent and summary evictions were those that were propelled on the basis of protecting an idea of public property totally unrelated to its actual uses. So, to affirm the institution of the common in this case, means to affirm [community] self-governance of urban spaces and its uses, that acts to\u00a0confront the\u00a0double public\/private mechanism that always ends with the same effect.<\/p>\n<p>Secondly, institutions of the common\u00a0are those that generate the\u00a0wealth of life, relationships, and culture we observe in the everyday life of the city, <a href=\"http:\/\/bit.ly\/1y2hqyq\" target=\"_blank\" rel=\"noopener noreferrer\">especially in the favelas<\/a>. Could we think of public policies that would be formed directly from the favelas\u00a0and their forms of organization, or even, &#8216;common&#8217; policies? An example would be <a href=\"http:\/\/bit.ly\/2c9UKoI\" target=\"_blank\" rel=\"noopener noreferrer\">Rocinha\u2019s fight for basic sanitation<\/a>, to the detriment of the <a href=\"http:\/\/bit.ly\/1pnnNrU\" target=\"_blank\" rel=\"noopener noreferrer\">cable car, which could basically predict what would happen after\u00a0Alem\u00e3o&#8217;s<\/a>\u00a0where roughly R$1 billion were spent on something that <a href=\"http:\/\/bit.ly\/2dwynin\" target=\"_blank\" rel=\"noopener noreferrer\">doesn\u2019t work<\/a>.<\/p>\n<p>Thirdly, institutions of the common could be a way of thinking about\u00a0a democratic radicalization of public services which today have all been conceded to private entities. It would take a total reinvention: neither the old bureaucratic and inefficient state nor the state-private elitist and exclusive partnerships. Why not have State-Society partnerships? That is to say, a democratization of services which would allow us to democratically govern the activities essential to daily life in the city? It seems like a Utopia but these experiences are already happening and are much more interesting than the <a href=\"http:\/\/bit.ly\/1Kw6Y88\" target=\"_blank\" rel=\"noopener noreferrer\">State-private model<\/a> we know.<\/p>\n<p>Finally, the concept allows us to imagine forms of legal advice that are not limited to the type of help given by the State or the contractual kind given by the legal market. It would mean being without the tedious discipline of the State and the permanent control of the market which currently operate at such a distance from the more vivid dimensions of the struggles in the city. Advisory support groups as an institution of the common could be accessed by this lively\u00a0dynamic and in its element would\u00a0establish\u00a0a\u00a0permanent network of cooperation that would be\u00a0created and recreated by the defining aspects of these struggles. By making a move away from the Cabinet, empowering the central role of young interns and inserting residents into strategic decision-making processes, NUTH\u00a0would be able to try out this institution of the common framework within the structure of the state. There are other examples that have also been established\u00a0within the legal field, such as the activist-advocacy network created in June 2013, democratizing the Rio de Janeiro\u00a0Bar Association (OAB-RJ)\u00a0itself. In both cases, we can observe institutions of the common being created by questioning the State-private model of current legal advice.<\/p>\n<h3>Now that the large infrastructure works, the principal justification of the evictions, is over, is the tendency for us to see\u00a0and end to the relocation\u00a0of these populations?<\/h3>\n<figure id=\"attachment_34777\" aria-describedby=\"caption-attachment-34777\" style=\"width: 300px\" class=\"wp-caption alignright\"><a href=\"http:\/\/www.rioonwatch.org\/wp-content\/uploads\/2017\/01\/livro-mendes.jpg\"><img loading=\"lazy\" decoding=\"async\" class=\"size-full wp-image-34777\" src=\"http:\/\/www.rioonwatch.org\/wp-content\/uploads\/2017\/01\/livro-mendes.jpg\" alt=\"&quot;We could think about public policies that would come directly out of the territories, based on their own forms of organization or, in other words, policies based on reality,&quot; defends the book's organizer.\" width=\"300\" height=\"225\" srcset=\"https:\/\/rioonwatch.org\/wp-content\/uploads\/2017\/01\/livro-mendes.jpg 300w, https:\/\/rioonwatch.org\/wp-content\/uploads\/2017\/01\/livro-mendes-174x131.jpg 174w, https:\/\/rioonwatch.org\/wp-content\/uploads\/2017\/01\/livro-mendes-70x53.jpg 70w\" sizes=\"(max-width: 300px) 100vw, 300px\" \/><\/a><figcaption id=\"caption-attachment-34777\" class=\"wp-caption-text\">&#8220;We could think about public policies that would come directly out of the communities, based on their own forms of organization or, in other words, policies based on reality,&#8221; defends the book&#8217;s organizer.<\/figcaption><\/figure>\n<p>It is always hard to predict. The real estate expansion by <a href=\"http:\/\/bit.ly\/2cl0QqF\" target=\"_blank\" rel=\"noopener noreferrer\">Pedra Branca State Park<\/a>\u00a0where the <a href=\"http:\/\/glo.bo\/1YJDCYs\" target=\"_blank\" rel=\"noopener noreferrer\">Vargens Urban Structuring Plan<\/a> (PEU) is proposed is worrying. A <a href=\"http:\/\/bit.ly\/1zcnNM0\" target=\"_blank\" rel=\"noopener noreferrer\">whole network of small agroecological communities<\/a>, urban <em>quilombos<\/em> (like <a href=\"http:\/\/bit.ly\/1lEor4M\" target=\"_blank\" rel=\"noopener noreferrer\">Quilombo Camorim<\/a>), and poorer neighborhoods could be affected. When we were working in NUTH\u00a0we heard that evictions\u00a0there could reach up to 5,000 families. But, in any case, we can say that beyond the quantitative question\u00a0of how many people may\u00a0be removed, there is the qualitative problem of how to resist in the coming years. Today, there is an interesting network of residents, community collectives, public defenders, solicitors, university groups and <a href=\"http:\/\/bit.ly\/1nCyg4U\" target=\"_blank\" rel=\"noopener noreferrer\">media-activists<\/a>\u00a0in action. The important thing here, in my view, is to build these spaces with autonomy, and based in\u00a0an ethics of cooperation. Perhaps this is one of the most delicate problems that have been accentuated by the political deterioration which started in 2014. In addition, there is always the risk of isolating groups that act against evictions.\u00a0They need to think for the long term, about the proliferation of their struggles on a much larger and more complex scale than just their own locale.<\/p>\n<h3>What is your opinion about the journalistic coverage of evictions\u00a0and in what way can this influence the process either positively or negatively?<\/h3>\n<p>Without a doubt, the most complicated coverage of the removals has always been that of the newspaper <a href=\"http:\/\/bit.ly\/1YgEEPz\" target=\"_blank\" rel=\"noopener noreferrer\"><em>O Globo<\/em><\/a>. At times we realized that <a href=\"http:\/\/bit.ly\/2jn1pmU\" target=\"_blank\" rel=\"noopener noreferrer\">their relationship<\/a> with <a href=\"http:\/\/glo.bo\/1QpaaFT\" target=\"_blank\" rel=\"noopener noreferrer\">City Hall<\/a> was <a href=\"http:\/\/bit.ly\/TWRm74\" target=\"_blank\" rel=\"noopener noreferrer\">so intense and responsive<\/a> that the reports seemed to have been done <a href=\"http:\/\/bit.ly\/217wryH\" target=\"_blank\" rel=\"noopener noreferrer\">hand-in-hand<\/a>. Since we were in the habit of filing all articles\u00a0that were published about each of our cases&#8211;this was carefully done by\u00a0Public Defender\u00a0Adriana Britto&#8211;I was able to\u00a0carry out a study showing the\u00a0umbilical coherence between <em>O Globo<\/em>&#8216;s\u00a0editorials and news stories, and the strategies adopted by City Hall. This study is also published as part of the book. On the same theme, we highlighted the participation of political figures traditionally from the Left who also fed this editorial line. Already\u00a0in 2009, Housing Secretary\u00a0<a href=\"http:\/\/bit.ly\/2kjSlyq\" target=\"_blank\" rel=\"noopener noreferrer\">Jorge Bittar<\/a>, and <a href=\"http:\/\/bit.ly\/2kjQ1rH\" target=\"_blank\" rel=\"noopener noreferrer\">Adilson Pires<\/a>, both from the Worker&#8217;s Party (PT), had coined the phrase \u201cdemocratic removals\u201d in <a href=\"http:\/\/nyti.ms\/2kjOSQV\" target=\"_blank\" rel=\"noopener noreferrer\"><em>O Globo<\/em><\/a> which they said would be different to past removals by \u201crespecting the rights of residents.\u201d This scandalous concept was also released and broadcast on some blogs and websites of the so-called \u2018progressive media\u2019 which was in part committed to the support of municipal government. On the other hand, a large and powerful media network standing\u00a0against removals was formed in 2010. In that\u00a0year, the most alarming facts related to removals occurred in <a href=\"http:\/\/bit.ly\/2kjJi0T\" target=\"_blank\" rel=\"noopener noreferrer\">Restinga<\/a>, <a href=\"http:\/\/bit.ly\/1LxMFca\" target=\"_blank\" rel=\"noopener noreferrer\">Vila Harmonia<\/a> and <a href=\"http:\/\/bit.ly\/1uB2p3M\" target=\"_blank\" rel=\"noopener noreferrer\">Vila Recreio II<\/a> communities. This network was able, quite successfully, to place criticism of the evictions\u00a0in the city&#8217;s spotlight.<\/p>\n<h3>Do you want to add anything else?<\/h3>\n<p>Yes. I\u2019d like to\u00a0thank the authors who contributed to\u00a0the book: Adriana Britto, Alexandre Magalh\u00e3es, Ana Carolina Brand\u00e3o, Bruno Cava Rodrigues, Carolina C\u00e2mara Pires, Clarissa Naback, Cristiano Muller, Fatima Tardin, Ludmila Paiva, Diogo Justino, Juliana Kazan, Mariana Medeiros, Manuela Meireles, Miguel Baldez, Ricardo Nery Falbo, Maria Lucia de Pontes, Laura Alves, Elaine Jesus, Roberta Fraenkel, Marilia Farias, Eliete Costa Silva Jardim, Giuseppe Cocco, Penha and Rafael Soares Gon\u00e7alves and ex-interns of NUTH. Our three administrative assistants: Josefa Reis, Vania Ornellas and Elp\u00eddio. And mainly I\u2019d like to recognize\u00a0the communities whose resistance attempts were recorded in this book: Canal do Anil, Casar\u00e3o Azul, Prazeres, Estradinha, Laboriaux, Metr\u00f4 Mangueira, Parque Novo Recreio, Provid\u00eancia, Ocupa\u00e7\u00e3o Gomes Freire 510, Comunidade Jacar\u00e9 do papo amarelo feliz, Vila Aut\u00f3dromo, Indiana, Casar\u00e3o Maracan\u00e3, Largo do Campinho, Machado de Assis occupation, occupations on Rua do Livramento, Vila Recreio II, Vila Harmonia, Restinga, Pav\u00e3o-Pav\u00e3ozinho, Santa Marta, Rio das Pedras and Parque Columbia.<\/p>\n","protected":false},"excerpt":{"rendered":"<div class=\"mh-excerpt\"><p>Clique aqui para Portugu\u00eas For the original article by Eduardo S\u00e1\u00a0in Portuguese\u00a0published by Fazendo Media\u00a0click here. Various studies and specialists have declared that\u00a0the last decade was the period during\u00a0which the most people were evicted\u00a0from their <a class=\"mh-excerpt-more\" href=\"https:\/\/rioonwatch.org\/?p=34766\" title=\"Interview With a Former Public Defender: Rio Attorney Alexandre Mendes Launches Book on Favela Removals [INTERVIEW]\">[&#8230;]<\/a><\/p>\n<\/div>","protected":false},"author":5,"featured_media":34780,"comment_status":"closed","ping_status":"closed","sticky":false,"template":"","format":"standard","meta":{"_monsterinsights_skip_tracking":false,"_monsterinsights_sitenote_active":false,"_monsterinsights_sitenote_note":"","_monsterinsights_sitenote_category":0,"footnotes":""},"categories":[1293,1854,2315,1668,1736,2242,1284,335,1282,1330],"tags":[852,606,150,521,32,126,910,11,2122,26,262,325,678,354,5,1866,2348,146,69,149,2074,40,1008,12,383,4,38,39,21,167],"writer":[2347],"translator":[1344],"illustrator":[],"photographer":[],"class_list":{"0":"post-34766","1":"post","2":"type-post","3":"status-publish","4":"format-standard","5":"has-post-thumbnail","7":"category-evictionswatch","8":"category-housingwatch","9":"category-legacywatch","10":"category-participationwatch","11":"category-1736","12":"category-democracy","13":"category-interviews-profiles","14":"category-policies","15":"category-research-analysis","16":"category-translation","17":"tag-book","18":"tag-brt","19":"tag-cable-car","20":"tag-campo-grande","21":"tag-complexo-do-alemao","22":"tag-cosmos","23":"tag-creative-organizing","24":"tag-forced-evictions","25":"tag-housing-law","26":"tag-housing-rights","27":"tag-interview","28":"tag-ioc","29":"tag-launch-event","30":"tag-law","31":"tag-olympics","32":"tag-peoples-plan","33":"tag-peu-das-vargens","34":"tag-porto-maravilha","35":"tag-public-defenders","36":"tag-public-private-partnership","37":"tag-qualities-of-informality","38":"tag-restinga","39":"tag-right-to-the-city","40":"tag-rocinha","41":"tag-santa-cruz","42":"tag-vila-autodromo","43":"tag-vila-harmonia","44":"tag-vila-recreio-ii","45":"tag-west-zone","46":"tag-world-cup","47":"writer-eduardo-sa","48":"translator-cara-pears"},"_links":{"self":[{"href":"https:\/\/rioonwatch.org\/index.php?rest_route=\/wp\/v2\/posts\/34766","targetHints":{"allow":["GET"]}}],"collection":[{"href":"https:\/\/rioonwatch.org\/index.php?rest_route=\/wp\/v2\/posts"}],"about":[{"href":"https:\/\/rioonwatch.org\/index.php?rest_route=\/wp\/v2\/types\/post"}],"author":[{"embeddable":true,"href":"https:\/\/rioonwatch.org\/index.php?rest_route=\/wp\/v2\/users\/5"}],"replies":[{"embeddable":true,"href":"https:\/\/rioonwatch.org\/index.php?rest_route=%2Fwp%2Fv2%2Fcomments&post=34766"}],"version-history":[{"count":0,"href":"https:\/\/rioonwatch.org\/index.php?rest_route=\/wp\/v2\/posts\/34766\/revisions"}],"wp:featuredmedia":[{"embeddable":true,"href":"https:\/\/rioonwatch.org\/index.php?rest_route=\/wp\/v2\/media\/34780"}],"wp:attachment":[{"href":"https:\/\/rioonwatch.org\/index.php?rest_route=%2Fwp%2Fv2%2Fmedia&parent=34766"}],"wp:term":[{"taxonomy":"category","embeddable":true,"href":"https:\/\/rioonwatch.org\/index.php?rest_route=%2Fwp%2Fv2%2Fcategories&post=34766"},{"taxonomy":"post_tag","embeddable":true,"href":"https:\/\/rioonwatch.org\/index.php?rest_route=%2Fwp%2Fv2%2Ftags&post=34766"},{"taxonomy":"writer","embeddable":true,"href":"https:\/\/rioonwatch.org\/index.php?rest_route=%2Fwp%2Fv2%2Fwriter&post=34766"},{"taxonomy":"translator","embeddable":true,"href":"https:\/\/rioonwatch.org\/index.php?rest_route=%2Fwp%2Fv2%2Ftranslator&post=34766"},{"taxonomy":"illustrator","embeddable":true,"href":"https:\/\/rioonwatch.org\/index.php?rest_route=%2Fwp%2Fv2%2Fillustrator&post=34766"},{"taxonomy":"photographer","embeddable":true,"href":"https:\/\/rioonwatch.org\/index.php?rest_route=%2Fwp%2Fv2%2Fphotographer&post=34766"}],"curies":[{"name":"wp","href":"https:\/\/api.w.org\/{rel}","templated":true}]}}