{"id":36243,"date":"2017-05-02T09:00:25","date_gmt":"2017-05-02T12:00:25","guid":{"rendered":"http:\/\/www.rioonwatch.org\/?p=36243"},"modified":"2017-05-02T10:05:52","modified_gmt":"2017-05-02T13:05:52","slug":"6th-edition-of-the-rock-in-movement-festival-this-friday-in-mare","status":"publish","type":"post","link":"https:\/\/rioonwatch.org\/?p=36243","title":{"rendered":"Rock in the Favela? Sixth Edition of &#8216;Rock in Movement&#8217; Festival This Friday in Mar\u00e9"},"content":{"rendered":"<p style=\"text-align: right;\"><a href=\"http:\/\/bit.ly\/2qi5ATC\" target=\"_blank\" rel=\"noopener noreferrer\"><strong><em>Clique aqui para Portugu\u00eas<img decoding=\"async\" width=\"20\" height=\"20\" class=\"alignright size-full wp-image-23766\" src=\"http:\/\/www.rioonwatch.org\/wp-content\/uploads\/2012\/08\/PT-e1439583827971.png\" \/><\/em><\/strong><\/a><\/p>\n<p>Those who passed through <a href=\"http:\/\/bit.ly\/1y2jgzx\" target=\"_blank\" rel=\"noopener noreferrer\">Vila do Pinheiro<\/a> <span class=\"aBn\" tabindex=\"0\" data-term=\"goog_2068999170\"><span class=\"aQJ\">on Friday<\/span><\/span> night probably saw\u00a0an independent rock show organized by the &#8216;Local Actions&#8217; program of the <a href=\"http:\/\/bit.ly\/2oT95ek\" target=\"_blank\" rel=\"noopener noreferrer\">Rock in Movement Festival<\/a> (<em>Rock em Movimento<\/em>, or REM). The free event taking place in the\u00a0<a href=\"http:\/\/bit.ly\/1rNMXO3\" target=\"_blank\" rel=\"noopener noreferrer\">Mar\u00e9<\/a>\u00a0favela complex in Rio de Janeiro&#8217;s <a href=\"http:\/\/bit.ly\/1kZa3h9\" target=\"_blank\" rel=\"noopener noreferrer\">North Zone<\/a> closes the street off with a makeshift stage in front of the Tabacaria Dreadlocks shop and provides all musical equipment for the three independent bands that&#8217;ll stir up the night playing their original songs.<\/p>\n<p>To further democratize the underground scene, there&#8217;s an open mic for\u00a0manifestos, producers and local artists to share their work, and between one show and another, the DJ plays the classics. The last show of the <a href=\"http:\/\/bit.ly\/2pvX4Qh\" target=\"_blank\" rel=\"noopener noreferrer\">6th edition of the Festival will be this Friday\u00a0<\/a><span class=\"aBn\" tabindex=\"0\" data-term=\"goog_2068999171\"><span class=\"aQJ\">May 5 at 8pm<\/span><\/span>, with the performance of bands Banda Verbara, Valette Vulgar and Allira.<\/p>\n<p>The Rock in Movement collective is made up of musicians from the bands ALGOZ and LEVANTE, who also coordinate its activities: Klaus Grunwald, Elza La Sombra, Diogo Nascimento and Reginaldo Costa; and also collaborators Rodrigo Cerqueira (Mariola); Flavio Nogueira (Dj Capacete) and AF Rodrigues.<\/p>\n<p>The movement emerged in 2009, from the success of the &#8220;Mar\u00e9 de Rock&#8221; event and the need to expand the movement, mobilizing musicians to occupy public spaces with concerts, politics and other forms of culture. From its beginning to today, the collective also impresses by its\u00a0numbers: over 200 original bands have already performed inside and outside Mar\u00e9. In the Local Actions edition, the Festival brought together 15 bands from different parts of Rio de Janeiro.<\/p>\n<p>Design student Marcos Vinicius, 23, has been a regular at Tabacaria for more than a year and believes in music as a mobilizing element: &#8220;<em>Rock em Movimento<\/em> opens up space for local bands to be seen. I also work with art and, it must be very rewarding, not only for the public but also for those who organize it. The Brazilian artists should be more recognized and the recognition that I speak of is the kind that comes from the people&#8221;.<\/p>\n<p><a href=\"http:\/\/www.rioonwatch.org\/wp-content\/uploads\/2017\/05\/Marcos-de-pe\u0301.jpg\"><img fetchpriority=\"high\" decoding=\"async\" class=\"aligncenter wp-image-36245\" title=\"Marcos Vin\u00edcius, standing among friends\" src=\"http:\/\/www.rioonwatch.org\/wp-content\/uploads\/2017\/05\/Marcos-de-pe\u0301.jpg\" alt=\"Marcos Vin\u00edcius, standing among friends\" width=\"620\" height=\"412\" srcset=\"https:\/\/rioonwatch.org\/wp-content\/uploads\/2017\/05\/Marcos-de-pe\u0301.jpg 1000w, https:\/\/rioonwatch.org\/wp-content\/uploads\/2017\/05\/Marcos-de-pe\u0301-300x200.jpg 300w, https:\/\/rioonwatch.org\/wp-content\/uploads\/2017\/05\/Marcos-de-pe\u0301-768x511.jpg 768w\" sizes=\"(max-width: 620px) 100vw, 620px\" \/><\/a><\/p>\n<p>At least once a month he is there with his group of friends, but he doesn&#8217;t ignore how musical diversity is present throughout Mar\u00e9. &#8220;Other genres are found around here, like rap at Pontilh\u00e3o, <em>forr\u00f3<\/em> in <a href=\"http:\/\/bit.ly\/12oFBua\" target=\"_blank\" rel=\"noopener noreferrer\">Parque Uni\u00e3o<\/a> and funk at Quadra da Paty. I think every event is important because it helps in the development of cultures,&#8221; affirms\u00a0Marcos.<\/p>\n<p>Those who have been attending for years will notice how the event has gotten\u00a0more organized. And there is a reason: Rio de Janeiro&#8217;s Culture Secretariat recognized <em>Rock em Movimento<\/em>\u00a0for its contributions to local culture through the <a href=\"http:\/\/bit.ly\/2pyurjf\" target=\"_blank\" rel=\"noopener noreferrer\">Local Actions Prize<\/a>\u00a0in 2015. The award was an opportunity for the collective to expand the Festival with several editions, ensuring structure and technical quality, audio and video recording and financial help, a way to show appreciation to those who have always volunteered.<\/p>\n<p><a href=\"http:\/\/www.rioonwatch.org\/wp-content\/uploads\/2017\/05\/Reginaldo-a-direita.jpg\"><img decoding=\"async\" class=\"aligncenter wp-image-36246 size-full\" title=\"Reginaldo Costa on the right\" src=\"http:\/\/www.rioonwatch.org\/wp-content\/uploads\/2017\/05\/Reginaldo-a-direita.jpg\" alt=\"Reginaldo Costa on the right\" width=\"620\" height=\"415\" srcset=\"https:\/\/rioonwatch.org\/wp-content\/uploads\/2017\/05\/Reginaldo-a-direita.jpg 620w, https:\/\/rioonwatch.org\/wp-content\/uploads\/2017\/05\/Reginaldo-a-direita-300x201.jpg 300w\" sizes=\"(max-width: 620px) 100vw, 620px\" \/><\/a><\/p>\n<p>A musician and one of the coordinators of Rock in Movement, Reginaldo Costa, 35, sees how the project expanded after the award: &#8220;We managed to have stability and greater\u00a0technical quality, something that in general in the underground scene is difficult to have. And understanding the difficulty of the rock scene in Brazil, we were mainly concerned with ensuring the quality of the event. And this feedback is based on our activist\u00a0friends who help us, being an essential part of the operation of the Festival, as well as the local commerce, in addition to the partnerships we have made with the <a href=\"http:\/\/bit.ly\/2pvZdLB\" target=\"_blank\" rel=\"noopener noreferrer\">NGO Redes<\/a> and <a href=\"http:\/\/bit.ly\/2qqmQm8\" target=\"_blank\" rel=\"noopener noreferrer\">Lona da Mar\u00e9<\/a>.&#8221; Prior to the award, the group used their own equipment.<\/p>\n<p>With the prospect of further expanding the movement, the Festival has already taken place at the Federal Fluminense University (UFF) and the Caxias Library. &#8220;These local partnerships are fundamental, this is what creates a network with people and commerce. The shows always get very crowded for two reasons: the\u00a0very strong rock audience and the limited\u00a0space. The crowd strengthens the Festival, everyone mobilizes in some way for the event to fill up, calling neighbors, friends and acquaintances. The event has legitimacy because it is done, mostly, by residents. We do not get visibility from outside, but the attention from residents\u00a0makes a big difference on the cultural scene,&#8221; says Reginaldo.<\/p>\n<p>Beyond\u00a0producing concerts, the objective is to study the current scene: what are the difficulties, incentives and demands, using the lived experience of the participating bands. They are also producing a mini-documentary telling the trajectory of the collective and their experience with the award. And to facilitate access to high-cost sound equipment, they conducted six sound-training workshops that trained 10 residents.<\/p>\n<p>Regardless of sponsorship, they intend to continue with local shows and partnerships, such as Tabacaria Dreadlocks, which offers roof cover, electricity and a bar, the restaurant Combo Louco and the Laricas Bar; and to always occupy other spaces with performances throughout the city streets and public universities.<\/p>\n<h3>EVENT<\/h3>\n<p>Rock in Movement\u00a0Festival\u00a0\u2014 Sixth edition<br \/>\nFree Event<br \/>\nDate: May 5, 2017 at 8pm<br \/>\nPlace: Tabacaria Dreadlocks. Address: Via B9, Bloco I \u2014 Vila do Pinheiro, Mar\u00e9 \u2014 RJ<\/p>\n","protected":false},"excerpt":{"rendered":"<div class=\"mh-excerpt\"><p>Clique aqui para Portugu\u00eas Those who passed through Vila do Pinheiro on Friday night probably saw\u00a0an independent rock show organized by the &#8216;Local Actions&#8217; program of the Rock in Movement Festival (Rock em Movimento, or <a class=\"mh-excerpt-more\" href=\"https:\/\/rioonwatch.org\/?p=36243\" title=\"Rock in the Favela? Sixth Edition of &#8216;Rock in Movement&#8217; Festival This Friday in Mar\u00e9\">[&#8230;]<\/a><\/p>\n<\/div>","protected":false},"author":5,"featured_media":36244,"comment_status":"closed","ping_status":"closed","sticky":false,"template":"","format":"standard","meta":{"_monsterinsights_skip_tracking":false,"_monsterinsights_sitenote_active":false,"_monsterinsights_sitenote_note":"","_monsterinsights_sitenote_category":0,"footnotes":""},"categories":[1328,1333,1268,1271],"tags":[280,1522,504,2411,221,2412,37,362,2408,2409,1555,1321],"writer":[1482],"translator":[2197],"illustrator":[],"photographer":[],"class_list":{"0":"post-36243","1":"post","2":"type-post","3":"status-publish","4":"format-standard","5":"has-post-thumbnail","7":"category-by-community-contributors","8":"category-event-reports","9":"category-favelaculture","10":"category-favelaqualities","11":"tag-complexo-da-mare","12":"tag-cultural-production","13":"tag-culture","14":"tag-culture-secretariat","15":"tag-favela-culture","16":"tag-local-actions-prize","17":"tag-north-zone","18":"tag-parque-uniao","19":"tag-pontilhao","20":"tag-quadra-da-paty","21":"tag-redes-de-desenvolvimento-da-mare","22":"tag-vila-do-pinheiro","23":"writer-thais-cavalcante","24":"translator-adam-lee"},"_links":{"self":[{"href":"https:\/\/rioonwatch.org\/index.php?rest_route=\/wp\/v2\/posts\/36243","targetHints":{"allow":["GET"]}}],"collection":[{"href":"https:\/\/rioonwatch.org\/index.php?rest_route=\/wp\/v2\/posts"}],"about":[{"href":"https:\/\/rioonwatch.org\/index.php?rest_route=\/wp\/v2\/types\/post"}],"author":[{"embeddable":true,"href":"https:\/\/rioonwatch.org\/index.php?rest_route=\/wp\/v2\/users\/5"}],"replies":[{"embeddable":true,"href":"https:\/\/rioonwatch.org\/index.php?rest_route=%2Fwp%2Fv2%2Fcomments&post=36243"}],"version-history":[{"count":0,"href":"https:\/\/rioonwatch.org\/index.php?rest_route=\/wp\/v2\/posts\/36243\/revisions"}],"wp:featuredmedia":[{"embeddable":true,"href":"https:\/\/rioonwatch.org\/index.php?rest_route=\/wp\/v2\/media\/36244"}],"wp:attachment":[{"href":"https:\/\/rioonwatch.org\/index.php?rest_route=%2Fwp%2Fv2%2Fmedia&parent=36243"}],"wp:term":[{"taxonomy":"category","embeddable":true,"href":"https:\/\/rioonwatch.org\/index.php?rest_route=%2Fwp%2Fv2%2Fcategories&post=36243"},{"taxonomy":"post_tag","embeddable":true,"href":"https:\/\/rioonwatch.org\/index.php?rest_route=%2Fwp%2Fv2%2Ftags&post=36243"},{"taxonomy":"writer","embeddable":true,"href":"https:\/\/rioonwatch.org\/index.php?rest_route=%2Fwp%2Fv2%2Fwriter&post=36243"},{"taxonomy":"translator","embeddable":true,"href":"https:\/\/rioonwatch.org\/index.php?rest_route=%2Fwp%2Fv2%2Ftranslator&post=36243"},{"taxonomy":"illustrator","embeddable":true,"href":"https:\/\/rioonwatch.org\/index.php?rest_route=%2Fwp%2Fv2%2Fillustrator&post=36243"},{"taxonomy":"photographer","embeddable":true,"href":"https:\/\/rioonwatch.org\/index.php?rest_route=%2Fwp%2Fv2%2Fphotographer&post=36243"}],"curies":[{"name":"wp","href":"https:\/\/api.w.org\/{rel}","templated":true}]}}