{"id":36604,"date":"2017-05-25T09:43:23","date_gmt":"2017-05-25T12:43:23","guid":{"rendered":"http:\/\/www.rioonwatch.org\/?p=36604"},"modified":"2017-07-16T21:51:25","modified_gmt":"2017-07-17T00:51:25","slug":"social-museology-in-vila-autodromo-a-new-way-of-thinking-about-museums","status":"publish","type":"post","link":"https:\/\/rioonwatch.org\/?p=36604","title":{"rendered":"Social Museology in Vila Autodromo: A New Way of Thinking About Museums"},"content":{"rendered":"<p style=\"text-align: right;\"><a href=\"http:\/\/bit.ly\/2r8iRxL\" target=\"_blank\" rel=\"noopener noreferrer\"><strong><em>Clique aqui para Portugu\u00eas<img decoding=\"async\" width=\"20\" height=\"20\" class=\"alignright size-full wp-image-23766\" src=\"http:\/\/www.rioonwatch.org\/wp-content\/uploads\/2012\/08\/PT-e1439583827971.png\" \/><\/em><\/strong><\/a><\/p>\n<p>Fighting to continue to make space for often-silenced voices, the\u00a0<a href=\"http:\/\/bit.ly\/2ajrEof\" target=\"_blank\" rel=\"noopener noreferrer\">Evictions Museum<\/a>,\u00a0<a href=\"http:\/\/bit.ly\/1o6rEIS\" target=\"_blank\" rel=\"noopener noreferrer\">Vila Autodromo<\/a> and the <a href=\"http:\/\/bit.ly\/2q6MYXg\" target=\"_blank\" rel=\"noopener noreferrer\">Network of Social Museology of Rio de Janeiro<\/a>\u00a0partnered to offer a three-day course entitled &#8220;<a href=\"http:\/\/bit.ly\/2rw8Yep\" target=\"_blank\" rel=\"noopener noreferrer\">Social Museology: Poetics and Politics in Movement, Based in Concrete Experiences<\/a>.&#8221; The seminars took place May 19-21 in <a href=\"http:\/\/bit.ly\/2mBI7eZ\" target=\"_blank\" rel=\"noopener noreferrer\">Vila Aut\u00f3dromo&#8217;s Catholic Church<\/a>, the only building preserved during evictions and demolitions carried out before the <a href=\"http:\/\/bit.ly\/1bZEKUX\" target=\"_blank\" rel=\"noopener noreferrer\">Olympic Games<\/a>, and a symbol of the community&#8217;s struggle. The church served as a storage space during demolitions, keeping residents&#8217; furniture safe and becoming the new headquarters of the residents\u2019 association, and is now part of the Evictions Museum.<\/p>\n<p><a href=\"http:\/\/www.rioonwatch.org\/wp-content\/uploads\/2017\/05\/Vila-Autodromo-Museologia-Social-3-e1495540244182.jpg\"><img fetchpriority=\"high\" decoding=\"async\" class=\"aligncenter wp-image-36608 size-content\" title=\"S\u00e3o Jos\u00e9 Oper\u00e1rio Catholic Church in Vila Aut\u00f3dromo\" src=\"http:\/\/www.rioonwatch.org\/wp-content\/uploads\/2017\/05\/Vila-Autodromo-Museologia-Social-3-e1495540244182-620x264.jpg\" alt=\"\" width=\"620\" height=\"264\" srcset=\"https:\/\/rioonwatch.org\/wp-content\/uploads\/2017\/05\/Vila-Autodromo-Museologia-Social-3-e1495540244182-620x264.jpg 620w, https:\/\/rioonwatch.org\/wp-content\/uploads\/2017\/05\/Vila-Autodromo-Museologia-Social-3-e1495540244182-940x400.jpg 940w\" sizes=\"(max-width: 620px) 100vw, 620px\" \/><\/a><\/p>\n<p>Students, museologists, Vila Aut\u00f3dromo residents, members of other <a href=\"http:\/\/bit.ly\/1nwqlO1\" target=\"_blank\" rel=\"noopener noreferrer\">favela museums<\/a>, activists, and even a few community pets (dogs abandoned during the eviction process who were adopted and taken care of by remaining residents) filled the church during a weekend of rain and wind. Activist and resident <a href=\"http:\/\/bit.ly\/1pz3VFe\" target=\"_blank\" rel=\"noopener noreferrer\">Maria da Penha<\/a> was the first to welcome everyone and emphasize the importance of the Evictions Museum and their archives, presented to the <a href=\"http:\/\/bit.ly\/2q9kk34\" target=\"_blank\" rel=\"noopener noreferrer\">National Historic Museum <\/a>(MHN) the day before. \u201cMy dream is that, through our struggle, other communities won\u2019t suffer eviction,\u201d Penha explained.<\/p>\n<p><a href=\"http:\/\/www.rioonwatch.org\/wp-content\/uploads\/2017\/05\/Vila-Autodromo-Museologia-Social-6-e1495540332132.jpg\"><img decoding=\"async\" class=\"aligncenter wp-image-36611 size-content\" title=\"Mario Chagas speaks to the audience\" src=\"http:\/\/www.rioonwatch.org\/wp-content\/uploads\/2017\/05\/Vila-Autodromo-Museologia-Social-6-e1495540332132-620x264.jpg\" alt=\"\" width=\"620\" height=\"264\" srcset=\"https:\/\/rioonwatch.org\/wp-content\/uploads\/2017\/05\/Vila-Autodromo-Museologia-Social-6-e1495540332132-620x264.jpg 620w, https:\/\/rioonwatch.org\/wp-content\/uploads\/2017\/05\/Vila-Autodromo-Museologia-Social-6-e1495540332132-940x400.jpg 940w\" sizes=\"(max-width: 620px) 100vw, 620px\" \/><\/a><\/p>\n<p>Museology as resistance was a theme that set the stage for the rest of the day. Dr. Mario de Souza Chagas, involved in the creation of many of Rio&#8217;s community museums, talked about the importance of museums as &#8220;a commitment to life and social transformation.&#8221; Throughout the first two days of the course, Chagas, a poet, museologist, and professor of social sciences, presented a seminar originally given in January <a href=\"http:\/\/bit.ly\/2rw9Rn2\" target=\"_blank\" rel=\"noopener noreferrer\">at the \u00c9cole du Louvre<\/a> in Paris. With modules focusing on the decolonization of museology, memory and social museology, and social museology in practice in Rio\u2019s community museums, Chagas\u2019 presentations continually stressed the idea that \u201ca museology that does not serve life&#8211;both organic and social&#8211;serves nothing.\u201d<\/p>\n<p>As the event\u2019s hosts, voices from Vila Aut\u00f3dromo were prominent throughout the event. On Friday, <a href=\"http:\/\/bit.ly\/2ogEszw\" target=\"_blank\" rel=\"noopener noreferrer\">Sandra Maria<\/a>, a resident and long-time activist, presented the community\u2019s history and pieces from the evictions process that are now in the collection at\u00a0the MHN. On Saturday, participants in the seminar took a tour around Vila Aut\u00f3dromo itself. The whole community forms part of the archive of the territorial elements of the Evictions Museum, a testament to the community\u2019s resistance and resilience in the face of\u00a0<a href=\"http:\/\/bit.ly\/2bZlOLy\" target=\"_blank\" rel=\"noopener noreferrer\">trauma<\/a>. One piece in the museum\u2019s collection, for example, is a <a href=\"http:\/\/bit.ly\/2qSwxfZ\" target=\"_blank\" rel=\"noopener noreferrer\">barricade<\/a> put up by community members during the Olympics, when cars and buses would use Vila Aut\u00f3dromo\u2019s main road as a shortcut into the Olympic Park, putting residents and animals in danger. This structure, built out of necessity, remains part of the landscape of the community, part of the open-air museum that triggers memory throughout the daily routine in the favela.<\/p>\n<p><a href=\"http:\/\/www.rioonwatch.org\/wp-content\/uploads\/2017\/05\/Vila-Autodromo-Museologia-Social-5-e1495540309707.jpg\"><img loading=\"lazy\" decoding=\"async\" class=\"aligncenter wp-image-36610 size-content\" title=\"One of several barricades built in Vila Aut\u00f3dromo to obstruct municipal workers\" src=\"http:\/\/www.rioonwatch.org\/wp-content\/uploads\/2017\/05\/Vila-Autodromo-Museologia-Social-5-e1495540309707-620x264.jpg\" alt=\"\" width=\"620\" height=\"264\" srcset=\"https:\/\/rioonwatch.org\/wp-content\/uploads\/2017\/05\/Vila-Autodromo-Museologia-Social-5-e1495540309707-620x264.jpg 620w, https:\/\/rioonwatch.org\/wp-content\/uploads\/2017\/05\/Vila-Autodromo-Museologia-Social-5-e1495540309707-940x400.jpg 940w\" sizes=\"(max-width: 620px) 100vw, 620px\" \/><\/a><\/p>\n<p>The course also marked a major public event, not only for Vila Aut\u00f3dromo\u2019s Evictions Museum, but for the Social Museology Network, a group founded in 2013 that links <a href=\"http:\/\/bit.ly\/2holCmX\" target=\"_blank\" rel=\"noopener noreferrer\">community museums throughout Rio<\/a>. Once a relatively obscure phenomenon, favela museums have become increasingly visible in recent years, even as the physical institutions themselves struggle with debt and eviction <a href=\"http:\/\/bit.ly\/26cTtUP\" target=\"_blank\" rel=\"noopener noreferrer\">threats<\/a>. The event at Vila Aut\u00f3dromo brought together the <a href=\"http:\/\/bit.ly\/1CSqPIR\" target=\"_blank\" rel=\"noopener noreferrer\">Museu da Mar\u00e9<\/a>, <a href=\"http:\/\/bit.ly\/2qKE7te\" target=\"_blank\" rel=\"noopener noreferrer\">Living Museum of S\u00e3o Bento<\/a> in Duque de Caxias, <a href=\"http:\/\/bit.ly\/1NYdW3q\" target=\"_blank\" rel=\"noopener noreferrer\">Museu de Favela<\/a> (MUF) in Pav\u00e3o-Pav\u00e3ozinho and Cantagalo, <a href=\"http:\/\/bit.ly\/2bYi3Tr\" target=\"_blank\" rel=\"noopener noreferrer\">Museu Sankofa<\/a> in Rocinha, <a href=\"http:\/\/bit.ly\/1EuCCzg\" target=\"_blank\" rel=\"noopener noreferrer\">Ecomuseum Nega Vilma in Santa Marta<\/a>, <a href=\"http:\/\/bit.ly\/2qQRuIF\" target=\"_blank\" rel=\"noopener noreferrer\">Ecomuseum Friends of Rio Joana<\/a>, <a href=\"http:\/\/bit.ly\/2qcva97\" target=\"_blank\" rel=\"noopener noreferrer\">Ecomuseu of Manguinhos<\/a>, <a href=\"http:\/\/bit.ly\/29bDIsr\" target=\"_blank\" rel=\"noopener noreferrer\">Horto Museum<\/a>, and\u00a0<a href=\"http:\/\/bit.ly\/2ajrEof\" target=\"_blank\" rel=\"noopener noreferrer\">Evictions Museum<\/a> as emblems of a \u201cnew museum imagination\u201d that has deep historical roots in Rio and other contemporary examples across the world, from\u00a0<a href=\"http:\/\/bit.ly\/2rM1wJe\" target=\"_blank\" rel=\"noopener noreferrer\">Niger<\/a>\u00a0to the <a href=\"http:\/\/s.si.edu\/2rLAp0R\" target=\"_blank\" rel=\"noopener noreferrer\">United States<\/a>\u00a0and <a href=\"http:\/\/bit.ly\/2rcNdk0\" target=\"_blank\" rel=\"noopener noreferrer\">Chile<\/a>. Increased communication among these museums will help them not only fight more effectively for their permanence, but also share information and ideas and articulate their message more clearly.<\/p>\n<p><img loading=\"lazy\" decoding=\"async\" class=\"aligncenter wp-image-36609 size-content\" src=\"http:\/\/www.rioonwatch.org\/wp-content\/uploads\/2017\/05\/Vila-Autodromo-Museologia-Social-4-e1495540273692-620x264.jpg\" alt=\"\" width=\"620\" height=\"264\" srcset=\"https:\/\/rioonwatch.org\/wp-content\/uploads\/2017\/05\/Vila-Autodromo-Museologia-Social-4-e1495540273692-620x264.jpg 620w, https:\/\/rioonwatch.org\/wp-content\/uploads\/2017\/05\/Vila-Autodromo-Museologia-Social-4-e1495540273692-940x400.jpg 940w\" sizes=\"(max-width: 620px) 100vw, 620px\" \/><\/p>\n<p>The third day of the course put the ideas presented so far into practice, with participants bringing objects associated with their own memories and making impromptu exhibits out of them, then doing the same with plaques commemorating demolished parts of Vila Aut\u00f3dromo. The weekend ended with a public screening of <a href=\"http:\/\/bit.ly\/2qclXhd\" target=\"_blank\" rel=\"noopener noreferrer\">Resist\u00eancia<\/a>, a documentary directed by Eliza Capai about protest during the current Brazilian political crisis.<\/p>\n<p>Throughout its three days, the course relied on the idea of museums as a place of both memory and action, a \u201cspace for acting politically\u201d as well as \u201cpretext for celebrating life.\u201d Favela and community museums are crucial spaces for making community voices heard, as well as dealing with issues that touch contemporary life. The philosophy behind these spaces relies on active participation between the museum and its visitors, as both affect and are affected by the other. As the voices of community museums continue to strengthen, this vibrant, intimate conception of memory and the museum experience will become more prominent as well, inspiring both favela residents and visitors to think about the past, present, and future in new ways.<\/p>\n","protected":false},"excerpt":{"rendered":"<div class=\"mh-excerpt\"><p>Clique aqui para Portugu\u00eas Fighting to continue to make space for often-silenced voices, the\u00a0Evictions Museum,\u00a0Vila Autodromo and the Network of Social Museology of Rio de Janeiro\u00a0partnered to offer a three-day course entitled &#8220;Social Museology: Poetics <a class=\"mh-excerpt-more\" href=\"https:\/\/rioonwatch.org\/?p=36604\" title=\"Social Museology in Vila Autodromo: A New Way of Thinking About Museums\">[&#8230;]<\/a><\/p>\n<\/div>","protected":false},"author":149,"featured_media":36612,"comment_status":"closed","ping_status":"closed","sticky":false,"template":"","format":"standard","meta":{"_monsterinsights_skip_tracking":false,"_monsterinsights_sitenote_active":false,"_monsterinsights_sitenote_note":"","_monsterinsights_sitenote_category":0,"footnotes":""},"categories":[1668,1736,1288,1290,1333,1271,1670,329,1329],"tags":[112,2109,756,258,2434,2435,2032,674,188,26,878,2433,637,1160,1348,1349,1346,716,1559,37,5,2463,471,343,4,21],"writer":[2428,2385],"translator":[],"illustrator":[],"photographer":[],"class_list":{"0":"post-36604","1":"post","2":"type-post","3":"status-publish","4":"format-standard","5":"has-post-thumbnail","7":"category-participationwatch","8":"category-1736","9":"category-highlight","10":"category-civilsociety","11":"category-event-reports","12":"category-favelaqualities","13":"category-favela-tourism","14":"category-solutions","15":"category-by-international-observers","16":"tag-cantagalo","17":"tag-community-museum","18":"tag-community-organizing","19":"tag-community-solution","20":"tag-ecomuseu-amigos-do-rio-joana","21":"tag-ecomuseu-de-manguinhos","22":"tag-evictions-museum","23":"tag-memory","24":"tag-history","25":"tag-housing-rights","26":"tag-international-comparison","27":"tag-living-museum-of-sao-bento","28":"tag-manguinhos","29":"tag-museu-da-mare","30":"tag-museu-da-rocinha-sankofa","31":"tag-museu-de-favela","32":"tag-museu-do-horto","33":"tag-museum","34":"tag-nega-vilma-ecomuseum","35":"tag-north-zone","36":"tag-olympics","37":"tag-social-museology","38":"tag-sustainability","39":"tag-trauma","40":"tag-vila-autodromo","41":"tag-west-zone","42":"writer-chloe-villalobos","43":"writer-claire-jones"},"_links":{"self":[{"href":"https:\/\/rioonwatch.org\/index.php?rest_route=\/wp\/v2\/posts\/36604","targetHints":{"allow":["GET"]}}],"collection":[{"href":"https:\/\/rioonwatch.org\/index.php?rest_route=\/wp\/v2\/posts"}],"about":[{"href":"https:\/\/rioonwatch.org\/index.php?rest_route=\/wp\/v2\/types\/post"}],"author":[{"embeddable":true,"href":"https:\/\/rioonwatch.org\/index.php?rest_route=\/wp\/v2\/users\/149"}],"replies":[{"embeddable":true,"href":"https:\/\/rioonwatch.org\/index.php?rest_route=%2Fwp%2Fv2%2Fcomments&post=36604"}],"version-history":[{"count":0,"href":"https:\/\/rioonwatch.org\/index.php?rest_route=\/wp\/v2\/posts\/36604\/revisions"}],"wp:featuredmedia":[{"embeddable":true,"href":"https:\/\/rioonwatch.org\/index.php?rest_route=\/wp\/v2\/media\/36612"}],"wp:attachment":[{"href":"https:\/\/rioonwatch.org\/index.php?rest_route=%2Fwp%2Fv2%2Fmedia&parent=36604"}],"wp:term":[{"taxonomy":"category","embeddable":true,"href":"https:\/\/rioonwatch.org\/index.php?rest_route=%2Fwp%2Fv2%2Fcategories&post=36604"},{"taxonomy":"post_tag","embeddable":true,"href":"https:\/\/rioonwatch.org\/index.php?rest_route=%2Fwp%2Fv2%2Ftags&post=36604"},{"taxonomy":"writer","embeddable":true,"href":"https:\/\/rioonwatch.org\/index.php?rest_route=%2Fwp%2Fv2%2Fwriter&post=36604"},{"taxonomy":"translator","embeddable":true,"href":"https:\/\/rioonwatch.org\/index.php?rest_route=%2Fwp%2Fv2%2Ftranslator&post=36604"},{"taxonomy":"illustrator","embeddable":true,"href":"https:\/\/rioonwatch.org\/index.php?rest_route=%2Fwp%2Fv2%2Fillustrator&post=36604"},{"taxonomy":"photographer","embeddable":true,"href":"https:\/\/rioonwatch.org\/index.php?rest_route=%2Fwp%2Fv2%2Fphotographer&post=36604"}],"curies":[{"name":"wp","href":"https:\/\/api.w.org\/{rel}","templated":true}]}}