{"id":38229,"date":"2015-07-27T10:06:32","date_gmt":"2015-07-27T13:06:32","guid":{"rendered":"http:\/\/www.rioonwatch.org\/?p=38229"},"modified":"2018-01-12T10:20:23","modified_gmt":"2018-01-12T13:20:23","slug":"one-day-after-the-end-of-the-2016-olympics-here-in-rio-satire","status":"publish","type":"post","link":"https:\/\/rioonwatch.org\/?p=38229","title":{"rendered":"One Day After the End of the 2016 Olympics Here in Rio&#8230; [SATIRE]"},"content":{"rendered":"<p style=\"text-align: right;\"><strong><em><a href=\"http:\/\/bit.ly\/1D4z9JL\" target=\"_blank\" rel=\"noopener\">Clique aqui para Portugu\u00eas<\/a><a href=\"http:\/\/rioonwatch.org.br\/?p=14958\" target=\"_blank\" rel=\"noopener\"><img decoding=\"async\" class=\"alignright wp-image-23766 size-full\" src=\"http:\/\/www.rioonwatch.org\/wp-content\/uploads\/2012\/08\/PT-e1439583827971.png\" alt=\"\" width=\"20\" height=\"20\" \/><\/a><\/em><\/strong><\/p>\n<p><em>The text below was written by Cl\u00e9ber Ara\u00fajo, a resident of <a href=\"http:\/\/bit.ly\/1nEeBwu\" target=\"_blank\" rel=\"noopener\">Complexo do Alem\u00e3o<\/a> in Rio de Janeiro&#8217;s <a href=\"http:\/\/bit.ly\/1kZa3h9\" target=\"_blank\" rel=\"noopener\">North Zone<\/a>, in July 2015 in the form of satire.<\/em><\/p>\n<p>August 22, 2016\u2014We woke up today with various public authorities and government representatives here at the favela entrance, something similar to what happened back in November 2010. There is an invasion of reporters and people from various parts of the world. Due to the coverage of the closing ceremony of the <a href=\"http:\/\/bit.ly\/1pXMFVa\" target=\"_blank\" rel=\"noopener\">Olympic Games<\/a>, Rio is full of them. But there is a difference between 2010 and today. Many cars from various government departments are present. Each favela entrance has a specific secretariat. At the entrance of Grota, the Public Works Secretariat. At the entrance of Reservat\u00f3rio is the Leisure and Culture Secretariat. In Nova Bras\u00edlia is the Education Secretariat. And in Austreg\u00e9silo, the staff from the Housing Secretariat, the Civil Office, the Social Development Secretariat, the water utility CEDAE, and many reporters\u2014all are ready to go up the favela and begin the \u201cretaking of the favela.\u201d<\/p>\n<p>Going down Itaoca Avenue, I can see from the entrance of Beira do Rio many cars from the waste utility, COMLURB, cleaning the surroundings of the open sewer, and saying that from now on all this area will be covered and will be a big leisure area, similar to the famous <a href=\"http:\/\/bit.ly\/1TnANgO\" target=\"_blank\" rel=\"noopener\">Madureira Park<\/a>. Walking further ahead, at the entrance of Canitar Street I see many other secretariats. The one that strikes me most is the Environment Secretariat, announcing that starting today we will have a serious policy of revitalization and care of the <a href=\"http:\/\/bit.ly\/2weRCol\" target=\"_blank\" rel=\"noopener\">Serra da Miseric\u00f3rdia<\/a>. We are very happy because we know the importance of what we call &#8220;<a href=\"http:\/\/bit.ly\/1JhMKdb\" target=\"_blank\" rel=\"noopener\">the lungs of the North Zone<\/a>.&#8221;<\/p>\n<p>In the skies above the favela, several helicopters are flying overhead with journalists covering this remarkable day for the country. One of them draws my attention: it drops small leaflets informing us of what is happening on this day\u2014an integrated action between all spheres of State and municipal powers and also those &#8220;mega NGOs&#8221; that have done an exceptional job restructuring the favelas through all these years of change. The pamphlets state only this simple phrase: &#8220;TODAY THE PUBLIC AUTHORITIES ARE COMING INTO YOUR FAVELA. HELP US BY SHARING YOUR OPINIONS AND MAKING SUGGESTIONS ABOUT WHAT WE CAN DO TO IMPROVE YOUR COMMUNITY.&#8221;<\/p>\n<p>The governor came to the public this morning and, calling a press conference, announced an emergency provision to construct five new school units, all full-time and two of them with vocational training.<\/p>\n<p>The Secretary of Transportation then made an announcement of extreme importance to the favela, saying that as of today, all the vans that circulate here will be integrated with the <a href=\"http:\/\/bit.ly\/1yrNziI\" target=\"_blank\" rel=\"noopener\">cable car system<\/a>. Residents will be able to use the Single Ticket (<em>bilhete \u00fanico<\/em>)\u00a0in both as well as for the mototaxis taking residents to the cable car, making it a truly useful means of transport for all residents. According to the Secretary, this will already be implemented starting tomorrow. Everyone is looking forward to this announcement&#8230;<\/p>\n<p>The Parks and Gardens Secretariat also made its announcement this morning, calling for an emergency hiring of residents to revitalize all abandoned areas of the favela: squares, soccer fields, gardens, and slopes that will come to life and be taken care of by the residents of the surrounding area, who will moreover be earning an income for it.<\/p>\n<p>The Science and Technology Secretariat was also engaged. In a loud and clear tone the Secretary took the microphone and said: &#8220;Two more <a href=\"http:\/\/bit.ly\/1PFZ2nZ\" target=\"_blank\" rel=\"noopener\"><em>Knowledge Ships<\/em><\/a>\u00a0will be built here. Let&#8217;s define the locations but we have funding. We know the importance of these centers here and that is why we realized we need two more, so you can look forward to them.&#8221;<\/p>\n<p>One of the things that brought a little hope and lit the light at the end of the tunnel was the publication last week of studies by the Pereira Passos Institute (IPP) reworking all the numbers that have been manipulated and hidden for years. This was one of the most awaited announcements as we have full knowledge that official figures can change all the announced actions. These numbers are the basis of everything, towards the true implementation of public policies we so long for. These are numbers that summarize the map of the real situation in our place. Now with that done we can be sure that something truly concrete will be accomplished without delays.<\/p>\n<p>I started asking myself the reason for all this: several questions about why the public authorities have made these decisions. Then the evening news gave the answer: the positive results of the Olympic Games here in Rio, and the final balance that impressed the world with the &#8220;ORGANIZATION&#8221; provided by Brazil, left the Brazilian government with an inflated ego. This has resonated well with the electoral landscape and has become one of the reasons for all this uproar. After all, it is also a year of running for the top position of the Olympic city, the elections for the City government of Rio.<\/p>\n<p>The circulation of this information by the press caused a rush to newsrooms to report all these facts. Tonight, everyone wanted to be the one to break this news. Something very unusual and much awaited by all the good citizens of this immense city became a reason for celebration in alleys and side streets, gradually extending to the streets near the favela. It reached various neighborhoods and infected the whole city. Then an out-of-season carnival was announced and the whole city went out to celebrate what is happening here in Alem\u00e3o. All these public announcements of improvements have left us in a state of total ecstasy, in a frenzy with no end in sight&#8230; THIS DAY WILL GO DOWN IN THE HISTORY OF THIS CITY, ONE DAY AFTER THE END OF THE 2016 OLYMPICS HERE IN RIO.<\/p>\n<p><em>Cleber Santos, a resident of Alem\u00e3o, had this &#8220;premonition&#8221; and said that he was &#8220;in full possession of his mental faculties&#8221; when he had this hallucination&#8230;<\/em><\/p>\n","protected":false},"excerpt":{"rendered":"<div class=\"mh-excerpt\"><p>Clique aqui para Portugu\u00eas The text below was written by Cl\u00e9ber Ara\u00fajo, a resident of Complexo do Alem\u00e3o in Rio de Janeiro&#8217;s North Zone, in July 2015 in the form of satire. August 22, 2016\u2014We <a class=\"mh-excerpt-more\" href=\"https:\/\/rioonwatch.org\/?p=38229\" title=\"One Day After the End of the 2016 Olympics Here in Rio&#8230; [SATIRE]\">[&#8230;]<\/a><\/p>\n<\/div>","protected":false},"author":156,"featured_media":22039,"comment_status":"closed","ping_status":"closed","sticky":false,"template":"","format":"standard","meta":{"_monsterinsights_skip_tracking":false,"_monsterinsights_sitenote_active":false,"_monsterinsights_sitenote_note":"","_monsterinsights_sitenote_category":0,"footnotes":""},"categories":[1668,1736,1328,335,1803],"tags":[150,32,504,397,474,1298,512,545,1682,37,5,15,152,301,1402,535,1802,243],"writer":[1790],"translator":[2483],"illustrator":[],"photographer":[],"class_list":{"0":"post-38229","1":"post","2":"type-post","3":"status-publish","4":"format-standard","5":"has-post-thumbnail","7":"category-participationwatch","8":"category-1736","9":"category-by-community-contributors","10":"category-policies","11":"category-satire","12":"tag-cable-car","13":"tag-complexo-do-alemao","14":"tag-culture","15":"tag-education","16":"tag-environment","17":"tag-green-space","18":"tag-leisure","19":"tag-mobility","20":"tag-nave-do-conhecimento","21":"tag-north-zone","22":"tag-olympics","23":"tag-pacifying-police-unit","24":"tag-participation","25":"tag-public-policy","26":"tag-legacy","27":"tag-sanitation","28":"tag-satire","29":"tag-serra-da-misericordia","30":"writer-cleber-araujo","31":"translator-desiree-poets"},"_links":{"self":[{"href":"https:\/\/rioonwatch.org\/index.php?rest_route=\/wp\/v2\/posts\/38229","targetHints":{"allow":["GET"]}}],"collection":[{"href":"https:\/\/rioonwatch.org\/index.php?rest_route=\/wp\/v2\/posts"}],"about":[{"href":"https:\/\/rioonwatch.org\/index.php?rest_route=\/wp\/v2\/types\/post"}],"author":[{"embeddable":true,"href":"https:\/\/rioonwatch.org\/index.php?rest_route=\/wp\/v2\/users\/156"}],"replies":[{"embeddable":true,"href":"https:\/\/rioonwatch.org\/index.php?rest_route=%2Fwp%2Fv2%2Fcomments&post=38229"}],"version-history":[{"count":0,"href":"https:\/\/rioonwatch.org\/index.php?rest_route=\/wp\/v2\/posts\/38229\/revisions"}],"wp:featuredmedia":[{"embeddable":true,"href":"https:\/\/rioonwatch.org\/index.php?rest_route=\/wp\/v2\/media\/22039"}],"wp:attachment":[{"href":"https:\/\/rioonwatch.org\/index.php?rest_route=%2Fwp%2Fv2%2Fmedia&parent=38229"}],"wp:term":[{"taxonomy":"category","embeddable":true,"href":"https:\/\/rioonwatch.org\/index.php?rest_route=%2Fwp%2Fv2%2Fcategories&post=38229"},{"taxonomy":"post_tag","embeddable":true,"href":"https:\/\/rioonwatch.org\/index.php?rest_route=%2Fwp%2Fv2%2Ftags&post=38229"},{"taxonomy":"writer","embeddable":true,"href":"https:\/\/rioonwatch.org\/index.php?rest_route=%2Fwp%2Fv2%2Fwriter&post=38229"},{"taxonomy":"translator","embeddable":true,"href":"https:\/\/rioonwatch.org\/index.php?rest_route=%2Fwp%2Fv2%2Ftranslator&post=38229"},{"taxonomy":"illustrator","embeddable":true,"href":"https:\/\/rioonwatch.org\/index.php?rest_route=%2Fwp%2Fv2%2Fillustrator&post=38229"},{"taxonomy":"photographer","embeddable":true,"href":"https:\/\/rioonwatch.org\/index.php?rest_route=%2Fwp%2Fv2%2Fphotographer&post=38229"}],"curies":[{"name":"wp","href":"https:\/\/api.w.org\/{rel}","templated":true}]}}