{"id":38844,"date":"2017-09-21T13:20:09","date_gmt":"2017-09-21T16:20:09","guid":{"rendered":"http:\/\/www.rioonwatch.org\/?p=38844"},"modified":"2020-10-20T10:41:05","modified_gmt":"2020-10-20T13:41:05","slug":"complexo-da-mares-gizele-martins-receives-rios-highest-honor","status":"publish","type":"post","link":"https:\/\/rioonwatch.org\/?p=38844","title":{"rendered":"Complexo da Mar\u00e9&#8217;s Gizele Martins Receives Rio&#8217;s Highest Honor"},"content":{"rendered":"<p style=\"text-align: right;\"><a href=\"http:\/\/bit.ly\/2wOdZ05\" target=\"_blank\" rel=\"noopener noreferrer\"><strong><em>Clique aqui para Portugu\u00eas<img decoding=\"async\" width=\"20\" height=\"20\" class=\"alignright size-full wp-image-23766\" src=\"http:\/\/www.rioonwatch.org\/wp-content\/uploads\/2012\/08\/PT-e1439583827971.png\" \/><\/em><\/strong><\/a><\/p>\n<p>On Saturday, September 16, activist, community communicator, and <a href=\"http:\/\/bit.ly\/1rNMXO3\" target=\"_blank\" rel=\"noopener noreferrer\">Complexo da Mar\u00e9<\/a> resident <a href=\"http:\/\/bit.ly\/1ObQJ4o\" target=\"_blank\" rel=\"noopener noreferrer\">Gizele Martins<\/a> received the Pedro Ernesto Medal at a ceremony at the\u00a0<a href=\"http:\/\/bit.ly\/1CSqPIR\" target=\"_blank\" rel=\"noopener noreferrer\">Museu da Mar\u00e9<\/a>\u00a0(Mar\u00e9 Museum). The Pedro Ernesto Medal is <a href=\"http:\/\/bit.ly\/2yeEmOb\" target=\"_blank\" rel=\"noopener noreferrer\">the highest honor<\/a> awarded by Rio de Janeiro&#8217;s City Council, and recipients are individuals who have made stand-out contributions to Brazilian or international society.<\/p>\n<p>Approximately one hundred people were in attendance on the day for a series of activities organized to commemorate Martins. Martins has worked as a journalist and as Managing Editor for\u00a0<a href=\"http:\/\/bit.ly\/1qVh2cQ\" target=\"_blank\" rel=\"noopener noreferrer\">O Cidad\u00e3o<\/a>, a newspaper dedicated to the sixteen <a href=\"http:\/\/bit.ly\/1kZa3h9\" target=\"_blank\" rel=\"noopener noreferrer\">North Zone<\/a> favelas that make up Mar\u00e9, but that is just one of her many projects. She has organized\u00a0<a href=\"http:\/\/bit.ly\/2bBTtsx\" target=\"_blank\" rel=\"noopener noreferrer\">communications conferences<\/a> and courses for Mar\u00e9 residents and led workshops to educate residents about their <a href=\"http:\/\/bit.ly\/1um7WLt\" target=\"_blank\" rel=\"noopener noreferrer\">rights<\/a>, as well as <a href=\"http:\/\/bit.ly\/1wbNeNI\" target=\"_blank\" rel=\"noopener noreferrer\">gender<\/a> and <a href=\"http:\/\/bit.ly\/1xKz1wb\" target=\"_blank\" rel=\"noopener noreferrer\">racial inequalities<\/a>. She is also a part of\u00a0<a href=\"http:\/\/bit.ly\/1YMp1ub\" target=\"_blank\" rel=\"noopener noreferrer\">Rio de Janeiro&#8217;s Youth Forum<\/a>\u2014which was responsible for creating the\u00a0<a href=\"http:\/\/bit.ly\/2xPpvh0\" target=\"_blank\" rel=\"noopener noreferrer\">\u201cN\u00f3s por N\u00f3s\u201d<\/a>\u00a0(Us for Us) app to help report police brutality\u2014and has guided\u00a0<a href=\"http:\/\/bit.ly\/2kE5uDM\" target=\"_blank\" rel=\"noopener noreferrer\">tours to destigmatize favelas<\/a>.<\/p>\n<p><a href=\"http:\/\/www.rioonwatch.org\/wp-content\/uploads\/2017\/09\/IMG_55451.jpg\"><img fetchpriority=\"high\" decoding=\"async\" class=\"aligncenter wp-image-38846 size-content\" title=\"From left to right: Glaucia Marinho, Renata Souza, Renato Cinco, Maria dos Camel\u00f4s, and Patr\u00edcia Oliveira.\" src=\"http:\/\/www.rioonwatch.org\/wp-content\/uploads\/2017\/09\/IMG_55451-e1505962090440-620x264.jpg\" alt=\"\" width=\"620\" height=\"264\" srcset=\"https:\/\/rioonwatch.org\/wp-content\/uploads\/2017\/09\/IMG_55451-e1505962090440-620x264.jpg 620w, https:\/\/rioonwatch.org\/wp-content\/uploads\/2017\/09\/IMG_55451-e1505962090440-940x400.jpg 940w\" sizes=\"(max-width: 620px) 100vw, 620px\" \/><\/a><\/p>\n<p>The first activity of the event was a panel discussion titled, \u201cMilitarization of Life and Resistance in Rio&#8217;s Favelas.&#8221; The panel featured community communicator Dr. Renata Souza, street vendor\u00a0Maria dos Camel\u00f4s, specialist on the prevention of torture Patr\u00edcia Oliveira, and Justi\u00e7a Global coordinator Glaucia Marinho.<\/p>\n<p>They discussed the militarization and <a href=\"http:\/\/bit.ly\/1qW8ZS7\" target=\"_blank\" rel=\"noopener noreferrer\">occupation of favelas<\/a>, with a particular emphasis on their impacts on <a href=\"http:\/\/bit.ly\/2khR9fx\" target=\"_blank\" rel=\"noopener noreferrer\">education<\/a>. Renata informed the audience: \u201cOperations have been so constant that a researcher from Mar\u00e9 found that Mar\u00e9 students missed twenty days of classes in 2016. Now let&#8217;s do a quick calculation\u2014twenty days without classes means students missed a month of class. In twelve years this same student&#8230; is going to lose one year of the twelve years of education he or she is supposed to have.&#8221; The panelists also criticized <a href=\"http:\/\/bit.ly\/1fQ8pm8\" target=\"_blank\" rel=\"noopener noreferrer\">mainstream media<\/a> for their role in the <a href=\"http:\/\/bit.ly\/2alCmJC\" target=\"_blank\" rel=\"noopener noreferrer\">criminalization of poverty<\/a> through <a href=\"http:\/\/bit.ly\/2hceXOj\" target=\"_blank\" rel=\"noopener noreferrer\">one-sided reporting<\/a> of military operations in favelas.<\/p>\n<p>After the discussion, food and drinks were provided before actors from the <a href=\"https:\/\/www.facebook.com\/grupodeteatromaremoto\/?fref=ts\" target=\"_blank\" rel=\"noopener noreferrer\">Grupo Atiro e Mar\u00e9MoTO<\/a> (part of Mar\u00e9&#8217;s <a href=\"http:\/\/bit.ly\/2dwpW2P\" target=\"_blank\" rel=\"noopener noreferrer\">Theater of the Oppressed<\/a>) performed scenes depicting racism, health, and faith.<\/p>\n<p><a href=\"http:\/\/www.rioonwatch.org\/wp-content\/uploads\/2017\/09\/IMG_55611.jpg\"><img decoding=\"async\" class=\"aligncenter wp-image-38847 size-content\" title=\"Performance by Grupo Atiro e Mar\u00e9MoTO. Photo by Sidney Magana\" src=\"http:\/\/www.rioonwatch.org\/wp-content\/uploads\/2017\/09\/IMG_55611-620x264.jpg\" alt=\"\" width=\"620\" height=\"264\" srcset=\"https:\/\/rioonwatch.org\/wp-content\/uploads\/2017\/09\/IMG_55611-620x264.jpg 620w, https:\/\/rioonwatch.org\/wp-content\/uploads\/2017\/09\/IMG_55611-940x400.jpg 940w\" sizes=\"(max-width: 620px) 100vw, 620px\" \/><\/a><\/p>\n<div>Then, turning the focus to the woman of honor, community members took turns praising Martins for her many accomplishments. Speakers shared personal stories involving Martins&#8217; triumphs and resilience, and described her as a beacon in the community. From mothers who lost their children to pastors and local organizers, all were in agreement that Martins represented not just herself and her family but all of Mar\u00e9. She was a &#8220;warrior,&#8221; they said.<\/div>\n<p>These sentiments were echoed throughout the following days on social media. One <a href=\"http:\/\/bit.ly\/2hm9sN4\" target=\"_blank\" rel=\"noopener noreferrer\">comment on Martins&#8217; Facebook page<\/a>\u00a0read: &#8220;You are so deserving [of this award] and as a favela resident I feel represented by your achievement!&#8221; <a href=\"http:\/\/bit.ly\/2hmI29B\" target=\"_blank\" rel=\"noopener noreferrer\">Another stated<\/a>: &#8220;Thank you Gizele Martins for all your work shining a light on the persecution and genocide of black favela residents.&#8221; <a href=\"http:\/\/bit.ly\/2hkhohu\" target=\"_blank\" rel=\"noopener noreferrer\">One commentator described her<\/a> as &#8220;tireless,&#8221; pointing out that the day after receiving her medal, Martins was <a href=\"http:\/\/bit.ly\/2w6WWHr\" target=\"_blank\" rel=\"noopener noreferrer\">marching against religious intolerance<\/a>.<\/p>\n<p>Before presenting the medal, city councilor Renato Cinco echoed the idea that Martins is representative of a larger group, explaining that to celebrate Martins&#8217; work was to celebrate favelas and their <a href=\"http:\/\/bit.ly\/1sZ22Q6\" target=\"_blank\" rel=\"noopener noreferrer\">resistance<\/a> more broadly.<\/p>\n<p>During her acceptance speech, Martins spoke of her struggles as a student from Mar\u00e9 attending the Pontifical Catholic University of\u00a0<span class=\"il\">Rio\u00a0<\/span>(<span class=\"il\">PUC<\/span>&#8211;<span class=\"il\">Rio<\/span>), a prestigious university located in the wealthy <a href=\"http:\/\/bit.ly\/1pfz23A\" target=\"_blank\" rel=\"noopener noreferrer\">South Zone<\/a>. She reminded the audience that &#8220;here in Mar\u00e9, we don&#8217;t have a bus that goes directly to the South Zone.&#8221; Moreover, she spoke of <a href=\"http:\/\/bit.ly\/2lSLzOx\" target=\"_blank\" rel=\"noopener noreferrer\">the way she was treated and made to feel as a favela resident at university<\/a>, recounting that &#8220;the faculty treats us like garbage because we&#8217;re not rich,&#8221; and describing how other students judged her clothing. Still, challenging <a href=\"http:\/\/bit.ly\/1JVdggj\" target=\"_blank\" rel=\"noopener noreferrer\">these attitudes<\/a> has become part of her struggle: &#8220;We don&#8217;t have to be ashamed&#8230;It&#8217;s them who have to be ashamed, the ones who don&#8217;t respect us.&#8221;<\/p>\n<p>Exemplifying why so many people view her as a representative, throughout her speech Martins repeated: &#8220;I am favela, I am gay, I am indigenous&#8230;,&#8221; each time acknowledging and declaring solidarity with a range of marginalized groups in Brazil.<\/p>\n<p>She dedicated the award to the favelas of Mar\u00e9 as a symbol of all residents of Mar\u00e9 finding their voices and resisting oppression. She called all to action, declaring that \u201cthe favela lives, exists, and resists.\u201d<\/p>\n<p><a href=\"http:\/\/www.rioonwatch.org\/wp-content\/uploads\/2017\/09\/IMG_55771-e1505848231536.jpg\"><img loading=\"lazy\" decoding=\"async\" class=\"aligncenter wp-image-38848 size-content\" title=\"Gizele Martins receives the Pedro Ernesto medal. Photo by Sidney Magana\" src=\"http:\/\/www.rioonwatch.org\/wp-content\/uploads\/2017\/09\/IMG_55771-e1505848231536-620x264.jpg\" alt=\"\" width=\"620\" height=\"264\" srcset=\"https:\/\/rioonwatch.org\/wp-content\/uploads\/2017\/09\/IMG_55771-e1505848231536-620x264.jpg 620w, https:\/\/rioonwatch.org\/wp-content\/uploads\/2017\/09\/IMG_55771-e1505848231536-940x400.jpg 940w\" sizes=\"(max-width: 620px) 100vw, 620px\" \/><\/a><\/p>\n<p>The Museu da \u200bMar\u00e9, venue for Saturday&#8217;s awards ceremony, was created by Mar\u00e9 residents who realized there were broad misconceptions about the <a href=\"http:\/\/bit.ly\/2umJf5P\" target=\"_blank\" rel=\"noopener noreferrer\">history of the area<\/a> and <a href=\"http:\/\/bit.ly\/2dr3j0b\" target=\"_blank\" rel=\"noopener noreferrer\">how it came to be<\/a>. With the opening of the museum <a href=\"http:\/\/bit.ly\/297GoYi\" target=\"_blank\" rel=\"noopener noreferrer\">eleven years ago<\/a>, they aimed to inspire a more positive image of favelas and amplify the voices of its residents. As such, it was a perfect location for Martins to be honored.<\/p>\n<p><a href=\"http:\/\/www.rioonwatch.org\/wp-content\/uploads\/2017\/09\/IMG_55501.jpg\"><img loading=\"lazy\" decoding=\"async\" class=\"aligncenter wp-image-38845 size-content\" title=\"Photo by Sidney Magana.\" src=\"http:\/\/www.rioonwatch.org\/wp-content\/uploads\/2017\/09\/IMG_55501-620x264.jpg\" alt=\"\" width=\"620\" height=\"264\" srcset=\"https:\/\/rioonwatch.org\/wp-content\/uploads\/2017\/09\/IMG_55501-620x264.jpg 620w, https:\/\/rioonwatch.org\/wp-content\/uploads\/2017\/09\/IMG_55501-940x400.jpg 940w\" sizes=\"(max-width: 620px) 100vw, 620px\" \/><\/a><\/p>\n","protected":false},"excerpt":{"rendered":"<div class=\"mh-excerpt\"><p>Clique aqui para Portugu\u00eas On Saturday, September 16, activist, community communicator, and Complexo da Mar\u00e9 resident Gizele Martins received the Pedro Ernesto Medal at a ceremony at the\u00a0Museu da Mar\u00e9\u00a0(Mar\u00e9 Museum). The Pedro Ernesto Medal <a class=\"mh-excerpt-more\" href=\"https:\/\/rioonwatch.org\/?p=38844\" title=\"Complexo da Mar\u00e9&#8217;s Gizele Martins Receives Rio&#8217;s Highest Honor\">[&#8230;]<\/a><\/p>\n<\/div>","protected":false},"author":161,"featured_media":38872,"comment_status":"closed","ping_status":"closed","sticky":false,"template":"","format":"standard","meta":{"_monsterinsights_skip_tracking":false,"_monsterinsights_sitenote_active":false,"_monsterinsights_sitenote_note":"","_monsterinsights_sitenote_category":0,"footnotes":""},"categories":[1294,1668,1288,1333,1284,1329],"tags":[255,2068,1585,977,1102,779,1653,280,1399,3000,1160,37,1990,2540,2541],"writer":[2539],"translator":[],"illustrator":[],"photographer":[],"class_list":{"0":"post-38844","1":"post","2":"type-post","3":"status-publish","4":"format-standard","5":"has-post-thumbnail","7":"category-communitymedia","8":"category-participationwatch","9":"category-highlight","10":"category-event-reports","11":"category-interviews-profiles","12":"category-by-international-observers","13":"tag-activism","14":"tag-award","15":"tag-celebration","16":"tag-citizen-journalism","17":"tag-community-leader-profile","18":"tag-community-leaders","19":"tag-community-media","20":"tag-complexo-da-mare","21":"tag-jornal-o-cidadao","22":"tag-justica-global","23":"tag-museu-da-mare","24":"tag-north-zone","25":"tag-nos-por-nos","26":"tag-pedro-ernesto-medal","27":"tag-renato-cinco","28":"writer-sidney-magana"},"_links":{"self":[{"href":"https:\/\/rioonwatch.org\/index.php?rest_route=\/wp\/v2\/posts\/38844","targetHints":{"allow":["GET"]}}],"collection":[{"href":"https:\/\/rioonwatch.org\/index.php?rest_route=\/wp\/v2\/posts"}],"about":[{"href":"https:\/\/rioonwatch.org\/index.php?rest_route=\/wp\/v2\/types\/post"}],"author":[{"embeddable":true,"href":"https:\/\/rioonwatch.org\/index.php?rest_route=\/wp\/v2\/users\/161"}],"replies":[{"embeddable":true,"href":"https:\/\/rioonwatch.org\/index.php?rest_route=%2Fwp%2Fv2%2Fcomments&post=38844"}],"version-history":[{"count":0,"href":"https:\/\/rioonwatch.org\/index.php?rest_route=\/wp\/v2\/posts\/38844\/revisions"}],"wp:featuredmedia":[{"embeddable":true,"href":"https:\/\/rioonwatch.org\/index.php?rest_route=\/wp\/v2\/media\/38872"}],"wp:attachment":[{"href":"https:\/\/rioonwatch.org\/index.php?rest_route=%2Fwp%2Fv2%2Fmedia&parent=38844"}],"wp:term":[{"taxonomy":"category","embeddable":true,"href":"https:\/\/rioonwatch.org\/index.php?rest_route=%2Fwp%2Fv2%2Fcategories&post=38844"},{"taxonomy":"post_tag","embeddable":true,"href":"https:\/\/rioonwatch.org\/index.php?rest_route=%2Fwp%2Fv2%2Ftags&post=38844"},{"taxonomy":"writer","embeddable":true,"href":"https:\/\/rioonwatch.org\/index.php?rest_route=%2Fwp%2Fv2%2Fwriter&post=38844"},{"taxonomy":"translator","embeddable":true,"href":"https:\/\/rioonwatch.org\/index.php?rest_route=%2Fwp%2Fv2%2Ftranslator&post=38844"},{"taxonomy":"illustrator","embeddable":true,"href":"https:\/\/rioonwatch.org\/index.php?rest_route=%2Fwp%2Fv2%2Fillustrator&post=38844"},{"taxonomy":"photographer","embeddable":true,"href":"https:\/\/rioonwatch.org\/index.php?rest_route=%2Fwp%2Fv2%2Fphotographer&post=38844"}],"curies":[{"name":"wp","href":"https:\/\/api.w.org\/{rel}","templated":true}]}}