{"id":39066,"date":"2017-10-03T14:15:23","date_gmt":"2017-10-03T17:15:23","guid":{"rendered":"http:\/\/www.rioonwatch.org\/?p=39066"},"modified":"2017-10-06T11:08:59","modified_gmt":"2017-10-06T14:08:59","slug":"santa-teresa-cinema-hosts-debate-on-trash-and-screens-favela-as-a-sustainable-model-film","status":"publish","type":"post","link":"https:\/\/rioonwatch.org\/?p=39066","title":{"rendered":"Santa Teresa Cinema Hosts Debate on Trash and Screens &#8216;Favela as a Sustainable Model&#8217; Film"},"content":{"rendered":"<p style=\"text-align: right;\"><strong><em><a href=\"http:\/\/bit.ly\/2xmLtD6\" target=\"_blank\" rel=\"noopener\">Clique aqui para Portugu\u00eas<\/a><a href=\"http:\/\/rioonwatch.org.br\/?p=14958\" target=\"_blank\" rel=\"noopener\"><img decoding=\"async\" class=\"alignright wp-image-23766 size-full\" src=\"http:\/\/www.rioonwatch.org\/wp-content\/uploads\/2012\/08\/PT-e1439583827971.png\" alt=\"\" width=\"20\" height=\"20\" \/><\/a><\/em><\/strong><\/p>\n<p>On September 28 in Santa Teresa&#8217;s Cine Santa movie theater, the short film\u00a0<em><a href=\"http:\/\/bit.ly\/FavelaModelo\" target=\"_blank\" rel=\"noopener\">Favela as a Sustainable Model<\/a><\/em> by <a href=\"http:\/\/bit.ly\/ZsEul3\" target=\"_blank\" rel=\"noopener\">Catalytic Communities<\/a>* (CatComm) was screened as part of the Santa Na Mesa festival celebrating sustainable development and sustainable living. <a href=\"http:\/\/bit.ly\/2yQKv41\" target=\"_blank\" rel=\"noopener\">The film screening<\/a> was hosted by Mairar\u00ea Produtora and the Association of Friends and Entrepreneurs of Santa Teresa. After the movie,\u00a0Cris dos Prazeres, from the environmental initiative <a href=\"http:\/\/bit.ly\/2dV2wHI\" target=\"_blank\" rel=\"noopener\">ReciclA\u00e7\u00e3o<\/a> in the\u00a0<a href=\"http:\/\/bit.ly\/1pPY5au\" target=\"_blank\" rel=\"noopener\">Prazeres<\/a>\u00a0favela, and Fernanda Cubianco, representing <a href=\"http:\/\/bit.ly\/2sYnj01\" target=\"_blank\" rel=\"noopener\">Movimento Lixo Zero<\/a> (Zero Waste Movement), participated in a short debate on addressing <a href=\"http:\/\/bit.ly\/1EbEBpt\" target=\"_blank\" rel=\"noopener\">environmental<\/a>\u00a0challenges in Rio de Janeiro.<\/p>\n<p><a href=\"http:\/\/www.rioonwatch.org\/wp-content\/uploads\/2017\/09\/IMG_3159-e1506954551996.jpg\"><img fetchpriority=\"high\" decoding=\"async\" class=\"aligncenter wp-image-39072 size-content\" title=\"CatComm's Roseli Franco\" src=\"http:\/\/www.rioonwatch.org\/wp-content\/uploads\/2017\/09\/IMG_3159-e1506954551996-620x264.jpg\" alt=\"\" width=\"620\" height=\"264\" srcset=\"https:\/\/rioonwatch.org\/wp-content\/uploads\/2017\/09\/IMG_3159-e1506954551996-620x264.jpg 620w, https:\/\/rioonwatch.org\/wp-content\/uploads\/2017\/09\/IMG_3159-e1506954551996-940x400.jpg 940w\" sizes=\"(max-width: 620px) 100vw, 620px\" \/><\/a><\/p>\n<p>After the projection of the movie, CatComm&#8217;s Institutional Director and one of the film&#8217;s producers, Roseli Franco, explained the idea behind its production. The purpose, she said, was to take advantage of the Rio+20 UN environmental conference taking place in Rio in 2012 to give visibility to some of the challenges facing favelas that non-residents might be unaware of, while also <a href=\"http:\/\/www.bit.ly\/FavelaModelo\" target=\"_blank\" rel=\"noopener\">documenting the innate sustainability<\/a> of these communities and their\u00a0<a href=\"http:\/\/bit.ly\/1k7iqdd\" target=\"_blank\" rel=\"noopener\">local solutions<\/a>: \u201cWe wanted to make a movie about the problems arising from <a href=\"http:\/\/bit.ly\/1SQPOTc\" target=\"_blank\" rel=\"noopener\">government negligence<\/a> and about the people who are already creating solutions to these problems.\u201d<\/p>\n<p>Franco explained that the NGO put out a call for community projects to participate in the documentary and many responded, including the socio-environmental NGO <a href=\"http:\/\/bit.ly\/1behL8o\" target=\"_blank\" rel=\"noopener\">Verdejar<\/a>, from <a href=\"http:\/\/bit.ly\/1nEeBwu\" target=\"_blank\" rel=\"noopener\">Complexo do Alem\u00e3o<\/a>, and <a href=\"http:\/\/on.fb.me\/1Iq9tsK\" target=\"_blank\" rel=\"noopener\">Favela Org\u00e2nica<\/a>, a <a href=\"http:\/\/bit.ly\/1CSCYi2\" target=\"_blank\" rel=\"noopener\">Babil\u00f4nia<\/a> and <a href=\"http:\/\/bit.ly\/WJPjDT\" target=\"_blank\" rel=\"noopener\">Ch\u00e1peu Mangueira<\/a>-based project that uses food scraps in delicious cooking. The projects that applied addressed issues like <a href=\"http:\/\/bit.ly\/1SqqjtD\" target=\"_blank\" rel=\"noopener\">sewage<\/a> and\u00a0<a href=\"http:\/\/bit.ly\/2bmjkpN\" target=\"_blank\" rel=\"noopener\">waste<\/a>, and the need for <a href=\"http:\/\/bit.ly\/1UMSMdD\" target=\"_blank\" rel=\"noopener\">environmental education<\/a>. The CatComm team selected projects from different areas of the city to show the wide range of favelas with active initiatives and to recognize their value.<\/p>\n<p><a href=\"http:\/\/www.rioonwatch.org\/wp-content\/uploads\/2017\/09\/IMG_3169-e1506954644230.jpg\"><img decoding=\"async\" class=\"aligncenter wp-image-39073 size-content\" title=\"Fernanda Cubiaco from Movimento Lixo Zero, while Cris from the ReciclA\u00e7\u00e3o project looks on.\" src=\"http:\/\/www.rioonwatch.org\/wp-content\/uploads\/2017\/09\/IMG_3169-e1506954644230-620x264.jpg\" alt=\"\" width=\"620\" height=\"264\" srcset=\"https:\/\/rioonwatch.org\/wp-content\/uploads\/2017\/09\/IMG_3169-e1506954644230-620x264.jpg 620w, https:\/\/rioonwatch.org\/wp-content\/uploads\/2017\/09\/IMG_3169-e1506954644230-940x400.jpg 940w\" sizes=\"(max-width: 620px) 100vw, 620px\" \/><\/a><\/p>\n<p>Next, the microphone was passed to Fernanda Cubiaco from Movimento Lixo Zero who addressed how important it is to show and give visibility to these examples of activism and resilience. Her own activism around the problem of trash in the city started when she observed a lack of care for the city&#8217;s public spaces that were often filled with garbage.\u00a0Cubiaco explained the objective of the <a href=\"http:\/\/bit.ly\/2f9vzU2\" target=\"_blank\" rel=\"noopener\">zero waste<\/a> project is to push people to rethink the way they look at garbage and to connect with the waste they produce in order to be more aware of its impact. She outlined how the movement is currently trying to find\u00a0ways to reduce trash in the environment by working with sixty restaurants and several schools and hotels to help them reduce their waste production. The movement is also currently working to create zero waste neighborhoods, and the objective is to keep expanding to involve more businesses and be an example to other municipalities.<\/p>\n<p><a href=\"http:\/\/www.rioonwatch.org\/wp-content\/uploads\/2017\/09\/IMG_3189-1-e1506954743319.jpg\"><img loading=\"lazy\" decoding=\"async\" class=\"aligncenter wp-image-39074 size-content\" title=\"Schoolchildren from Prazeres attended the event.\" src=\"http:\/\/www.rioonwatch.org\/wp-content\/uploads\/2017\/09\/IMG_3189-1-e1506954743319-620x264.jpg\" alt=\"\" width=\"620\" height=\"264\" srcset=\"https:\/\/rioonwatch.org\/wp-content\/uploads\/2017\/09\/IMG_3189-1-e1506954743319-620x264.jpg 620w, https:\/\/rioonwatch.org\/wp-content\/uploads\/2017\/09\/IMG_3189-1-e1506954743319-940x400.jpg 940w\" sizes=\"(max-width: 620px) 100vw, 620px\" \/><\/a><br \/>\nFollowing Cubiaco, Cris dos Prazeres also spoke to the value of this documentary giving visibility to a part of society and of the city that is left behind by government. She introduced herself as part of the <a href=\"http:\/\/bit.ly\/2yjrCdh\" target=\"_blank\" rel=\"noopener\">Prevention Realized Through Organization and Love<\/a> (Preven\u00e7\u00e3o Realizada com Organiza\u00e7\u00e3o e Amor\u2014PROA) group from Prazeres. The group works to address various sanitation problems that have emerged from government neglect over many decades. In Prazeres, Cris explained, they have a history of community resilience. She recalled how in 2010, after a freak avalanche of accumulated trash <a href=\"http:\/\/bit.ly\/2xVMVAz\" target=\"_blank\" rel=\"noopener\">killed more than 30 people<\/a>, they decided to take action on the big problem of trash in favelas. Cris said: \u201cWe started to sensitize ourselves to see the environment differently.&#8221; From there, the group started connecting with different communities and doing research, and the ReciclA\u00e7\u00e3o (RecycleAction) project was born.<\/p>\n<p>ReciclA\u00e7\u00e3o&#8217;s goal is to \u201cget away from the focus on comfort and consumerism&#8230; and start thinking about trash.\u201d Cris stressed the total <a href=\"http:\/\/bit.ly\/1IAfByp\" target=\"_blank\" rel=\"noopener\">lack of adequate trash collection<\/a>\u00a0in most favelas. Today ReciclA\u00e7\u00e3o is trying to change that, she says: there are now 40 eco-bags around Prazeres, various areas for composting, and different types of waste collection. The project&#8217;s team organizes discussions in schools and churches to <a href=\"http:\/\/bit.ly\/1UMSMdD\" target=\"_blank\" rel=\"noopener\">educate and raise residents&#8217; awareness<\/a> about taking care of the environment. At Thursday&#8217;s discussion, Cris emphasized that ReciclA\u00e7\u00e3o is <a href=\"http:\/\/bit.ly\/1JVdggj\" target=\"_blank\" rel=\"noopener\">challenging the misconception<\/a> that it is not possible to develop effective recycling and trash collection in favelas.<\/p>\n<p><a href=\"http:\/\/www.rioonwatch.org\/wp-content\/uploads\/2017\/09\/IMG_3192.jpg\"><img loading=\"lazy\" decoding=\"async\" class=\"aligncenter wp-image-39075 size-content\" title=\"Participants at the film screening and debate\" src=\"http:\/\/www.rioonwatch.org\/wp-content\/uploads\/2017\/09\/IMG_3192-e1506954799599-620x264.jpg\" alt=\"\" width=\"620\" height=\"264\" srcset=\"https:\/\/rioonwatch.org\/wp-content\/uploads\/2017\/09\/IMG_3192-e1506954799599-620x264.jpg 620w, https:\/\/rioonwatch.org\/wp-content\/uploads\/2017\/09\/IMG_3192-e1506954799599-940x400.jpg 940w\" sizes=\"(max-width: 620px) 100vw, 620px\" \/><\/a><\/p>\n<p>As for the audience, a group of young schoolmates from Prazeres joined the discussion with a ten-year-old saying he knows his trash is collected and reused in Prazeres. Other audience members acknowledged the importance of talking about consumption: people have to become conscious of the constant pressure to consume and start to reassess and reduce their needs. Another audience member argued we have to stop seeing the problem of trash and consumption as external, and realize the problem and the solution both start with each of us.<\/p>\n<p>*Catalytic Communities is the favela advocacy organization responsible for <em>RioOnWatch<\/em>.<\/p>\n<h3>The full 26-minute documentary is available with English subtitles on <a href=\"http:\/\/www.bit.ly\/FavelaModelo\" target=\"_blank\" rel=\"noopener\">YouTube<\/a>:<\/h3>\n<p><iframe src=\"https:\/\/www.youtube.com\/embed\/2sT8rhhbCUA\" width=\"620\" height=\"349\" frameborder=\"0\" allowfullscreen=\"allowfullscreen\"><\/iframe><\/p>\n","protected":false},"excerpt":{"rendered":"<div class=\"mh-excerpt\"><p>Clique aqui para Portugu\u00eas On September 28 in Santa Teresa&#8217;s Cine Santa movie theater, the short film\u00a0Favela as a Sustainable Model by Catalytic Communities* (CatComm) was screened as part of the Santa Na Mesa festival <a class=\"mh-excerpt-more\" href=\"https:\/\/rioonwatch.org\/?p=39066\" title=\"Santa Teresa Cinema Hosts Debate on Trash and Screens &#8216;Favela as a Sustainable Model&#8217; Film\">[&#8230;]<\/a><\/p>\n<\/div>","protected":false},"author":158,"featured_media":39314,"comment_status":"closed","ping_status":"closed","sticky":false,"template":"","format":"standard","meta":{"_monsterinsights_skip_tracking":false,"_monsterinsights_sitenote_active":false,"_monsterinsights_sitenote_note":"","_monsterinsights_sitenote_category":0,"footnotes":""},"categories":[1290,1333,329,452,1329],"tags":[525,756,258,364,32,1570,474,385,223,602,386,197,241,1292,664,388,172,1403,471,239],"writer":[2534],"translator":[],"illustrator":[],"photographer":[],"class_list":{"0":"post-39066","1":"post","2":"type-post","3":"status-publish","4":"format-standard","5":"has-post-thumbnail","7":"category-civilsociety","8":"category-event-reports","9":"category-solutions","10":"category-rio20","11":"category-by-international-observers","12":"tag-chapeu-mangueira","13":"tag-community-organizing","14":"tag-community-solution","15":"tag-community-based-organization-cbo","16":"tag-complexo-do-alemao","17":"tag-composting","18":"tag-environment","19":"tag-environmental-education","20":"tag-favela-as-a-model","21":"tag-film","22":"tag-trash","23":"tag-morro-da-babilonia","24":"tag-organic","25":"tag-organizing","26":"tag-prazeres","27":"tag-recycling","28":"tag-santa-teresa","29":"tag-solution","30":"tag-sustainability","31":"tag-verdejar","32":"writer-sophie-pizzimenti"},"_links":{"self":[{"href":"https:\/\/rioonwatch.org\/index.php?rest_route=\/wp\/v2\/posts\/39066","targetHints":{"allow":["GET"]}}],"collection":[{"href":"https:\/\/rioonwatch.org\/index.php?rest_route=\/wp\/v2\/posts"}],"about":[{"href":"https:\/\/rioonwatch.org\/index.php?rest_route=\/wp\/v2\/types\/post"}],"author":[{"embeddable":true,"href":"https:\/\/rioonwatch.org\/index.php?rest_route=\/wp\/v2\/users\/158"}],"replies":[{"embeddable":true,"href":"https:\/\/rioonwatch.org\/index.php?rest_route=%2Fwp%2Fv2%2Fcomments&post=39066"}],"version-history":[{"count":0,"href":"https:\/\/rioonwatch.org\/index.php?rest_route=\/wp\/v2\/posts\/39066\/revisions"}],"wp:featuredmedia":[{"embeddable":true,"href":"https:\/\/rioonwatch.org\/index.php?rest_route=\/wp\/v2\/media\/39314"}],"wp:attachment":[{"href":"https:\/\/rioonwatch.org\/index.php?rest_route=%2Fwp%2Fv2%2Fmedia&parent=39066"}],"wp:term":[{"taxonomy":"category","embeddable":true,"href":"https:\/\/rioonwatch.org\/index.php?rest_route=%2Fwp%2Fv2%2Fcategories&post=39066"},{"taxonomy":"post_tag","embeddable":true,"href":"https:\/\/rioonwatch.org\/index.php?rest_route=%2Fwp%2Fv2%2Ftags&post=39066"},{"taxonomy":"writer","embeddable":true,"href":"https:\/\/rioonwatch.org\/index.php?rest_route=%2Fwp%2Fv2%2Fwriter&post=39066"},{"taxonomy":"translator","embeddable":true,"href":"https:\/\/rioonwatch.org\/index.php?rest_route=%2Fwp%2Fv2%2Ftranslator&post=39066"},{"taxonomy":"illustrator","embeddable":true,"href":"https:\/\/rioonwatch.org\/index.php?rest_route=%2Fwp%2Fv2%2Fillustrator&post=39066"},{"taxonomy":"photographer","embeddable":true,"href":"https:\/\/rioonwatch.org\/index.php?rest_route=%2Fwp%2Fv2%2Fphotographer&post=39066"}],"curies":[{"name":"wp","href":"https:\/\/api.w.org\/{rel}","templated":true}]}}