{"id":39564,"date":"2017-12-06T11:09:53","date_gmt":"2017-12-06T14:09:53","guid":{"rendered":"http:\/\/www.rioonwatch.org\/?p=39564"},"modified":"2017-12-08T11:28:26","modified_gmt":"2017-12-08T14:28:26","slug":"pediatrician-dr-daniel-becker-reflects-on-childrens-health-in-favelas-and-on-the-asphalt-interview","status":"publish","type":"post","link":"https:\/\/rioonwatch.org\/?p=39564","title":{"rendered":"Pediatrician Daniel Becker Reflects on Children&#8217;s Health in Favelas and the &#8216;Asphalt&#8217; [INTERVIEW]"},"content":{"rendered":"<p style=\"text-align: right;\"><em><a href=\"http:\/\/bit.ly\/2g8czbb\" target=\"_blank\" rel=\"noopener\"><strong>Clique aqui para Por<\/strong><strong>tugu\u00eas<\/strong><strong><img decoding=\"async\" width=\"20\" height=\"20\" class=\"alignright size-full wp-image-23766\" src=\"http:\/\/www.rioonwatch.org\/wp-content\/uploads\/2012\/08\/PT-e1439583827971.png\" \/><\/strong><\/a><\/em><\/p>\n<p>Prominent pediatrician and community health expert Daniel Becker received his medical degree from the Federal University of Rio de Janeiro (UFRJ) and a Master&#8217;s Degree in Public Health from the National School of Public Health (ENSP) at Fiocruz, Brazil&#8217;s national institute of health. As well as attending to and treating children for years in his private practice, he is also an <a href=\"http:\/\/bit.ly\/2v9OWaM\" target=\"_blank\" rel=\"noopener\">Ashoka Fellow<\/a>, an international organization that <a href=\"http:\/\/bit.ly\/2y960zR\" target=\"_blank\" rel=\"noopener\">recognizes and supports social entrepreneurs<\/a>. He was selected for the Ashoka Fellowship for his role in <a href=\"http:\/\/bit.ly\/16FStZb\" target=\"_blank\" rel=\"noopener\">CEDAPS<\/a> (Center for the Promotion of Health), an NGO founded in 1993 which partners with local representatives to promote healthcare in hundreds of Rio favelas. His Facebook page, <a href=\"http:\/\/bit.ly\/2v6Mdzq\" target=\"_blank\" rel=\"noopener\"><i>Pediatra Integral <\/i><\/a>(Whole Pediatrics), currently has more than 76,000 likes. He also has a YouTube channel called\u00a0<i><a href=\"http:\/\/bit.ly\/2ibHYh4\" target=\"_blank\" rel=\"noopener\">Canal Criar e Crescer<\/a> <\/i>(Raise and Grow Channel)<i>.<\/i>\u00a0Becker has <a href=\"http:\/\/bit.ly\/2v6ahm4\" target=\"_blank\" rel=\"noopener\">appeared on the national talk show\u00a0<i>Roda Viva<\/i><\/a> to speak about childhood in Brazil today. <i>RioOnWatch <\/i>interviewed Becker about his path and his thoughts on the current situation facing youth both in the <a href=\"http:\/\/bit.ly\/2B79GUw\" target=\"_blank\" rel=\"noopener\">favelas and the &#8216;asphalt&#8217;<\/a> (as the &#8216;formal city&#8217; is known in Rio).<\/p>\n<h3><i>RioOnWatch<\/i>: Can you tell us briefly about your career path as a pediatrician? When and where did it begin, and in what capacities have you worked in low-income and high-income communities?<\/h3>\n<p><b>Becker:<\/b> I began my life as a pediatrician thirty years ago, and I did my residency in pediatrics at UFRJ. Not long after that I went overseas. I trained in France for two years in clinical pediatrics, adolescent medicine, and social pediatrics, and then I spent nearly a year with <a href=\"http:\/\/bit.ly\/2fncq2N\" target=\"_blank\" rel=\"noopener\">Doctors Without Borders<\/a> in Thailand, working with Cambodian refugees. When I returned home, I <a href=\"http:\/\/bit.ly\/2u88pEE\" target=\"_blank\" rel=\"noopener\">joined the NGO CEDAPS<\/a>, which was working in a favela called <a href=\"http:\/\/bit.ly\/2iwrrSg\" target=\"_blank\" rel=\"noopener\">Vila Canoas<\/a>, and we started a little health center there. I began as a pediatrician, but later became the coordinator of the project, which was supported by the Dreyfus Health Foundation from the US. We realized we were just doing more of the same\u2014we were replicating what already existed in the local health centers and, at the time, we weren&#8217;t making much of a difference in the lives of that population.<\/p>\n<p><a href=\"http:\/\/www.rioonwatch.org\/wp-content\/uploads\/2017\/11\/Screen-Shot-2017-07-30-at-12.06.52-PM.png\"><img fetchpriority=\"high\" decoding=\"async\" class=\"aligncenter wp-image-40343 size-content\" title=\"Daniel Becker working with Doctors Without Borders in Thailand\" src=\"http:\/\/www.rioonwatch.org\/wp-content\/uploads\/2017\/11\/Screen-Shot-2017-07-30-at-12.06.52-PM-620x264.png\" alt=\"\" width=\"620\" height=\"264\" srcset=\"https:\/\/rioonwatch.org\/wp-content\/uploads\/2017\/11\/Screen-Shot-2017-07-30-at-12.06.52-PM-620x264.png 620w, https:\/\/rioonwatch.org\/wp-content\/uploads\/2017\/11\/Screen-Shot-2017-07-30-at-12.06.52-PM-940x400.png 940w\" sizes=\"(max-width: 620px) 100vw, 620px\" \/><\/a><\/p>\n<p>So we decided to change our approach and create a model that would foster a connection with the community based on a responsible relationship, an exchange. We studied our options a little and looked at <a href=\"http:\/\/bit.ly\/2u8tKhi\" target=\"_blank\" rel=\"noopener\">Cuban and English models<\/a>. We decided to initiate a community health representative role, which was already being successfully implemented in the Brazilian state of Cear\u00e1. And then we launched the first Family Health team in Rio. We were therefore pioneers in the <a href=\"http:\/\/bit.ly\/1gkUF3f\" target=\"_blank\" rel=\"noopener\">Family Health Program<\/a> in Rio, and along with other entities in S\u00e3o Paulo, Rio Grande do Sul, Minas Gerais, Cear\u00e1, and Niter\u00f3i, we brought this idea to the Ministry of Health, which adopted and expanded the program, making it the principal health policy in Brazil, a source of pride for us in the international community.<\/p>\n<p>So this is something I\u2019m very proud of. I was one of the pioneers of this model, which is the most appropriate model for serving working-class communities. You\u2019ve got the healthcare team together with the community, working where the community is located, where people live. We can get a better understanding of what people\u2019s needs are when we see where they\u2019re living. And then we started working with this idea of promoting health, which is <a href=\"http:\/\/bit.ly\/2v8Pyy1\" target=\"_blank\" rel=\"noopener\">the idea that you don\u2019t achieve health through medical care<\/a>. Health is achieved through development, through care, through good nutrition, through good housing, through recreation, culture, education, peace and security. Rights, right?! <a href=\"http:\/\/bit.ly\/1um7WLt\" target=\"_blank\" rel=\"noopener\">Fundamental rights<\/a>.<\/p>\n<p>The work began to strengthen the communities, empowering <a href=\"http:\/\/bit.ly\/1uLg9rO\" target=\"_blank\" rel=\"noopener\">community leaders<\/a> to further promote health in their areas. This went on for 20, almost 25 years. But then the foundation that was funding us closed its doors.<\/p>\n<p><a href=\"http:\/\/www.rioonwatch.org\/wp-content\/uploads\/2017\/11\/Banner-CEDAPS.jpg\"><img decoding=\"async\" class=\"aligncenter wp-image-40342 size-content\" title=\"Work in CEDAPS' Healthy Communities Network\" src=\"http:\/\/www.rioonwatch.org\/wp-content\/uploads\/2017\/11\/Banner-CEDAPS-620x264.jpg\" alt=\"\" width=\"620\" height=\"264\" srcset=\"https:\/\/rioonwatch.org\/wp-content\/uploads\/2017\/11\/Banner-CEDAPS-620x264.jpg 620w, https:\/\/rioonwatch.org\/wp-content\/uploads\/2017\/11\/Banner-CEDAPS-940x400.jpg 940w\" sizes=\"(max-width: 620px) 100vw, 620px\" \/><\/a><\/p>\n<p>From that time on I&#8217;ve dedicated myself more to <a href=\"http:\/\/bit.ly\/2v9NNAb\" target=\"_blank\" rel=\"noopener\">my private practice<\/a> which has turned out really well. Today I&#8217;m part of CEDAPS&#8217; advisory board.<\/p>\n<p>So my experience with communities is not only about pediatrics\u2014it&#8217;s about the life, the day-to-day of the children, and their families in general. In my private practice I work with middle- and upper-class families and children who can afford to pay a pediatrician who doesn\u2019t take insurance. But in my broader practice, I\u2019ve continued to be concerned with society as a whole. I don\u2019t restrict myself to the world of the family. I always try to understand and help others reflect on the social, environmental, and cultural context that surrounds us. So I began to <a href=\"http:\/\/bit.ly\/2v6ahm4\" target=\"_blank\" rel=\"noopener\">join discussions<\/a>, to talk, to <a href=\"http:\/\/bit.ly\/2ibHYh4\" target=\"_blank\" rel=\"noopener\">give lectures<\/a>, and to <a href=\"http:\/\/bit.ly\/2hbYmxi\" target=\"_blank\" rel=\"noopener\">write in my blog<\/a> about what it&#8217;s like to be a father and mother nowadays, in the 21st century, taking into account the conditions we live in in Brazil and the characteristics of our society, and I try to help people understand that social factors are very influential in our family lives and in the way we raise our children.<\/p>\n<h3><i>RioOnWatch<\/i>: Was it in this period that you did the TEDx Talk?<\/h3>\n<p><b>Becker:<\/b> The TEDx Talk was during that time, in 2015. The talk was in fact a synthesis of various issues, which I summarized in this idea of \u201c<a href=\"http:\/\/bit.ly\/1e1Bold\" target=\"_blank\" rel=\"noopener\">seven sins<\/a>.\u201d I\u2019m currently writing a book about this, too, for [publisher] Editora Objetiva.<\/p>\n<blockquote><p>The \u201cseven sins\u201d being committed against children today, according to Dr. Daniel Becker:<\/p>\n<p>1. Deprivation of natural birth and breastfeeding<br \/>\n2. The outsourcing of childhood<br \/>\n3. The intoxication of childhood<br \/>\n4. Confinement and perpetual distraction<br \/>\n5. The commercialization of childhood and childhood consumerism<br \/>\n6. Premature adulthood and the eroticization of children<br \/>\n7. The placement of children on a pedestal and the overprotection of childhood<\/p><\/blockquote>\n<p><iframe title=\"Crian\u00e7as, j\u00e1 para fora | Daniel Becker | TEDxLa\u00e7ador\" width=\"500\" height=\"281\" src=\"https:\/\/www.youtube.com\/embed\/1Kxffmj78Os?feature=oembed\" frameborder=\"0\" allow=\"accelerometer; autoplay; clipboard-write; encrypted-media; gyroscope; picture-in-picture; web-share\" referrerpolicy=\"strict-origin-when-cross-origin\" allowfullscreen><\/iframe><\/p>\n<h3><i>RioOnWatch<\/i>: What do you see as the major differences between children raised in the favela and those raised on the &#8216;asphalt&#8217;?<\/h3>\n<p><b>Becker:\u00a0<\/b>It\u2019s really a difference in access to rights. Children in the favela, generally speaking, have poorer housing. Often they don\u2019t have <a href=\"http:\/\/bit.ly\/XS2raO\" target=\"_blank\" rel=\"noopener\">adequate sanitation<\/a>. Often they live next to open sewers. They don\u2019t have <a href=\"http:\/\/bit.ly\/2khR9fx\" target=\"_blank\" rel=\"noopener\">good quality education<\/a> or <a href=\"http:\/\/bit.ly\/1glS49a\" target=\"_blank\" rel=\"noopener\">health services<\/a>. Having the <a href=\"http:\/\/bit.ly\/1Tb7Ntj\" target=\"_blank\" rel=\"noopener\">Family Clinic<\/a>\u00a0nearby is very helpful, but if the child needs a specialist or a more complex exam, for example, that\u2019s harder to come by.<\/p>\n<p>That said, Rio de Janeiro has made substantial improvements in terms of access to medical care. What we have today is much more organized. This was a great improvement brought about by the previous administration, one of the only things that can really be appreciated about the administration of former Mayor <a href=\"http:\/\/bit.ly\/1nZkXpa\" target=\"_blank\" rel=\"noopener\">Eduardo Paes<\/a>: improvements to the organization of the health system. He had a good health team.<\/p>\n<p>And, certainly, access and the right to freedom\u2014the right to play and move around freely\u2014are seriously threatened by the presence of violence, from both the <a href=\"http:\/\/bit.ly\/2vIIK89\" target=\"_blank\" rel=\"noopener\">police<\/a> and <a href=\"http:\/\/bit.ly\/1vxXakT\" target=\"_blank\" rel=\"noopener\">organized crime<\/a>. It\u2019s terrible, and the violence impedes the implementation of other rights. So children [in this situation] can\u2019t play in the street, and don\u2019t have access to nature. They <a href=\"http:\/\/bit.ly\/1SllUHN\" target=\"_blank\" rel=\"noopener\">can\u2019t even necessarily get to the beach<\/a> because sometimes they don\u2019t have money for the bus. It\u2019s very tragic.<\/p>\n<p><a href=\"http:\/\/www.rioonwatch.org\/wp-content\/uploads\/2017\/11\/Lins-Foto-Luiz-Baltar.jpg\"><img loading=\"lazy\" decoding=\"async\" class=\"aligncenter wp-image-40341 size-content\" title=\"Pacification in Complexo do Lins. Photo by Luiz Baltar\" src=\"http:\/\/www.rioonwatch.org\/wp-content\/uploads\/2017\/11\/Lins-Foto-Luiz-Baltar-620x264.jpg\" alt=\"\" width=\"620\" height=\"264\" srcset=\"https:\/\/rioonwatch.org\/wp-content\/uploads\/2017\/11\/Lins-Foto-Luiz-Baltar-620x264.jpg 620w, https:\/\/rioonwatch.org\/wp-content\/uploads\/2017\/11\/Lins-Foto-Luiz-Baltar-940x400.jpg 940w\" sizes=\"(max-width: 620px) 100vw, 620px\" \/><\/a><\/p>\n<p>People were happy when the <a href=\"http:\/\/bit.ly\/1pPLsll\" target=\"_blank\" rel=\"noopener\">Pacifying Police Units<\/a> (UPPs) were working well. But then they started to deteriorate, and now <a href=\"http:\/\/bit.ly\/2j3iT3H\" target=\"_blank\" rel=\"noopener\">things are worse than before<\/a>. Now you\u2019ve got police violence and\u00a0the violence of organized crime, such that oppression is coming from all sides, with terrible consequences for the physical and emotional well-being of all the residents. There\u2019s also the <a href=\"http:\/\/bit.ly\/2p5QnAn\" target=\"_blank\" rel=\"noopener\">problem of food<\/a>. Children on the periphery of the city have little access to natural food, which is more expensive than mass-produced food. In the little food shops in the neighborhood, you can\u2019t find fruits or vegetables, only low-quality food\u2014salty snacks, sodas, cookies. That food has more sugar, more salt, more fat, and more chemical substances. So the children tend to be malnourished or overweight, even obese. So the right to healthy food is also a serious problem for these children.<\/p>\n<p>On top of that, low-income families who have to work a lot don\u2019t see much of their children. They work more, they work farther away. These are communities on the periphery of the city. So it <a href=\"http:\/\/bit.ly\/2w820KB\" target=\"_blank\" rel=\"noopener\">takes the mother and father longer to get to work<\/a>. The percentage of families run by women, where the father isn&#8217;t around, is very high\u2014that\u2019s why it\u2019s very important to work on fatherhood.<\/p>\n<p><a href=\"http:\/\/www.rioonwatch.org\/wp-content\/uploads\/2017\/11\/o\u0302nibus-lotado-Foto-EBC.jpg\"><img loading=\"lazy\" decoding=\"async\" class=\"aligncenter wp-image-40340 size-content\" title=\"A packed bus. Photo by EBC\" src=\"http:\/\/www.rioonwatch.org\/wp-content\/uploads\/2017\/11\/o\u0302nibus-lotado-Foto-EBC-620x264.jpg\" alt=\"\" width=\"620\" height=\"264\" \/><\/a><\/p>\n<p>Another thing I always point out is that a child has to have access to fresh air and nature to develop well. A natural space\u2014with trees, rocks, soil, animals\u2014is so important to a child&#8217;s development. Some favelas do have green spaces, but the children don\u2019t go there because of the drug traffickers.<\/p>\n<p>On the &#8216;asphalt&#8217; there are many privileges, but there are also many problems. You have children today who have good housing, who have adequate homes, who have sanitation and food and nannies. But these children don\u2019t see much of their fathers, either. Their <a href=\"http:\/\/abr.ai\/2vah11O\" target=\"_blank\" rel=\"noopener\">fathers are absent most of the time<\/a>. You also have the issue of <a href=\"http:\/\/bit.ly\/2eWCAN4\" target=\"_blank\" rel=\"noopener\">mass-produced food<\/a>, because people don\u2019t have time to cook, and they watch television or videos on the Internet and are influenced by the commercials. Often, these are children who aren&#8217;t allowed to go outside. It&#8217;s interesting to note that in the favela, kids do play more in the street\u2014despite the much higher risk of violence [in favelas with drug trafficking]. The perception of risk is different. A neighbor is watching them. Children stay out of the house a lot more, which can be very good for their [development]. Families from the &#8216;asphalt&#8217; are much more fearful. The children can\u2019t go out because [parents are afraid that] there will be a shooting, they\u2019ll be run over. You wind up playing outside of the house or in the park less. You stay in the house spending a lot of time <a href=\"http:\/\/bit.ly\/2eWD5GW\" target=\"_blank\" rel=\"noopener\">on your tablet, or watching TV<\/a>, and that\u2019s very bad for a child\u2019s development.<\/p>\n<h3><i>RioOnWatch<\/i>: What are the advantages of being raised in the favela?<\/h3>\n<p><b>Becker:<\/b> Often you have a network of affection, a loving network that\u2019s more present in the favela. It\u2019s common to have your grandmother, aunt, neighbor, everybody, in the same space\u2014a more present social network. So children are more immersed in these affectionate networks, with caretakers who know them and who care for them in a more loving way. And that\u2019s good for them, for the children\u2019s development. They are more free to play, because a lot of times there\u2019s a little yard there, there are trees nearby, and often they aren\u2019t too afraid to go out in the street. Those are the main advantages. Mostly they have disadvantages, but there are advantages too. There may be less overprotection [in favelas]. In the upper-middle class, there\u2019s a strong tendency to fail to set limits, to raise children with a minimum of positive discipline. That overprotection is really toxic.<\/p>\n<p><a href=\"http:\/\/www.rioonwatch.org\/wp-content\/uploads\/2017\/11\/Crianc\u0327as-brincando-na-Asa-Brancaok.jpg\"><img loading=\"lazy\" decoding=\"async\" class=\"aligncenter wp-image-40339 size-content\" title=\"Children playing in the community Asa Branca\" src=\"http:\/\/www.rioonwatch.org\/wp-content\/uploads\/2017\/11\/Crianc\u0327as-brincando-na-Asa-Brancaok-620x264.jpg\" alt=\"\" width=\"620\" height=\"264\" srcset=\"https:\/\/rioonwatch.org\/wp-content\/uploads\/2017\/11\/Crianc\u0327as-brincando-na-Asa-Brancaok-620x264.jpg 620w, https:\/\/rioonwatch.org\/wp-content\/uploads\/2017\/11\/Crianc\u0327as-brincando-na-Asa-Brancaok-300x128.jpg 300w, https:\/\/rioonwatch.org\/wp-content\/uploads\/2017\/11\/Crianc\u0327as-brincando-na-Asa-Brancaok-768x327.jpg 768w, https:\/\/rioonwatch.org\/wp-content\/uploads\/2017\/11\/Crianc\u0327as-brincando-na-Asa-Brancaok-1024x436.jpg 1024w, https:\/\/rioonwatch.org\/wp-content\/uploads\/2017\/11\/Crianc\u0327as-brincando-na-Asa-Brancaok-940x400.jpg 940w, https:\/\/rioonwatch.org\/wp-content\/uploads\/2017\/11\/Crianc\u0327as-brincando-na-Asa-Brancaok.jpg 2048w\" sizes=\"(max-width: 620px) 100vw, 620px\" \/><\/a><\/p>\n<h3><i>RioOnWatch<\/i>: Can you say a little more about that?<\/h3>\n<p><b>Becker:<\/b> It\u2019s what they call &#8216;helicopter parenting.&#8217; When parents who work a lot are with their children, they feel guilty because they\u2019ve barely seen their children all week. So on the weekend you take the children to the shopping mall. If they want a toy, you give them a toy. If they want a present, you give them more presents. You take them to the play area and don\u2019t let them hurt themselves. You stay on top of them the whole time: &#8216;You can\u2019t do this, can\u2019t do that, don\u2019t do this, don\u2019t do that, you\u2019re going to hurt yourself, you\u2019re going to fall.&#8217; The children live with no chance of taking a little bit of risk in their lives. And what is the risk? The risk of falling and scraping your knee, for example: it&#8217;s very important because the child will learn courage, to evaluate risks, and to understand that problems come and go, and that wounds heal, and to consider life an adventure. An overprotected child will believe that they run the family, and this will make them more narcissistic\u2014spoiled. The chance to feel pain, and to feel frustration, and to know that &#8216;you can\u2019t do that now&#8217; is <a href=\"http:\/\/bit.ly\/2uMkT6R\" target=\"_blank\" rel=\"noopener\">very important for the child\u2019s development<\/a>. Perhaps in the favela where there is more poverty, children wind up having to face this more often, and they have more chores, they have to help around the house. In the end, they turn out better prepared, with better manners and social skills. Overprotection can be very harmful for a child. It\u2019s very common in the upper-middle class.<\/p>\n<h3><i>RioOnWatch<\/i>: Over your years of work in this field, what&#8217;s been the biggest change you&#8217;ve seen in terms of the development of youth in favelas?<\/h3>\n<p><b>Becker:<\/b> In the days when the UPPs were beginning to work, there was more economic activity. There was a general improvement in the quality of life in the communities. Social activities\u2014there was more freedom for them. Again, violence is very oppressive to children, especially <a href=\"http:\/\/bit.ly\/1kjog8j\" target=\"_blank\" rel=\"noopener\">police violence against black youth<\/a>.<\/p>\n<h3><i>RioOnWatch<\/i>: Could you please elaborate on the impact of social stigma on children in the favela?<\/h3>\n<p><b>Becker:<\/b> I find the question of <a href=\"http:\/\/bit.ly\/1JVdggj\" target=\"_blank\" rel=\"noopener\">stigma<\/a> very important. More than that, there\u2019s the widening gulf of <a href=\"http:\/\/bit.ly\/1qbJV72\" target=\"_blank\" rel=\"noopener\">inequality<\/a> in Brazil, especially with the recent government, which will keep <a href=\"http:\/\/bit.ly\/2xxfnZx\" target=\"_blank\" rel=\"noopener\">making inequality worse<\/a>. <a href=\"http:\/\/bit.ly\/2jyI8fx\" target=\"_blank\" rel=\"noopener\">Inequality in healthcare<\/a> is recognized as one of the most harmful things. There are scientific studies in public health, economics, and social sciences that show that inequality harms everyone, the whole society. The extreme separation of two sides of society creates this notion that the &#8216;other&#8217; is my enemy. The &#8216;other&#8217; is the poor, it&#8217;s someone I look down on, who is my enemy, who I\u2019m afraid of, who I\u2019d rather not see, or I&#8217;d even try to get rid of. The life of &#8216;<a href=\"http:\/\/bit.ly\/2j12aOS\" target=\"_blank\" rel=\"noopener\">the other<\/a>&#8216; winds up not having the same value. So poor black youth enter into a terrible process of stigmatization <a href=\"http:\/\/bit.ly\/2alCmJC\" target=\"_blank\" rel=\"noopener\">where they represent crime<\/a>, threat, the &#8216;other.&#8217; And the <a href=\"http:\/\/bit.ly\/2sobq3e\" target=\"_blank\" rel=\"noopener\">rich white population begins to look down on<\/a> and hate these people. In a society with such a deformed moral framework\u2014where lives don\u2019t have the same value\u2014everything is devoid of morals. And from there we get corruption, and the tolerance of corruption. The rich don\u2019t care about the quality of public transportation because they don\u2019t use it, so we all get stuck in traffic. The rich don\u2019t care about the quality of the public schools because their children are in private schools, but that means that the poor get a low-quality education and are easily manipulated by corrupt or fascist politicians. And on it goes, in a spiral that leaves everyone worse off.<\/p>\n<h3><i>RioOnWatch<\/i>: How does this impact the child\u2019s social and emotional development?<\/h3>\n<p><b>Becker:<\/b> A poor black teenager from the favela doesn\u2019t even have the right to <a href=\"http:\/\/bit.ly\/1p42Gaa\" target=\"_blank\" rel=\"noopener\">walk through the streets of the South Zone<\/a>. He&#8217;s seen as an enemy. If someone thinks he stole something, <a href=\"http:\/\/bit.ly\/1NtC1nQ\" target=\"_blank\" rel=\"noopener\">he\u2019ll be beaten up<\/a>. Not long ago there was a police operation prohibiting black children with no money from going to the beach. The beach is a free public space, one of very few. I find this very cruel to the psyches of children and teenagers, this feeling of being less than, of not having rights, of being stigmatized as a criminal. It makes their lives more difficult, with less purpose and less meaning. It\u2019s really difficult.<\/p>\n<h3><i>RioOnWatch<\/i>: What can the parents of children who are growing up in formal neighborhoods learn from the parents of children in favelas, and what can favela parents learn from parents from the &#8216;asphalt&#8217;?<\/h3>\n<p><b>Becker:<\/b> For favela parents, I would say that they should be aware that they can use the city\u2019s cultural and recreational spaces. When you go to the beach or to Parque Lage, which are free spaces, you don\u2019t see many working-class people. There are people in Alem\u00e3o who have never been to the beach\u2014just 20 kilometers away. You go to the <a href=\"http:\/\/bit.ly\/2uKBWIh\" target=\"_blank\" rel=\"noopener\">Banco do Brasil Cultural Center<\/a>, which has incredible shows and exhibitions, everything free of charge. Nearby you have the <a href=\"http:\/\/bit.ly\/2vjfsPM\" target=\"_blank\" rel=\"noopener\">France-Brazil House<\/a>, the <a href=\"http:\/\/bit.ly\/2vVxDs4\" target=\"_blank\" rel=\"noopener\">Correios Cultural Center<\/a>, the <a href=\"http:\/\/bit.ly\/2vVBGnY\" target=\"_blank\" rel=\"noopener\">Federal Justice Cultural Center<\/a>\u2014all in the same vicinity\u2014and you don\u2019t have to pay anything. But a lot of people don\u2019t know they can go to these places. In general, there are only white people in these spaces. There are no black people, no poor people. And you have <a href=\"http:\/\/bit.ly\/T5QI5Q\" target=\"_blank\" rel=\"noopener\">Vidigal<\/a>, <a href=\"http:\/\/bit.ly\/1m4JS9c\" target=\"_blank\" rel=\"noopener\">Rocinha<\/a>, <a href=\"http:\/\/bit.ly\/1BIPlLG\" target=\"_blank\" rel=\"noopener\">Mangueira<\/a>, it&#8217;s a bus ride away as well. Some of them could even go on foot. From Rocinha you could walk to the <a href=\"http:\/\/bit.ly\/1JE5NQz\" target=\"_blank\" rel=\"noopener\">Botanical Gardens<\/a>. So I would tell favela parents that they should use these cultural and natural spaces in the city because these are their spaces, too. They are not only meant for the rich, but it is only the rich who take advantage of them.<\/p>\n<p>For the rich, I would say the same thing: that they should continue to use these spaces, and allow their children to meet children from the favela and play with children from the favela. The less segregation we have, the more chances we have to meet and to care about one another. Meeting each other will create empathy, understanding. It will end up reducing stigma, which is very important for this city. For us to understand that we all need a fairer, more egalitarian, more sustainable city\u2014and that this is only possible when we put pressure on our leaders, demanding more transparency and a government focused on the real interests of the population, and not on the interest groups that hang around the politicians. This is what I call participatory government. For that, we need to get together and talk.<\/p>\n","protected":false},"excerpt":{"rendered":"<div class=\"mh-excerpt\"><p>Clique aqui para Portugu\u00eas Prominent pediatrician and community health expert Daniel Becker received his medical degree from the Federal University of Rio de Janeiro (UFRJ) and a Master&#8217;s Degree in Public Health from the National <a class=\"mh-excerpt-more\" href=\"https:\/\/rioonwatch.org\/?p=39564\" title=\"Pediatrician Daniel Becker Reflects on Children&#8217;s Health in Favelas and the &#8216;Asphalt&#8217; [INTERVIEW]\">[&#8230;]<\/a><\/p>\n<\/div>","protected":false},"author":22,"featured_media":40344,"comment_status":"closed","ping_status":"closed","sticky":false,"template":"","format":"standard","meta":{"_monsterinsights_skip_tracking":false,"_monsterinsights_sitenote_active":false,"_monsterinsights_sitenote_note":"","_monsterinsights_sitenote_category":0,"footnotes":""},"categories":[1284,328,1329],"tags":[750,2561,1396,812,892,2616,291,182,107,25,203,262,512,1862,2617,1019,2558,453,1017,30,1489,259],"writer":[2393],"translator":[508],"illustrator":[],"photographer":[],"class_list":{"0":"post-39564","1":"post","2":"type-post","3":"status-publish","4":"format-standard","5":"has-post-thumbnail","7":"category-interviews-profiles","8":"category-understanding-rio","9":"category-by-international-observers","10":"tag-access","11":"tag-cedaps","12":"tag-criminalization-of-poverty","13":"tag-empowerment","14":"tag-family-health-clinic","15":"tag-favela-vs-asphalt","16":"tag-food","17":"tag-government-neglect","18":"tag-health","19":"tag-human-rights","20":"tag-inequality","21":"tag-interview","22":"tag-leisure","23":"tag-mental-health","24":"tag-othering","25":"tag-right-to-education","26":"tag-self-esteem","27":"tag-stigma","28":"tag-childrens-rights","29":"tag-urban-violence","30":"tag-vila-das-canoas","31":"tag-youth","32":"writer-evan-fantozzi","33":"translator-rachel-fox"},"_links":{"self":[{"href":"https:\/\/rioonwatch.org\/index.php?rest_route=\/wp\/v2\/posts\/39564","targetHints":{"allow":["GET"]}}],"collection":[{"href":"https:\/\/rioonwatch.org\/index.php?rest_route=\/wp\/v2\/posts"}],"about":[{"href":"https:\/\/rioonwatch.org\/index.php?rest_route=\/wp\/v2\/types\/post"}],"author":[{"embeddable":true,"href":"https:\/\/rioonwatch.org\/index.php?rest_route=\/wp\/v2\/users\/22"}],"replies":[{"embeddable":true,"href":"https:\/\/rioonwatch.org\/index.php?rest_route=%2Fwp%2Fv2%2Fcomments&post=39564"}],"version-history":[{"count":0,"href":"https:\/\/rioonwatch.org\/index.php?rest_route=\/wp\/v2\/posts\/39564\/revisions"}],"wp:featuredmedia":[{"embeddable":true,"href":"https:\/\/rioonwatch.org\/index.php?rest_route=\/wp\/v2\/media\/40344"}],"wp:attachment":[{"href":"https:\/\/rioonwatch.org\/index.php?rest_route=%2Fwp%2Fv2%2Fmedia&parent=39564"}],"wp:term":[{"taxonomy":"category","embeddable":true,"href":"https:\/\/rioonwatch.org\/index.php?rest_route=%2Fwp%2Fv2%2Fcategories&post=39564"},{"taxonomy":"post_tag","embeddable":true,"href":"https:\/\/rioonwatch.org\/index.php?rest_route=%2Fwp%2Fv2%2Ftags&post=39564"},{"taxonomy":"writer","embeddable":true,"href":"https:\/\/rioonwatch.org\/index.php?rest_route=%2Fwp%2Fv2%2Fwriter&post=39564"},{"taxonomy":"translator","embeddable":true,"href":"https:\/\/rioonwatch.org\/index.php?rest_route=%2Fwp%2Fv2%2Ftranslator&post=39564"},{"taxonomy":"illustrator","embeddable":true,"href":"https:\/\/rioonwatch.org\/index.php?rest_route=%2Fwp%2Fv2%2Fillustrator&post=39564"},{"taxonomy":"photographer","embeddable":true,"href":"https:\/\/rioonwatch.org\/index.php?rest_route=%2Fwp%2Fv2%2Fphotographer&post=39564"}],"curies":[{"name":"wp","href":"https:\/\/api.w.org\/{rel}","templated":true}]}}