{"id":39758,"date":"2017-10-27T14:35:06","date_gmt":"2017-10-27T17:35:06","guid":{"rendered":"http:\/\/www.rioonwatch.org\/?p=39758"},"modified":"2018-05-08T09:56:37","modified_gmt":"2018-05-08T12:56:37","slug":"the-dilemma-of-favela-tourism-if-its-wrong-to-visit-because-its-dangerous-it-must-be-wrong-to-live-there-right","status":"publish","type":"post","link":"https:\/\/rioonwatch.org\/?p=39758","title":{"rendered":"The Dilemma of Favela Tourism: \u2018If It\u2019s Wrong to Visit, It Must Be Wrong to Live There, Right?\u2019"},"content":{"rendered":"<p style=\"text-align: right;\"><a href=\"http:\/\/bit.ly\/2le2AGx\" target=\"_blank\" rel=\"noopener\"><strong><em>Clique aqui para Portugu\u00eas<img decoding=\"async\" width=\"20\" height=\"20\" class=\"alignright size-full wp-image-23766\" src=\"http:\/\/www.rioonwatch.org\/wp-content\/uploads\/2012\/08\/PT-e1439583827971.png\" \/><\/em><\/strong><\/a><\/p>\n<p><em>For the original article in Portuguese by Felipe Betim published in EL PA\u00cdS click <a href=\"http:\/\/bit.ly\/2le2AGx\" target=\"_blank\" rel=\"noopener\">here<\/a>.<\/em><\/p>\n<p>The Spaniard Mar\u00eda Esperanza Jim\u00e9nez Ruiz, 67, was <a href=\"http:\/\/bit.ly\/2gw49KA\" target=\"_blank\" rel=\"noopener\">killed by the Military Police<\/a> when she visited the <a href=\"http:\/\/bit.ly\/1m4JS9c\" target=\"_blank\" rel=\"noopener\">Rocinha<\/a> favela in Rio de Janeiro on Monday. Many of the reactions posted on <a href=\"http:\/\/bit.ly\/1ooH4TZ\" target=\"_blank\" rel=\"noopener\">social media<\/a> have been the same: &#8220;Rocinha is not a tourist destination, for the love of God,\u201d an EL PA\u00cdS reader complained on social media. &#8220;A favela is not a place to go sightseeing?! She didn&#8217;t obey, she died!\u201d said another. <a href=\"http:\/\/bit.ly\/2vyIWXm\" target=\"_blank\" rel=\"noopener\">Over the years favela tourism has become a growing feature<\/a> of daily life in the city. During the Rio Olympics, the presence of <a href=\"http:\/\/bit.ly\/1lIGSxv\" target=\"_blank\" rel=\"noopener\">Pacification Police Units<\/a>\u00a0(UPPs)\u2014the majority of which were <a href=\"http:\/\/bit.ly\/14bxZdT\" target=\"_blank\" rel=\"noopener\">installed near Rio&#8217;s main tourism sites<\/a>\u2014gave people a sense of security, and they began to make casual plans to visit a favela, to see life beyond the tourist sidewalks of Copacabana.<\/p>\n<p>Sightseeing packages which included <a href=\"http:\/\/bit.ly\/1BQxyqf\" target=\"_blank\" rel=\"noopener\">favela tours<\/a> of <a href=\"http:\/\/bit.ly\/T5QI5Q\" target=\"_blank\" rel=\"noopener\">Vidigal<\/a> (near Leblon) and <a href=\"http:\/\/bit.ly\/1hXNzRG\" target=\"_blank\" rel=\"noopener\">Santa Marta<\/a> (near Botafogo) were growing. Jeeps that traversed the city towards Rocinha, with tourists sitting up top <a href=\"http:\/\/bit.ly\/1AcyJQq\" target=\"_blank\" rel=\"noopener\">as if they were going on a safari<\/a>, became a part of the urban landscape. Favela residents became used to living with the daily visit of blond, sun-burnt gringos, curious to know how they lived and excited to see Rio\u2019s hilltop views. Vidigal became one of the most trendy places in the city, with <a href=\"http:\/\/bit.ly\/1CbWq9E\" target=\"_blank\" rel=\"noopener\">new inhabitants from outside [the favela] coming to live there<\/a> and hotels and restaurants on its peak with exorbitant prices and sublime views.<\/p>\n<p>Amidst this surge of tourism was the <a href=\"http:\/\/bit.ly\/2pBb4bc\" target=\"_blank\" rel=\"noopener\">rise of so-called community tourism<\/a>, led by residents of the favelas themselves like <a href=\"http:\/\/bit.ly\/2gIA3nC\" target=\"_blank\" rel=\"noopener\">Cosme Felippsen<\/a>, who lives in <a href=\"http:\/\/bit.ly\/1jqQCNc\" target=\"_blank\" rel=\"noopener\">Provid\u00eancia<\/a>, the oldest favela in Rio, close to the city&#8217;s <a href=\"http:\/\/bit.ly\/1iwThVm\" target=\"_blank\" rel=\"noopener\">Port Zone<\/a>. \u201cI was eight years old in 1997, when the favela celebrated its 100th birthday. Today, the favela is 120 years old and it\u2019s been twenty years since I gave my first tour. A couple asked me to take them up the hill and they gave me a popsicle in return. Now, I earn money and beer,&#8221; he says. Later, as a member of the Methodist church, he took American <a href=\"http:\/\/bit.ly\/1uEz4Xn\" target=\"_blank\" rel=\"noopener\">missionaries to see the favela<\/a> and other city sites.<\/p>\n<p>In 2013, he started <a href=\"http:\/\/bit.ly\/2cJ1crj\" target=\"_blank\" rel=\"noopener\">Provid\u00eancia Tourism<\/a>, two years later he qualified as a guide, and today, he organizes the <a href=\"http:\/\/bit.ly\/2kE5uDM\" target=\"_blank\" rel=\"noopener\">Rol\u00e9 dos Favelados<\/a> (Stroll of the Favelados): trips into Rio favela communities with activist residents. &#8220;It\u2019s a tour and a debate about <a href=\"http:\/\/bit.ly\/19vBScl\" target=\"_blank\" rel=\"noopener\">what the favela is<\/a> and about its <a href=\"http:\/\/bit.ly\/VsQjMj\" target=\"_blank\" rel=\"noopener\">culture<\/a>; a discussion about the city and <a href=\"http:\/\/bit.ly\/1um7WLt\" target=\"_blank\" rel=\"noopener\">human rights<\/a>\u2026 A tour of activism led by favela residents,\u201d he explains. Today, the majority of those who visit favelas with him are Brazilians and also Rio residents, including those who live in other favelas in the city. \u2018There is an exchange between the <em>asfalto<\/em>\u00a0[&#8220;formal city&#8221;] and the favela that<i>\u00a0<\/i>is more\u00a0than just tourism,&#8221; he says.<\/p>\n<p>After what happened with the Spanish tourist, Felippsen reports that tourists are more scared. Cosme opines that there were errors made by all involved in the incident. &#8220;I\u2019ve canceled a tour of <a href=\"http:\/\/bit.ly\/1nEeBwu\" target=\"_blank\" rel=\"noopener\">Complexo do Alem\u00e3o<\/a> because of a wave of shooting, just as I\u2019ve canceled a tour of Provid\u00eancia because I thought the climate wasn\u2019t good. If a local guide was with the Spanish tourist, maybe they wouldn&#8217;t have taken that route, or they would have acted differently when they passed the police. You have to open the car windows and drive past very slowly, and be cautious around anyone who is armed.&#8221; He proudly recounts how he has given about a thousand tours of Provid\u00eancia and never had a problem.<\/p>\n<p>Even so, Cosme vehemently criticizes those who say that you shouldn\u2019t go on a favela tour. &#8220;If it\u2019s wrong to visit because it\u2019s dangerous, it must be wrong to live there, right?&#8221; he asks. &#8220;At this very moment that we&#8217;re talking, <a href=\"https:\/\/glo.bo\/2yMSYWy\" target=\"_blank\" rel=\"noopener\">children are dying<\/a>. And nobody cares. People want to go to enjoy the samba, have a beer, but then something bad happens and they turn against the favela and distance themselves from it.&#8221; He continues: &#8220;They [the police] mess up and then blame the tour guide&#8230; What is happening here is not a war; it is the <a href=\"http:\/\/bit.ly\/29tM7HQ\" target=\"_blank\" rel=\"noopener\">extermination of a poor, black and favela-dwelling population<\/a>.&#8221;<\/p>\n<p>With the death of Mar\u00eda Esperanza, we now know that tourism in favelas is part of daily life, just like the danger of death for those who live in and pass through them.<\/p>\n","protected":false},"excerpt":{"rendered":"<div class=\"mh-excerpt\"><p>Clique aqui para Portugu\u00eas For the original article in Portuguese by Felipe Betim published in EL PA\u00cdS click here. The Spaniard Mar\u00eda Esperanza Jim\u00e9nez Ruiz, 67, was killed by the Military Police when she visited <a class=\"mh-excerpt-more\" href=\"https:\/\/rioonwatch.org\/?p=39758\" title=\"The Dilemma of Favela Tourism: \u2018If It\u2019s Wrong to Visit, It Must Be Wrong to Live There, Right?\u2019\">[&#8230;]<\/a><\/p>\n<\/div>","protected":false},"author":51,"featured_media":39763,"comment_status":"closed","ping_status":"closed","sticky":false,"template":"","format":"standard","meta":{"_monsterinsights_skip_tracking":false,"_monsterinsights_sitenote_active":false,"_monsterinsights_sitenote_note":"","_monsterinsights_sitenote_category":0,"footnotes":""},"categories":[1277,1288,1670,1463,1330,336],"tags":[1561,1900,918,15,2481,144,809,12,2722,796,156,194,30],"writer":[2567],"translator":[2568],"illustrator":[],"photographer":[],"class_list":{"0":"post-39758","1":"post","2":"type-post","3":"status-publish","4":"format-standard","5":"has-post-thumbnail","7":"category-uppwatch","8":"category-highlight","9":"category-favela-tourism","10":"category-perceptions","11":"category-translation","12":"category-violations","13":"tag-favela-tour","14":"tag-media-narrative","15":"tag-military-police","16":"tag-pacifying-police-unit","17":"tag-police-violence","18":"tag-morro-da-providencia","19":"tag-public-security","20":"tag-rocinha","21":"tag-role-dos-favelados","22":"tag-social-media","23":"tag-south-zone","24":"tag-tourism","25":"tag-urban-violence","26":"writer-felipe-betim","27":"translator-grace-atwell"},"_links":{"self":[{"href":"https:\/\/rioonwatch.org\/index.php?rest_route=\/wp\/v2\/posts\/39758","targetHints":{"allow":["GET"]}}],"collection":[{"href":"https:\/\/rioonwatch.org\/index.php?rest_route=\/wp\/v2\/posts"}],"about":[{"href":"https:\/\/rioonwatch.org\/index.php?rest_route=\/wp\/v2\/types\/post"}],"author":[{"embeddable":true,"href":"https:\/\/rioonwatch.org\/index.php?rest_route=\/wp\/v2\/users\/51"}],"replies":[{"embeddable":true,"href":"https:\/\/rioonwatch.org\/index.php?rest_route=%2Fwp%2Fv2%2Fcomments&post=39758"}],"version-history":[{"count":0,"href":"https:\/\/rioonwatch.org\/index.php?rest_route=\/wp\/v2\/posts\/39758\/revisions"}],"wp:featuredmedia":[{"embeddable":true,"href":"https:\/\/rioonwatch.org\/index.php?rest_route=\/wp\/v2\/media\/39763"}],"wp:attachment":[{"href":"https:\/\/rioonwatch.org\/index.php?rest_route=%2Fwp%2Fv2%2Fmedia&parent=39758"}],"wp:term":[{"taxonomy":"category","embeddable":true,"href":"https:\/\/rioonwatch.org\/index.php?rest_route=%2Fwp%2Fv2%2Fcategories&post=39758"},{"taxonomy":"post_tag","embeddable":true,"href":"https:\/\/rioonwatch.org\/index.php?rest_route=%2Fwp%2Fv2%2Ftags&post=39758"},{"taxonomy":"writer","embeddable":true,"href":"https:\/\/rioonwatch.org\/index.php?rest_route=%2Fwp%2Fv2%2Fwriter&post=39758"},{"taxonomy":"translator","embeddable":true,"href":"https:\/\/rioonwatch.org\/index.php?rest_route=%2Fwp%2Fv2%2Ftranslator&post=39758"},{"taxonomy":"illustrator","embeddable":true,"href":"https:\/\/rioonwatch.org\/index.php?rest_route=%2Fwp%2Fv2%2Fillustrator&post=39758"},{"taxonomy":"photographer","embeddable":true,"href":"https:\/\/rioonwatch.org\/index.php?rest_route=%2Fwp%2Fv2%2Fphotographer&post=39758"}],"curies":[{"name":"wp","href":"https:\/\/api.w.org\/{rel}","templated":true}]}}