{"id":3988,"date":"2012-06-18T09:00:37","date_gmt":"2012-06-18T12:00:37","guid":{"rendered":"http:\/\/rioonwatch.org\/?p=3988"},"modified":"2014-06-09T10:23:35","modified_gmt":"2014-06-09T13:23:35","slug":"%e2%80%9cthe-community-we-want%e2%80%9d-morro-da-babilonia-in-rio20","status":"publish","type":"post","link":"https:\/\/rioonwatch.org\/?p=3988","title":{"rendered":"The Community We Want: Morro da Babil\u00f4nia @ Rio+20"},"content":{"rendered":"<p><img decoding=\"async\" class=\"alignright size-full wp-image-3992\" title=\"dance\" src=\"http:\/\/www.rioonwatch.org\/wp-content\/uploads\/2012\/06\/dance.jpg\" alt=\"\" width=\"280\" height=\"178\" srcset=\"https:\/\/rioonwatch.org\/wp-content\/uploads\/2012\/06\/dance.jpg 350w, https:\/\/rioonwatch.org\/wp-content\/uploads\/2012\/06\/dance-300x190.jpg 300w\" sizes=\"(max-width: 280px) 100vw, 280px\" \/>The communities that cradle Ladeira Ary Barroso are only a few shades less prolific than its namesake composer. This is where French director Marcel Camus filmed the modern-day Greek tragedy Black Orpheus, where a hike up a procession of stairs brings a stunning view of the Copacabana coastline, where diplomat Sha-Zukang\u2019s words \u201cThis is not a slum!\u201d rang across the streets and the pages of <em>O Globo<\/em>, and where this past weekend, residents and partners from all three sectors have come together to offer the colors and sounds of its culture to the flood of onlookers that Rio+20 brings.<\/p>\n<p>A few twists and turns up the slope of the hill, past the obstacles of construction work that line the path, bring us to the FAETEC (Funda\u00e7\u00e3o de Apoio \u00e0 Escola T\u00e9cnica) building, a technical school and center for many community events. As the Saturday morning clock approached eleven, a voice boomed from inside and spilled up and down the hill, joyfully announcing the start of the day\u2019s activities and directing the crowd of children to dance: they scattered and converged, rose and fell with the music, some more self-conscious than others about the gathering of cameras that accumulated around them.<\/p>\n<p><img fetchpriority=\"high\" decoding=\"async\" class=\"alignright size-full wp-image-3995\" title=\"show\" src=\"http:\/\/www.rioonwatch.org\/wp-content\/uploads\/2012\/06\/show.jpg\" alt=\"\" width=\"270\" height=\"198\" \/>Behind FAETEC, Mulheres Guerreiras da Babil\u00f4nia (Warrior Women of Babil\u00f4nia) greeted visitors to their artisan booth, selling bags and lamps of recycled material next to a <em>pra\u00e7a gastron\u00f4mica<\/em>\u00a0(gastronomic plaza) where visitors could treat themselves to a plate of <em>carioquinha<\/em> from the local Bar do David. Just adjacent to the bar was Regina Tchelly setting up for <a href=\"http:\/\/bit.ly\/HRuix2\">Favela Org\u00e2nica<\/a>, a new community business which makes brigadeiros and other delicacies out of often-discarded parts of food. With a good dose of enthusiasm, she pointed to the <em>refeit\u00f3rio<\/em> where her 2pm workshop was taking place.<\/p>\n<p>She was even more ecstatic come nighttime, greeting me with a laugh and a high-five at the mention of her appearance in <a href=\"http:\/\/bit.ly\/plDfgE\">CatComm&#8217;s<\/a> video premiere earlier that afternoon, \u201c<a href=\"http:\/\/on.fb.me\/Kwvv0q\">Favelas As a Sustainable Model<\/a>.\u201d The scenery had changed a bit by then: a projector screen showing the night\u2019s Cineclube feature threw a faint bit of light over the whole scene, and music once again vibrated out of FAETEC, where the Quadrilha Pinga Fogo performed a traditional dance. For a few seconds, the music cut off, and the abrupt pause was followed by a broad smile and a few laughs by the performers, who dove straight back into the rhythm, all grace and energy under the flash of green and purple lights. And up the <em>ladeira <\/em>(stepped incline), right outside my hostel, was a Samba show to close the night, music that holds within it so much of the hills, the favelas &#8211; these communities from which so much of Brazil\u2019s cultural identity springs.<\/p>\n<p><img decoding=\"async\" class=\"alignright size-full wp-image-3993\" title=\"graffiti\" src=\"http:\/\/www.rioonwatch.org\/wp-content\/uploads\/2012\/06\/graffiti.jpg\" alt=\"\" width=\"315\" height=\"210\" srcset=\"https:\/\/rioonwatch.org\/wp-content\/uploads\/2012\/06\/graffiti.jpg 350w, https:\/\/rioonwatch.org\/wp-content\/uploads\/2012\/06\/graffiti-300x199.jpg 300w\" sizes=\"(max-width: 315px) 100vw, 315px\" \/>There was a wall of graffiti at the entrance to Ary Barroso that disappeared on Friday morning, painted over in all white. Having gotten accustomed to its designs over my two weeks living in Babil\u00f4nia, I was disturbed and curious about its absence. That Saturday night, however, I turned the corner of Rua General Ribeiro da Costa to be received by a loud stereo system and bottles of paint lining the other side of the narrow sidewalk, the words \u201cBabil\u00f4nia\u201d and \u201cChap\u00e9u Mangueira\u201d emblazoned all bright and bold next to some crisp new designs mid-realization. \u201cWe\u2019re starting this new wall,\u201d said one artist, \u201cto display the culture and creativity of our communities to the Rio+20 audience.\u201d<\/p>\n<p>The program for the day\u2019s events proclaimed its mission to offer \u201ca unique opportunity to interact and exchange experiences from different sociocultural perspectives,\u201d and to work toward the question: \u201cHow should it be &#8211; the community we want?\u201d Though the long-term effects of these presentations are yet to be seen, the series of inter-sector and intra-city partnerships that led to their realization represents a new dynamic unfolding between the different sides of this divided city.<\/p>\n","protected":false},"excerpt":{"rendered":"<div class=\"mh-excerpt\"><p>The communities that cradle Ladeira Ary Barroso are only a few shades less prolific than its namesake composer. This is where French director Marcel Camus filmed the modern-day Greek tragedy Black Orpheus, where a hike <a class=\"mh-excerpt-more\" href=\"https:\/\/rioonwatch.org\/?p=3988\" title=\"The Community We Want: Morro da Babil\u00f4nia @ Rio+20\">[&#8230;]<\/a><\/p>\n<\/div>","protected":false},"author":5,"featured_media":3991,"comment_status":"open","ping_status":"closed","sticky":false,"template":"","format":"standard","meta":{"_monsterinsights_skip_tracking":false,"_monsterinsights_sitenote_active":false,"_monsterinsights_sitenote_note":"","_monsterinsights_sitenote_category":0,"footnotes":""},"categories":[1290,329,452],"tags":[525,221,197,156,471],"writer":[524],"translator":[],"illustrator":[],"photographer":[],"class_list":{"0":"post-3988","1":"post","2":"type-post","3":"status-publish","4":"format-standard","5":"has-post-thumbnail","7":"category-civilsociety","8":"category-solutions","9":"category-rio20","10":"tag-chapeu-mangueira","11":"tag-favela-culture","12":"tag-morro-da-babilonia","13":"tag-south-zone","14":"tag-sustainability","15":"writer-rexy-dorado"},"_links":{"self":[{"href":"https:\/\/rioonwatch.org\/index.php?rest_route=\/wp\/v2\/posts\/3988","targetHints":{"allow":["GET"]}}],"collection":[{"href":"https:\/\/rioonwatch.org\/index.php?rest_route=\/wp\/v2\/posts"}],"about":[{"href":"https:\/\/rioonwatch.org\/index.php?rest_route=\/wp\/v2\/types\/post"}],"author":[{"embeddable":true,"href":"https:\/\/rioonwatch.org\/index.php?rest_route=\/wp\/v2\/users\/5"}],"replies":[{"embeddable":true,"href":"https:\/\/rioonwatch.org\/index.php?rest_route=%2Fwp%2Fv2%2Fcomments&post=3988"}],"version-history":[{"count":0,"href":"https:\/\/rioonwatch.org\/index.php?rest_route=\/wp\/v2\/posts\/3988\/revisions"}],"wp:featuredmedia":[{"embeddable":true,"href":"https:\/\/rioonwatch.org\/index.php?rest_route=\/wp\/v2\/media\/3991"}],"wp:attachment":[{"href":"https:\/\/rioonwatch.org\/index.php?rest_route=%2Fwp%2Fv2%2Fmedia&parent=3988"}],"wp:term":[{"taxonomy":"category","embeddable":true,"href":"https:\/\/rioonwatch.org\/index.php?rest_route=%2Fwp%2Fv2%2Fcategories&post=3988"},{"taxonomy":"post_tag","embeddable":true,"href":"https:\/\/rioonwatch.org\/index.php?rest_route=%2Fwp%2Fv2%2Ftags&post=3988"},{"taxonomy":"writer","embeddable":true,"href":"https:\/\/rioonwatch.org\/index.php?rest_route=%2Fwp%2Fv2%2Fwriter&post=3988"},{"taxonomy":"translator","embeddable":true,"href":"https:\/\/rioonwatch.org\/index.php?rest_route=%2Fwp%2Fv2%2Ftranslator&post=3988"},{"taxonomy":"illustrator","embeddable":true,"href":"https:\/\/rioonwatch.org\/index.php?rest_route=%2Fwp%2Fv2%2Fillustrator&post=3988"},{"taxonomy":"photographer","embeddable":true,"href":"https:\/\/rioonwatch.org\/index.php?rest_route=%2Fwp%2Fv2%2Fphotographer&post=3988"}],"curies":[{"name":"wp","href":"https:\/\/api.w.org\/{rel}","templated":true}]}}