{"id":41869,"date":"2018-02-20T10:37:54","date_gmt":"2018-02-20T13:37:54","guid":{"rendered":"http:\/\/www.rioonwatch.org\/?p=41869"},"modified":"2023-08-23T12:20:34","modified_gmt":"2023-08-23T15:20:34","slug":"residents-of-rocinha-vidigal-and-chacara-do-ceu-protest-peacefully-for-peace-and-respect","status":"publish","type":"post","link":"https:\/\/rioonwatch.org\/?p=41869","title":{"rendered":"Residents of Rocinha, Vidigal, and Ch\u00e1cara do C\u00e9u Protest Peacefully for Peace and Respect"},"content":{"rendered":"<p style=\"text-align: right;\"><em><a href=\"http:\/\/bit.ly\/2o8OkNs\" target=\"_blank\" rel=\"noopener\"><strong>Clique aqui para Por<\/strong><strong>tugu\u00eas<\/strong><strong><img decoding=\"async\" width=\"20\" height=\"20\" class=\"alignright size-full wp-image-23766\" src=\"http:\/\/www.rioonwatch.org\/wp-content\/uploads\/2012\/08\/PT-e1439583827971.png\" \/><\/strong><\/a><\/em><\/p>\n<p>On February 6 at 5pm, resident-demonstrators gathered in front of the Rinaldo de Lamare Citizenship Center in the\u00a0<a href=\"http:\/\/bit.ly\/1m4JS9c\" target=\"_blank\" rel=\"noopener\">Rocinha<\/a>\u00a0favela, in Rio de Janeiro&#8217;s <a href=\"http:\/\/bit.ly\/1pfz23A\" target=\"_blank\" rel=\"noopener\">South Zone<\/a>. At the same time, residents of nearby\u00a0<a href=\"http:\/\/bit.ly\/T5QI5Q\" target=\"_blank\" rel=\"noopener\">Vidigal<\/a> and <a href=\"http:\/\/bit.ly\/1OuvZUX\" target=\"_blank\" rel=\"noopener\">Ch\u00e1cara do C\u00e9u<\/a>\u00a0favelas gathered in the public square at the base of Vidigal. The two groups joined forces for a <a href=\"http:\/\/bit.ly\/2EG9xsC\" target=\"_blank\" rel=\"noopener\">peaceful combined protest<\/a>, then marched down Avenida Niemayer to <a href=\"http:\/\/bit.ly\/1Zbaawk\" target=\"_blank\" rel=\"noopener\">Governor Pez\u00e3o<\/a>\u2019s house on Rainha Guilhermina Street in the wealthy neighborhood of\u00a0<a href=\"http:\/\/bit.ly\/1VmcYDA\" target=\"_blank\" rel=\"noopener\">Leblon<\/a>.<\/p>\n<p>Arriving at the meeting point, it was impossible not to notice that the number of <a href=\"http:\/\/bit.ly\/1JS6zYI\" target=\"_blank\" rel=\"noopener\">Military Police<\/a> seemed to be equal to or even greater than the number of demonstrators gathered for the peaceful protest. One officer informed us that there would be even more police officers arriving soon, resulting in 40 officers in total. For Denis Neves, one of the residents who organized the protest, the current climate of tension and violence in Rio explains why fewer people than expected attended the protest. That same afternoon, the <a href=\"http:\/\/bit.ly\/2vd2pOK\" target=\"_blank\" rel=\"noopener\">Linha Vermelha<\/a> and the <a href=\"http:\/\/bit.ly\/2uUj86K\" target=\"_blank\" rel=\"noopener\">Linha Amarela<\/a> highways were closed and <a href=\"http:\/\/bit.ly\/2C4Wrzu\" target=\"_blank\" rel=\"noopener\">Mar\u00e9 was experiencing yet another day of violence<\/a>.<\/p>\n<p>Despite these barriers, the participants were determined to take to the streets to get people to listen to what they had to say. As Neves explained, &#8220;the idea is to leverage this moment that Rocinha and Rio de Janeiro are living through, and that favelas and poor people experience every day\u2014to instill a message of peace.&#8221; Various posters expressed the main message, that Rocinha and Vidigal residents can no longer stay silent:<\/p>\n<figure id=\"attachment_41875\" aria-describedby=\"caption-attachment-41875\" style=\"width: 620px\" class=\"wp-caption aligncenter\"><a href=\"http:\/\/www.rioonwatch.org\/wp-content\/uploads\/2018\/02\/Rocinha-protest-posters.jpg\"><img fetchpriority=\"high\" decoding=\"async\" class=\"wp-image-41875\" title=\"Protest posters, including: &quot;Favelas united for peace,&quot; and &quot;Half the students couldn't come to their class because of the shootout.&quot;\" src=\"http:\/\/www.rioonwatch.org\/wp-content\/uploads\/2018\/02\/Rocinha-protest-posters.jpg\" alt=\"Protest posters, including: &quot;Favelas united for peace,&quot; and &quot;Half the students couldn't come to their class because of the shootout.&quot;\" width=\"620\" height=\"464\" srcset=\"https:\/\/rioonwatch.org\/wp-content\/uploads\/2018\/02\/Rocinha-protest-posters.jpg 970w, https:\/\/rioonwatch.org\/wp-content\/uploads\/2018\/02\/Rocinha-protest-posters-300x225.jpg 300w, https:\/\/rioonwatch.org\/wp-content\/uploads\/2018\/02\/Rocinha-protest-posters-768x575.jpg 768w, https:\/\/rioonwatch.org\/wp-content\/uploads\/2018\/02\/Rocinha-protest-posters-174x131.jpg 174w, https:\/\/rioonwatch.org\/wp-content\/uploads\/2018\/02\/Rocinha-protest-posters-70x53.jpg 70w, https:\/\/rioonwatch.org\/wp-content\/uploads\/2018\/02\/Rocinha-protest-posters-326x245.jpg 326w\" sizes=\"(max-width: 620px) 100vw, 620px\" \/><\/a><figcaption id=\"caption-attachment-41875\" class=\"wp-caption-text\">Protest posters reflecting harmful situations that emerge for residents in times of conflict, including: &#8220;We can&#8217;t work or do anything,&#8221; &#8220;We are hostages of government incompetence,&#8221; &#8220;I spent so much time lying on the floor with my son that he fell asleep. How sad my God!,&#8221; and &#8220;Half the students couldn&#8217;t come to class because of the shootout.&#8221;<\/figcaption><\/figure>\n<p>Residents went out to protest the grave situation they face, with the Emergency Care Unit (UPA) and the Family Clinic on strike, <a href=\"http:\/\/bit.ly\/2DEghqU\" target=\"_blank\" rel=\"noopener\">the Park Library<\/a> and the bike lane shut down, continuous violence, and the lack of electricity, water, and sanitation.<\/p>\n<p>&#8220;We want peace, we want to be able <a href=\"http:\/\/bit.ly\/1oueFx4\" target=\"_blank\" rel=\"noopener\">to come and go<\/a>, have the right to stay in our homes, live peacefully, go to work and come back peacefully,&#8221; explained Francisca Oliveira, who has lived in Rocinha for 50 years and is known as &#8216;Chica de Rocinha.&#8217;\u00a0<a href=\"http:\/\/bit.ly\/2xZvBdS\" target=\"_blank\" rel=\"noopener\">Since September 17, 2017<\/a>, Rocinha&#8217;s 200,000 residents have been <a href=\"http:\/\/bit.ly\/2DRnwIb\" target=\"_blank\" rel=\"noopener\">living in fear and insecurity<\/a> with shootings happening daily. Another resident expressed herself via the microphone, taking part in the protest on Niemeyer Avenue: &#8220;We have been suffering for months now and they say it is war but we are not at war. We are suffering due to a process whereby <a href=\"http:\/\/bit.ly\/2alCmJC\" target=\"_blank\" rel=\"noopener\">the State is criminalizing the favelas<\/a>\u2014that is the reality. The State wants to eradicate favelas, our space, our people\u2019s movement, our identity. We want peace. Enough, enough with the violence, enough with invading our homes and breaking our things and taking what&#8217;s ours.&#8221; Other cries could be heard: &#8220;We are not a [criminal] faction, our &#8216;faction&#8217; is we&#8217;re residents&#8221;; &#8220;Only we from the favela know what shots these are&#8221;; &#8220;This here is a favela, not a mess.&#8221;<\/p>\n<p><a href=\"http:\/\/www.rioonwatch.org\/wp-content\/uploads\/2018\/02\/Rocinha-protester.jpg\"><img decoding=\"async\" class=\"aligncenter wp-image-41874\" title=\"Francisca Oliveira, a resident of Rocinha, at the protest's starting point. \" src=\"http:\/\/www.rioonwatch.org\/wp-content\/uploads\/2018\/02\/Rocinha-protester.jpg\" alt=\"\" width=\"620\" height=\"456\" srcset=\"https:\/\/rioonwatch.org\/wp-content\/uploads\/2018\/02\/Rocinha-protester.jpg 768w, https:\/\/rioonwatch.org\/wp-content\/uploads\/2018\/02\/Rocinha-protester-300x221.jpg 300w\" sizes=\"(max-width: 620px) 100vw, 620px\" \/><\/a><\/p>\n<p>The march arrived at Vidigal&#8217;s Square at 8:30pm, encouraging residents to join in: &#8220;Vidigal, come to the street!&#8221; There, protesters took a minute of silence in memory of the <a href=\"https:\/\/glo.bo\/2Hit2FW\" target=\"_blank\" rel=\"noopener\">two victims of a truck accident<\/a> that had occurred the day before. The poor state of the roads and the precarious means of transport in the favela are one more concern that residents face daily. For Chica, &#8220;violence is the result of a lack of competence and responsibility by the authorities. If all the authorities did their jobs, I believe that the violence would not reach this point. We want respect, we demand respect, especially from the very people we elected.&#8221;<\/p>\n<p><a href=\"http:\/\/www.rioonwatch.org\/wp-content\/uploads\/2018\/02\/Rocinha-protesters.jpeg\"><img loading=\"lazy\" decoding=\"async\" class=\"aligncenter wp-image-41873 size-content\" title=\"&quot;We can't work, [we can't] do anything.&quot;\" src=\"http:\/\/www.rioonwatch.org\/wp-content\/uploads\/2018\/02\/Rocinha-protesters-620x264.jpeg\" alt=\"\" width=\"620\" height=\"264\" srcset=\"https:\/\/rioonwatch.org\/wp-content\/uploads\/2018\/02\/Rocinha-protesters-620x264.jpeg 620w, https:\/\/rioonwatch.org\/wp-content\/uploads\/2018\/02\/Rocinha-protesters-940x400.jpeg 940w\" sizes=\"(max-width: 620px) 100vw, 620px\" \/><\/a><\/p>\n<p>With these messages, the protest arrived at Governor Pez\u00e3o\u2019s street in Leblon: &#8220;Pez\u00e3o, come out and see us, you were in Vidigal looking for votes, you were welcomed in Rocinha, Vidigal, and Ch\u00e1cara do C\u00e9u! We are now asking for respect for our people.&#8221; The protest ended with a theatrical act by the <a href=\"http:\/\/bit.ly\/2CnLxFd\" target=\"_blank\" rel=\"noopener\">Bando Cultural Favelados<\/a> in front of Governor Pez\u00e3o\u2019s building on Rainha Guilhermina Street. The young actors acted out scenes from their daily lives of violence and prejudice against black people, and girls and women generally, living in the favela. The peaceful protest concluded in front of the governor&#8217;s building with the hope that in this election year, the residents of Rocinha, Vidigal, Ch\u00e1cara do C\u00e9u, and all of Rio\u2019s favelas will choose candidates who truly represent them, rather than letting themselves be deceived once more by <a href=\"http:\/\/bit.ly\/2ciUlCM\" target=\"_blank\" rel=\"noopener\">false campaign promises<\/a>.<\/p>\n<p><a href=\"http:\/\/www.rioonwatch.org\/wp-content\/uploads\/2018\/02\/Rocinha-die-in.jpeg\"><img loading=\"lazy\" decoding=\"async\" class=\"aligncenter wp-image-41872 size-content\" title=\"Protest act by Bando Cultural Favelados in front of Governor Pez\u00e3o's building in Leblon\" src=\"http:\/\/www.rioonwatch.org\/wp-content\/uploads\/2018\/02\/Rocinha-die-in-620x264.jpeg\" alt=\"\" width=\"620\" height=\"264\" srcset=\"https:\/\/rioonwatch.org\/wp-content\/uploads\/2018\/02\/Rocinha-die-in-620x264.jpeg 620w, https:\/\/rioonwatch.org\/wp-content\/uploads\/2018\/02\/Rocinha-die-in-940x400.jpeg 940w\" sizes=\"(max-width: 620px) 100vw, 620px\" \/><\/a><\/p>\n","protected":false},"excerpt":{"rendered":"<div class=\"mh-excerpt\"><p>Clique aqui para Portugu\u00eas On February 6 at 5pm, resident-demonstrators gathered in front of the Rinaldo de Lamare Citizenship Center in the\u00a0Rocinha\u00a0favela, in Rio de Janeiro&#8217;s South Zone. At the same time, residents of nearby\u00a0Vidigal <a class=\"mh-excerpt-more\" href=\"https:\/\/rioonwatch.org\/?p=41869\" title=\"Residents of Rocinha, Vidigal, and Ch\u00e1cara do C\u00e9u Protest Peacefully for Peace and Respect\">[&#8230;]<\/a><\/p>\n<\/div>","protected":false},"author":51,"featured_media":41876,"comment_status":"closed","ping_status":"closed","sticky":false,"template":"","format":"standard","meta":{"_monsterinsights_skip_tracking":false,"_monsterinsights_sitenote_active":false,"_monsterinsights_sitenote_note":"","_monsterinsights_sitenote_category":0,"footnotes":""},"categories":[1277,1288,1290,1333,329,336],"tags":[1685,475,280,1396,381,595,892,182,1343,107,419,1101,485,18,1011,12,535,156,268,319,951,363,1385,370],"writer":[2601],"translator":[2603],"illustrator":[],"photographer":[],"class_list":{"0":"post-41869","1":"post","2":"type-post","3":"status-publish","4":"format-standard","5":"has-post-thumbnail","7":"category-uppwatch","8":"category-highlight","9":"category-civilsociety","10":"category-event-reports","11":"category-solutions","12":"category-violations","13":"tag-bike-path","14":"tag-chacara-do-ceu","15":"tag-complexo-da-mare","16":"tag-criminalization-of-poverty","17":"tag-electioneering","18":"tag-elections","19":"tag-family-health-clinic","20":"tag-government-neglect","21":"tag-governor-pezao","22":"tag-health","23":"tag-leblon","24":"tag-library","25":"tag-light-electricity","26":"tag-protest","27":"tag-right-to-come-and-go","28":"tag-rocinha","29":"tag-sanitation","30":"tag-south-zone","31":"tag-state-violence","32":"tag-theatre","33":"tag-upa","34":"tag-vidigal","35":"tag-violence","36":"tag-water","37":"writer-tania-de-oliveira","38":"translator-cheyne-bull"},"_links":{"self":[{"href":"https:\/\/rioonwatch.org\/index.php?rest_route=\/wp\/v2\/posts\/41869","targetHints":{"allow":["GET"]}}],"collection":[{"href":"https:\/\/rioonwatch.org\/index.php?rest_route=\/wp\/v2\/posts"}],"about":[{"href":"https:\/\/rioonwatch.org\/index.php?rest_route=\/wp\/v2\/types\/post"}],"author":[{"embeddable":true,"href":"https:\/\/rioonwatch.org\/index.php?rest_route=\/wp\/v2\/users\/51"}],"replies":[{"embeddable":true,"href":"https:\/\/rioonwatch.org\/index.php?rest_route=%2Fwp%2Fv2%2Fcomments&post=41869"}],"version-history":[{"count":0,"href":"https:\/\/rioonwatch.org\/index.php?rest_route=\/wp\/v2\/posts\/41869\/revisions"}],"wp:featuredmedia":[{"embeddable":true,"href":"https:\/\/rioonwatch.org\/index.php?rest_route=\/wp\/v2\/media\/41876"}],"wp:attachment":[{"href":"https:\/\/rioonwatch.org\/index.php?rest_route=%2Fwp%2Fv2%2Fmedia&parent=41869"}],"wp:term":[{"taxonomy":"category","embeddable":true,"href":"https:\/\/rioonwatch.org\/index.php?rest_route=%2Fwp%2Fv2%2Fcategories&post=41869"},{"taxonomy":"post_tag","embeddable":true,"href":"https:\/\/rioonwatch.org\/index.php?rest_route=%2Fwp%2Fv2%2Ftags&post=41869"},{"taxonomy":"writer","embeddable":true,"href":"https:\/\/rioonwatch.org\/index.php?rest_route=%2Fwp%2Fv2%2Fwriter&post=41869"},{"taxonomy":"translator","embeddable":true,"href":"https:\/\/rioonwatch.org\/index.php?rest_route=%2Fwp%2Fv2%2Ftranslator&post=41869"},{"taxonomy":"illustrator","embeddable":true,"href":"https:\/\/rioonwatch.org\/index.php?rest_route=%2Fwp%2Fv2%2Fillustrator&post=41869"},{"taxonomy":"photographer","embeddable":true,"href":"https:\/\/rioonwatch.org\/index.php?rest_route=%2Fwp%2Fv2%2Fphotographer&post=41869"}],"curies":[{"name":"wp","href":"https:\/\/api.w.org\/{rel}","templated":true}]}}