{"id":41893,"date":"2018-02-19T11:41:48","date_gmt":"2018-02-19T14:41:48","guid":{"rendered":"http:\/\/www.rioonwatch.org\/?p=41893"},"modified":"2018-02-22T11:23:18","modified_gmt":"2018-02-22T14:23:18","slug":"in-rio-de-janeiro-and-beyond-carnival-has-recovered-its-critical-political-spirit","status":"publish","type":"post","link":"https:\/\/rioonwatch.org\/?p=41893","title":{"rendered":"In Rio de Janeiro and Beyond, Carnival Has Recovered Its Critical Political Spirit"},"content":{"rendered":"<p style=\"text-align: right;\"><em><a href=\"http:\/\/bit.ly\/2EwE9cD\" target=\"_blank\" rel=\"noopener\"><strong>Clique aqui para Por<\/strong><strong>tugu\u00eas<\/strong><strong><img decoding=\"async\" width=\"20\" height=\"20\" class=\"alignright size-full wp-image-23766\" src=\"http:\/\/www.rioonwatch.org\/wp-content\/uploads\/2012\/08\/PT-e1439583827971.png\" \/><\/strong><\/a><\/em><\/p>\n<p><em>For the original in Portuguese by Mar\u00eda Mart\u00edn and Talita Bedinelli published by El Pa\u00eds click <a href=\"http:\/\/bit.ly\/2EwE9cD\" target=\"_blank\" rel=\"noopener\">here<\/a>.<\/em><\/p>\n<p>There was no respite from the Brazilian political crisis during this year&#8217;s <a href=\"http:\/\/bit.ly\/1vKOjuK\" target=\"_blank\" rel=\"noopener\">Carnival<\/a>. Not only in the street, as was more common in previous years, but also in the sambadromes of Rio de Janeiro and S\u00e3o Paulo. This year the samba schools brought blunt and extremely direct social critiques to the samba runway. The <a href=\"http:\/\/wapo.st\/2HtmAfn\" target=\"_blank\" rel=\"noopener\">most notable case<\/a> was that of <a href=\"http:\/\/bit.ly\/2o8U1M4\" target=\"_blank\" rel=\"noopener\">Para\u00edso do Tuiuti<\/a>\u2014a samba association born on <a href=\"http:\/\/bit.ly\/1I8WQ2q\" target=\"_blank\" rel=\"noopener\">the hill of the same name in S\u00e3o Cristov\u00e3o<\/a> in Rio&#8217;s <a href=\"http:\/\/bit.ly\/1kZa3h9\" target=\"_blank\" rel=\"noopener\">North Zone<\/a>\u2014which surprised the public during last Sunday night&#8217;s parade and sparked enormous reverberations on social media. With the theme of &#8220;My God, My God, Is Slavery Extinct?&#8221;<em>\u00a0<\/em>the school critiqued <a href=\"http:\/\/reut.rs\/2o50wzE\" target=\"_blank\" rel=\"noopener\">working conditions in the country<\/a> and, beyond that, the current government, which is responsible for the <a href=\"https:\/\/bloom.bg\/2C5WcsF\" target=\"_blank\" rel=\"noopener\">labor reform passed last year<\/a>.<\/p>\n<p>Thiago Monteiro, the school&#8217;s Carnival director, explained to <em>El Pa\u00eds<\/em>\u00a0that the theme was chosen through a competition. &#8220;The objective was to discuss the exploitation of man by man himself. Not only the <a href=\"http:\/\/bit.ly\/1Lzfam3\" target=\"_blank\" rel=\"noopener\">enslavement<\/a> of black people, but the fact that exploitation has persisted for centuries, passing through the Egyptians, the Celts, the Romans, and continuing in the current day. It makes a person work 12-hour days, like seamstresses, for a salary sometimes below minimum wage and with minimal rights, and this perpetuates the system,&#8221; he said.<\/p>\n<p>While the vanguard of the school&#8217;s parade presented &#8220;The Scream of Freedom,&#8221; showing slaves who had been whipped emerging from their quarters, the last float brought a vampire wearing the presidential sash, resembling <a href=\"http:\/\/bit.ly\/2ooK3Vr\" target=\"_blank\" rel=\"noopener\">Michel Temer<\/a>. He was on top of a float called &#8220;neo tumbeiro,&#8221;<em>\u00a0<\/em>or in other words, a slave ship of current times. The newspaper <em>O Globo\u00a0<\/em>reported that chants of &#8220;Get out, Temer!&#8221; were heard across the sambadrome.\u00a0Between the last and the first float, the parade of 29 sections and 3,100 participants also featured <em>manifestoches<\/em>, a play on the Portuguese words for <a href=\"http:\/\/bit.ly\/1owU22I\" target=\"_blank\" rel=\"noopener\">protest<\/a> (<em>manifesta\u00e7\u00e3o<\/em>) and puppets (<em>fantoches<\/em>). These paraders dressed in green and yellow, the color which marked protests in favor of the <a href=\"http:\/\/bit.ly\/1SZLVKS\" target=\"_blank\" rel=\"noopener\">impeachment of ex-president Dilma Rousseff<\/a>. They were being manipulated by puppet strings held by an &#8216;invisible&#8217; hand and around their waists sat yellow ducks, a symbol of the complaints that the Federation of Industries of the State of S\u00e3o Paulo (FIESP) made against the previous administration. They also carried pans in their hands, another symbol of those protests.<\/p>\n<p>&#8220;As we spoke of the exploitation of man by man, we wanted to include the decline of <a href=\"http:\/\/bit.ly\/1um7WLt\" target=\"_blank\" rel=\"noopener\">social rights<\/a>. Through the ducklings, you represent a previous situation in which rights were well protected and, from the moment that a new political order takes control of the country, you have new reforms that, in the samba school&#8217;s perspective, remove social rights from a portion of the population. The school wanted to question if those who wanted this change are not also the victims. Does that person who took to the streets not have these rights reduced too?&#8221; explained Monteiro.<\/p>\n<p><a href=\"http:\/\/www.rioonwatch.org\/wp-content\/uploads\/2018\/02\/samba_sumario_normal_recorte1.jpg\"><img fetchpriority=\"high\" decoding=\"async\" class=\"aligncenter wp-image-41849 size-large\" title=\"Mangueiras parade featuring a representation of Rio mayor Crivella. Photo by Leo Correa \/ AP\" src=\"http:\/\/www.rioonwatch.org\/wp-content\/uploads\/2018\/02\/samba_sumario_normal_recorte1-1024x683.jpg\" alt=\"\" width=\"620\" height=\"414\" srcset=\"https:\/\/rioonwatch.org\/wp-content\/uploads\/2018\/02\/samba_sumario_normal_recorte1-1024x683.jpg 1024w, https:\/\/rioonwatch.org\/wp-content\/uploads\/2018\/02\/samba_sumario_normal_recorte1-300x200.jpg 300w, https:\/\/rioonwatch.org\/wp-content\/uploads\/2018\/02\/samba_sumario_normal_recorte1-768x512.jpg 768w, https:\/\/rioonwatch.org\/wp-content\/uploads\/2018\/02\/samba_sumario_normal_recorte1.jpg 1960w\" sizes=\"(max-width: 620px) 100vw, 620px\" \/><\/a><\/p>\n<p>The overt critiques from Para\u00edso do Tuiuti left commentators from\u00a0<em>TV Globo\u00a0<\/em>silent as they broadcast the Carnival parade live. While the previous sections of the parade were explained in detail, the section mocking protesters received a single quick comment of &#8220;the manipulated, puppets,&#8221; before the commentary quickly moved on to &#8220;J\u00fa, 120 [centimeters] in the hip,&#8221; in reference to the samba dancer shown in the next image. <a href=\"http:\/\/bit.ly\/2oehpXY\" target=\"_blank\" rel=\"noopener\">On social media, the school was praised<\/a> for the courage of its critiques. &#8220;In pre-Carnival, when the theme of the plot was revealed, we immediately got an interesting response, but this huge response after the parade surprised us. We are very happy,&#8221; emphasized the Carnival director. But there were also people who, on the Internet, considered the parade to be a &#8220;disservice,&#8221; meriting the samba school&#8217;s demotion.<\/p>\n<h3>More critiques<\/h3>\n<p>On this first night of parades for the top ranked samba schools, <a href=\"http:\/\/bit.ly\/1BIPlLG\" target=\"_blank\" rel=\"noopener\">Mangueira<\/a> also provided a direct critique of the current mayor of Rio, <a href=\"http:\/\/bit.ly\/2fQVCFt\" target=\"_blank\" rel=\"noopener\">Marcelo Crivella<\/a>, who was represented by one of the allegorical floats as a Judas doll, like the ones that can be seen on Holy Saturday. The doll representing the evangelical politician was accompanied by the phrase: &#8220;Mayor, it&#8217;s a sin not to celebrate Carnival.&#8221; The school criticized <a href=\"http:\/\/bit.ly\/2EgAdwC\" target=\"_blank\" rel=\"noopener\">the cuts made by the City<\/a> to reduce the budget allocated to Carnival schools by half, and its theme was, &#8220;With money or without money, I will play.&#8221; <a href=\"http:\/\/bit.ly\/2EyHrvM\" target=\"_blank\" rel=\"noopener\">Beija-Flor<\/a>, which paraded on Monday night, also brought a political carnival to the sambadrome with its plotline: &#8220;A monster is that which does not know how to love. The children abandoned by the homeland that gave birth to them.&#8221;<em>\u00a0<\/em>The theme addressed the neglect of poor children and adolescents, making connections with corruption. In S\u00e3o Paulo, there was also political critique with the return of X-9 Paulistana to the top group on Saturday\u2014the float &#8220;The House of Mother Joana&#8221; displayed politicians, some with the presidential sash, and judges covered in mud and carrying <a href=\"http:\/\/wapo.st\/2Ex393f\" target=\"_blank\" rel=\"noopener\">suitcases full of money<\/a> and money in their underwear.<\/p>\n<p>Leonardo Bruno, a columnist for\u00a0<em>Extra\u00a0<\/em>and a judge for the Gold Standard, a prestigious unofficial prize for Rio&#8217;s Carnival, believes the samba schools have never played this role of being so critical of society, which, for him, is <a href=\"http:\/\/bit.ly\/2C3qXuP\" target=\"_blank\" rel=\"noopener\">more common among Carnival street parades, or <em>blocos<\/em><\/a>. &#8220;The schools have always had a different characteristic, so much so that [their] samba plots are considered music in the genre of epics, narrating major events, major conquests, and\u00a0major achievements,&#8221; he explained. &#8220;Now, on the other hand, what we observe is that in moments of extreme turmoil, when society is most needing to cry out against something, samba schools assume this role of social and political critique.&#8221;<\/p>\n<p>He highlighted that this has been seen in two previous moments in the history of samba schools. First, in the late 1960s and early 1970s, at the peak of the <a href=\"http:\/\/bit.ly\/1yTMiSA\" target=\"_blank\" rel=\"noopener\">military dictatorship<\/a> in Brazil. Three memorable performances during this period spoke of freedom. The first, in 1967, was when <a href=\"http:\/\/bit.ly\/1kUMbi5\" target=\"_blank\" rel=\"noopener\">Salgueiro<\/a> paraded &#8220;The History of Freedom in Brazil.&#8221;<em>\u00a0<\/em>Two years later, in 1969, Imp\u00e9rio Serrano\u00a0performed &#8220;Heroes of Freedom.&#8221; And, in the Carnival of 1972, Vila Isabel presented the story, &#8220;Where Brazil Learned Freedom.&#8221;<em>\u00a0<\/em>It was a time during which censorship was at a high, and the schools were able to vent this repressed cry for liberty.<\/p>\n<p>In the mid 1980s, Bruno explained, the Caprichosos de Pilares and <a href=\"http:\/\/bit.ly\/2C4AKEm\" target=\"_blank\" rel=\"noopener\">S\u00e3o Clemente<\/a> schools also addressed the troubled moment as\u00a0Brazil made steps towards democracy but the population had not yet voted. They brought the rallying cry of\u00a0&#8220;Rights Now!&#8221; to the runway<em>\u00a0<\/em>and carried banners discussing the Constituent Assembly. &#8220;They were very critical plots for the time,&#8221; Bruno reflected. There was also, in 1989, the famous parade of Beija-Flor, in which Jo\u00e3osinho Trinta created a beggar Jesus Christ in order to critique poverty but the allegory was prohibited by the courts at the request of the Catholic Church. By the end of the 1990s and into the 2000s, when the country lived in more economic and political stability, critical storylines were left to the side, the journalist recounted. &#8220;We need to think, as a society, about what moment we&#8217;re in now as a country, because the schools reflect what happens in the streets. For these critiques to have arrived at [the] Sapuca\u00ed [sambadrome] is because <a href=\"http:\/\/bbc.in\/2BwXJH3\" target=\"_blank\" rel=\"noopener\">the moment is one of dire crisis<\/a>. Samba schools, in general, are the last place this critical voice reaches, they resist a lot. It is a moment of turmoil at all levels of government.&#8221;<\/p>\n","protected":false},"excerpt":{"rendered":"<div class=\"mh-excerpt\"><p>Clique aqui para Portugu\u00eas For the original in Portuguese by Mar\u00eda Mart\u00edn and Talita Bedinelli published by El Pa\u00eds click here. There was no respite from the Brazilian political crisis during this year&#8217;s Carnival. Not <a class=\"mh-excerpt-more\" href=\"https:\/\/rioonwatch.org\/?p=41893\" title=\"In Rio de Janeiro and Beyond, Carnival Has Recovered Its Critical Political Spirit\">[&#8230;]<\/a><\/p>\n<\/div>","protected":false},"author":5,"featured_media":41828,"comment_status":"closed","ping_status":"closed","sticky":false,"template":"","format":"standard","meta":{"_monsterinsights_skip_tracking":false,"_monsterinsights_sitenote_active":false,"_monsterinsights_sitenote_note":"","_monsterinsights_sitenote_category":0,"footnotes":""},"categories":[1288,1290,2242,1333,1268,1330,328],"tags":[1557,1075,221,188,2012,203,746,2653,2225,2010,1105,2589,2655,374,2324,18,420,906,2654,571,2377,1120,279,961,2652],"writer":[2397,2651],"translator":[2498],"illustrator":[],"photographer":[],"class_list":{"0":"post-41893","1":"post","2":"type-post","3":"status-publish","4":"format-standard","5":"has-post-thumbnail","7":"category-highlight","8":"category-civilsociety","9":"category-democracy","10":"category-event-reports","11":"category-favelaculture","12":"category-translation","13":"category-understanding-rio","14":"tag-beija-flor-samba-school","15":"tag-critique","16":"tag-favela-culture","17":"tag-history","18":"tag-impeachment","19":"tag-inequality","20":"tag-mangueira","21":"tag-mangueira-samba-school","22":"tag-marcelo-crivella","23":"tag-michel-temer","24":"tag-military-dictatorship","25":"tag-pilares","26":"tag-pilares-samba-school","27":"tag-politics","28":"tag-politics-in-brazil","29":"tag-protest","30":"tag-carnival","31":"tag-salgueiro","32":"tag-salgueiro-samba-school","33":"tag-samba","34":"tag-sambadrome","35":"tag-sao-clemente-samba-school","36":"tag-slavery","37":"tag-tuiuti","38":"tag-tuiuti-samba-school","39":"writer-maria-martin","40":"writer-talita-bedinelli","41":"translator-sharonya-vadakattu"},"_links":{"self":[{"href":"https:\/\/rioonwatch.org\/index.php?rest_route=\/wp\/v2\/posts\/41893","targetHints":{"allow":["GET"]}}],"collection":[{"href":"https:\/\/rioonwatch.org\/index.php?rest_route=\/wp\/v2\/posts"}],"about":[{"href":"https:\/\/rioonwatch.org\/index.php?rest_route=\/wp\/v2\/types\/post"}],"author":[{"embeddable":true,"href":"https:\/\/rioonwatch.org\/index.php?rest_route=\/wp\/v2\/users\/5"}],"replies":[{"embeddable":true,"href":"https:\/\/rioonwatch.org\/index.php?rest_route=%2Fwp%2Fv2%2Fcomments&post=41893"}],"version-history":[{"count":0,"href":"https:\/\/rioonwatch.org\/index.php?rest_route=\/wp\/v2\/posts\/41893\/revisions"}],"wp:featuredmedia":[{"embeddable":true,"href":"https:\/\/rioonwatch.org\/index.php?rest_route=\/wp\/v2\/media\/41828"}],"wp:attachment":[{"href":"https:\/\/rioonwatch.org\/index.php?rest_route=%2Fwp%2Fv2%2Fmedia&parent=41893"}],"wp:term":[{"taxonomy":"category","embeddable":true,"href":"https:\/\/rioonwatch.org\/index.php?rest_route=%2Fwp%2Fv2%2Fcategories&post=41893"},{"taxonomy":"post_tag","embeddable":true,"href":"https:\/\/rioonwatch.org\/index.php?rest_route=%2Fwp%2Fv2%2Ftags&post=41893"},{"taxonomy":"writer","embeddable":true,"href":"https:\/\/rioonwatch.org\/index.php?rest_route=%2Fwp%2Fv2%2Fwriter&post=41893"},{"taxonomy":"translator","embeddable":true,"href":"https:\/\/rioonwatch.org\/index.php?rest_route=%2Fwp%2Fv2%2Ftranslator&post=41893"},{"taxonomy":"illustrator","embeddable":true,"href":"https:\/\/rioonwatch.org\/index.php?rest_route=%2Fwp%2Fv2%2Fillustrator&post=41893"},{"taxonomy":"photographer","embeddable":true,"href":"https:\/\/rioonwatch.org\/index.php?rest_route=%2Fwp%2Fv2%2Fphotographer&post=41893"}],"curies":[{"name":"wp","href":"https:\/\/api.w.org\/{rel}","templated":true}]}}