{"id":42315,"date":"2018-03-16T12:11:45","date_gmt":"2018-03-16T15:11:45","guid":{"rendered":"http:\/\/www.rioonwatch.org\/?p=42315"},"modified":"2023-08-23T12:20:31","modified_gmt":"2023-08-23T15:20:31","slug":"voicesfromsocialmedia-unite-for-marielle-franco","status":"publish","type":"post","link":"https:\/\/rioonwatch.org\/?p=42315","title":{"rendered":"Favela #VoicesFromSocialMedia Unite for Marielle Franco"},"content":{"rendered":"<p style=\"text-align: right;\"><em><a href=\"http:\/\/bit.ly\/2DBdWbv\" target=\"_blank\" rel=\"noopener noreferrer\"><strong>Clique aqui para Por<\/strong><strong>tugu\u00eas<\/strong><strong><img decoding=\"async\" width=\"20\" height=\"20\" class=\"alignright size-full wp-image-23766\" src=\"http:\/\/www.rioonwatch.org\/wp-content\/uploads\/2012\/08\/PT-e1439583827971.png\" \/><\/strong><\/a><\/em><\/p>\n<p><em>This article is part of RioOnWatch\u2019s\u00a0<a href=\"http:\/\/bit.ly\/12mAD0p\" target=\"_blank\" rel=\"noopener noreferrer\">#VoicesFromSocialMedia<\/a>\u00a0series which compiles perspectives posted on social media by favela residents and activists about events and societal themes that arise. It is the second in our special series on social media reactions to the federal military intervention in Rio de Janeiro.<\/em><\/p>\n<p>Yesterday evening, March 15, <a href=\"http:\/\/bit.ly\/2IrvsCQ\" target=\"_blank\" rel=\"noopener noreferrer\">cries for justice and police reform<\/a> echoed throughout downtown Rio de Janeiro\u2019s State Legislative Assembly building as Rio <a href=\"http:\/\/bit.ly\/2DtAVVU\" target=\"_blank\" rel=\"noopener noreferrer\">mourned the deaths<\/a> of City Council Member <a href=\"http:\/\/bit.ly\/2IsqO7s\" target=\"_blank\" rel=\"noopener noreferrer\">Marielle Franco<\/a>\u00a0and driver <a href=\"http:\/\/bit.ly\/2phE2Lz\" target=\"_blank\" rel=\"noopener noreferrer\">Anderson Pedro Gomes<\/a>, assassinated fewer than 24 hours earlier. Helicopters buzzed overhead and Shock Troop battalions stood by as thousands of protesters gathered from throughout the city, chanting: \u201cIt isn\u2019t over, it must end, I want the end of the Military Police,\u201d and \u201cfor Marielle, I say no, I say no to <a href=\"http:\/\/bit.ly\/2FbDxtg\" target=\"_blank\" rel=\"noopener noreferrer\">[military] intervention<\/a>.\u201d Dozens of protests were simultaneously taking place\u00a0<a href=\"http:\/\/bit.ly\/2GzziJD\" target=\"_blank\" rel=\"noopener noreferrer\">across Brazil<\/a>, with protests also being planned in <a href=\"http:\/\/bit.ly\/2IssGwW\" target=\"_blank\" rel=\"noopener noreferrer\">New York<\/a>, <a href=\"http:\/\/bit.ly\/2FGObN1\" target=\"_blank\" rel=\"noopener noreferrer\">London<\/a> and around the world.<\/p>\n<p>At around 6:30pm, the massive crowd began to march north to the historic Candel\u00e1ria church, embracing, crying, yelling. \u201cMarielle, presente!\u201d they proclaimed: Marielle is with us.<\/p>\n<p><a href=\"http:\/\/www.rioonwatch.org\/wp-content\/uploads\/2018\/03\/Marielle-Franco-protest-at-day.jpg\"><img fetchpriority=\"high\" decoding=\"async\" class=\"aligncenter wp-image-42324 size-content\" title=\"Protest against murder of Marielle Franco and Anderson Pedro Gomes in front of ALERJ. Photo by Jessica Depies\" src=\"http:\/\/www.rioonwatch.org\/wp-content\/uploads\/2018\/03\/Marielle-Franco-protest-at-day-e1521202312803-620x264.jpg\" alt=\"\" width=\"620\" height=\"264\" srcset=\"https:\/\/rioonwatch.org\/wp-content\/uploads\/2018\/03\/Marielle-Franco-protest-at-day-e1521202312803-620x264.jpg 620w, https:\/\/rioonwatch.org\/wp-content\/uploads\/2018\/03\/Marielle-Franco-protest-at-day-e1521202312803-940x400.jpg 940w\" sizes=\"(max-width: 620px) 100vw, 620px\" \/><\/a><\/p>\n<p>Franco\u2019s death united people from across Rio in solidarity, but it was the city\u2019s favelas that grieved most. <a href=\"http:\/\/bit.ly\/2dfB598\" target=\"_blank\" rel=\"noopener noreferrer\">Born and raised in the Complexo da Mar\u00e9 favelas<\/a>, the 38-year-old sociologist and teacher was the <a href=\"http:\/\/bbc.in\/2DwXnxi\" target=\"_blank\" rel=\"noopener noreferrer\">City Council\u2019s only black woman<\/a>. For many, she was a <a href=\"http:\/\/bit.ly\/2dmYcjI\" target=\"_blank\" rel=\"noopener noreferrer\">champion for the city\u2019s most vulnerable<\/a>.<\/p>\n<p>In February, the City Council named Franco leader of a special commission to monitor the federal government\u2019s military intervention. Prior to her nomination she had been using her position to speak out against <a href=\"http:\/\/bit.ly\/2vIIK89\" target=\"_blank\" rel=\"noopener noreferrer\">police violence<\/a>, condemning abuse in Rio\u2019s favelas. Concerned such abuse would worsen amid <a href=\"http:\/\/bit.ly\/2ooK3Vr\" target=\"_blank\" rel=\"noopener noreferrer\">President Michel Temer<\/a>&#8216;s declaration of <a href=\"http:\/\/bit.ly\/2oJrDjd\" target=\"_blank\" rel=\"noopener noreferrer\">military intervention in Rio<\/a>, Franco raised her voice further.<\/p>\n<p>In <a href=\"http:\/\/bit.ly\/2G0X83a\" target=\"_blank\" rel=\"noopener noreferrer\">one of her final tweets<\/a>, Franco denounced the recent killing of Matheus Melo, a 23-year-old from the <a href=\"http:\/\/bit.ly\/1sksV07\" target=\"_blank\" rel=\"noopener noreferrer\">Manguinhos<\/a> favela in the <a href=\"http:\/\/bit.ly\/1kZa3h9\" target=\"_blank\" rel=\"noopener noreferrer\">North Zone<\/a>, shot by police on his way home from church on March 13. \u201cAnother youth homicide that could be credited to the Military Police. Matheus Melo was leaving church. How many others will have to die for this war to end?\u201d she asked.<\/p>\n<blockquote class=\"twitter-tweet\" data-width=\"500\" data-dnt=\"true\">\n<p lang=\"pt\" dir=\"ltr\">Mais um homic\u00eddio de um jovem que pode estar entrando para a conta da PM. Matheus Melo estava saindo da igreja. Quantos mais v\u00e3o precisar morrer para que essa guerra acabe?<\/p>\n<p>&mdash; Marielle Franco (@mariellefranco) <a href=\"https:\/\/twitter.com\/mariellefranco\/status\/973568966403731456?ref_src=twsrc%5Etfw\">March 13, 2018<\/a><\/p><\/blockquote>\n<p><script async src=\"https:\/\/platform.twitter.com\/widgets.js\" charset=\"utf-8\"><\/script><\/p>\n<p>Last weekend, on March 10, Franco publicly decried police violence in the favela of <a href=\"http:\/\/bit.ly\/1SAjeFJ\" target=\"_blank\" rel=\"noopener noreferrer\">Acari<\/a>. Calling out the state <a href=\"http:\/\/bit.ly\/2HEwxpG\" target=\"_blank\" rel=\"noopener noreferrer\">Military Police\u2019s most lethal battalion<\/a>, the 41st, <a href=\"http:\/\/bit.ly\/2FMLm9b\" target=\"_blank\" rel=\"noopener noreferrer\">she wrote<\/a>: \u201cWhat is happening in Acari is absurd! And this has been happening all along! The 41st Military Police Battalion is known as the Battalion of Death. Enough of trampling our people! Enough of killing our youth!\u201d<\/p>\n<blockquote class=\"twitter-tweet\" data-width=\"500\" data-dnt=\"true\">\n<p lang=\"pt\" dir=\"ltr\">O que est\u00e1 acontecendo agora em Acari \u00e9 um absurdo! E acontece desde sempre! O 41\u00b0 batalh\u00e3o da PM \u00e9 conhecido como Batalh\u00e3o da morte. CHEGA de esculachar a popula\u00e7\u00e3o! CHEGA de matarem nossos jovens! <a href=\"https:\/\/t.co\/SrSycFE5Sl\">pic.twitter.com\/SrSycFE5Sl<\/a><\/p>\n<p>&mdash; Marielle Franco (@mariellefranco) <a href=\"https:\/\/twitter.com\/mariellefranco\/status\/972587390131896320?ref_src=twsrc%5Etfw\">March 10, 2018<\/a><\/p><\/blockquote>\n<p><script async src=\"https:\/\/platform.twitter.com\/widgets.js\" charset=\"utf-8\"><\/script><\/p>\n<p>As details of her killing emerged, it became clear that her death was a deliberate assassination. Investigators later determined her attackers had followed her car <a href=\"https:\/\/glo.bo\/2Ius21W\" target=\"_blank\" rel=\"noopener noreferrer\">for around four kilometers<\/a>. A cartoon by illustrator Carlos Latuff <a href=\"http:\/\/bit.ly\/2FO3HTl\" target=\"_blank\" rel=\"noopener noreferrer\">soon began circulating<\/a> across Facebook, drawing a trajectory of retaliation from her to comments on police abuse to her assassination: \u201cFebruary 28, Councilwoman Marielle Franco (PSOL-RJ) named head of commission that will monitor intervention in RJ; March 10, Marielle denounces police violence in Acari; March 14, Marielle is shot to death in execution.\u201d<\/p>\n<p><a href=\"http:\/\/www.rioonwatch.org\/wp-content\/uploads\/2018\/03\/MidiaNinja.jpg\"><img decoding=\"async\" class=\"aligncenter wp-image-42330\" title=\"Brazil cartoonist Carlos Latuff illustration\" src=\"http:\/\/www.rioonwatch.org\/wp-content\/uploads\/2018\/03\/MidiaNinja.jpg\" alt=\"Brazil cartoonist Carlos Latuff illustration\" width=\"620\" height=\"504\" srcset=\"https:\/\/rioonwatch.org\/wp-content\/uploads\/2018\/03\/MidiaNinja.jpg 666w, https:\/\/rioonwatch.org\/wp-content\/uploads\/2018\/03\/MidiaNinja-300x244.jpg 300w\" sizes=\"(max-width: 620px) 100vw, 620px\" \/><\/a><\/p>\n<p>Groups from both Manguinhos and Acari favelas paid tribute, recognizing the sacrifice Franco had made and remembering her support for their communities.<\/p>\n<p><a href=\"http:\/\/www.rioonwatch.org\/wp-content\/uploads\/2018\/03\/Marielle-Franco-protest-at-night-e1521202379884.jpg\"><img loading=\"lazy\" decoding=\"async\" class=\"aligncenter wp-image-42325 size-content\" title=\"Protest against the murders of Marielle Franco and Anderson Pedro Gomes at Cinel\u00e2ndia. Photo by Jessica Depies\" src=\"http:\/\/www.rioonwatch.org\/wp-content\/uploads\/2018\/03\/Marielle-Franco-protest-at-night-e1521202379884-620x264.jpg\" alt=\"\" width=\"620\" height=\"264\" srcset=\"https:\/\/rioonwatch.org\/wp-content\/uploads\/2018\/03\/Marielle-Franco-protest-at-night-e1521202379884-620x264.jpg 620w, https:\/\/rioonwatch.org\/wp-content\/uploads\/2018\/03\/Marielle-Franco-protest-at-night-e1521202379884-940x400.jpg 940w\" sizes=\"(max-width: 620px) 100vw, 620px\" \/><\/a><\/p>\n<p>The <a href=\"http:\/\/bit.ly\/2i1bAOv\" target=\"_blank\" rel=\"noopener noreferrer\">Mothers of Manguinhos<\/a> group of mothers who have lost children to police violence in Manguinhos\u00a0<a href=\"http:\/\/bit.ly\/2HEmVeo\" target=\"_blank\" rel=\"noopener noreferrer\">declared<\/a>: \u201cWe will continue RESISTING for us and for you, MARIELLE FRANCO!! MARIELLE IS WITH US, NOW AND FOREVER!! You will be forever in the heart and in the STRUGGLE of the MOTHERS of MANGUINHOS and of ALL mothers!!\u201d<\/p>\n<p><a href=\"http:\/\/www.rioonwatch.org\/wp-content\/uploads\/2018\/03\/Manguinhos-Mothers.png\"><img loading=\"lazy\" decoding=\"async\" class=\"aligncenter wp-image-42331\" title=\"Marielle Franco on the left, with mothers who lost their sons to police violence in Manguinhos favela\" src=\"http:\/\/www.rioonwatch.org\/wp-content\/uploads\/2018\/03\/Manguinhos-Mothers.png\" alt=\"Marielle Franco on the left, with mothers who lost their sons to police violence in Manguinhos favela\" width=\"620\" height=\"844\" srcset=\"https:\/\/rioonwatch.org\/wp-content\/uploads\/2018\/03\/Manguinhos-Mothers.png 982w, https:\/\/rioonwatch.org\/wp-content\/uploads\/2018\/03\/Manguinhos-Mothers-220x300.png 220w, https:\/\/rioonwatch.org\/wp-content\/uploads\/2018\/03\/Manguinhos-Mothers-768x1046.png 768w, https:\/\/rioonwatch.org\/wp-content\/uploads\/2018\/03\/Manguinhos-Mothers-752x1024.png 752w\" sizes=\"(max-width: 620px) 100vw, 620px\" \/><\/a><\/p>\n<p>The human rights collective <a href=\"http:\/\/bit.ly\/2Dx68rd\" target=\"_blank\" rel=\"noopener noreferrer\">Fala Acari<\/a> held the state responsible for the murder of Franco, <a href=\"http:\/\/bit.ly\/2FENFz0\" target=\"_blank\" rel=\"noopener noreferrer\">writing<\/a>:<\/p>\n<blockquote><p>\u201cMarielle Franco was a black woman from the favela who, like so many of us, was EXECUTED BY THE STATE. No, we are not affirming here that it was battalion X or Y, but we are saying that, just as in other areas of Brazil with violence statistics much higher than Rio de Janeiro, if the state is in the situation that it currently is, nobody is more guilty than the state in this death. Marielle Franco was helping Fala Acari last week to publicly denounce what the Acari favela was suffering through at the hands of the armed branch of the state, but specifically the Military Police 41st Battalion, or 41BPM, and even this weekend, the <em>O Dia<\/em> newspaper published material in which she spoke about what has been happening in our favela for A LONG TIME. This woman was part of the fight AGAINST THE <a href=\"http:\/\/bit.ly\/2trd6ho\" target=\"_blank\" rel=\"noopener noreferrer\">OPPRESSION OF BLACK AND FAVELA PEOPLE<\/a> and very probably was killed in such a violent way. We offer solidarity to family members and friends of Marielle Franco and of Anderson and continue to say: #TheyWillNotSilenceUS #OurDeadHaveAVoice #MurdererState #BlackLivesMatter #FavelaLivesMatter\u201d<\/p><\/blockquote>\n<p>Activists and NGOs throughout the <a href=\"http:\/\/bit.ly\/1rNMXO3\" target=\"_blank\" rel=\"noopener noreferrer\">Complexo da Mar\u00e9<\/a>\u2019s 16 favelas mourned Franco\u2019s death and urged Mar\u00e9 to continue her legacy. Recalling her ubuntu-influenced campaign slogan, &#8220;I am because we are,&#8221; <a href=\"http:\/\/bit.ly\/2HGOvYH\" target=\"_blank\" rel=\"noopener noreferrer\">activist group Amar\u00e9v\u00ea wrote<\/a> \u201cI AM BECAUSE WE ARE. WOMAN, Mar\u00e9 will continue your battle. We will not be silenced. Marielle is with us.\u201d<\/p>\n<p><a href=\"http:\/\/www.rioonwatch.org\/wp-content\/uploads\/2018\/03\/Amareve.png\"><img loading=\"lazy\" decoding=\"async\" class=\"wp-image-42334 aligncenter\" src=\"http:\/\/www.rioonwatch.org\/wp-content\/uploads\/2018\/03\/Amareve.png\" alt=\"\" width=\"620\" height=\"500\" srcset=\"https:\/\/rioonwatch.org\/wp-content\/uploads\/2018\/03\/Amareve.png 977w, https:\/\/rioonwatch.org\/wp-content\/uploads\/2018\/03\/Amareve-300x242.png 300w, https:\/\/rioonwatch.org\/wp-content\/uploads\/2018\/03\/Amareve-768x619.png 768w\" sizes=\"(max-width: 620px) 100vw, 620px\" \/><\/a><\/p>\n<p><a href=\"http:\/\/bit.ly\/2bjEq4R\" target=\"_blank\" rel=\"noopener noreferrer\">Community media collective Mar\u00e9 Vive<\/a> condemned the attack and called for solidarity among Mar\u00e9 residents, <a href=\"http:\/\/bit.ly\/2GxzicZ\" target=\"_blank\" rel=\"noopener noreferrer\">posting<\/a>: \u201cIt\u2019s true. Marielle Franco, raised in Mar\u00e9, black, woman, our great longtime friend and councilwoman, was shot to death. Murder. Political Crime. Cowardice without end. Mari lives. And she will live! We will continue her fight and it will be greater with each passing day. That is all we can say in this painful moment. We ask for prayers and positive energy for family and friends. I am because we are.\u201d<\/p>\n<p><a href=\"http:\/\/www.rioonwatch.org\/wp-content\/uploads\/2018\/03\/Mare-Vive.png\"><img loading=\"lazy\" decoding=\"async\" class=\"aligncenter wp-image-42335\" src=\"http:\/\/www.rioonwatch.org\/wp-content\/uploads\/2018\/03\/Mare-Vive.png\" alt=\"\" width=\"619\" height=\"397\" srcset=\"https:\/\/rioonwatch.org\/wp-content\/uploads\/2018\/03\/Mare-Vive.png 983w, https:\/\/rioonwatch.org\/wp-content\/uploads\/2018\/03\/Mare-Vive-300x192.png 300w, https:\/\/rioonwatch.org\/wp-content\/uploads\/2018\/03\/Mare-Vive-768x492.png 768w\" sizes=\"(max-width: 619px) 100vw, 619px\" \/><\/a><\/p>\n<p>Mar\u00e9 NGOs <a href=\"http:\/\/bit.ly\/2HAwSJV\" target=\"_blank\" rel=\"noopener noreferrer\">Favelas Observatory<\/a>, <a href=\"http:\/\/bit.ly\/Xdpruu\" target=\"_blank\" rel=\"noopener noreferrer\">Mar\u00e9 Development Networks<\/a>, and the <a href=\"http:\/\/bit.ly\/2FQ6348\" target=\"_blank\" rel=\"noopener noreferrer\">Maria e Jo\u00e3o Aleixo Institute<\/a>\u00a0closed their doors early, urging supporters to join the day\u2019s protests downtown. The three issued <a href=\"http:\/\/bit.ly\/2FUZjoR\" target=\"_blank\" rel=\"noopener noreferrer\">a joint statement, writing<\/a>:<\/p>\n<blockquote><p>\u201cMARIELLE IS WITH US. Justice! It is with great weight and indignation that we received the news of the murder of Councilwoman Marielle Franco last night. A woman, black, from the favelas, and tireless defender of <a href=\"http:\/\/bit.ly\/1um7WLt\" target=\"_blank\" rel=\"noopener noreferrer\">human rights<\/a>, she always dreamed of and <a href=\"http:\/\/bit.ly\/2zXwYv5\" target=\"_blank\" rel=\"noopener noreferrer\">fought for a more just and equal world<\/a>. A complete world, one of rights.<\/p>\n<p>A dream built in the Mar\u00e9 favela and which won over the city on being shared with the more than 46,000 Rio residents that elected her councilwoman. In and out of the council, in the short span that she exercised her mandate, Marielle embraced the cause of all those who have had their rights violated in the favelas and peripheries of our city. Never without her determined smile, she never tired of the struggle.<\/p>\n<p>This brutal assassination is one more attempt to intimidate and silence the voices of those who, like her, believe that it is possible to build a society that respects people and their differences, that stands in solidarity, open and free of prejudice. This is an attempt in vain, to be sure.<\/p>\n<p>We will not accept the possible impunity of the authors of this barbarity. The State must act with speed and rigor in search of the guilty. And we must participate, amplify, and potentialize the acts in solidarity with Marielle and build a great, strong protest to guarantee investigation. We have surpassed all limits. The shots that took her life reached, once again, all of us and our democracy.<\/p>\n<p>In this way, the Mar\u00e9 Development Networks, the Favelas Observatory, and the Maria e Jo\u00e3o Aleixo Institute stand in solidarity with the family and friends of Marielle and invite the entire population to take to the streets, participating and developing acts, mobilizing and articulating forces in search of a fraternal, equal, democratic world with complete respect for human rights. We also stand in solidarity with the family and friends of Franco\u2019s driver, Anderson Pedro Gomes, another victim of this cowardly and cruel act. Anderson, father to a two-year-old son, will also be forever remembered, as will his memory, the motive for which we will continue fighting with force and determination.<\/p>\n<p>We will not go on in vain. Never! The death of Councilwoman Marielle Franco is an irreparable loss. But her example, her dedication, happiness, and strength inspire us to continue the arduous work of building a better world. We will continue\u2014together\u2014onward.\u201d<\/p><\/blockquote>\n<p>\u201cEu sou porque n\u00f3s somos.\u201d I am because we are. #MariellePresente<\/p>\n","protected":false},"excerpt":{"rendered":"<div class=\"mh-excerpt\"><p>Clique aqui para Portugu\u00eas This article is part of RioOnWatch\u2019s\u00a0#VoicesFromSocialMedia\u00a0series which compiles perspectives posted on social media by favela residents and activists about events and societal themes that arise. It is the second in our <a class=\"mh-excerpt-more\" href=\"https:\/\/rioonwatch.org\/?p=42315\" title=\"Favela #VoicesFromSocialMedia Unite for Marielle Franco\">[&#8230;]<\/a><\/p>\n<\/div>","protected":false},"author":162,"featured_media":42323,"comment_status":"closed","ping_status":"closed","sticky":false,"template":"","format":"standard","meta":{"_monsterinsights_skip_tracking":false,"_monsterinsights_sitenote_active":false,"_monsterinsights_sitenote_note":"","_monsterinsights_sitenote_category":0,"footnotes":""},"categories":[1294,2663,1277,1288,1290,2242,1333,335,336,1329],"tags":[1087,555,2069,2467,168,756,280,436,2595,637,2449,918,37,152,17,18,809,124,270,379,796,268,1385],"writer":[2609],"translator":[],"illustrator":[],"photographer":[],"class_list":{"0":"post-42315","1":"post","2":"type-post","3":"status-publish","4":"format-standard","5":"has-post-thumbnail","7":"category-communitymedia","8":"category-interventionwatch","9":"category-uppwatch","10":"category-highlight","11":"category-civilsociety","12":"category-democracy","13":"category-event-reports","14":"category-policies","15":"category-violations","16":"category-by-international-observers","17":"tag-voicesfromsocialmedia","18":"tag-acari","19":"tag-alerj","20":"tag-black-lives-matter","21":"tag-centro","22":"tag-community-organizing","23":"tag-complexo-da-mare","24":"tag-gender","25":"tag-leader","26":"tag-manguinhos","27":"tag-marielle-franco","28":"tag-military-police","29":"tag-north-zone","30":"tag-participation","31":"tag-police-brutality","32":"tag-protest","33":"tag-public-security","34":"tag-race","35":"tag-resistance","36":"tag-shock-police","37":"tag-social-media","38":"tag-state-violence","39":"tag-violence","40":"writer-edmund-ruge"},"_links":{"self":[{"href":"https:\/\/rioonwatch.org\/index.php?rest_route=\/wp\/v2\/posts\/42315","targetHints":{"allow":["GET"]}}],"collection":[{"href":"https:\/\/rioonwatch.org\/index.php?rest_route=\/wp\/v2\/posts"}],"about":[{"href":"https:\/\/rioonwatch.org\/index.php?rest_route=\/wp\/v2\/types\/post"}],"author":[{"embeddable":true,"href":"https:\/\/rioonwatch.org\/index.php?rest_route=\/wp\/v2\/users\/162"}],"replies":[{"embeddable":true,"href":"https:\/\/rioonwatch.org\/index.php?rest_route=%2Fwp%2Fv2%2Fcomments&post=42315"}],"version-history":[{"count":0,"href":"https:\/\/rioonwatch.org\/index.php?rest_route=\/wp\/v2\/posts\/42315\/revisions"}],"wp:featuredmedia":[{"embeddable":true,"href":"https:\/\/rioonwatch.org\/index.php?rest_route=\/wp\/v2\/media\/42323"}],"wp:attachment":[{"href":"https:\/\/rioonwatch.org\/index.php?rest_route=%2Fwp%2Fv2%2Fmedia&parent=42315"}],"wp:term":[{"taxonomy":"category","embeddable":true,"href":"https:\/\/rioonwatch.org\/index.php?rest_route=%2Fwp%2Fv2%2Fcategories&post=42315"},{"taxonomy":"post_tag","embeddable":true,"href":"https:\/\/rioonwatch.org\/index.php?rest_route=%2Fwp%2Fv2%2Ftags&post=42315"},{"taxonomy":"writer","embeddable":true,"href":"https:\/\/rioonwatch.org\/index.php?rest_route=%2Fwp%2Fv2%2Fwriter&post=42315"},{"taxonomy":"translator","embeddable":true,"href":"https:\/\/rioonwatch.org\/index.php?rest_route=%2Fwp%2Fv2%2Ftranslator&post=42315"},{"taxonomy":"illustrator","embeddable":true,"href":"https:\/\/rioonwatch.org\/index.php?rest_route=%2Fwp%2Fv2%2Fillustrator&post=42315"},{"taxonomy":"photographer","embeddable":true,"href":"https:\/\/rioonwatch.org\/index.php?rest_route=%2Fwp%2Fv2%2Fphotographer&post=42315"}],"curies":[{"name":"wp","href":"https:\/\/api.w.org\/{rel}","templated":true}]}}