{"id":42718,"date":"2018-04-16T13:23:53","date_gmt":"2018-04-16T16:23:53","guid":{"rendered":"http:\/\/www.rioonwatch.org\/?p=42718"},"modified":"2018-04-17T13:28:39","modified_gmt":"2018-04-17T16:28:39","slug":"rains-in-rio-the-story-that-got-lost-between-carnival-and-the-military-intervention","status":"publish","type":"post","link":"https:\/\/rioonwatch.org\/?p=42718","title":{"rendered":"Rains in Rio: The Story That Got Lost Between Carnival and the Military Intervention"},"content":{"rendered":"<p style=\"text-align: right;\"><em><a href=\"http:\/\/bit.ly\/2qjMScT\" target=\"_blank\" rel=\"noopener\"><strong>Clique aqui para Por<\/strong><strong>tugu\u00eas<\/strong><strong><img decoding=\"async\" width=\"20\" height=\"20\" class=\"alignright size-full wp-image-23766\" src=\"http:\/\/www.rioonwatch.org\/wp-content\/uploads\/2012\/08\/PT-e1439583827971.png\" \/><\/strong><\/a><\/em><\/p>\n<h3>Monday, February 5<\/h3>\n<p>The end-of-summer rains began in Rio, without major structural impacts. Remaining fairly light, they were a cause for celebration as they led to cooler temperatures. Cec\u00edlia Oliveira, a journalist and one of the <a href=\"http:\/\/bit.ly\/2HgiAl3\" target=\"_blank\" rel=\"noopener\">coordinators of Fogo Cruzado<\/a> (Crossfire), an app that monitors gun shots in Rio de Janeiro, <a href=\"http:\/\/bit.ly\/2GMZjIv\" target=\"_blank\" rel=\"noopener\">had another reason<\/a> for celebrating the rain:<\/p>\n<blockquote><p>January was TERRIBLE. Last week only Jesus could have helped us. Many, many shootings. So many hours of shooting. Shooting that began before 6am and lasted until nightfall. Many stray bullets. Many residents in a state of panic. February began at the same pace. Insane. This weekend people died all over the place. Also in Carnival street blocos&#8230; Work on the <a href=\"http:\/\/bit.ly\/2JD94ah\" target=\"_blank\" rel=\"noopener\">Fogo Cruzado App<\/a> was tense.<\/p>\n<p>But it is raining today. Hallelujah! It&#8217;s amazing how the bullets calm down. It\u2019s crazy. Rain is Rio\u2019s best security policy.<\/p><\/blockquote>\n<h3>Wednesday, February 14<\/h3>\n<p>Beginning on the evening of\u00a0Ash Wednesday and continuing through the early hours of Thursday morning, heavy precipitation and strong winds <a href=\"https:\/\/glo.bo\/2uOyNJu\" target=\"_blank\" rel=\"noopener\">left the city in a state of crisis<\/a>. It was one of the most severe rain storms ever recorded by Rio\u2019s Center of Operations.<\/p>\n<p>Noemy Farneze, resident of <a href=\"http:\/\/bit.ly\/1wwjhWi\" target=\"_blank\" rel=\"noopener\">City of God<\/a> and editor-in-chief of the online portal <a href=\"http:\/\/bit.ly\/2IyVLpI\" target=\"_blank\" rel=\"noopener\">CDD na Web<\/a>, says messages about the storm began circulating on Facebook, WhatsApp, and by telephone as soon as the rain began. \u201cThis is a community of more than 60,000 with areas of extreme poverty, which turned out to be the areas most affected. Many people lost everything: furniture, clothing, and food.\u201d<\/p>\n<p><a href=\"http:\/\/www.rioonwatch.org\/wp-content\/uploads\/2018\/04\/Nathans-house.jpg\"><img fetchpriority=\"high\" decoding=\"async\" class=\"alignright wp-image-42733\" title=\"Nathan's house. Photo by Nathan Borges\" src=\"http:\/\/www.rioonwatch.org\/wp-content\/uploads\/2018\/04\/Nathans-house.jpg\" alt=\"\" width=\"300\" height=\"400\" srcset=\"https:\/\/rioonwatch.org\/wp-content\/uploads\/2018\/04\/Nathans-house.jpg 960w, https:\/\/rioonwatch.org\/wp-content\/uploads\/2018\/04\/Nathans-house-225x300.jpg 225w, https:\/\/rioonwatch.org\/wp-content\/uploads\/2018\/04\/Nathans-house-768x1024.jpg 768w\" sizes=\"(max-width: 300px) 100vw, 300px\" \/><\/a>Nathan Borges, born and raised in the community, shares his recollections of the storm: &#8220;My mother and I were watching the announcement of Carnival results, after [soccer team] Vasco&#8217;s game. Everything was normal. Then it started to rain. I think it was seven o&#8217;clock. A strong summer rain, but normal. The river was full, but it hadn\u2019t overflowed yet. But the favela was full of garbage. The trash collectors hadn\u2019t been working, due to Carnaval or something. And then, of course, it flooded. It was very fast. Very, very fast. My mother had already gone through the flood of \u201996 and was afraid\u2014&#8217;It&#8217;ll flood, it&#8217;ll flood, it&#8217;s going up.&#8217; When the water began to enter, she collapsed. She began to cry.&#8221;<\/p>\n<p>Borges continues: &#8220;My grandmother can&#8217;t walk. We climbed the stairs with her, rushing for the second floor, and the water was already reaching the second floor. When I went back downstairs to find my IDs, the water already reached my knees. Only a minute and a half had passed. When I returned to turn off the circuit breaker, so no one would be electrocuted [if the electricity turned back on], it was at waist level. Inside the house! On the street, the water came up to the middle of my stomach, and I&#8217;m 5\u20197! There was a lot of trash. Rats, cockroaches. It was very tense.&#8221;<\/p>\n<p>The thought to turn off the circuit breaker may not have crossed everyone&#8217;s mind and is indicative of yet one more dimension of inequality affecting the city\u2014in other parts of the city residents wouldn&#8217;t have to think of it. &#8220;It&#8217;s &#8216;lucky&#8217; the electricity went out before the flood and we avoided the combination of electricity and water,&#8221; reflects Farneze.<\/p>\n<p>At 3am electricity returned to most homes, but in some places where trees fell on wires residents remained without power for over 24 hours. The power outage wasn&#8217;t the only harmful consequence of the flood: &#8220;The next day we went downstairs to see. My house is one step below street level, so we had to get the water out. I already had tried to drain it into the street, but we had to open the door and draw it out of the house [because it didn&#8217;t drain]. There was a lot of trash. The refrigerator was turned over. My bed, which is a trundle bed, I lost. My wardrobe was split in half,&#8221; recounts Borges, who shows incredible resilience, not seeming to have let it all get him down.<\/p>\n<p>On the contrary, he demonstrates an exceptional degree of determination for a 17-year-old: \u201cIt\u2019s more relaxed now. People helped us: our family and friends. We only managed to clean it all up after three days. We were able to mobilize five people to help.\u201d On top of helping his family and studying, Borges is a theater teacher at the <a href=\"http:\/\/bit.ly\/2AVx9nC\" target=\"_blank\" rel=\"noopener\">Associa\u00e7\u00e3o Semente da Vida<\/a> (ASVI\u2014Seed of Life Association) and works as a producer and DJ in City of God.<\/p>\n<p><a href=\"http:\/\/www.rioonwatch.org\/wp-content\/uploads\/2018\/04\/alema\u0303o-voz-das-comunidades.jpg\"><img decoding=\"async\" class=\"alignright wp-image-42734 size-medium\" title=\"Hole in the wall of an Alem\u00e3o house. Photo by Voz das Comunidades\" src=\"http:\/\/www.rioonwatch.org\/wp-content\/uploads\/2018\/04\/alema\u0303o-voz-das-comunidades-300x200.jpg\" alt=\"\" width=\"300\" height=\"200\" srcset=\"https:\/\/rioonwatch.org\/wp-content\/uploads\/2018\/04\/alema\u0303o-voz-das-comunidades-300x200.jpg 300w, https:\/\/rioonwatch.org\/wp-content\/uploads\/2018\/04\/alema\u0303o-voz-das-comunidades.jpg 448w\" sizes=\"(max-width: 300px) 100vw, 300px\" \/><\/a>For those who are not fortunate enough to have the help of family and friends, members of CDD na Web and other residents organize to collect donations. \u201cWe have intensified our efforts to assist in the Brejo area, beyond Carat\u00ea, which is the most precarious area in the community, and there people can donate not only food, clothes, and water, but also diapers and milk.\u201d<\/p>\n<p>It is not only in City of God that the rain had dramatic consequences. <a href=\"https:\/\/glo.bo\/2JoAccK\" target=\"_blank\" rel=\"noopener\">Four people died<\/a> and an estimated 2,000 are homeless throughout the city of Rio de Janeiro. Most of the displaced are from <a href=\"http:\/\/bit.ly\/1nEeBwu\" target=\"_blank\" rel=\"noopener\">Complexo do Alem\u00e3o<\/a>. In the Parque Everest community alone, 250 families are being aided by the Social Work and Human Rights Secretariat, entry is now forbidden to 41 houses, and one teen was killed in a collapse. In the lower part of the community, mud overflowed from the <a href=\"http:\/\/bit.ly\/2hVfmIX\" target=\"_blank\" rel=\"noopener\">Faria Timb\u00f3 river<\/a>, not for the first time.<\/p>\n<p><iframe style=\"border: none; overflow: hidden;\" src=\"https:\/\/www.facebook.com\/plugins\/video.php?href=https%3A%2F%2Fwww.facebook.com%2Fvozdascomunidades%2Fvideos%2F1893571150714190%2F&amp;show_text=0&amp;width=620\" width=\"620\" height=\"349\" frameborder=\"0\" scrolling=\"no\" allowfullscreen=\"allowfullscreen\"><span data-mce-type=\"bookmark\" style=\"display: inline-block; width: 0px; overflow: hidden; line-height: 0;\" class=\"mce_SELRES_start\">\ufeff<\/span><span data-mce-type=\"bookmark\" style=\"display: inline-block; width: 0px; overflow: hidden; line-height: 0;\" class=\"mce_SELRES_start\">\ufeff<\/span><span data-mce-type=\"bookmark\" style=\"display: inline-block; width: 0px; overflow: hidden; line-height: 0;\" class=\"mce_SELRES_start\">\ufeff<\/span><\/iframe><\/p>\n<p>It is no coincidence that displacements due to the floods conformed to a territorial pattern: they were concentrated in Rio&#8217;s <a href=\"http:\/\/bit.ly\/1kZa3h9\" target=\"_blank\" rel=\"noopener\">North<\/a> and <a href=\"http:\/\/bit.ly\/1kZa7gI\" target=\"_blank\" rel=\"noopener\">West Zones<\/a> and were most frequent in favelas, where infrastructure that should be provided by the State is most fragile. Beyond Alem\u00e3o, 120 families were displaced in <a href=\"http:\/\/bit.ly\/2qaFIqP\" target=\"_blank\" rel=\"noopener\">Jardim Maravilha<\/a> (a residential development in Campo Grande), four families in <a href=\"http:\/\/bit.ly\/2EFT4R8\" target=\"_blank\" rel=\"noopener\">Morro dos Macacos<\/a> (in Vila Isabel), 16 in <a href=\"http:\/\/bit.ly\/ZoemOA\" target=\"_blank\" rel=\"noopener\">Jacarezinho<\/a>, and 25 in <a href=\"http:\/\/bit.ly\/2mo1FBu\" target=\"_blank\" rel=\"noopener\">Serrinha<\/a> in Madureira. Sleeping mats and basic food supplies were distributed and some families asked the authorities for help.<\/p>\n<p>In addition to the families displaced, supplies of water and electricity were interrupted in various parts of the city. <a href=\"http:\/\/bit.ly\/2dbEjrV\" target=\"_blank\" rel=\"noopener\">Mayor Marcelo Crivella<\/a>, conducting a <a href=\"https:\/\/glo.bo\/2uRcHG7\" target=\"_blank\" rel=\"noopener\">controversial visit to Europe at the time<\/a>, said he was <a href=\"http:\/\/bit.ly\/2GEkRqW\" target=\"_blank\" rel=\"noopener\">following the situation from afar<\/a>.<\/p>\n<p>Meanwhile, residents organized themselves to receive and deliver donations. In Jacarezinho, <a href=\"https:\/\/glo.bo\/2IvtMre\" target=\"_blank\" rel=\"noopener\">residents began to offer what they could<\/a> in community social media groups even before other residents emerged requesting donations. In Alem\u00e3o, members of the <a href=\"http:\/\/bit.ly\/18u3bEe\" target=\"_blank\" rel=\"noopener\">Voz das Comunidades<\/a> news team gathered water and hygiene products. In <a href=\"http:\/\/bit.ly\/1SAjeFJ\" target=\"_blank\" rel=\"noopener\">Acari<\/a>, the <a href=\"http:\/\/bit.ly\/2qXwltl\" target=\"_blank\" rel=\"noopener\">Fala Akari Collective<\/a> and the <a href=\"http:\/\/bit.ly\/2qb3jII\" target=\"_blank\" rel=\"noopener\">Poet Deley de Acari Cultural Center<\/a> created an <a href=\"http:\/\/bit.ly\/2EnQYVD\" target=\"_blank\" rel=\"noopener\">Emergency Working Group<\/a> to gather basic food items, bedding, and clothing for more than 100 families affected by the rain. In <a href=\"http:\/\/bit.ly\/1sksV07\" target=\"_blank\" rel=\"noopener\">Manguinhos<\/a>, the director of the Cl\u00f3vis Monteiro High School was also collecting donations.<\/p>\n<p><a href=\"http:\/\/www.rioonwatch.org\/wp-content\/uploads\/2018\/04\/SOS-Manguinhos-poster.jpg\"><img loading=\"lazy\" decoding=\"async\" class=\"aligncenter wp-image-42735\" title=\"&quot;If the City won't do it, you can do it!&quot; SOS poster calling for donations in Manguinhos\" src=\"http:\/\/www.rioonwatch.org\/wp-content\/uploads\/2018\/04\/SOS-Manguinhos-poster.jpg\" alt=\"\" width=\"620\" height=\"620\" srcset=\"https:\/\/rioonwatch.org\/wp-content\/uploads\/2018\/04\/SOS-Manguinhos-poster.jpg 960w, https:\/\/rioonwatch.org\/wp-content\/uploads\/2018\/04\/SOS-Manguinhos-poster-300x300.jpg 300w, https:\/\/rioonwatch.org\/wp-content\/uploads\/2018\/04\/SOS-Manguinhos-poster-768x768.jpg 768w\" sizes=\"(max-width: 620px) 100vw, 620px\" \/><\/a><\/p>\n<h3>Friday, February 16<\/h3>\n<p>Residents of <a href=\"http:\/\/bit.ly\/2cGpFdO\" target=\"_blank\" rel=\"noopener\">Muzema<\/a>, in the West Zone, complained that electricity had not been restored more than a day after the storm: \u201cIt\u2019s already been more than 24 hours that we haven\u2019t had power in our homes&#8230; No one&#8217;s helped us. As for [electric utility] <a href=\"http:\/\/bit.ly\/1qqIUdz\" target=\"_blank\" rel=\"noopener\">Light<\/a>, we called directly and nobody&#8217;s helped,&#8221; one resident said. According to a\u00a0<a href=\"http:\/\/bit.ly\/2Ig78Tj\" target=\"_blank\" rel=\"noopener\">video report<\/a>, Light said it could not give a specific date by which power would be restored. <a href=\"http:\/\/bit.ly\/2GIHZR3\" target=\"_blank\" rel=\"noopener\">Residents of City of God blocked lanes<\/a> of Ayrton Senna Avenue to protest the continued power outage.<\/p>\n<p>City officials estimated that <a href=\"https:\/\/glo.bo\/2pPu9pw\" target=\"_blank\" rel=\"noopener\">100,000 people still did not have power<\/a>. The selectivity of Light\u2019s service provision was apparent in the speed with which services returned to neighborhoods in the <a href=\"http:\/\/bit.ly\/1pfz23A\" target=\"_blank\" rel=\"noopener\">South Zone<\/a> in comparison with those in the North and West Zones.<\/p>\n<p><a href=\"https:\/\/glo.bo\/2pPu9pw\" target=\"_blank\" rel=\"noopener\">Residents of Vila Kennedy occupied lanes<\/a> of Brasil Avenue to protest the ongoing power outage. Others remained homeless. Complaints about neglect by Light and about the City&#8217;s inadequate response to the effects of the rain, however, were overshadowed in the newspapers by the announcement of the\u00a0<a href=\"http:\/\/bit.ly\/2FbDxtg\" target=\"_blank\" rel=\"noopener\">federal military intervention<\/a>.<\/p>\n<h3>Saturday, February 17<\/h3>\n<p>Mayor Crivella returned from his European trip and <a href=\"https:\/\/glo.bo\/2JmURho\" target=\"_blank\" rel=\"noopener\">said Rio responded well<\/a> to the rains. Given the lack of commentary beyond Crivella\u2019s statement in city newspapers, Luiz Baltar, photographer and member of the <a href=\"http:\/\/bit.ly\/1q6LLcO\" target=\"_blank\" rel=\"noopener\">Favela em Foco<\/a> collective, posted on Facebook:<\/p>\n<blockquote><p>It&#8217;s not in the media, and for this reason it&#8217;s not a subject of Facebook posts, but there are hundreds of families who were affected by the weather, who lost everything and still lack electricity.<\/p>\n<p>Various communities and favelas in Rio are suffering due to the tragedy provoked by the early Thursday morning rains: Alem\u00e3o, Manguinhos, Jacar\u00e9, streets near Avenida dos Democr\u00e1ticos, and all around the Faria Timb\u00f3 river were affected. Hundreds of families lost everything. In some places the water rose more than two meters, knocking down walls. Tons of mud and trash accumulated in the streets, awaiting the few teams from [municipal waste utility] Comlurb. The press is not giving the much-needed attention to this tragedy and those affected remained helpless, relying solely on the solidarity of organized society. Various locales are receiving donations.<\/p><\/blockquote>\n<h3>Monday, February 19<\/h3>\n<p>The organization <a href=\"http:\/\/bit.ly\/2qABIiE\" target=\"_blank\" rel=\"noopener\">Meu Rio<\/a> launched its \u201c<a href=\"http:\/\/bit.ly\/2sIRop2\" target=\"_blank\" rel=\"noopener\">Rain of Solidarity<\/a>\u201d campaign to collect donations of food, water, and furniture for families who lost furniture and houses in the favelas of Acari, Alem\u00e3o, City of God, and Manguinhos. In addition to collecting donations, the campaign aimed to connect people who could receive and redistribute these resources in the affected communities. Meu Rio also promised to <a href=\"http:\/\/bit.ly\/2CeXG3T\" target=\"_blank\" rel=\"noopener\">continue to monitor the investments<\/a> of City Hall in projects to prevent future tragedies.<\/p>\n<p><iframe style=\"border: none; overflow: hidden;\" src=\"https:\/\/www.facebook.com\/plugins\/video.php?href=https%3A%2F%2Fwww.facebook.com%2Fmeurio%2Fvideos%2F1872135529485677%2F&amp;show_text=0&amp;width=620\" width=\"620\" height=\"349\" frameborder=\"0\" scrolling=\"no\" allowfullscreen=\"allowfullscreen\"><span data-mce-type=\"bookmark\" style=\"display: inline-block; width: 0px; overflow: hidden; line-height: 0;\" class=\"mce_SELRES_start\">\ufeff<\/span><\/iframe><\/p>\n<h3>Tuesday, February 20<\/h3>\n<p><a href=\"http:\/\/bit.ly\/2GQs7Ne\" target=\"_blank\" rel=\"noopener\">City councillor Marielle Franco<\/a> made\u00a0<a href=\"http:\/\/bit.ly\/2JwaNOi\" target=\"_blank\" rel=\"noopener\">her final speech<\/a> to the City Council, questioning the military intervention. In addition to articulating her concern about \u201cwhere the rifles will be pointed,\u201d she criticized authorities&#8217; incapacity to prioritize projects to mitigate the consequences of the heavy rainfall: &#8220;I want to know where the responsibility of legislators lies, who are not paying attention to the severity of the current situation, who speak of federal intervention, of military intervention\u2014but we still haven&#8217;t addressed a problem that should have sparked a direct intervention in the situation of the City of Rio after the recent rain on Thursday! The situation of calamity, which since last year\u00a0has yet to result in the intervention [with investments in risk mitigation] that should have been implemented!\u201d<\/p>\n<p><iframe style=\"border: none; overflow: hidden;\" src=\"https:\/\/www.facebook.com\/plugins\/video.php?href=https%3A%2F%2Fwww.facebook.com%2FMarielleFrancoPSOL%2Fvideos%2F535872706798326%2F&amp;show_text=0&amp;width=620\" width=\"620\" height=\"349\" frameborder=\"0\" scrolling=\"no\" allowfullscreen=\"allowfullscreen\"><\/iframe><\/p>\n<h3>Wednesday, February 21<\/h3>\n<p>More rains punished Rio. Again, Mayor Crivella was away from the city. He was in Bras\u00edlia seeking resources to \u201c<a href=\"https:\/\/glo.bo\/2J2ddnP\" target=\"_blank\" rel=\"noopener\">carry out social projects in areas afflicted by organized crime<\/a>,\u201d arguing that military intervention wasn\u2019t enough and that federal investment in social projects was also urgently needed. So far, no investments had been made in the areas that he had deemed \u201cafflicted by organized crime,\u201d whether in terms of social projects or in terms of infrastructure to mitigate the effects of heavy rainfall.<\/p>\n<p>As rains continued to fall on Rio, the mayor <a href=\"https:\/\/glo.bo\/2Hh8oqk\" target=\"_blank\" rel=\"noopener\">made a joke<\/a>: \u201cIn S\u00e3o Paulo they also have flooding. So much so that they could launch a new program: Balsa Fam\u00edlia!\u201d &#8216;Balsa&#8217; is Portuguese for &#8216;ferry,&#8217; a play on words referring to the federal conditional cash transfer program, <a href=\"http:\/\/bit.ly\/1m2iZYR\" target=\"_blank\" rel=\"noopener\">Bolsa Fam\u00edlia<\/a>\u00a0(Family Stipend), which has been credited with helping millions of Brazilians escape extreme poverty.<\/p>\n<h3>Wednesday, April 4<\/h3>\n<p>Seven weeks after the disaster, Rio\u2019s city government liberated funds for <a href=\"http:\/\/bit.ly\/11lnRj5\" target=\"_blank\" rel=\"noopener\">rent assistance<\/a> for 270 families in Complexo de Alem\u00e3o, most of whom lived in Parque Everest. This concession was the result of pressure from the community&#8217;s local Housing Commission, a group that has consistently demanded social rent support since the period of construction of\u00a0<a href=\"http:\/\/bit.ly\/1kqe5Cp\" target=\"_blank\" rel=\"noopener\">Growth Acceleration Program<\/a> (PAC) projects. \u201cOur biggest fight is with the state government. But then there was the rain on February 15, and Parque Everest was heavily affected. These families are being removed by the city government,&#8221; said Alem\u00e3o resident and commission member, Camila Santos, who was evicted from <a href=\"http:\/\/bit.ly\/1HmiQbx\" target=\"_blank\" rel=\"noopener\">Favelinha da Skol<\/a> in order to <a href=\"http:\/\/bit.ly\/2bRIaMH\" target=\"_blank\" rel=\"noopener\">make way for PAC development projects<\/a>.<\/p>\n<p><iframe style=\"border: none; overflow: hidden;\" src=\"https:\/\/www.facebook.com\/plugins\/video.php?href=https%3A%2F%2Fwww.facebook.com%2Fvozdascomunidades%2Fvideos%2F1895268513877787%2F&amp;show_text=0&amp;width=620\" width=\"620\" height=\"349\" frameborder=\"0\" scrolling=\"no\" allowfullscreen=\"allowfullscreen\"><span data-mce-type=\"bookmark\" style=\"display: inline-block; width: 0px; overflow: hidden; line-height: 0;\" class=\"mce_SELRES_start\">\ufeff<\/span><span data-mce-type=\"bookmark\" style=\"display: inline-block; width: 0px; overflow: hidden; line-height: 0;\" class=\"mce_SELRES_start\">\ufeff<\/span><\/iframe><\/p>\n<p>&#8220;Parque Everest has existed for 25 years and has suffered floods for 25 years. I lived there for a time. The families do not want to be removed because their life histories are there. But it has been 25 years of losing so much. Our demand is for dignified housing. The City says it will build apartments here along Avenida Itaoca. But while construction is underway, the people need to be included in rent assistance programs. This way they can choose where to live,&#8221; Santos says.<\/p>\n<p>Rent assistance payments will be made through Banco do Brasil, and not Caixa Econ\u00f4mica as is standard practice for the families who already receive the benefit. This effectively creates another bureaucratic obstacle to accessing the money, since people will have to find the time to open an account. \u201cIt is a process,\u201d Santos explains. &#8220;It isn\u2019t like you sign up and get your rent check the same day. Even if your home has collapsed it takes months to begin to receive rent assistance. The Civil Defense came, declared no-entry to everyone&#8217;s homes. Then Crivella saw there was no other way. On March 6 he announced he would remove the community. From there, the <a href=\"http:\/\/bit.ly\/1uB1KPU\" target=\"_blank\" rel=\"noopener\">SMH<\/a> [Municipal Housing Secretariat] arrived to register families [for the social rent program]. It isn\u2019t simple, they have to go from house to house, you have to have all the necessary documentation, for your partner as well. They have to take photos, measure the house. It takes ages. It appears that everything is done extra slowly, because\u00a0it&#8217;s for the poor.&#8221;<\/p>\n<p>As of this article&#8217;s publication, the affected families in Parque Everest have not received their rent assistance. Most are staying in the homes of family and friends. As for Nathan Borges\u2019 home, a souvenir remains: \u201cThere&#8217;s still a watermark on the wall, we have to paint it.\u201d The season of heavy rains has passed, but without public investments to <a href=\"http:\/\/bit.ly\/RiscoFavelas\" target=\"_blank\" rel=\"noopener\">fortify slopes<\/a> and in drainage, regular waste collection, efficient rapid response mechanisms, among other things, the same effects are expected for future years&#8217; rains, just as they occurred in previous years.<\/p>\n","protected":false},"excerpt":{"rendered":"<div class=\"mh-excerpt\"><p>Clique aqui para Portugu\u00eas Monday, February 5 The end-of-summer rains began in Rio, without major structural impacts. Remaining fairly light, they were a cause for celebration as they led to cooler temperatures. Cec\u00edlia Oliveira, a <a class=\"mh-excerpt-more\" href=\"https:\/\/rioonwatch.org\/?p=42718\" title=\"Rains in Rio: The Story That Got Lost Between Carnival and the Military Intervention\">[&#8230;]<\/a><\/p>\n<\/div>","protected":false},"author":51,"featured_media":42736,"comment_status":"closed","ping_status":"closed","sticky":false,"template":"","format":"standard","meta":{"_monsterinsights_skip_tracking":false,"_monsterinsights_sitenote_active":false,"_monsterinsights_sitenote_note":"","_monsterinsights_sitenote_category":0,"footnotes":""},"categories":[1293,2555,1288,336],"tags":[555,1166,231,32,1652,1501,182,205,282,755,499,485,637,2225,2449,632,387,412,37,887,13,420,2179,158,135,156,612,1843,21],"writer":[2247],"translator":[2575],"illustrator":[],"photographer":[],"class_list":{"0":"post-42718","1":"post","2":"type-post","3":"status-publish","4":"format-standard","5":"has-post-thumbnail","7":"category-evictionswatch","8":"category-monitoringcrivella","9":"category-highlight","10":"category-violations","11":"tag-acari","12":"tag-awaiting-public-housing","13":"tag-city-of-god","14":"tag-complexo-do-alemao","15":"tag-favela-da-skol","16":"tag-community-media-favela-em-foco","17":"tag-government-neglect","18":"tag-growth-acceleration-program-pac","19":"tag-housing","20":"tag-infrastructure","21":"tag-jacarezinho","22":"tag-light-electricity","23":"tag-manguinhos","24":"tag-marcelo-crivella","25":"tag-marielle-franco","26":"tag-meu-rio","27":"tag-morro-dos-macacos","28":"tag-muzema","29":"tag-north-zone","30":"tag-precarious-housing","31":"tag-rain","32":"tag-carnival","33":"tag-serrinha","34":"tag-smh","35":"tag-social-rent","36":"tag-south-zone","37":"tag-vila-kennedy","38":"tag-voz-das-comunidades","39":"tag-west-zone","40":"writer-luisa-fenizola","41":"translator-melinda-gurr"},"_links":{"self":[{"href":"https:\/\/rioonwatch.org\/index.php?rest_route=\/wp\/v2\/posts\/42718","targetHints":{"allow":["GET"]}}],"collection":[{"href":"https:\/\/rioonwatch.org\/index.php?rest_route=\/wp\/v2\/posts"}],"about":[{"href":"https:\/\/rioonwatch.org\/index.php?rest_route=\/wp\/v2\/types\/post"}],"author":[{"embeddable":true,"href":"https:\/\/rioonwatch.org\/index.php?rest_route=\/wp\/v2\/users\/51"}],"replies":[{"embeddable":true,"href":"https:\/\/rioonwatch.org\/index.php?rest_route=%2Fwp%2Fv2%2Fcomments&post=42718"}],"version-history":[{"count":0,"href":"https:\/\/rioonwatch.org\/index.php?rest_route=\/wp\/v2\/posts\/42718\/revisions"}],"wp:featuredmedia":[{"embeddable":true,"href":"https:\/\/rioonwatch.org\/index.php?rest_route=\/wp\/v2\/media\/42736"}],"wp:attachment":[{"href":"https:\/\/rioonwatch.org\/index.php?rest_route=%2Fwp%2Fv2%2Fmedia&parent=42718"}],"wp:term":[{"taxonomy":"category","embeddable":true,"href":"https:\/\/rioonwatch.org\/index.php?rest_route=%2Fwp%2Fv2%2Fcategories&post=42718"},{"taxonomy":"post_tag","embeddable":true,"href":"https:\/\/rioonwatch.org\/index.php?rest_route=%2Fwp%2Fv2%2Ftags&post=42718"},{"taxonomy":"writer","embeddable":true,"href":"https:\/\/rioonwatch.org\/index.php?rest_route=%2Fwp%2Fv2%2Fwriter&post=42718"},{"taxonomy":"translator","embeddable":true,"href":"https:\/\/rioonwatch.org\/index.php?rest_route=%2Fwp%2Fv2%2Ftranslator&post=42718"},{"taxonomy":"illustrator","embeddable":true,"href":"https:\/\/rioonwatch.org\/index.php?rest_route=%2Fwp%2Fv2%2Fillustrator&post=42718"},{"taxonomy":"photographer","embeddable":true,"href":"https:\/\/rioonwatch.org\/index.php?rest_route=%2Fwp%2Fv2%2Fphotographer&post=42718"}],"curies":[{"name":"wp","href":"https:\/\/api.w.org\/{rel}","templated":true}]}}