{"id":43101,"date":"2018-05-05T23:09:21","date_gmt":"2018-05-06T02:09:21","guid":{"rendered":"http:\/\/www.rioonwatch.org\/?p=43101"},"modified":"2018-05-08T09:40:49","modified_gmt":"2018-05-08T12:40:49","slug":"favelas-embrace-rios-federal-university-and-insist-on-academia-favela-dialogue-images","status":"publish","type":"post","link":"https:\/\/rioonwatch.org\/?p=43101","title":{"rendered":"Favelas &#8216;Embrace&#8217; Rio&#8217;s Federal University and Insist on Academia + Favela Dialogue [IMAGES]"},"content":{"rendered":"<p style=\"text-align: right;\"><em><a href=\"http:\/\/bit.ly\/2woPDz9\" target=\"_blank\" rel=\"noopener\"><strong>Clique aqui para Por<\/strong><strong>tugu\u00eas<\/strong><strong><img decoding=\"async\" width=\"20\" height=\"20\" class=\"alignright size-full wp-image-23766\" src=\"http:\/\/www.rioonwatch.org\/wp-content\/uploads\/2012\/08\/PT-e1439583827971.png\" \/><\/strong><\/a><\/em><\/p>\n<p>Between April 24 and 28, 2018, the <a href=\"http:\/\/bit.ly\/2hAZgDM\" target=\"_blank\" rel=\"noopener\">Federal University of Rio de Janeiro<\/a>\u00a0(UFRJ) hosted\u00a0<a href=\"http:\/\/bit.ly\/2HFJT9L\" target=\"_blank\" rel=\"noopener\">Abra\u00e7o das Favelas<\/a>\u00a0(Favela Embrace), a week of <a href=\"http:\/\/bit.ly\/1saUJ52\" target=\"_blank\" rel=\"noopener\">cultural<\/a> and <a href=\"http:\/\/bit.ly\/1MjZbLO\" target=\"_blank\" rel=\"noopener\">artistic<\/a> events animated by panel discussions, debates, movie screenings, yoga, theater, dance, and karaoke, among other artistic performances.<\/p>\n<p>This project was coordinated by the collective <a href=\"http:\/\/bit.ly\/2JOzRzs\" target=\"_blank\" rel=\"noopener\">Abra\u00e7o das Favelas<\/a>, which brings together residents from different favelas of Rio de Janeiro who want to (re)think the dialogue between favelas and universities. By bringing together groups of artists from favelas, the organizers made visible the range of\u00a0cultural and artistic activities that thrive in these neighborhoods and articulated new links between these communities and the <a href=\"http:\/\/bit.ly\/2nHjMls\" target=\"_blank\" rel=\"noopener\">academic world<\/a>. The strength of this project also comes from the fact that groups of artists and residents from different favelas (including\u00a0<a href=\"http:\/\/bit.ly\/1rNMXO3\" target=\"_blank\" rel=\"noopener\">Complexo da Mar\u00e9<\/a><em>, <\/em><a href=\"http:\/\/bit.ly\/1sksV07\" target=\"_blank\" rel=\"noopener\">Manguinhos<\/a><em>, <\/em><a href=\"http:\/\/bit.ly\/1nEeBwu\" target=\"_blank\" rel=\"noopener\">Complexo do Alem\u00e3o<\/a>,\u00a0and\u00a0<a href=\"http:\/\/bit.ly\/1jqQCNc\" target=\"_blank\" rel=\"noopener\">Provid\u00eancia<\/a>) came united to deliver their political message and their desire to discuss and be heard.<\/p>\n<p>Photographer Antoine Horenbeek captured scenes from Thursday and Friday&#8217;s activities for <em>RioOnWatch<\/em>:<\/p>\n<p><span class=\"Apple-style-span\" style=\"font-size: 35px; letter-spacing: -1px; line-height: 35px;\">Whose Voices?\u00a0<\/span><\/p>\n<p>Community communicators Naldinho from <a href=\"http:\/\/bit.ly\/2bjEq4R\" target=\"_blank\" rel=\"noopener\">Mar\u00e9 Vive<\/a>\u00a0(Mar\u00e9), Rene Silva from <a href=\"http:\/\/bit.ly\/18u3bEe\" target=\"_blank\" rel=\"noopener\"><em>Voz das Comunidades<\/em><\/a>\u00a0(founded in Alem\u00e3o, now in various favelas), and Carlos from <a href=\"http:\/\/bit.ly\/1qVh2cQ\" target=\"_blank\" rel=\"noopener\"><em>O Cidad\u00e3o<\/em><\/a>\u00a0(Mar\u00e9) talk about the importance of <a href=\"http:\/\/bit.ly\/1T0bJYZ\" target=\"_blank\" rel=\"noopener\">alternative and community media<\/a> in and from favelas and criticize the way traditional <a href=\"http:\/\/bit.ly\/1SGiUYe\" target=\"_blank\" rel=\"noopener\">mainstream media approach favelas<\/a>.<\/p>\n<p><a href=\"http:\/\/www.rioonwatch.org\/wp-content\/uploads\/2018\/05\/Abra\u00e7o-das-favelas_201804_4_photo-by-Antoine-Horenbeek.jpg\"><img fetchpriority=\"high\" decoding=\"async\" class=\"alignnone wp-image-43103 size-full\" src=\"http:\/\/www.rioonwatch.org\/wp-content\/uploads\/2018\/05\/Abra\u00e7o-das-favelas_201804_4_photo-by-Antoine-Horenbeek.jpg\" alt=\"\" width=\"6000\" height=\"4000\" srcset=\"https:\/\/rioonwatch.org\/wp-content\/uploads\/2018\/05\/Abra\u00e7o-das-favelas_201804_4_photo-by-Antoine-Horenbeek.jpg 6000w, https:\/\/rioonwatch.org\/wp-content\/uploads\/2018\/05\/Abra\u00e7o-das-favelas_201804_4_photo-by-Antoine-Horenbeek-300x200.jpg 300w, https:\/\/rioonwatch.org\/wp-content\/uploads\/2018\/05\/Abra\u00e7o-das-favelas_201804_4_photo-by-Antoine-Horenbeek-768x512.jpg 768w, https:\/\/rioonwatch.org\/wp-content\/uploads\/2018\/05\/Abra\u00e7o-das-favelas_201804_4_photo-by-Antoine-Horenbeek-1024x683.jpg 1024w\" sizes=\"(max-width: 6000px) 100vw, 6000px\" \/><\/a><\/p>\n<p><span class=\"Apple-style-span\" style=\"font-size: 35px; letter-spacing: -1px; line-height: 35px;\">Pacification?<\/span><\/p>\n<p>Students and teachers from the\u00a0<a href=\"http:\/\/bit.ly\/1gM49fP\" target=\"_blank\" rel=\"noopener\">Col\u00e9gio Pedro II<\/a>\u00a0(CPII) public school screen a film they produced in 2017,\u00a0<a href=\"http:\/\/bit.ly\/2JQj2Ei\" target=\"_blank\" rel=\"noopener\"><em>Pacifica\u00e7\u00e3o? As UPPs e a viol\u00eancia no RJ<\/em><\/a> (Pacification? The <a href=\"http:\/\/bit.ly\/1lIGSxv\" target=\"_blank\" rel=\"noopener\">Pacifying Police Units<\/a> and Violence in Rio de Janeiro), and then lead a debate on the movie. The participants discuss the impacts of the UPPs on favelas with\u00a0CPII teacher Jo\u00e3o Braga, Provid\u00eancia resident Cosme Felippsen (who participated in the film), and former CPII student\u00a0Mike Ribeiro.<\/p>\n<p><a href=\"http:\/\/www.rioonwatch.org\/wp-content\/uploads\/2018\/05\/Abra\u00e7o-das-favelas_201804_28_photo-by-Antoine-Horenbeek.jpg\"><img decoding=\"async\" class=\"alignnone wp-image-43107 size-full\" src=\"http:\/\/www.rioonwatch.org\/wp-content\/uploads\/2018\/05\/Abra\u00e7o-das-favelas_201804_28_photo-by-Antoine-Horenbeek.jpg\" alt=\"\" width=\"6000\" height=\"4000\" srcset=\"https:\/\/rioonwatch.org\/wp-content\/uploads\/2018\/05\/Abra\u00e7o-das-favelas_201804_28_photo-by-Antoine-Horenbeek.jpg 6000w, https:\/\/rioonwatch.org\/wp-content\/uploads\/2018\/05\/Abra\u00e7o-das-favelas_201804_28_photo-by-Antoine-Horenbeek-300x200.jpg 300w, https:\/\/rioonwatch.org\/wp-content\/uploads\/2018\/05\/Abra\u00e7o-das-favelas_201804_28_photo-by-Antoine-Horenbeek-768x512.jpg 768w, https:\/\/rioonwatch.org\/wp-content\/uploads\/2018\/05\/Abra\u00e7o-das-favelas_201804_28_photo-by-Antoine-Horenbeek-1024x683.jpg 1024w\" sizes=\"(max-width: 6000px) 100vw, 6000px\" \/><\/a><\/p>\n<p><a href=\"http:\/\/www.rioonwatch.org\/wp-content\/uploads\/2018\/05\/Abra\u00e7o-das-favelas_201804_29_photo-by-Antoine-Horenbeek.jpg\"><img loading=\"lazy\" decoding=\"async\" class=\"alignnone wp-image-43108 size-full\" src=\"http:\/\/www.rioonwatch.org\/wp-content\/uploads\/2018\/05\/Abra\u00e7o-das-favelas_201804_29_photo-by-Antoine-Horenbeek.jpg\" alt=\"\" width=\"5347\" height=\"3564\" srcset=\"https:\/\/rioonwatch.org\/wp-content\/uploads\/2018\/05\/Abra\u00e7o-das-favelas_201804_29_photo-by-Antoine-Horenbeek.jpg 5347w, https:\/\/rioonwatch.org\/wp-content\/uploads\/2018\/05\/Abra\u00e7o-das-favelas_201804_29_photo-by-Antoine-Horenbeek-300x200.jpg 300w, https:\/\/rioonwatch.org\/wp-content\/uploads\/2018\/05\/Abra\u00e7o-das-favelas_201804_29_photo-by-Antoine-Horenbeek-768x512.jpg 768w, https:\/\/rioonwatch.org\/wp-content\/uploads\/2018\/05\/Abra\u00e7o-das-favelas_201804_29_photo-by-Antoine-Horenbeek-1024x683.jpg 1024w\" sizes=\"(max-width: 5347px) 100vw, 5347px\" \/><\/a><\/p>\n<p><span class=\"Apple-style-span\" style=\"font-size: 35px; letter-spacing: -1px; line-height: 35px;\">In honor of Marielle\u00a0<\/span><\/p>\n<p>Matheus Fraz\u00e3o, a student of performance arts at the <a href=\"http:\/\/bit.ly\/2JLVtMX\" target=\"_blank\" rel=\"noopener\">Federal University of the State of Rio de Janeiro<\/a> (UNIRIO) and a resident of <a href=\"http:\/\/bit.ly\/1rfz7Sz\" target=\"_blank\" rel=\"noopener\">Timbau<\/a>\u00a0(in Mar\u00e9), performs a <a href=\"http:\/\/bit.ly\/2KBqc0e\" target=\"_blank\" rel=\"noopener\">dance<\/a> titled &#8216;Corpo Presente&#8217; (Present Body). This powerful <a href=\"http:\/\/bit.ly\/2KBqc0e\" target=\"_blank\" rel=\"noopener\">performance<\/a>\u00a0embodies the life and the <a href=\"http:\/\/bit.ly\/2GQs7Ne\" target=\"_blank\" rel=\"noopener\">murder of Marielle Franco<\/a>.<\/p>\n<p><a href=\"http:\/\/www.rioonwatch.org\/wp-content\/uploads\/2018\/05\/Abra\u00e7o-das-favelas_201804_18_photo-by-Antoine-Horenbeek.jpg\"><img loading=\"lazy\" decoding=\"async\" class=\"alignnone wp-image-43105 size-full\" src=\"http:\/\/www.rioonwatch.org\/wp-content\/uploads\/2018\/05\/Abra\u00e7o-das-favelas_201804_18_photo-by-Antoine-Horenbeek.jpg\" alt=\"\" width=\"6000\" height=\"4000\" srcset=\"https:\/\/rioonwatch.org\/wp-content\/uploads\/2018\/05\/Abra\u00e7o-das-favelas_201804_18_photo-by-Antoine-Horenbeek.jpg 6000w, https:\/\/rioonwatch.org\/wp-content\/uploads\/2018\/05\/Abra\u00e7o-das-favelas_201804_18_photo-by-Antoine-Horenbeek-300x200.jpg 300w, https:\/\/rioonwatch.org\/wp-content\/uploads\/2018\/05\/Abra\u00e7o-das-favelas_201804_18_photo-by-Antoine-Horenbeek-768x512.jpg 768w, https:\/\/rioonwatch.org\/wp-content\/uploads\/2018\/05\/Abra\u00e7o-das-favelas_201804_18_photo-by-Antoine-Horenbeek-1024x683.jpg 1024w\" sizes=\"(max-width: 6000px) 100vw, 6000px\" \/><\/a><\/p>\n<p><a href=\"http:\/\/www.rioonwatch.org\/wp-content\/uploads\/2018\/05\/Abra\u00e7o-das-favelas_201804_19_photo-by-Antoine-Horenbeek.jpg\"><img loading=\"lazy\" decoding=\"async\" class=\"alignnone wp-image-43106 size-full\" src=\"http:\/\/www.rioonwatch.org\/wp-content\/uploads\/2018\/05\/Abra\u00e7o-das-favelas_201804_19_photo-by-Antoine-Horenbeek.jpg\" alt=\"\" width=\"6000\" height=\"4000\" srcset=\"https:\/\/rioonwatch.org\/wp-content\/uploads\/2018\/05\/Abra\u00e7o-das-favelas_201804_19_photo-by-Antoine-Horenbeek.jpg 6000w, https:\/\/rioonwatch.org\/wp-content\/uploads\/2018\/05\/Abra\u00e7o-das-favelas_201804_19_photo-by-Antoine-Horenbeek-300x200.jpg 300w, https:\/\/rioonwatch.org\/wp-content\/uploads\/2018\/05\/Abra\u00e7o-das-favelas_201804_19_photo-by-Antoine-Horenbeek-768x512.jpg 768w, https:\/\/rioonwatch.org\/wp-content\/uploads\/2018\/05\/Abra\u00e7o-das-favelas_201804_19_photo-by-Antoine-Horenbeek-1024x683.jpg 1024w\" sizes=\"(max-width: 6000px) 100vw, 6000px\" \/><\/a><\/p>\n<p><span class=\"Apple-style-span\" style=\"font-size: 35px; letter-spacing: -1px; line-height: 35px;\">Dancing into elite spaces\u00a0<\/span><\/p>\n<p>The <a href=\"http:\/\/bit.ly\/2dI8xY8\" target=\"_blank\" rel=\"noopener\">Manguinhos Ballet<\/a>, a troupe of young dancers from Complexo de Manguinhos\u00a0led by <a href=\"http:\/\/bit.ly\/2JDFMZ2\" target=\"_blank\" rel=\"noopener\">Daiana Ferreira dos Santos de Oliveira<\/a>, proudly represents the community and its\u00a0cultural and artistic\u00a0scene.<\/p>\n<p><a href=\"http:\/\/www.rioonwatch.org\/wp-content\/uploads\/2018\/05\/Abra\u00e7o-das-favelas_201804_33_photo-by-Antoine-Horenbeek.jpg\"><img loading=\"lazy\" decoding=\"async\" class=\"alignnone wp-image-43113 size-full\" src=\"http:\/\/www.rioonwatch.org\/wp-content\/uploads\/2018\/05\/Abra\u00e7o-das-favelas_201804_33_photo-by-Antoine-Horenbeek.jpg\" alt=\"\" width=\"6000\" height=\"4000\" srcset=\"https:\/\/rioonwatch.org\/wp-content\/uploads\/2018\/05\/Abra\u00e7o-das-favelas_201804_33_photo-by-Antoine-Horenbeek.jpg 6000w, https:\/\/rioonwatch.org\/wp-content\/uploads\/2018\/05\/Abra\u00e7o-das-favelas_201804_33_photo-by-Antoine-Horenbeek-300x200.jpg 300w, https:\/\/rioonwatch.org\/wp-content\/uploads\/2018\/05\/Abra\u00e7o-das-favelas_201804_33_photo-by-Antoine-Horenbeek-768x512.jpg 768w, https:\/\/rioonwatch.org\/wp-content\/uploads\/2018\/05\/Abra\u00e7o-das-favelas_201804_33_photo-by-Antoine-Horenbeek-1024x683.jpg 1024w\" sizes=\"(max-width: 6000px) 100vw, 6000px\" \/><\/a><\/p>\n<p><a href=\"http:\/\/www.rioonwatch.org\/wp-content\/uploads\/2018\/05\/Abra\u00e7o-das-favelas_201804_38_photo-by-Antoine-Horenbeek.jpg\"><img loading=\"lazy\" decoding=\"async\" class=\"alignnone wp-image-43119 size-full\" src=\"http:\/\/www.rioonwatch.org\/wp-content\/uploads\/2018\/05\/Abra\u00e7o-das-favelas_201804_38_photo-by-Antoine-Horenbeek.jpg\" alt=\"\" width=\"6000\" height=\"4000\" srcset=\"https:\/\/rioonwatch.org\/wp-content\/uploads\/2018\/05\/Abra\u00e7o-das-favelas_201804_38_photo-by-Antoine-Horenbeek.jpg 6000w, https:\/\/rioonwatch.org\/wp-content\/uploads\/2018\/05\/Abra\u00e7o-das-favelas_201804_38_photo-by-Antoine-Horenbeek-300x200.jpg 300w, https:\/\/rioonwatch.org\/wp-content\/uploads\/2018\/05\/Abra\u00e7o-das-favelas_201804_38_photo-by-Antoine-Horenbeek-768x512.jpg 768w, https:\/\/rioonwatch.org\/wp-content\/uploads\/2018\/05\/Abra\u00e7o-das-favelas_201804_38_photo-by-Antoine-Horenbeek-1024x683.jpg 1024w\" sizes=\"(max-width: 6000px) 100vw, 6000px\" \/><\/a><\/p>\n<p><span class=\"Apple-style-span\" style=\"font-size: 35px; letter-spacing: -1px; line-height: 35px;\">Sing it out\u00a0<\/span><\/p>\n<p>Karaok\u00ea das Bixas Pretas, an artistic and political intervention created by Carlos Marra, Felipe Dutra, and Iury de Carvalho Lobo and which is particularly active in Mar\u00e9, leads a humorous performance consisting of participatory karaoke using only songs from black and\/or <a href=\"http:\/\/bit.ly\/1PB75xL\" target=\"_blank\" rel=\"noopener\">LGBT<\/a> artists.<\/p>\n<p><a href=\"http:\/\/www.rioonwatch.org\/wp-content\/uploads\/2018\/05\/Abra\u00e7o-das-favelas_201804_40_photo-by-Antoine-Horenbeek.jpg\"><img loading=\"lazy\" decoding=\"async\" class=\"alignnone wp-image-43111 size-full\" src=\"http:\/\/www.rioonwatch.org\/wp-content\/uploads\/2018\/05\/Abra\u00e7o-das-favelas_201804_40_photo-by-Antoine-Horenbeek.jpg\" alt=\"\" width=\"6000\" height=\"4000\" srcset=\"https:\/\/rioonwatch.org\/wp-content\/uploads\/2018\/05\/Abra\u00e7o-das-favelas_201804_40_photo-by-Antoine-Horenbeek.jpg 6000w, https:\/\/rioonwatch.org\/wp-content\/uploads\/2018\/05\/Abra\u00e7o-das-favelas_201804_40_photo-by-Antoine-Horenbeek-300x200.jpg 300w, https:\/\/rioonwatch.org\/wp-content\/uploads\/2018\/05\/Abra\u00e7o-das-favelas_201804_40_photo-by-Antoine-Horenbeek-768x512.jpg 768w, https:\/\/rioonwatch.org\/wp-content\/uploads\/2018\/05\/Abra\u00e7o-das-favelas_201804_40_photo-by-Antoine-Horenbeek-1024x683.jpg 1024w\" sizes=\"(max-width: 6000px) 100vw, 6000px\" \/><\/a><\/p>\n<p><a href=\"http:\/\/www.rioonwatch.org\/wp-content\/uploads\/2018\/05\/Abra\u00e7o-das-favelas_201804_41_photo-by-Antoine-Horenbeek.jpg\"><img loading=\"lazy\" decoding=\"async\" class=\"alignnone wp-image-43112 size-full\" src=\"http:\/\/www.rioonwatch.org\/wp-content\/uploads\/2018\/05\/Abra\u00e7o-das-favelas_201804_41_photo-by-Antoine-Horenbeek.jpg\" alt=\"\" width=\"6000\" height=\"4000\" srcset=\"https:\/\/rioonwatch.org\/wp-content\/uploads\/2018\/05\/Abra\u00e7o-das-favelas_201804_41_photo-by-Antoine-Horenbeek.jpg 6000w, https:\/\/rioonwatch.org\/wp-content\/uploads\/2018\/05\/Abra\u00e7o-das-favelas_201804_41_photo-by-Antoine-Horenbeek-300x200.jpg 300w, https:\/\/rioonwatch.org\/wp-content\/uploads\/2018\/05\/Abra\u00e7o-das-favelas_201804_41_photo-by-Antoine-Horenbeek-768x512.jpg 768w, https:\/\/rioonwatch.org\/wp-content\/uploads\/2018\/05\/Abra\u00e7o-das-favelas_201804_41_photo-by-Antoine-Horenbeek-1024x683.jpg 1024w\" sizes=\"(max-width: 6000px) 100vw, 6000px\" \/><\/a><\/p>\n<h3>See a slideshow of the Abra\u00e7o das Favelas event below or\u00a0<a href=\"http:\/\/bit.ly\/2jsuECd\" target=\"_blank\" rel=\"noopener\">on Flickr<\/a>:<\/h3>\n<p><a title=\"Abra\u00e7o das Favelas\" href=\"https:\/\/www.flickr.com\/photos\/catcomm\/albums\/72157695745568674\" data-flickr-embed=\"true\"><img loading=\"lazy\" decoding=\"async\" src=\"https:\/\/farm1.staticflickr.com\/830\/40064821180_d27af5bb22_z.jpg\" alt=\"Abra\u00e7o das Favelas\" width=\"620\" height=\"414\" \/><\/a><script async src=\"\/\/embedr.flickr.com\/assets\/client-code.js\" charset=\"utf-8\"><\/script><\/p>\n","protected":false},"excerpt":{"rendered":"<div class=\"mh-excerpt\"><p>Clique aqui para Portugu\u00eas Between April 24 and 28, 2018, the Federal University of Rio de Janeiro\u00a0(UFRJ) hosted\u00a0Abra\u00e7o das Favelas\u00a0(Favela Embrace), a week of cultural and artistic events animated by panel discussions, debates, movie screenings, <a class=\"mh-excerpt-more\" href=\"https:\/\/rioonwatch.org\/?p=43101\" title=\"Favelas &#8216;Embrace&#8217; Rio&#8217;s Federal University and Insist on Academia + Favela Dialogue [IMAGES]\">[&#8230;]<\/a><\/p>\n<\/div>","protected":false},"author":172,"featured_media":43148,"comment_status":"closed","ping_status":"closed","sticky":false,"template":"","format":"standard","meta":{"_monsterinsights_skip_tracking":false,"_monsterinsights_sitenote_active":false,"_monsterinsights_sitenote_note":"","_monsterinsights_sitenote_category":0,"footnotes":""},"categories":[1288,1333,1268,1332,1329],"tags":[882,24,396,2289,1653,280,32,1693,504,320,2622,221,1399,637,2160,2449,15,572,144,2323,398,1843],"writer":[2710],"translator":[],"illustrator":[],"photographer":[],"class_list":{"0":"post-43101","1":"post","2":"type-post","3":"status-publish","4":"format-standard","5":"has-post-thumbnail","7":"category-highlight","8":"category-event-reports","9":"category-favelaculture","10":"category-photo-essays","11":"category-by-international-observers","12":"tag-academia-x-civil-society","13":"tag-alternative-media","14":"tag-art","15":"tag-ballet","16":"tag-community-media","17":"tag-complexo-da-mare","18":"tag-complexo-do-alemao","19":"tag-conference","20":"tag-culture","21":"tag-dance","22":"tag-event","23":"tag-favela-culture","24":"tag-jornal-o-cidadao","25":"tag-manguinhos","26":"tag-mare-vive","27":"tag-marielle-franco","28":"tag-pacifying-police-unit","29":"tag-photography","30":"tag-morro-da-providencia","31":"tag-ufrj","32":"tag-university","33":"tag-voz-das-comunidades","34":"writer-antoine-horenbeek"},"_links":{"self":[{"href":"https:\/\/rioonwatch.org\/index.php?rest_route=\/wp\/v2\/posts\/43101","targetHints":{"allow":["GET"]}}],"collection":[{"href":"https:\/\/rioonwatch.org\/index.php?rest_route=\/wp\/v2\/posts"}],"about":[{"href":"https:\/\/rioonwatch.org\/index.php?rest_route=\/wp\/v2\/types\/post"}],"author":[{"embeddable":true,"href":"https:\/\/rioonwatch.org\/index.php?rest_route=\/wp\/v2\/users\/172"}],"replies":[{"embeddable":true,"href":"https:\/\/rioonwatch.org\/index.php?rest_route=%2Fwp%2Fv2%2Fcomments&post=43101"}],"version-history":[{"count":0,"href":"https:\/\/rioonwatch.org\/index.php?rest_route=\/wp\/v2\/posts\/43101\/revisions"}],"wp:featuredmedia":[{"embeddable":true,"href":"https:\/\/rioonwatch.org\/index.php?rest_route=\/wp\/v2\/media\/43148"}],"wp:attachment":[{"href":"https:\/\/rioonwatch.org\/index.php?rest_route=%2Fwp%2Fv2%2Fmedia&parent=43101"}],"wp:term":[{"taxonomy":"category","embeddable":true,"href":"https:\/\/rioonwatch.org\/index.php?rest_route=%2Fwp%2Fv2%2Fcategories&post=43101"},{"taxonomy":"post_tag","embeddable":true,"href":"https:\/\/rioonwatch.org\/index.php?rest_route=%2Fwp%2Fv2%2Ftags&post=43101"},{"taxonomy":"writer","embeddable":true,"href":"https:\/\/rioonwatch.org\/index.php?rest_route=%2Fwp%2Fv2%2Fwriter&post=43101"},{"taxonomy":"translator","embeddable":true,"href":"https:\/\/rioonwatch.org\/index.php?rest_route=%2Fwp%2Fv2%2Ftranslator&post=43101"},{"taxonomy":"illustrator","embeddable":true,"href":"https:\/\/rioonwatch.org\/index.php?rest_route=%2Fwp%2Fv2%2Fillustrator&post=43101"},{"taxonomy":"photographer","embeddable":true,"href":"https:\/\/rioonwatch.org\/index.php?rest_route=%2Fwp%2Fv2%2Fphotographer&post=43101"}],"curies":[{"name":"wp","href":"https:\/\/api.w.org\/{rel}","templated":true}]}}