{"id":4313,"date":"2012-07-12T12:30:57","date_gmt":"2012-07-12T15:30:57","guid":{"rendered":"http:\/\/rioonwatch.org\/?p=4313"},"modified":"2025-03-20T16:17:30","modified_gmt":"2025-03-20T19:17:30","slug":"housing-employment-and-mobility-my-house-my-life-housing-placement-in-rio","status":"publish","type":"post","link":"https:\/\/rioonwatch.org\/?p=4313","title":{"rendered":"Housing, Employment and Mobility: &#8216;My House, My Life&#8217; Housing Placement in Rio"},"content":{"rendered":"<p style=\"text-align: right;\"><a href=\"http:\/\/bit.ly\/NfECRf\" target=\"_blank\" rel=\"noopener\"><strong><em>Clique aqui para Portugu\u00eas<img decoding=\"async\" width=\"20\" height=\"20\" class=\"alignright size-full wp-image-23766\" src=\"http:\/\/www.rioonwatch.org\/wp-content\/uploads\/2012\/08\/PT-e1439583827971.png\" alt=\"\" \/><\/em><\/strong><\/a><\/p>\n<p><em>For the original article by Ant\u00f4nio Augusto Ver\u00edssimo\u00a0in Portuguese published by Raquel Rolnik&#8217;s blog<\/em><em>\u00a0click<\/em> <a href=\"http:\/\/bit.ly\/NfECRf\" target=\"_blank\" rel=\"noopener\"><em>here<\/em><\/a><em>.<\/em><\/p>\n<blockquote><p><em>I share here an excerpt from an article written by the urban architect Ant\u00f4nio Augusto Ver\u00edssimo on the production of housing for the program \u2018Minha Casa, Minha Vida\u2019 (My House, My Life) in Rio de Janeiro, focusing on the issue of housing location. To read the full article, click <a href=\"http:\/\/bit.ly\/MlVlPY\">here<\/a>. &#8212; Raquel Rolnik, Special Rapporteur to the UN on Adequate Housing<\/em><\/p><\/blockquote>\n<p><strong>Housing, Employment and Mobility: The debate on the location of Social Interest Housing in the city of Rio de Janeiro<\/strong><\/p>\n<p><img decoding=\"async\" class=\"alignright size-full wp-image-4317\" title=\"Conjunto Senador Camara\" src=\"http:\/\/www.rioonwatch.org\/wp-content\/uploads\/2012\/07\/Conjunto-Senador-Camara.jpeg\" alt=\"\" width=\"200\" height=\"134\" \/>By Ant\u00f4nio Augusto Ver\u00edssimo, <em>Urban Architect, Director of Coordination and Planning for Municipal Housing Secretariat (SMH) projects in the City of Rio de Janeiro.<\/em><\/p>\n<p>This article was written in early 2010 as a reaction to the movement of certain business sectors that demanded, together with the municipal executive and legislative branches, changes in legislation. Their goal was to integrate into the urban zones certain areas that were prohibited due to poor infrastructure, or because they were used for agricultural activities in the Administrative Region of Santa Cruz.<\/p>\n<p>To defend their interests, these sectors argued for the use of these areas to build housing projects, funded by (the federal government housing program) &#8216;Minha Casa, Minha Vida,&#8217; homes they argued would help satisfy the existing housing deficit while meeting additional demand created by workers attracted to the new industrial sector in Santa Cruz.<\/p>\n<p>The data collected and analyzed in this study aimed to demonstrate that: (i) there was already an extreme imbalance in the distribution of employment opportunities and housing in the city, with a subsequent profound and detrimental impact on the mobility of the population; (ii) that Planning Area (AP) 5, the region west of Rio where the Santa Cruz neighbourhood is situated, was already a &#8220;regi\u00e3o dormit\u00f3rio&#8221; (residential region of the city devoid of work opportunity) given that this zone was a main supplier of manpower to other areas of the city; to encourage the production of social housing in this region would only deepen the city&#8217;s socio-spatial segregation and lead to the formation of more ghettos of poverty; (iii) the main challenge was finding a way to create housing opportunities for workers in the areas where there are opportunities for them to work; this would require producing incentives for the production of housing units primarily in the city center (AP 1), as well as the north and suburban neighborhoods (AP3) of Rio.<\/p>\n<p>One must acknowledge, however, that during this interval the city government realized this trend of concentration and went on to establish tighter restrictions on public housing location, as well as identifying better located properties and directly acquiring them in order to stimulate production (in these locations).<\/p>\n<p>&nbsp;<\/p>\n<p><img fetchpriority=\"high\" decoding=\"async\" class=\"aligncenter size-full wp-image-4325\" title=\"MCMV Santa Cruz\" src=\"http:\/\/www.rioonwatch.org\/wp-content\/uploads\/2012\/07\/MCMV-Santa-Cruz.jpg\" alt=\"\" width=\"300\" height=\"211\" \/><\/p>\n","protected":false},"excerpt":{"rendered":"<div class=\"mh-excerpt\"><p>Clique aqui para Portugu\u00eas For the original article by Ant\u00f4nio Augusto Ver\u00edssimo\u00a0in Portuguese published by Raquel Rolnik&#8217;s blog\u00a0click here. I share here an excerpt from an article written by the urban architect Ant\u00f4nio Augusto Ver\u00edssimo <a class=\"mh-excerpt-more\" href=\"https:\/\/rioonwatch.org\/?p=4313\" title=\"Housing, Employment and Mobility: &#8216;My House, My Life&#8217; Housing Placement in Rio\">[&#8230;]<\/a><\/p>\n<\/div>","protected":false},"author":5,"featured_media":4325,"comment_status":"open","ping_status":"closed","sticky":false,"template":"","format":"standard","meta":{"_monsterinsights_skip_tracking":false,"_monsterinsights_sitenote_active":false,"_monsterinsights_sitenote_note":"","_monsterinsights_sitenote_category":0,"footnotes":""},"categories":[1293,1736,335,1330,336],"tags":[549,548,546,428,545,157,821,210,383,21],"writer":[544],"translator":[143],"illustrator":[],"photographer":[],"class_list":{"0":"post-4313","1":"post","2":"type-post","3":"status-publish","4":"format-standard","5":"has-post-thumbnail","7":"category-evictionswatch","8":"category-1736","9":"category-policies","10":"category-translation","11":"category-violations","12":"tag-regiao-dormitorio","13":"tag-ap3","14":"tag-ap5","15":"tag-employment","16":"tag-mobility","17":"tag-minha-casa-minha-vida","18":"tag-poor-quality-replacement-housing","19":"tag-public-housing","20":"tag-santa-cruz","21":"tag-west-zone","22":"writer-antonio-augusto-verissimo","23":"translator-sarah-de-rose"},"_links":{"self":[{"href":"https:\/\/rioonwatch.org\/index.php?rest_route=\/wp\/v2\/posts\/4313","targetHints":{"allow":["GET"]}}],"collection":[{"href":"https:\/\/rioonwatch.org\/index.php?rest_route=\/wp\/v2\/posts"}],"about":[{"href":"https:\/\/rioonwatch.org\/index.php?rest_route=\/wp\/v2\/types\/post"}],"author":[{"embeddable":true,"href":"https:\/\/rioonwatch.org\/index.php?rest_route=\/wp\/v2\/users\/5"}],"replies":[{"embeddable":true,"href":"https:\/\/rioonwatch.org\/index.php?rest_route=%2Fwp%2Fv2%2Fcomments&post=4313"}],"version-history":[{"count":1,"href":"https:\/\/rioonwatch.org\/index.php?rest_route=\/wp\/v2\/posts\/4313\/revisions"}],"predecessor-version":[{"id":80635,"href":"https:\/\/rioonwatch.org\/index.php?rest_route=\/wp\/v2\/posts\/4313\/revisions\/80635"}],"wp:featuredmedia":[{"embeddable":true,"href":"https:\/\/rioonwatch.org\/index.php?rest_route=\/wp\/v2\/media\/4325"}],"wp:attachment":[{"href":"https:\/\/rioonwatch.org\/index.php?rest_route=%2Fwp%2Fv2%2Fmedia&parent=4313"}],"wp:term":[{"taxonomy":"category","embeddable":true,"href":"https:\/\/rioonwatch.org\/index.php?rest_route=%2Fwp%2Fv2%2Fcategories&post=4313"},{"taxonomy":"post_tag","embeddable":true,"href":"https:\/\/rioonwatch.org\/index.php?rest_route=%2Fwp%2Fv2%2Ftags&post=4313"},{"taxonomy":"writer","embeddable":true,"href":"https:\/\/rioonwatch.org\/index.php?rest_route=%2Fwp%2Fv2%2Fwriter&post=4313"},{"taxonomy":"translator","embeddable":true,"href":"https:\/\/rioonwatch.org\/index.php?rest_route=%2Fwp%2Fv2%2Ftranslator&post=4313"},{"taxonomy":"illustrator","embeddable":true,"href":"https:\/\/rioonwatch.org\/index.php?rest_route=%2Fwp%2Fv2%2Fillustrator&post=4313"},{"taxonomy":"photographer","embeddable":true,"href":"https:\/\/rioonwatch.org\/index.php?rest_route=%2Fwp%2Fv2%2Fphotographer&post=4313"}],"curies":[{"name":"wp","href":"https:\/\/api.w.org\/{rel}","templated":true}]}}