{"id":43310,"date":"2018-05-10T10:56:28","date_gmt":"2018-05-10T13:56:28","guid":{"rendered":"http:\/\/www.rioonwatch.org\/?p=43310"},"modified":"2018-05-11T08:52:11","modified_gmt":"2018-05-11T11:52:11","slug":"when-the-favela-occupies-the-university-abraco-das-favelas-at-ufrj","status":"publish","type":"post","link":"https:\/\/rioonwatch.org\/?p=43310","title":{"rendered":"When the Favela Occupies the University: Abra\u00e7o das Favelas at UFRJ"},"content":{"rendered":"<p style=\"text-align: right;\"><em><a href=\"http:\/\/bit.ly\/2JSkTIL\" target=\"_blank\" rel=\"noopener\"><strong>Clique aqui para Por<\/strong><strong>tugu\u00eas<\/strong><strong><img decoding=\"async\" width=\"20\" height=\"20\" class=\"alignright size-full wp-image-23766\" src=\"http:\/\/www.rioonwatch.org\/wp-content\/uploads\/2012\/08\/PT-e1439583827971.png\" \/><\/strong><\/a><\/em><\/p>\n<p>From April 24 to 28, the <a href=\"http:\/\/bit.ly\/2HFJT9L\" target=\"_blank\" rel=\"noopener\">Abra\u00e7o das Favelas<\/a> event <a href=\"http:\/\/bit.ly\/2jzwKk3\" target=\"_blank\" rel=\"noopener\">brought artistic interventions and debates<\/a>\u00a0to the Federal University of Rio de Janeiro (UFRJ), an occasion organized by both student and non-student favela residents. The cultural project aimed to occupy the public university, <a href=\"http:\/\/bit.ly\/2lSLzOx\" target=\"_blank\" rel=\"noopener\">still inaccessible to a large portion<\/a> of youth from Rio de Janeiro&#8217;s peripheral areas, in order to give visibility to themes related to favelas.<\/p>\n<p>The event featured a diverse range of artistic performances from favela residents and local <a href=\"http:\/\/bit.ly\/VsQjMj\" target=\"_blank\" rel=\"noopener\">cultural projects<\/a> such as the <a href=\"http:\/\/bit.ly\/1OwtMJx\" target=\"_blank\" rel=\"noopener\">Orquestra Mar\u00e9 do Amanh\u00e3<\/a>\u00a0orchestra, <a href=\"http:\/\/bit.ly\/2vZOgH2\" target=\"_blank\" rel=\"noopener\">Projeto DanceGrafia<\/a>\u00a0dance troupe,\u00a0<a href=\"http:\/\/bit.ly\/2dI8xY8\" target=\"_blank\" rel=\"noopener\">Manguinhos Ballet<\/a>, <a href=\"http:\/\/bit.ly\/2KqCBEg\" target=\"_blank\" rel=\"noopener\">Dance in Rio<\/a>, <a href=\"http:\/\/bit.ly\/2JGkYiI\" target=\"_blank\" rel=\"noopener\">Cia. bUsina Teatral<\/a>\u00a0theatre group, among other dance and art presentations. These performances showed the transformative power of art and the importance of its political character in considering social issues. In addition, it was an opportunity to address existing debates around the <a href=\"http:\/\/bit.ly\/2HISO6d\" target=\"_blank\" rel=\"noopener\">chaotic situation in which Rio de Janeiro currently finds itself<\/a>, extending the social function of learning at the university.<\/p>\n<p>One of the event&#8217;s special moments was the \u2018Corpo Presente&#8217; (Present Body) performance by Matheus Fraz\u00e3o, a performance arts student at the\u00a0<a href=\"http:\/\/bit.ly\/2JLVtMX\" target=\"_blank\" rel=\"noopener\">Federal University of the State of Rio de Janeiro<\/a>\u00a0(UNIRIO) and a resident of <a href=\"http:\/\/bit.ly\/1rfz7Sz\" target=\"_blank\" rel=\"noopener\">Timbau<\/a>, in <a href=\"http:\/\/bit.ly\/1rNMXO3\" target=\"_blank\" rel=\"noopener\">Complexo da Mar\u00e9<\/a>. In the courtyard of UFRJ&#8217;s Faculty of Letters on the afternoon of Thursday April 26, his performance symbolized the life and murder of City Councillor <a href=\"http:\/\/bit.ly\/2IsqO7s\" target=\"_blank\" rel=\"noopener\">Marielle Franco<\/a>. He began the performance lying on the floor, covered by a black bag with a candle to his side, representing <a href=\"http:\/\/bit.ly\/29tM7HQ\" target=\"_blank\" rel=\"noopener\">a dead black body<\/a>. As he lay there stretched out on the floor, a recording played a mixture of mainstream media outlets reporting on violence interspersed with sounds representing the silencing of favela voices. At one point, the sound transformed into African-inspired music mixing feelings of sadness and strength which, alongside his choreography and cries of &#8220;Marielle,&#8221; alluded to how mourning transforms into struggle.<\/p>\n<p><a href=\"http:\/\/www.rioonwatch.org\/wp-content\/uploads\/2018\/05\/Abrac\u0327o-das-favelas_201804_8_photo-by-Antoine-Horenbeek.jpg\"><img fetchpriority=\"high\" decoding=\"async\" class=\"aligncenter wp-image-43315 size-content\" title=\"Matheus Franz\u00e3o's 'Corpo Presente' performance honoring Marielle Franco. Photo by Antoine Horenbeek.\" src=\"http:\/\/www.rioonwatch.org\/wp-content\/uploads\/2018\/05\/Abrac\u0327o-das-favelas_201804_8_photo-by-Antoine-Horenbeek-620x264.jpg\" alt=\"\" width=\"620\" height=\"264\" srcset=\"https:\/\/rioonwatch.org\/wp-content\/uploads\/2018\/05\/Abrac\u0327o-das-favelas_201804_8_photo-by-Antoine-Horenbeek-620x264.jpg 620w, https:\/\/rioonwatch.org\/wp-content\/uploads\/2018\/05\/Abrac\u0327o-das-favelas_201804_8_photo-by-Antoine-Horenbeek-940x400.jpg 940w\" sizes=\"(max-width: 620px) 100vw, 620px\" \/><\/a><\/p>\n<p>On his performance, Fraz\u00e3o explained: \u201cHow can I let my voice out, how can I show my indignation and at the same time say that <a href=\"http:\/\/bit.ly\/2GQs7Ne\" target=\"_blank\" rel=\"noopener\">when we are in mourning, we are fighting<\/a>?\u2026 I work with this symbolism of fire, with this dead body, drawing on news content. And always with the [chaotic] noise between the two because this <a href=\"http:\/\/bit.ly\/2GABtvz\" target=\"_blank\" rel=\"noopener\">represents our silencing<\/a>. We are always silenced and we know the mass media does not represent us. There is much more alienation than supplying factual information.&#8221;<\/p>\n<p>Although his performance was impactful, Fraz\u00e3o felt a distance between the university audience and himself as the artist, in contrast to when he performed for residents of Mar\u00e9.<\/p>\n<p>&#8220;When I performed this for the first time I was performing in Mar\u00e9. There was a greater closeness and even a question of energy\u2026 What group is this that&#8217;s watching? Is it a group that&#8217;s vibing, that believes the same things? I don\u2019t know, I just felt some disconnect here. The interaction is totally different. I think this represents the <a href=\"http:\/\/bit.ly\/2nHjMls\" target=\"_blank\" rel=\"noopener\">university-favela relationship<\/a>, right, a gap. We know only too well that we have a really remote chance of getting into college,\u201d Fraz\u00e3o reflected.<\/p>\n<p>Among the discussions organized at the event, topics ranged from the <a href=\"http:\/\/bit.ly\/2oJrDjd\" target=\"_blank\" rel=\"noopener\">federal military intervention<\/a>, <a href=\"http:\/\/bit.ly\/1lIGSxv\" target=\"_blank\" rel=\"noopener\">Pacifying Police Units<\/a> (UPPs), the trajectory of black women&#8217;s resistance, and alternative media. On Thursday, April 26, students and professors from the\u00a0Col\u00e9gio Pedro II\u00a0(CPII) public school\u2014a group that included some favela residents\u2014presented the documentary\u00a0<a href=\"http:\/\/bit.ly\/2JQj2Ei\" target=\"_blank\" rel=\"noopener\"><em>Pacifica\u00e7\u00e3o? As UPPs e a viol\u00eancia no RJ<\/em><\/a>\u00a0(Pacification? The\u00a0<a href=\"http:\/\/bit.ly\/1lIGSxv\" target=\"_blank\" rel=\"noopener\">UPPs<\/a>\u00a0and Violence in Rio de Janeiro), which was produced as part of the CPII\u2019s <a href=\"http:\/\/bit.ly\/2JGR6CR\" target=\"_blank\" rel=\"noopener\">Critical Cinema project<\/a>. The discussion panel featured CPII teacher Jo\u00e3o Braga, the <a href=\"http:\/\/bit.ly\/1jqQCNc\" target=\"_blank\" rel=\"noopener\">Provid\u00eancia<\/a>\u00a0favela resident who participated in the film, <a href=\"http:\/\/bit.ly\/2l07NfM\" target=\"_blank\" rel=\"noopener\">Cosme Filippsen<\/a>, and former CPII student Mike Ribeiro. The film, which featured interviews with favela residents, politicians, academics, and <a href=\"http:\/\/bit.ly\/ZdoIRD\" target=\"_blank\" rel=\"noopener\">public security<\/a> officials conducted between 2014 and 2017, unites stories and data to create a broad and clear panorama of the impact of the UPPs on favelas and on public security in Rio de Janeiro.<\/p>\n<p><a href=\"http:\/\/www.rioonwatch.org\/wp-content\/uploads\/2018\/05\/Abrac\u0327o-das-favelas_201804_28_photo-by-Antoine-Horenbeek.jpg\"><img decoding=\"async\" class=\"aligncenter wp-image-43314 size-content\" title=\"Col\u00e9gio Pedro II panel discusses the 'Pacifica\u00e7\u00e3o?' film. Photo by Antoine Horenbeek.\" src=\"http:\/\/www.rioonwatch.org\/wp-content\/uploads\/2018\/05\/Abrac\u0327o-das-favelas_201804_28_photo-by-Antoine-Horenbeek-620x264.jpg\" alt=\"\" width=\"620\" height=\"264\" srcset=\"https:\/\/rioonwatch.org\/wp-content\/uploads\/2018\/05\/Abrac\u0327o-das-favelas_201804_28_photo-by-Antoine-Horenbeek-620x264.jpg 620w, https:\/\/rioonwatch.org\/wp-content\/uploads\/2018\/05\/Abrac\u0327o-das-favelas_201804_28_photo-by-Antoine-Horenbeek-940x400.jpg 940w\" sizes=\"(max-width: 620px) 100vw, 620px\" \/><\/a><\/p>\n<p>The \u201c<a href=\"http:\/\/bit.ly\/2cwT0IL\" target=\"_blank\" rel=\"noopener\">What is alternative media<\/a>\u201d discussion also took place on Thursday April 16, and featured community journalists Rene Silva from <a href=\"http:\/\/bit.ly\/18u3bEe\" target=\"_blank\" rel=\"noopener\">Voz das Comunidades<\/a>, Naldinho Louren\u00e7o from <a href=\"http:\/\/bit.ly\/2bjEq4R\" target=\"_blank\" rel=\"noopener\">Mar\u00e9 Vive<\/a>, and Carlos Gon\u00e7alves from <em><a href=\"http:\/\/bit.ly\/1qVh2cQ\" target=\"_blank\" rel=\"noopener\">O Cidad\u00e3o<\/a>.<\/em>\u00a0The panel criticized coverage of favelas <a href=\"http:\/\/bit.ly\/1tKsXCf\" target=\"_blank\" rel=\"noopener\">by mainstream media<\/a>, which rarely feature news from these spaces and when they do are very selective. According to the participants, despite the high number of favelas in the city and the large part of the population that lives in these spaces, the rare news reports on favelas are always linked to the issue of violence and always focus on the same favelas, generating a single discourse.<\/p>\n<p>\u201cThat\u2019s where the role of <a href=\"http:\/\/bit.ly\/1nCyg4U\" target=\"_blank\" rel=\"noopener\">community media<\/a> comes in, to cover and show what\u2019s really going on in these places,\u201d Silva from Vos das Comunidades says, pointing out that mainstream media only seek out community media sources when something to do with public security happens, reinforcing <a href=\"http:\/\/bit.ly\/2bLoScc\" target=\"_blank\" rel=\"noopener\">all the stigmas surrounding favelas<\/a>.<\/p>\n<p>Another aspect of the conventional media approach that came under criticism was the lack of interest in showing <a href=\"http:\/\/bit.ly\/2GSi4ps\" target=\"_blank\" rel=\"noopener\">favelas as sites of potential<\/a>, as places with cultural and social projects and resident engagement. Furthermore, there is a constant appropriation of specific events to validate the <a href=\"http:\/\/bit.ly\/2Fqw2PZ\" target=\"_blank\" rel=\"noopener\">oppressive approach towards favelas<\/a>, specifically in regards to public security, as if it were something positive. The experiences shared by the panelists showed this is a constant fight for favela residents: to debunk the simple discourse that the police occupation of favelas is an effective <a href=\"http:\/\/bit.ly\/2fP7OmR\" target=\"_blank\" rel=\"noopener\">way to combat violence<\/a> and a legitimate public security policy.<\/p>\n<h3>Don&#8217;t miss <a href=\"http:\/\/bit.ly\/2jzwKk3\" target=\"_blank\" rel=\"noopener\">our photo-essay and album of the Abra\u00e7o das Favelas event<\/a>.<\/h3>\n","protected":false},"excerpt":{"rendered":"<div class=\"mh-excerpt\"><p>Clique aqui para Portugu\u00eas From April 24 to 28, the Abra\u00e7o das Favelas event brought artistic interventions and debates\u00a0to the Federal University of Rio de Janeiro (UFRJ), an occasion organized by both student and non-student <a class=\"mh-excerpt-more\" href=\"https:\/\/rioonwatch.org\/?p=43310\" title=\"When the Favela Occupies the University: Abra\u00e7o das Favelas at UFRJ\">[&#8230;]<\/a><\/p>\n<\/div>","protected":false},"author":51,"featured_media":43316,"comment_status":"closed","ping_status":"closed","sticky":false,"template":"","format":"standard","meta":{"_monsterinsights_skip_tracking":false,"_monsterinsights_sitenote_active":false,"_monsterinsights_sitenote_note":"","_monsterinsights_sitenote_category":0,"footnotes":""},"categories":[1294,2689,1288,1333,1268,335],"tags":[1361,882,24,396,1653,280,504,320,842,2622,221,2616,602,23,1366,318,144,301,809,453,2323],"writer":[2571],"translator":[1344],"illustrator":[],"photographer":[],"class_list":{"0":"post-43310","1":"post","2":"type-post","3":"status-publish","4":"format-standard","5":"has-post-thumbnail","7":"category-communitymedia","8":"category-mariellelegacy","9":"category-highlight","10":"category-event-reports","11":"category-favelaculture","12":"category-policies","13":"tag-endfavelastigma","14":"tag-academia-x-civil-society","15":"tag-alternative-media","16":"tag-art","17":"tag-community-media","18":"tag-complexo-da-mare","19":"tag-culture","20":"tag-dance","21":"tag-debate","22":"tag-event","23":"tag-favela-culture","24":"tag-favela-vs-asphalt","25":"tag-film","26":"tag-mass-media","27":"tag-analyzing-media-portrayal-of-favelas","28":"tag-performing-arts","29":"tag-morro-da-providencia","30":"tag-public-policy","31":"tag-public-security","32":"tag-stigma","33":"tag-ufrj","34":"writer-priscilla-mayrink","35":"translator-cara-pears"},"_links":{"self":[{"href":"https:\/\/rioonwatch.org\/index.php?rest_route=\/wp\/v2\/posts\/43310","targetHints":{"allow":["GET"]}}],"collection":[{"href":"https:\/\/rioonwatch.org\/index.php?rest_route=\/wp\/v2\/posts"}],"about":[{"href":"https:\/\/rioonwatch.org\/index.php?rest_route=\/wp\/v2\/types\/post"}],"author":[{"embeddable":true,"href":"https:\/\/rioonwatch.org\/index.php?rest_route=\/wp\/v2\/users\/51"}],"replies":[{"embeddable":true,"href":"https:\/\/rioonwatch.org\/index.php?rest_route=%2Fwp%2Fv2%2Fcomments&post=43310"}],"version-history":[{"count":0,"href":"https:\/\/rioonwatch.org\/index.php?rest_route=\/wp\/v2\/posts\/43310\/revisions"}],"wp:featuredmedia":[{"embeddable":true,"href":"https:\/\/rioonwatch.org\/index.php?rest_route=\/wp\/v2\/media\/43316"}],"wp:attachment":[{"href":"https:\/\/rioonwatch.org\/index.php?rest_route=%2Fwp%2Fv2%2Fmedia&parent=43310"}],"wp:term":[{"taxonomy":"category","embeddable":true,"href":"https:\/\/rioonwatch.org\/index.php?rest_route=%2Fwp%2Fv2%2Fcategories&post=43310"},{"taxonomy":"post_tag","embeddable":true,"href":"https:\/\/rioonwatch.org\/index.php?rest_route=%2Fwp%2Fv2%2Ftags&post=43310"},{"taxonomy":"writer","embeddable":true,"href":"https:\/\/rioonwatch.org\/index.php?rest_route=%2Fwp%2Fv2%2Fwriter&post=43310"},{"taxonomy":"translator","embeddable":true,"href":"https:\/\/rioonwatch.org\/index.php?rest_route=%2Fwp%2Fv2%2Ftranslator&post=43310"},{"taxonomy":"illustrator","embeddable":true,"href":"https:\/\/rioonwatch.org\/index.php?rest_route=%2Fwp%2Fv2%2Fillustrator&post=43310"},{"taxonomy":"photographer","embeddable":true,"href":"https:\/\/rioonwatch.org\/index.php?rest_route=%2Fwp%2Fv2%2Fphotographer&post=43310"}],"curies":[{"name":"wp","href":"https:\/\/api.w.org\/{rel}","templated":true}]}}