{"id":45876,"date":"2018-08-05T09:07:11","date_gmt":"2018-08-05T12:07:11","guid":{"rendered":"http:\/\/www.rioonwatch.org\/?p=45876"},"modified":"2018-09-10T14:00:51","modified_gmt":"2018-09-10T17:00:51","slug":"not-everyone-has-a-price-part-2-introducing-vila-autodromo","status":"publish","type":"post","link":"https:\/\/rioonwatch.org\/?p=45876","title":{"rendered":"Not Everyone Has a Price, Part 2: Introducing Vila Aut\u00f3dromo"},"content":{"rendered":"<p style=\"text-align: right;\"><strong><a href=\"http:\/\/bit.ly\/VilaNo2\" target=\"_blank\" rel=\"noopener\"><em>Clique aqui para Portugu\u00eas<img decoding=\"async\" width=\"20\" height=\"20\" class=\"alignright size-full wp-image-23766\" src=\"http:\/\/www.rioonwatch.org\/wp-content\/uploads\/2012\/08\/PT-e1439583827971.png\" \/><\/em><\/a><\/strong><\/p>\n<p><em>Sunday, August 5 marks the second anniversary of the Rio 2016 Olympic Games. This is the second article in a <a href=\"http:\/\/bit.ly\/Vilaseries\" target=\"_blank\" rel=\"noopener\">six-part series<\/a> that comprises the book chapter entitled \u201cNot Everyone Has a Price: How the Small Favela of Vila Aut\u00f3dromo\u2019s Fight Opened a Path to Olympic Resistance\u201d recounting the story of Vila Aut\u00f3dromo\u2019s struggle. Written by Theresa Williamson, executive director of\u00a0<a href=\"http:\/\/www.catcomm.org\/\" target=\"_blank\" rel=\"noopener\">Catalytic Communities<\/a>,* the chapter is part of the book \u2018<a href=\"http:\/\/brook.gs\/2wFH2oa\" target=\"_blank\" rel=\"noopener\">Rio 2016: Olympic Myths, Hard Realities<\/a>&#8216; edited by economist\u00a0<a href=\"http:\/\/bit.ly\/2kWQoqf\" target=\"_blank\" rel=\"noopener\">Andrew Zimbalist<\/a>. To read our review of \u2018Rio 2016,\u2019 click\u00a0<a href=\"http:\/\/bit.ly\/2FdsgcC\" target=\"_blank\" rel=\"noopener\">here<\/a>. RioOnWatch would like to thank Brookings Press for providing the permission to republish the chapter here in its entirety.<\/em><\/p>\n<p>It is in this complex context (see <a href=\"http:\/\/bit.ly\/2M6U0Cs\" target=\"_blank\" rel=\"noopener\">Part 1<\/a>) that the inspiring and rich story of the small, punch-above-their-weight favela of <a href=\"http:\/\/bit.ly\/VilaAut\" target=\"_blank\" rel=\"noopener\">Vila Aut\u00f3dromo<\/a> unfolds. As with virtually all favelas, the community ties its founding to a subsistence or employment opportunity, in this case one that was generated on the shores of the <a href=\"http:\/\/bit.ly\/2ujU7Rs\" target=\"_blank\" rel=\"noopener\">Jacarepagu\u00e1 Lagoon<\/a>. Settled by fishermen in 1967, fifty years ago, the small favela around eight kilometers southwest of <a href=\"http:\/\/bit.ly\/1wwjhWi\" target=\"_blank\" rel=\"noopener\">City of God<\/a> began just one year after the founding of its (in)famous regional compatriot (City of God is perhaps the prime example of a favela made famous over sensationalized violence with the 2002 film by the same name). But whereas City of God was settled initially as public housing\u2014hours from the employment hubs of the time, filled with military regime evictees globbed together against their will despite originating in different communities\u2014Vila Aut\u00f3dromo was settled by a small group of fishermen choosing the location for their subsistence and to settle,<a href=\"http:\/\/www.rioonwatch.org\/?p=45876#_ftnb1\" name=\"_ftnrefb1\"><sup>1<\/sup><\/a> unconcerned with the lack of development in the region at the time. In fact, the entire region was characterized by what were seen by many as impenetrable wetlands.<\/p>\n<p><a href=\"http:\/\/www.rioonwatch.org\/wp-content\/uploads\/2018\/08\/Historic-Photo-Vila-Auto\u0301dromo.jpg\"><img fetchpriority=\"high\" decoding=\"async\" class=\"alignright wp-image-45881 size-medium\" title=\"Historic photo of Vila Aut\u00f3dromo. Photo: Jacarepagu\u00e1 Cultural Blog\" src=\"http:\/\/www.rioonwatch.org\/wp-content\/uploads\/2018\/08\/Historic-Photo-Vila-Auto\u0301dromo-300x213.jpg\" alt=\"\" width=\"300\" height=\"213\" srcset=\"https:\/\/rioonwatch.org\/wp-content\/uploads\/2018\/08\/Historic-Photo-Vila-Auto\u0301dromo-300x213.jpg 300w, https:\/\/rioonwatch.org\/wp-content\/uploads\/2018\/08\/Historic-Photo-Vila-Auto\u0301dromo.jpg 320w\" sizes=\"(max-width: 300px) 100vw, 300px\" \/><\/a>In 1971, workers came to the area to build the <a href=\"http:\/\/bit.ly\/2AD4tUZ\" target=\"_blank\" rel=\"noopener\">Nelson Piquet International Autodrome<\/a>, Rio de Janeiro\u2019s Formula One racetrack, which would occupy the bulk of the peninsula on which Vila Aut\u00f3dromo was located. This is when the small community took its name, Vila Aut\u00f3dromo, or \u201cRacetrack Village,\u201d as those workers joined the original fishermen in expanding the community\u2019s footprint. Again, the favela expanded around employment, as is typically the case.<\/p>\n<p>Over the subsequent decades Vila Aut\u00f3dromo consolidated itself into a favela of some 700 families, filling all the potential lots available between the lagoon on one side, the racetrack on a second side, and a canal on the third. Original settlers eventually sold what were considerably large favela lots, allowing for some homes, decades later, to occupy 400 square meters of land on the edge of the lagoon or within what became the core area of the favela, nearer the Ambassador Abelardo Bueno Avenue. In some cases, large lots allowed families to grow, from one small home to two or three on the same compound, with several generations of a single family benefitting from their individual homes located on a family compound with trees and space allowing for an active outdoor private family life within the compound. Others grew their houses into quite large individual homes. Some used the outdoor space to plant fruit trees, open mechanic repair shops for Formula One cars, or <a href=\"http:\/\/bit.ly\/1P2J6ZD\" target=\"_blank\" rel=\"noopener\">establish Candombl\u00e9 <em>terreiros<\/em><\/a> for Afro-Brazilian spiritual rituals requiring intense relationships with the land. Still others opened businesses in front of or below their homes, and churches were established, both Catholic and evangelical. Eventually, many also subdivided their plots, so the community also hosted a number of small, more precarious dwellings of those who moved in more recently and were beginning the process of iterative development that characterizes favela consolidation and informal development. Meanwhile, a small subset of fishermen continued living on and off the water throughout the decades.<\/p>\n<p><a href=\"http:\/\/www.rioonwatch.org\/wp-content\/uploads\/2018\/08\/Aerial-View-of-Vila-Auto\u0301dromo.png\"><img decoding=\"async\" class=\"aligncenter wp-image-45882 size-content\" title=\"Aerial View of Vila Aut\u00f3dromo. Photo: http:\/\/comunidadevilaautodromo.blogspot.com\/\" src=\"http:\/\/www.rioonwatch.org\/wp-content\/uploads\/2018\/08\/Aerial-View-of-Vila-Auto\u0301dromo-620x264.png\" alt=\"\" width=\"620\" height=\"264\" srcset=\"https:\/\/rioonwatch.org\/wp-content\/uploads\/2018\/08\/Aerial-View-of-Vila-Auto\u0301dromo-620x264.png 620w, https:\/\/rioonwatch.org\/wp-content\/uploads\/2018\/08\/Aerial-View-of-Vila-Auto\u0301dromo-940x400.png 940w\" sizes=\"(max-width: 620px) 100vw, 620px\" \/><\/a><\/p>\n<p>Some twenty-five years after it was founded, in the early 1990s, Vila Aut\u00f3dromo <a href=\"http:\/\/bit.ly\/2kI0M5R\" target=\"_blank\" rel=\"noopener\">faced its first battle<\/a> against eviction. This was when the up-and-coming neighboring area of Barra da Tijuca began expanding into the wetlands nearby. <a href=\"http:\/\/bit.ly\/1EJxTst\" target=\"_blank\" rel=\"noopener\">Barra da Tijuca<\/a> was a <a href=\"http:\/\/bit.ly\/1SJMiJI\" target=\"_blank\" rel=\"noopener\">response of real estate developers<\/a> to high levels of crime in the wealthy South Zone of the city and redemocratization after the fall of the military regime: the whole region developed since the 1980s as thousands of <a href=\"http:\/\/bit.ly\/2952dpZ\" target=\"_blank\" rel=\"noopener\">gated community condominiums<\/a> that were packaged for exclusivity and exclusion. The pretext for eviction at the time was environmental. Rio would host the UN Earth Summit, the UNCED (United Nations Conference on Environment and Development), in 1992 and the city administration used this as justification for removing the favela, which it said posed a visual and environmental threat to the area.<\/p>\n<p>Residents organized, however, via their highly active Vila Aut\u00f3dromo Residents, Fishermen, and Friends\u2019 Association (Associa\u00e7\u00e3o de Moradores, Pescadores e Amigos da Vila Aut\u00f3dromo, or AMPAVA). The recent adverse possession clause in the federal constitution,<a href=\"http:\/\/www.rioonwatch.org\/?p=45876#_ftn1\" name=\"_ftnref1\"><sup>[a]<\/sup><\/a>\u00a0combined with Rio state\u2019s own 1989 constitution\u2019s similar determination that land must fulfill a social function, were key to the community\u2019s victory. They worked with public defenders and, in the early 1990s, were able to secure two leases from Rio governors. Termed <a href=\"http:\/\/bit.ly\/2kI0M5R\" target=\"_blank\" rel=\"noopener\"><em>Concess\u00e3o de Direito Real de Uso<\/em><\/a>, these \u201creal use concessions\u201d were provided by the state government because the peninsula on which Vila Aut\u00f3dromo sat was state-owned land. The more robust concession, delivered in 1998, provided occupancy rights for ninety-nine years, with the right to renewal for another ninety-nine.<\/p>\n<p><a href=\"http:\/\/www.rioonwatch.org\/wp-content\/uploads\/2018\/08\/Street-in-Vila-Auto\u0301dromo.jpg\"><img loading=\"lazy\" decoding=\"async\" class=\"aligncenter wp-image-45883 size-content\" title=\"A street in Vila Aut\u00f3dromo prior to eviction\" src=\"http:\/\/www.rioonwatch.org\/wp-content\/uploads\/2018\/08\/Street-in-Vila-Auto\u0301dromo-620x264.jpg\" alt=\"\" width=\"620\" height=\"264\" \/><\/a><\/p>\n<p>Vila Aut\u00f3dromo then continued its self-styled development for another two decades, further consolidating itself with each passing year, residents being well employed given the labor opportunities associated with the Barra da Tijuca region\u2019s boom over this period. During this period, the community also fought for public investment in sewerage infrastructure, road paving, and other upgrades. But at no point did the city government invest there, even despite the community\u2019s now-official status. The only investment made by a public\u00a0official was when a political candidate running for office provided resources for a small playground in an attempt to attract votes. The poor-quality equipment was thereafter maintained by residents.<\/p>\n<p>One date stands out in Vila Aut\u00f3dromo\u2019s story like no other. On October 2, 2009, the International Olympic Committee (IOC) voted on which city would win the bid to host the 2016 Summer <a href=\"http:\/\/bit.ly\/1pXMFVa\" target=\"_blank\" rel=\"noopener\">Olympic Games<\/a>. Rio, <a href=\"http:\/\/bit.ly\/2kYyOCh\" target=\"_blank\" rel=\"noopener\">unlike Chicago<\/a>, had suffered no public protest in response to the bid, and along with other <a href=\"http:\/\/bit.ly\/2ewYgev\" target=\"_blank\" rel=\"noopener\">elements of planning and projection that had been \u201cfixed\u201d<\/a> in relation to its three earlier bids, appeared a solid choice. In Rio\u2019s traditional wealthy South Zone, a state-sponsored celebration had been organized on <a href=\"http:\/\/bit.ly\/19lv7zt\" target=\"_blank\" rel=\"noopener\">Copacabana<\/a> beach with 100,000 in attendance. When Rio was declared \u2018winner,\u2019 the crowd erupted in elated joy in a way that only a party city marked by three decades of stagnation and finally getting a glimpse of life postlimbo could experience. The excitement and hope was palpable across the city.<\/p>\n<p><a href=\"http:\/\/www.rioonwatch.org\/wp-content\/uploads\/2018\/08\/Rio-Olympic-Bid-New-York-Times.jpg\"><img loading=\"lazy\" decoding=\"async\" class=\"aligncenter wp-image-45898 size-content\" title=\"People celebrate the selection of Rio de Janeiro as the Olympic Games host city at an event in Copacabana. Photo: New York Times\" src=\"http:\/\/www.rioonwatch.org\/wp-content\/uploads\/2018\/08\/Rio-Olympic-Bid-New-York-Times-600x264.jpg\" alt=\"\" width=\"600\" height=\"264\" \/><\/a><\/p>\n<p>Meanwhile, Vila Aut\u00f3dromo artisan and director of the residents\u2019 association, Jane Nascimento, <a href=\"http:\/\/bit.ly\/1AM7F3t\" target=\"_blank\" rel=\"noopener\">was dozing off later that night in front of her television<\/a>. In a drowsy haze she heard a press conference taking place. Rio de Janeiro Mayor <a href=\"http:\/\/bit.ly\/1nZkXpa\" target=\"_blank\" rel=\"noopener\">Eduardo Paes<\/a>, elected just a year prior, was responding to questions about Rio\u2019s successful bid. In one of his responses, he announced that Vila Aut\u00f3dromo would be \u201cthe only community removed\u201d for the Olympic Games.<a href=\"http:\/\/www.rioonwatch.org\/?p=45876#_ftn2\" name=\"_ftnref2\"><sup>[b]<\/sup><\/a><\/p>\n<p><a href=\"http:\/\/www.rioonwatch.org\/wp-content\/uploads\/2018\/08\/Jane-Nascimento-Interview.jpg\"><img loading=\"lazy\" decoding=\"async\" class=\"aligncenter wp-image-45899 size-content\" title=\"Jane Nascimento being interviewed\" src=\"http:\/\/www.rioonwatch.org\/wp-content\/uploads\/2018\/08\/Jane-Nascimento-Interview-620x264.jpg\" alt=\"\" width=\"620\" height=\"264\" srcset=\"https:\/\/rioonwatch.org\/wp-content\/uploads\/2018\/08\/Jane-Nascimento-Interview-620x264.jpg 620w, https:\/\/rioonwatch.org\/wp-content\/uploads\/2018\/08\/Jane-Nascimento-Interview-940x400.jpg 940w\" sizes=\"(max-width: 620px) 100vw, 620px\" \/><\/a><\/p>\n<p>Nascimento had fought eviction threats before. In addition to the threats of the early 1990s, <a href=\"http:\/\/bit.ly\/2CVHdOj\" target=\"_blank\" rel=\"noopener\">Vila Aut\u00f3dromo had also resisted eviction in the lead-up to the 2007 Pan American Games<\/a> nearby. The mayor\u2019s announcement shook her to her core, and once again, Nascimento, together with Altair Guimar\u00e3es\u2014the popularly elected president of AMPAVA\u2014other directors, and dedicated community members from across the favela, began organizing, starting by reaching out to the state\u2019s public defenders\u2019 office, for legal protection.<\/p>\n<h3><em><a href=\"http:\/\/bit.ly\/2OCFZ0m\" target=\"_blank\" rel=\"noopener\">Click here for Part 3<\/a>.<\/em><\/h3>\n<p><em>This is the second article in a six-part series that comprises the chapter entitled \u201cNot Everyone Has a Price: How the Small Favela of Vila Aut\u00f3dromo\u2019s Fight Opened a Path to Olympic Resistance\u201d recounting the story of Vila Aut\u00f3dromo\u2019s struggle. The chapter is part of the book \u2018<\/em><em><a href=\"http:\/\/bit.ly\/2AqHKG8\" target=\"_blank\" rel=\"noopener\">Rio 2016: Olympic Myths, Hard Realities<\/a><\/em><em>.\u2019\u00a0RioOnWatch would like to thank Brookings Press for providing the permission to republish the chapter here in its entirety.<\/em><\/p>\n<h4>Notes<\/h4>\n<p><a href=\"http:\/\/www.rioonwatch.org\/?p=45876#_ftnref1\" name=\"_ftn1\">[a]<\/a>\u00a0Adverse possession refers to when one occupies an area for a given period without contest and is thus permitted to file to acquire the land. The Brazilian constitution stipulates this at <a href=\"http:\/\/bit.ly\/1OzrB24\" target=\"_blank\" rel=\"noopener\">five years<\/a> in urban areas, for up to 250 square meters. Adverse possession <a href=\"http:\/\/bit.ly\/1Qy2n7N\" target=\"_blank\" rel=\"noopener\">originated in England<\/a> in the 17th century.<\/p>\n<p><a href=\"http:\/\/www.rioonwatch.org\/?p=45876#_ftnref2\" name=\"_ftn2\">[b]<\/a>\u00a0Yet, behind the scenes Paes\u2019s administration had already been <a href=\"http:\/\/bit.ly\/19i8fLo\" target=\"_blank\" rel=\"noopener\">setting the public stage<\/a> for the relaunch of 1960s-era eviction policies, working to remove what he labeled \u201cthe taboo\u201d on favela evictions. On April 12, 2009, just three months into his administration, Rio\u2019s most influential and largest newspaper, <em>O Globo<\/em>, firmly associated with Rio\u2019s right wing since the military regime, published the final of several articles, this one on its front page, <a href=\"https:\/\/glo.bo\/2I3HvWK\" target=\"_blank\" rel=\"noopener\">declaring<\/a>, \u201cSince the 1980s, favela evictions were stigmatized as an authoritarian practice of the past,\u201d thus heralding the return of an evictions policy. Torrential rains on previous days had led to a number of landslides in favelas, which <a href=\"https:\/\/glo.bo\/2v5O5ZU\" target=\"_blank\" rel=\"noopener\">were used as a pretext<\/a> for this campaign.<\/p>\n<h4>Additional Bibliographic References<\/h4>\n<p><a href=\"http:\/\/www.rioonwatch.org\/?p=45876#_ftnrefb1\" name=\"_ftnb1\">[1]<\/a>\u00a0Juliana Barbassa, <a href=\"http:\/\/bit.ly\/29GOtnu\" target=\"_blank\" rel=\"noopener\">Dancing with the Devil in the City of God<\/a> (New York: Touchstone, 2015), p. 220.<\/p>\n<hr \/>\n<h3><em>Complete Series:\u00a0<a href=\"http:\/\/bit.ly\/2LF8RI8\" target=\"_blank\" rel=\"noopener\">Not Everyone Has a Price: The Story of Vila Aut\u00f3dromo\u2019s Olympic Struggle<\/a><\/em><\/h3>\n<p>Part 1:\u00a0<a href=\"http:\/\/bit.ly\/2M6U0Cs\" target=\"_blank\" rel=\"noopener\">(Re)Introducing Favelas<\/a><br \/>\nPart 2:\u00a0<a href=\"http:\/\/bit.ly\/2OsKElm\" target=\"_blank\" rel=\"noopener\">Introducing Vila Aut\u00f3dromo<\/a><br \/>\nPart 3:\u00a0<a href=\"http:\/\/bit.ly\/2OCFZ0m\" target=\"_blank\" rel=\"noopener\">Vila Aut\u00f3dromo\u2019s Rise as a Symbol of Olympic Resistance (2010-2012) [VIDEO]<\/a><br \/>\nPart 4:\u00a0<a href=\"http:\/\/bit.ly\/2wmMcpr\" target=\"_blank\" rel=\"noopener\">Intimidation and the Critical Turning Point (2013-2014) [VIDEO]<\/a><br \/>\nPart 5:\u00a0<a href=\"http:\/\/bit.ly\/2Na7AsG\" target=\"_blank\" rel=\"noopener\">The City Proceeds with Eminent Domain and Violence (2014-2016) [VIDEO]<\/a><br \/>\nPart 6:\u00a0<a href=\"http:\/\/bit.ly\/2NqZhc5\" target=\"_blank\" rel=\"noopener\">Conclusion\u2014Vila Aut\u00f3dromo in the Context of Rio\u2019s Olympic Evictions<\/a><br \/>\nAlso see:\u00a0<a href=\"http:\/\/bit.ly\/1rtuaxu\" target=\"_blank\" rel=\"noopener\">Timeline of Vila Autodromo<\/a><\/p>\n<p>*<em>RioOnWatch<\/em>\u00a0is a project of the NGO Catalytic Communities<\/p>\n","protected":false},"excerpt":{"rendered":"<div class=\"mh-excerpt\"><p>Clique aqui para Portugu\u00eas Sunday, August 5 marks the second anniversary of the Rio 2016 Olympic Games. This is the second article in a six-part series that comprises the book chapter entitled \u201cNot Everyone Has <a class=\"mh-excerpt-more\" href=\"https:\/\/rioonwatch.org\/?p=45876\" title=\"Not Everyone Has a Price, Part 2: Introducing Vila Aut\u00f3dromo\">[&#8230;]<\/a><\/p>\n<\/div>","protected":false},"author":78,"featured_media":45880,"comment_status":"closed","ping_status":"closed","sticky":false,"template":"","format":"standard","meta":{"_monsterinsights_skip_tracking":false,"_monsterinsights_sitenote_active":false,"_monsterinsights_sitenote_note":"","_monsterinsights_sitenote_category":0,"footnotes":""},"categories":[1293,1736,1288,1282,328],"tags":[275,1720,225,852,674,11,188,26,75,1033,936,5,10,270,2634,2789,4,21],"writer":[51],"translator":[],"illustrator":[],"photographer":[],"class_list":{"0":"post-45876","1":"post","2":"type-post","3":"status-publish","4":"format-standard","5":"has-post-thumbnail","7":"category-evictionswatch","8":"category-1736","9":"category-highlight","10":"category-research-analysis","11":"category-understanding-rio","12":"tag-adverse-possession","13":"tag-affordable-housing","14":"tag-barra-da-tijuca","15":"tag-book","16":"tag-memory","17":"tag-forced-evictions","18":"tag-history","19":"tag-housing-rights","20":"tag-lagoa-de-jacarepagua","21":"tag-land-rights","22":"tag-land-titling","23":"tag-olympics","24":"tag-real-estate-speculation","25":"tag-resistance","26":"tag-series","27":"tag-series-vila-autodromo","28":"tag-vila-autodromo","29":"tag-west-zone","30":"writer-theresa-williamson"},"_links":{"self":[{"href":"https:\/\/rioonwatch.org\/index.php?rest_route=\/wp\/v2\/posts\/45876","targetHints":{"allow":["GET"]}}],"collection":[{"href":"https:\/\/rioonwatch.org\/index.php?rest_route=\/wp\/v2\/posts"}],"about":[{"href":"https:\/\/rioonwatch.org\/index.php?rest_route=\/wp\/v2\/types\/post"}],"author":[{"embeddable":true,"href":"https:\/\/rioonwatch.org\/index.php?rest_route=\/wp\/v2\/users\/78"}],"replies":[{"embeddable":true,"href":"https:\/\/rioonwatch.org\/index.php?rest_route=%2Fwp%2Fv2%2Fcomments&post=45876"}],"version-history":[{"count":0,"href":"https:\/\/rioonwatch.org\/index.php?rest_route=\/wp\/v2\/posts\/45876\/revisions"}],"wp:featuredmedia":[{"embeddable":true,"href":"https:\/\/rioonwatch.org\/index.php?rest_route=\/wp\/v2\/media\/45880"}],"wp:attachment":[{"href":"https:\/\/rioonwatch.org\/index.php?rest_route=%2Fwp%2Fv2%2Fmedia&parent=45876"}],"wp:term":[{"taxonomy":"category","embeddable":true,"href":"https:\/\/rioonwatch.org\/index.php?rest_route=%2Fwp%2Fv2%2Fcategories&post=45876"},{"taxonomy":"post_tag","embeddable":true,"href":"https:\/\/rioonwatch.org\/index.php?rest_route=%2Fwp%2Fv2%2Ftags&post=45876"},{"taxonomy":"writer","embeddable":true,"href":"https:\/\/rioonwatch.org\/index.php?rest_route=%2Fwp%2Fv2%2Fwriter&post=45876"},{"taxonomy":"translator","embeddable":true,"href":"https:\/\/rioonwatch.org\/index.php?rest_route=%2Fwp%2Fv2%2Ftranslator&post=45876"},{"taxonomy":"illustrator","embeddable":true,"href":"https:\/\/rioonwatch.org\/index.php?rest_route=%2Fwp%2Fv2%2Fillustrator&post=45876"},{"taxonomy":"photographer","embeddable":true,"href":"https:\/\/rioonwatch.org\/index.php?rest_route=%2Fwp%2Fv2%2Fphotographer&post=45876"}],"curies":[{"name":"wp","href":"https:\/\/api.w.org\/{rel}","templated":true}]}}