{"id":46422,"date":"2018-08-24T07:53:51","date_gmt":"2018-08-24T10:53:51","guid":{"rendered":"http:\/\/www.rioonwatch.org\/?p=46422"},"modified":"2018-09-10T14:02:03","modified_gmt":"2018-09-10T17:02:03","slug":"not-everyone-has-a-price-part-4-intimidation-and-the-critical-turning-point-in-vila-autodromos-struggle-video","status":"publish","type":"post","link":"https:\/\/rioonwatch.org\/?p=46422","title":{"rendered":"Not Everyone Has a Price, Part 4: Intimidation and the Critical Turning Point [VIDEO]"},"content":{"rendered":"<p style=\"text-align: right;\"><a href=\"http:\/\/bit.ly\/VilaNo4\" target=\"_blank\" rel=\"noopener\"><strong><em>Clique aqui para Portugu\u00eas<img decoding=\"async\" width=\"20\" height=\"20\" class=\"alignright size-full wp-image-23766\" src=\"http:\/\/www.rioonwatch.org\/wp-content\/uploads\/2012\/08\/PT-e1439583827971.png\" \/><\/em><\/strong><\/a><\/p>\n<p><em>This is the fourth article in a\u00a0<a href=\"http:\/\/bit.ly\/Vilaseries\" target=\"_blank\" rel=\"noopener\">six-part series<\/a>\u00a0that comprises the book chapter entitled \u201cNot Everyone Has a Price: How the Small Favela of Vila Aut\u00f3dromo\u2019s Fight Opened a Path to Olympic Resistance\u201d recounting the story of Vila Aut\u00f3dromo\u2019s struggle. Written by Theresa Williamson, executive director of\u00a0<a href=\"http:\/\/www.catcomm.org\/\" target=\"_blank\" rel=\"noopener\">Catalytic Communities<\/a>,* the chapter is part of the book \u2018<a href=\"http:\/\/brook.gs\/2wFH2oa\" target=\"_blank\" rel=\"noopener\">Rio 2016: Olympic Myths, Hard Realities<\/a>&#8216;<\/em><em>\u00a0edited by economist\u00a0<a href=\"http:\/\/bit.ly\/2kWQoqf\" target=\"_blank\" rel=\"noopener\">Andrew Zimbalist<\/a>. To read our review of \u2018Rio 2016,\u2019 click\u00a0<a href=\"http:\/\/bit.ly\/2FdsgcC\" target=\"_blank\" rel=\"noopener\">here<\/a>. RioOnWatch would like to thank Brookings Press for providing the permission to republish the chapter here in its entirety.<\/em><\/p>\n<p><span style=\"font-weight: 400;\">By the end of 2012 all of the ingredients were thus in place for what would unfold over the next critical year. <a href=\"http:\/\/bit.ly\/VilaAut\" target=\"_blank\" rel=\"noopener\">Vila Aut\u00f3dromo<\/a>\u2019s resistance was on a very strong footing and continued expanding in early 2013. The compelling <a href=\"http:\/\/bit.ly\/2CY414d\" target=\"_blank\" rel=\"noopener\">Popular Plan<\/a> was being distributed, a strong network of community leaders assembled and organized, a diverse range of partners engaged, the global media beginning to pay attention, and the community\u2019s legal battle firmly unresolved. Legally speaking, the mayor would not be able to remove the community without their consent or a justification for the application of eminent domain. And given the community\u2019s visibility and organizing, a violent forced lightening eviction was increasingly out of the question politically.<\/span><\/p>\n<p><span style=\"font-weight: 400;\">In April 2013 urban planning professor <a href=\"http:\/\/bit.ly\/2ATleGf\" target=\"_blank\" rel=\"noopener\">Lawrence Vale<\/a> at <a href=\"http:\/\/bit.ly\/1jgwx1A\" target=\"_blank\" rel=\"noopener\">MIT<\/a> published the first extensive summary of the Vila Aut\u00f3dromo struggle, comparing it with the Atlanta Olympics, in <em>Places, The Design Observer<\/em>. Entitled \u201c<a href=\"http:\/\/bit.ly\/1GLpbtU\" target=\"_blank\" rel=\"noopener\">The Displacement Decathlon: Olympian Struggles for Affordable Housing from Atlanta to Rio de Janeiro<\/a>,\u201d the article\u2019s publication made clear the international reach and reputation of Vila Aut\u00f3dromo\u2019s resistance. That same month, Vila Aut\u00f3dromo made its compelling case on Australia\u2019s <em>Special Broadcasting Service<\/em> (SBS) via the short documentary \u201c<a href=\"http:\/\/bit.ly\/2nAkpf0\" target=\"_blank\" rel=\"noopener\">Reshaping Rio<\/a>.\u201d<\/span><\/p>\n<p><span style=\"font-weight: 400;\">At this point the mayor of a city in an advanced democracy might have stopped and negotiated collectively or recognized the political damage that insisting on the eviction of a small, well-supported community like this would cause and might have changed course. But in Rio, Mayor <a href=\"http:\/\/bit.ly\/1nZkXpa\" target=\"_blank\" rel=\"noopener\">Eduardo Paes<\/a> instead buckled down in his approach, obviously committed to the behind-the-scenes demands of the real estate moguls who would ultimately benefit from the eviction and who were responsible for building the Olympic park.<\/span><\/p>\n<p><a href=\"http:\/\/www.rioonwatch.org\/wp-content\/uploads\/2018\/08\/City-Authorities-Pressuring-Residents.jpg\"><img fetchpriority=\"high\" decoding=\"async\" class=\"aligncenter wp-image-46429 size-content\" title=\"City authorities pressure residents\" src=\"http:\/\/www.rioonwatch.org\/wp-content\/uploads\/2018\/08\/City-Authorities-Pressuring-Residents-620x264.jpg\" alt=\"\" width=\"620\" height=\"264\" srcset=\"https:\/\/rioonwatch.org\/wp-content\/uploads\/2018\/08\/City-Authorities-Pressuring-Residents-620x264.jpg 620w, https:\/\/rioonwatch.org\/wp-content\/uploads\/2018\/08\/City-Authorities-Pressuring-Residents-940x400.jpg 940w\" sizes=\"(max-width: 620px) 100vw, 620px\" \/><\/a><\/p>\n<p><span style=\"font-weight: 400;\">What had started in late 2011 only intensified in the early months of 2013, when the municipal housing secretariat expanded its door-to-door pressure over the community. Municipal workers <a href=\"http:\/\/bit.ly\/2pFU8Pr\" target=\"_blank\" rel=\"noopener\">used a variety of means to fill out forms<\/a> on which they listed everything from resident names and addresses to how interested they were in relocation and how large their homes were. Some residents <a href=\"http:\/\/bit.ly\/1rbs17C\" target=\"_blank\" rel=\"noopener\">testified that they refused to speak<\/a> to these workers, while others said that <a href=\"http:\/\/bit.ly\/2MZjnGZ\" target=\"_blank\" rel=\"noopener\">relatives provided information without realizing<\/a> what was at stake or that they responded in fear that they would be left out of an eventual forced resettlement.<\/span><\/p>\n<p><span style=\"font-weight: 400;\">The purpose of this extensive and highly questionable surveying process was made clear on July 1, 2013, at <a href=\"http:\/\/bit.ly\/2Dj1mSp\" target=\"_blank\" rel=\"noopener\">OsteRio<\/a>, an exclusive debate series hosted by the <a href=\"http:\/\/bit.ly\/2mD7JX4\" target=\"_blank\" rel=\"noopener\">Institute for the Study of Labor and Society<\/a> (Instituto de Estudos de Trabalho e Sociedade or IETS), a well-respected labor and urban economics think tank in Rio. At the event, to an audience of some sixty executives, journalists, researchers, and NGOs, the mayor announced that 70 percent of Vila Aut\u00f3dromo\u2019s residents wanted to leave. Having had their names added to the survey forms, regardless of their reason for doing so, effectively served as an admission of willingness, or even desire, to relocate, according to the mayor\u2019s claim.<\/span><\/p>\n<p><span style=\"font-weight: 400;\">Vila Aut\u00f3dromo residents followed up by <a href=\"http:\/\/bit.ly\/1Y9FwBw\" target=\"_blank\" rel=\"noopener\">organizing a large protest<\/a> on July 20, 2013. The competing narratives were coming to a head when, in early August, Mayor Eduardo Paes called a meeting with Vila Aut\u00f3dromo\u2019s leaders, municipal secretaries of environment and housing, submayors for <a href=\"http:\/\/bit.ly\/1EJxTst\" target=\"_blank\" rel=\"noopener\">Barra da Tijuca<\/a> and <a href=\"http:\/\/bit.ly\/1jfeZUX\" target=\"_blank\" rel=\"noopener\">Jacarepagu\u00e1<\/a>, a representative of the Municipal Olympic Corporation, and the city\u2019s attorney general.<\/span><\/p>\n<p><a href=\"http:\/\/www.rioonwatch.org\/wp-content\/uploads\/2018\/08\/Protest-in-Front-of-Parque-Carioca.jpg\"><img decoding=\"async\" class=\"aligncenter wp-image-46430 size-content\" title=\"Residents and supporters protest in front of Parque Carioca\" src=\"http:\/\/www.rioonwatch.org\/wp-content\/uploads\/2018\/08\/Protest-in-Front-of-Parque-Carioca-620x264.jpg\" alt=\"\" width=\"620\" height=\"264\" \/><\/a><\/p>\n<p><span style=\"font-weight: 400;\">At the meeting on August 9, 2013, Vila Aut\u00f3dromo was represented by a number of community leaders and residents, public defenders, the <a href=\"http:\/\/bit.ly\/2I7MSUI\" target=\"_blank\" rel=\"noopener\">Catholic Church\u2019s favela outreach group<\/a>, and technical partners from <a href=\"http:\/\/bit.ly\/2hAZgDM\" target=\"_blank\" rel=\"noopener\">UFRJ<\/a> and <a href=\"http:\/\/bit.ly\/2G0zpwq\" target=\"_blank\" rel=\"noopener\">UFF<\/a> who had helped draw up the Popular Plan. Leaders left the meeting <a href=\"http:\/\/bit.ly\/1nGhGgf\" target=\"_blank\" rel=\"noopener\">hopeful, declaring themselves victorious<\/a>, after the mayor had publicly acknowledged mistakes in how the community had been treated and agreed to open a round of collective negotiations to upgrade and \u201cguarantee the community\u2019s permanence,\u201d stating that eventual cases of resettlement would be made only \u201cin the same area, if a resident so desires.\u201d<\/span><\/p>\n<p><span style=\"font-weight: 400;\">Over the next month, into September, a working group composed of residents and their university technical aids worked with the city\u2019s environment secretary, housing secretary, and municipal architects over a series of weekly meetings to agree on the upgrading plan. Vila Aut\u00f3dromo\u2019s working group was clear in its commitment to permit no evictions and used the jointly developed Popular Plan as the basis for negotiation. City officials, however, came to these meetings with an entirely different set of plans, requiring significant removals, which they would not relinquish. They refused to speak of other details without agreeing to some removals. As a result, community organizers did not negotiate further. They knew of the city\u2019s common tactic, <a href=\"http:\/\/bit.ly\/1Y9FwBw\" target=\"_blank\" rel=\"noopener\">using scattered removals to initiate larger evictions<\/a> in other communities. In these cases, the demolition of a handful of homes resulted in a domino effect, with frightened neighbors giving up one by one and entire communities eventually dismantled. From such divergent positions, the meetings were inconsequential, and by mid-September it was clear to community members that the mayor had made his public statements in bad faith, \u201c<a href=\"http:\/\/bit.ly\/1JWMh4H\" target=\"_blank\" rel=\"noopener\">for the English to see<\/a>.\u201d<a href=\"http:\/\/rioonwatch.org\/?p=46422#_ftn1\" name=\"_ftnref1\"><sup>[a]<\/sup><\/a><\/span><\/p>\n<p><span style=\"font-weight: 400;\">Within two weeks of these negotiations, approximately one hundred Vila Aut\u00f3dromo residents received an invitation from the mayor for a closed-door meeting to be held down the road in Rio\u2019s convention center, RioCentro, on October 6, 2013. These one hundred residents were decidedly not those elected by residents to represent the community in the public negotiations. Nor were they among the hundreds of resisters. It was clear that the <a href=\"http:\/\/bit.ly\/1uB1KPU\" target=\"_blank\" rel=\"noopener\">SMH<\/a> workers\u2019 data on those willing to negotiate formed the basis of whom would be invited to the big event. The city had selected only those willing to negotiate, and the mayor would see just them.<\/span><\/p>\n<p><a href=\"http:\/\/www.rioonwatch.org\/wp-content\/uploads\/2018\/08\/Vila-Resident-Barred-from-Meeting.jpg\"><img loading=\"lazy\" decoding=\"async\" class=\"aligncenter wp-image-46431 size-content\" title=\"A resident is barred from the meeting. Photo: Ariel Subira\" src=\"http:\/\/www.rioonwatch.org\/wp-content\/uploads\/2018\/08\/Vila-Resident-Barred-from-Meeting-620x264.jpg\" alt=\"\" width=\"620\" height=\"264\" srcset=\"https:\/\/rioonwatch.org\/wp-content\/uploads\/2018\/08\/Vila-Resident-Barred-from-Meeting-620x264.jpg 620w, https:\/\/rioonwatch.org\/wp-content\/uploads\/2018\/08\/Vila-Resident-Barred-from-Meeting-940x400.jpg 940w\" sizes=\"(max-width: 620px) 100vw, 620px\" \/><\/a><\/p>\n<p><span style=\"font-weight: 400;\">The small rift in the community exposed at Bittar\u2019s event in late 2011 thus ultimately proved catastrophic to the community as a whole two years later. <a href=\"http:\/\/bit.ly\/TWRm74\" target=\"_blank\" rel=\"noopener\">Sunday morning, hundreds of Vila Aut\u00f3dromo residents<\/a> who had not been invited to the meeting were joined by an equal number of journalists and supporters when they stormed Rio-Centro, barging through a fence across a security outpost, traversing a pool, and finally accessing the building, where they were barred entry from the large hall <a href=\"http:\/\/bit.ly\/TWRm74\" target=\"_blank\" rel=\"noopener\">where Paes addressed invited residents for over half an hour<\/a>. Not only were uninvited community residents and their elected leadership barred entry but the <em>BBC<\/em> was too, as were all the alternative and freelance journalists in attendance.<\/span><\/p>\n<p><span style=\"font-weight: 400;\">Meanwhile, inside the mayor had nearly a full hour\u2019s private audience with those one hundred residents. The only media outlet allowed in during this time was <em>O Globo<\/em>, and executives of Olympic park construction companies were also in the room. After several Vila Aut\u00f3dromo residents were injured by private security guards in their attempts to enter, unable to accept the idea that such a closed-door meeting would decide their future, the mayor finally approved entry of community residents, one of the university planners assisting them, and a handful of professional journalists. All other supporters and media were forced to remain just outside the double doors.<\/span><\/p>\n<p><a href=\"http:\/\/www.rioonwatch.org\/wp-content\/uploads\/2018\/08\/Parque-Carioca-Rendering.jpg\"><img loading=\"lazy\" decoding=\"async\" class=\"aligncenter wp-image-46432 size-content\" title=\"Design for Parque Carioca, including a waterslide\" src=\"http:\/\/www.rioonwatch.org\/wp-content\/uploads\/2018\/08\/Parque-Carioca-Rendering-500x264.jpg\" alt=\"\" width=\"500\" height=\"264\" srcset=\"https:\/\/rioonwatch.org\/wp-content\/uploads\/2018\/08\/Parque-Carioca-Rendering.jpg 500w, https:\/\/rioonwatch.org\/wp-content\/uploads\/2018\/08\/Parque-Carioca-Rendering-300x158.jpg 300w\" sizes=\"(max-width: 500px) 100vw, 500px\" \/><\/a><\/p>\n<p><span style=\"font-weight: 400;\">Inside, those who had received invitations to attend were given priority in taking the microphone, and very few others had an opportunity to speak. During his long presentation highlighting plans for rehousing the community in <a href=\"http:\/\/bit.ly\/1DOMPbm\" target=\"_blank\" rel=\"noopener\">Parque Carioca<\/a>, the public housing project advertised with a toboggan waterslide \u201cespecially for Vila Aut\u00f3dromo,\u201d Mayor <a href=\"http:\/\/bit.ly\/2mMIFN0\" target=\"_blank\" rel=\"noopener\">Paes made announcements that broke<\/a> with his previous statements and with standard protocol regarding public housing rules. <a href=\"http:\/\/bit.ly\/2ofccBd\" target=\"_blank\" rel=\"noopener\">He stated<\/a>, for example, that owners of multiple properties in Vila Aut\u00f3dromo would be compensated with several properties, when public housing is supposed to be issued on the basis of need and not speculation. He also stated that residents would be permitted to sell their new public housing units immediately, when normally there would be a ten-year permanency requirement, and that renters in Vila Aut\u00f3dromo would be given apartments in Parque Carioca, when renters normally would not receive any compensation during eviction. Finally, he declared that more valuable homes could opt for \u201cmarket rate\u201d compensation. Those residents that asked for upgrading according to the Popular Plan were told by the mayor that they could <a href=\"http:\/\/bit.ly\/2DTtg3o\" target=\"_blank\" rel=\"noopener\">make their way to the city\u2019s regional office<\/a> to sign up for relocation or compensation.<\/span><\/p>\n<p><span style=\"font-weight: 400;\">By this point it had become clear that the mayor found himself caught between a rock and a hard place. His personal interests and political promises to developers were his sole commitment, yet the legal system was not concluding the case in the city\u2019s favor, and time would eventually run out to meet those commitments. Otherwise, there would be no need to negotiate separately\u2014he could have kept his August promise to relocate only those who wanted it while upgrading the remainder of the community. If his goal was to remove the entire community, something that could be argued to be \u201cconsensual relocation\u201d would be his only viable option, so identifying and convincing those families that had not participated in the broader community resistance and which were living in precarious situations to leave first was his most viable strategy.<\/span><\/p>\n<p><a href=\"http:\/\/www.rioonwatch.org\/wp-content\/uploads\/2018\/08\/Urban-Age-Award.jpg\"><img loading=\"lazy\" decoding=\"async\" class=\"aligncenter wp-image-46433 size-full\" title=\"Residents receive the Deutsche Bank Urban Age Award\" src=\"http:\/\/www.rioonwatch.org\/wp-content\/uploads\/2018\/08\/Urban-Age-Award.jpg\" alt=\"\" width=\"620\" height=\"264\" srcset=\"https:\/\/rioonwatch.org\/wp-content\/uploads\/2018\/08\/Urban-Age-Award.jpg 620w, https:\/\/rioonwatch.org\/wp-content\/uploads\/2018\/08\/Urban-Age-Award-300x128.jpg 300w\" sizes=\"(max-width: 620px) 100vw, 620px\" \/><\/a><\/p>\n<p><span style=\"font-weight: 400;\">So beginning with this meeting, and despite Vila Aut\u00f3dromo\u2019s Popular Plan being chosen from among 170 Rio de Janeiro\u2013based projects as winner of the December 3, 2013, prestigious <a href=\"http:\/\/bit.ly\/RFHRHs\" target=\"_blank\" rel=\"noopener\">Deutsche Bank Urban Age Award<\/a>, the city entered a phase of mixing endless and diverse forms of intimidation with negotiations family by family, detecting what would convince each to move instead of upgrading their neighborhood. <a href=\"http:\/\/bit.ly\/217wryH\" target=\"_blank\" rel=\"noopener\">The administration even went so far as to forge a protest<\/a> <em>in favor<\/em> of relocation, hiring two buses to carry twenty residents to city hall where they \u201cprotested\u201d to be assigned to public housing. That same night, community organizers were hosting a community meeting with nearly 200 residents signing a commitment\u00a0<\/span><span style=\"font-weight: 400;\">to staying.<\/span><\/p>\n<p><span style=\"font-weight: 400;\">And so it happened, one by one, families living in more precarious situations, attracted by the glossy ads, were the first to go, taking apartments in Parque Carioca. Once their homes were demolished, fear began settling in among their neighbors, with one wave after another of residents taking various levels of compensation over the course of 2014, with the largest wave following the Evangelical Church\u2019s settlement offer. The community\u2019s Evangelical Church had received a very large offer to relocate, leading its parishioners to follow suit. Offers began at just one apartment, but shortly after families began receiving two or even multiple apartments. Once no one was willing to take an apartment, the city began offering <a href=\"https:\/\/glo.bo\/2DvziZx\" target=\"_blank\" rel=\"noopener\">financial compensations, which increased<\/a> from tens of thousands of reais to their peak at R$3 million ($1 million), delivered to a colonel who owned a property there. These offers, in the context of a community crumbling under bulldozers, dust, cut services, and other forms of duress, led even some who had declared themselves utterly committed to staying to ultimately leave.<br \/>\n<\/span><\/p>\n<h3><em><a href=\"http:\/\/bit.ly\/2Na7AsG\" target=\"_blank\" rel=\"noopener\">Click here for Part 5<\/a>.<\/em><\/h3>\n<p><em>This is the fourth article in a\u00a0<a href=\"http:\/\/bit.ly\/Vilaseries\" target=\"_blank\" rel=\"noopener\">six-part series<\/a>\u00a0that comprises the chapter entitled \u201cNot Everyone Has a Price: How the Small Favela of Vila Aut\u00f3dromo\u2019s Fight Opened a Path to Olympic Resistance\u201d recounting the story of Vila Aut\u00f3dromo\u2019s struggle. The chapter is part of the book \u2018<\/em><em><a href=\"http:\/\/bit.ly\/2AqHKG8\" target=\"_blank\" rel=\"noopener\">Rio 2016: Olympic Myths, Hard Realities<\/a><\/em><em>.\u2019\u00a0RioOnWatch would like to thank Brookings Press for providing the permission to republish the chapter here in its entirety.<\/em><\/p>\n<h3>Notes<\/h3>\n<p><a href=\"http:\/\/rioonwatch.org\/?p=46422#_ftnref1\" name=\"_ftn1\">[a]<\/a>\u00a0An expression arising in the early nineteenth century in Brazil reflecting the cultural tendency to engage in empty public promises\u2014even law-making\u2014that is not truly intended for implementation but rather to buy time, mask over true motives, or otherwise permit unpopular actions to take place, as was done with the <a href=\"http:\/\/bit.ly\/VilaPart1\" target=\"_blank\" rel=\"noopener\">Canudos soldiers who were promised<\/a> land in Rio.<\/p>\n<h3>Videos Cited Above in Text:<\/h3>\n<p><iframe title=\"Reshaping Rio\" width=\"500\" height=\"281\" src=\"https:\/\/www.youtube.com\/embed\/KEa9rSYQH60?feature=oembed\" frameborder=\"0\" allow=\"accelerometer; autoplay; clipboard-write; encrypted-media; gyroscope; picture-in-picture; web-share\" referrerpolicy=\"strict-origin-when-cross-origin\" allowfullscreen><\/iframe><\/p>\n<p><iframe title=\"Vila Aut\u00f3dromo\/RJ - Cadastro da Prefeitura para o in\u00edcio do projeto de remo\u00e7\u00e3o\" width=\"500\" height=\"281\" src=\"https:\/\/www.youtube.com\/embed\/QxTE2U9IlMs?feature=oembed\" frameborder=\"0\" allow=\"accelerometer; autoplay; clipboard-write; encrypted-media; gyroscope; picture-in-picture; web-share\" referrerpolicy=\"strict-origin-when-cross-origin\" allowfullscreen><\/iframe><\/p>\n<p><iframe title=\"Vila Aut\u00f3dromo Responds to City&#039;s Latest Threat of Eviction\" width=\"500\" height=\"281\" src=\"https:\/\/www.youtube.com\/embed\/6vI6KD41Gsw?feature=oembed\" frameborder=\"0\" allow=\"accelerometer; autoplay; clipboard-write; encrypted-media; gyroscope; picture-in-picture; web-share\" referrerpolicy=\"strict-origin-when-cross-origin\" allowfullscreen><\/iframe><\/p>\n<p><iframe title=\"Depoimento de Osmarina Fernandes, Vila Aut\u00f3dromo\" width=\"500\" height=\"281\" src=\"https:\/\/www.youtube.com\/embed\/JWReNfbiXXI?feature=oembed\" frameborder=\"0\" allow=\"accelerometer; autoplay; clipboard-write; encrypted-media; gyroscope; picture-in-picture; web-share\" referrerpolicy=\"strict-origin-when-cross-origin\" allowfullscreen><\/iframe><\/p>\n<p><iframe title=\"Morador da Vila Aut\u00f3dromo conta porque saiu cedo de reuni\u00e3o com o Prefeito\" width=\"500\" height=\"281\" src=\"https:\/\/www.youtube.com\/embed\/h5OVxTIwMak?feature=oembed\" frameborder=\"0\" allow=\"accelerometer; autoplay; clipboard-write; encrypted-media; gyroscope; picture-in-picture; web-share\" referrerpolicy=\"strict-origin-when-cross-origin\" allowfullscreen><\/iframe><\/p>\n<hr \/>\n<h3><em>Complete Series:\u00a0<a href=\"http:\/\/bit.ly\/2LF8RI8\" target=\"_blank\" rel=\"noopener\">Not Everyone Has a Price: The Story of Vila Aut\u00f3dromo\u2019s Olympic Struggle<\/a><\/em><\/h3>\n<p>Part 1:\u00a0<a href=\"http:\/\/bit.ly\/2M6U0Cs\" target=\"_blank\" rel=\"noopener\">(Re)Introducing Favelas<\/a><br \/>\nPart 2:\u00a0<a href=\"http:\/\/bit.ly\/2OsKElm\" target=\"_blank\" rel=\"noopener\">Introducing Vila Aut\u00f3dromo<\/a><br \/>\nPart 3:\u00a0<a href=\"http:\/\/bit.ly\/2OCFZ0m\" target=\"_blank\" rel=\"noopener\">Vila Aut\u00f3dromo\u2019s Rise as a Symbol of Olympic Resistance (2010-2012) [VIDEO]<\/a><br \/>\nPart 4:\u00a0<a href=\"http:\/\/bit.ly\/2wmMcpr\" target=\"_blank\" rel=\"noopener\">Intimidation and the Critical Turning Point (2013-2014) [VIDEO]<\/a><br \/>\nPart 5:\u00a0<a href=\"http:\/\/bit.ly\/2Na7AsG\" target=\"_blank\" rel=\"noopener\">The City Proceeds with Eminent Domain and Violence (2014-2016) [VIDEO]<\/a><br \/>\nPart 6:\u00a0<a href=\"http:\/\/bit.ly\/2NqZhc5\" target=\"_blank\" rel=\"noopener\">Conclusion\u2014Vila Aut\u00f3dromo in the Context of Rio\u2019s Olympic Evictions<\/a><br \/>\nAlso see:\u00a0<a href=\"http:\/\/bit.ly\/1rtuaxu\" target=\"_blank\" rel=\"noopener\">Timeline of Vila Autodromo<\/a><\/p>\n<p>*<em>RioOnWatch<\/em>\u00a0is a project of the NGO Catalytic Communities<\/p>\n","protected":false},"excerpt":{"rendered":"<div class=\"mh-excerpt\"><p>Clique aqui para Portugu\u00eas This is the fourth article in a\u00a0six-part series\u00a0that comprises the book chapter entitled \u201cNot Everyone Has a Price: How the Small Favela of Vila Aut\u00f3dromo\u2019s Fight Opened a Path to Olympic <a class=\"mh-excerpt-more\" href=\"https:\/\/rioonwatch.org\/?p=46422\" title=\"Not Everyone Has a Price, Part 4: Intimidation and the Critical Turning Point [VIDEO]\">[&#8230;]<\/a><\/p>\n<\/div>","protected":false},"author":78,"featured_media":46428,"comment_status":"closed","ping_status":"closed","sticky":false,"template":"","format":"standard","meta":{"_monsterinsights_skip_tracking":false,"_monsterinsights_sitenote_active":false,"_monsterinsights_sitenote_note":"","_monsterinsights_sitenote_category":0,"footnotes":""},"categories":[1293,2315,1736,1288,1282,336],"tags":[225,272,1496,11,1484,569,5,2545,1866,1402,2634,2789,158,2536,2323,4],"writer":[51],"translator":[],"illustrator":[],"photographer":[],"class_list":{"0":"post-46422","1":"post","2":"type-post","3":"status-publish","4":"format-standard","5":"has-post-thumbnail","7":"category-evictionswatch","8":"category-legacywatch","9":"category-1736","10":"category-highlight","11":"category-research-analysis","12":"category-violations","13":"tag-barra-da-tijuca","14":"tag-mayor-eduardo-paes","15":"tag-eviction-tactics-divide-and-conquer","16":"tag-forced-evictions","17":"tag-intimidation","18":"tag-jacarepagua","19":"tag-olympics","20":"tag-pastoral-das-favelas","21":"tag-peoples-plan","22":"tag-legacy","23":"tag-series","24":"tag-series-vila-autodromo","25":"tag-smh","26":"tag-uff","27":"tag-ufrj","28":"tag-vila-autodromo","29":"writer-theresa-williamson"},"_links":{"self":[{"href":"https:\/\/rioonwatch.org\/index.php?rest_route=\/wp\/v2\/posts\/46422","targetHints":{"allow":["GET"]}}],"collection":[{"href":"https:\/\/rioonwatch.org\/index.php?rest_route=\/wp\/v2\/posts"}],"about":[{"href":"https:\/\/rioonwatch.org\/index.php?rest_route=\/wp\/v2\/types\/post"}],"author":[{"embeddable":true,"href":"https:\/\/rioonwatch.org\/index.php?rest_route=\/wp\/v2\/users\/78"}],"replies":[{"embeddable":true,"href":"https:\/\/rioonwatch.org\/index.php?rest_route=%2Fwp%2Fv2%2Fcomments&post=46422"}],"version-history":[{"count":0,"href":"https:\/\/rioonwatch.org\/index.php?rest_route=\/wp\/v2\/posts\/46422\/revisions"}],"wp:featuredmedia":[{"embeddable":true,"href":"https:\/\/rioonwatch.org\/index.php?rest_route=\/wp\/v2\/media\/46428"}],"wp:attachment":[{"href":"https:\/\/rioonwatch.org\/index.php?rest_route=%2Fwp%2Fv2%2Fmedia&parent=46422"}],"wp:term":[{"taxonomy":"category","embeddable":true,"href":"https:\/\/rioonwatch.org\/index.php?rest_route=%2Fwp%2Fv2%2Fcategories&post=46422"},{"taxonomy":"post_tag","embeddable":true,"href":"https:\/\/rioonwatch.org\/index.php?rest_route=%2Fwp%2Fv2%2Ftags&post=46422"},{"taxonomy":"writer","embeddable":true,"href":"https:\/\/rioonwatch.org\/index.php?rest_route=%2Fwp%2Fv2%2Fwriter&post=46422"},{"taxonomy":"translator","embeddable":true,"href":"https:\/\/rioonwatch.org\/index.php?rest_route=%2Fwp%2Fv2%2Ftranslator&post=46422"},{"taxonomy":"illustrator","embeddable":true,"href":"https:\/\/rioonwatch.org\/index.php?rest_route=%2Fwp%2Fv2%2Fillustrator&post=46422"},{"taxonomy":"photographer","embeddable":true,"href":"https:\/\/rioonwatch.org\/index.php?rest_route=%2Fwp%2Fv2%2Fphotographer&post=46422"}],"curies":[{"name":"wp","href":"https:\/\/api.w.org\/{rel}","templated":true}]}}