{"id":46589,"date":"2018-09-03T08:55:18","date_gmt":"2018-09-03T11:55:18","guid":{"rendered":"http:\/\/www.rioonwatch.org\/?p=46589"},"modified":"2018-09-10T14:02:39","modified_gmt":"2018-09-10T17:02:39","slug":"not-everyone-has-a-price-part-5-the-city-proceeds-with-eminent-domain-and-violence-video","status":"publish","type":"post","link":"https:\/\/rioonwatch.org\/?p=46589","title":{"rendered":"Not Everyone Has a Price, Part 5: The City Proceeds with Eminent Domain and Violence [VIDEO]"},"content":{"rendered":"<p style=\"text-align: right;\"><a href=\"http:\/\/bit.ly\/VilaNo5\" target=\"_blank\" rel=\"noopener\"><strong><em>Clique aqui para Portugu\u00eas<img decoding=\"async\" width=\"20\" height=\"20\" class=\"alignright size-full wp-image-23766\" src=\"http:\/\/www.rioonwatch.org\/wp-content\/uploads\/2012\/08\/PT-e1439583827971.png\" \/><\/em><\/strong><\/a><\/p>\n<p><em>This is the fifth article in a\u00a0<a href=\"http:\/\/bit.ly\/Vilaseries\" target=\"_blank\" rel=\"noopener\">six-part series<\/a>\u00a0that comprises the book chapter entitled \u201cNot Everyone Has a Price: How the Small Favela of Vila Aut\u00f3dromo\u2019s Fight Opened a Path to Olympic Resistance\u201d recounting the story of Vila Aut\u00f3dromo\u2019s struggle. Written by Theresa Williamson, executive director of\u00a0<a href=\"http:\/\/www.catcomm.org\/\" target=\"_blank\" rel=\"noopener\">Catalytic Communities<\/a>,* the chapter is part of the book \u2018<a href=\"http:\/\/brook.gs\/2wFH2oa\" target=\"_blank\" rel=\"noopener\">Rio 2016: Olympic Myths, Hard Realities<\/a>\u2018<\/em><em>\u00a0edited by economist\u00a0<a href=\"http:\/\/bit.ly\/2kWQoqf\" target=\"_blank\" rel=\"noopener\">Andrew Zimbalist<\/a>. To read our review of \u2018Rio 2016,\u2019 click\u00a0<a href=\"http:\/\/bit.ly\/2FdsgcC\" target=\"_blank\" rel=\"noopener\">here<\/a>. RioOnWatch would like to thank Brookings Press for providing the permission to republish the chapter here in its entirety.<\/em><\/p>\n<p><span style=\"font-weight: 400;\">In May 2014 at a second OsteRio event, just as the university planners and community residents issued a <a href=\"http:\/\/bit.ly\/2GUkx40\" target=\"_blank\" rel=\"noopener\">map showing<\/a> that hundreds of residents remained committed to staying, <a href=\"http:\/\/bit.ly\/1AfqpsR\" target=\"_blank\" rel=\"noopener\">Mayor Paes told the audience<\/a> that it was \u201cdifficult to prepare an upgrading plan when there [were] so many people coming to [them] looking to leave\u201d but that they would \u201csee what remains of the community [after compensations were all provided to those leaving], and that of what remain[ed] . . . so long as they [were] not in access areas [for the Olympic Park], [they would] upgrade as promised.\u201d<\/span><\/p>\n<p><a href=\"http:\/\/www.rioonwatch.org\/wp-content\/uploads\/2018\/08\/Grafitti-Vila-Auto\u0301dromo-1.jpg\"><img fetchpriority=\"high\" decoding=\"async\" class=\"aligncenter wp-image-46603 size-large\" title=\"Graffiti on the wall of a demolished house with the mayor's words: &quot;Those who don't want to leave, stay.&quot;\" src=\"http:\/\/www.rioonwatch.org\/wp-content\/uploads\/2018\/08\/Grafitti-Vila-Auto\u0301dromo-1-1024x680.jpg\" alt=\"\" width=\"620\" height=\"412\" srcset=\"https:\/\/rioonwatch.org\/wp-content\/uploads\/2018\/08\/Grafitti-Vila-Auto\u0301dromo-1-1024x680.jpg 1024w, https:\/\/rioonwatch.org\/wp-content\/uploads\/2018\/08\/Grafitti-Vila-Auto\u0301dromo-1-300x199.jpg 300w, https:\/\/rioonwatch.org\/wp-content\/uploads\/2018\/08\/Grafitti-Vila-Auto\u0301dromo-1-768x510.jpg 768w, https:\/\/rioonwatch.org\/wp-content\/uploads\/2018\/08\/Grafitti-Vila-Auto\u0301dromo-1.jpg 1100w\" sizes=\"(max-width: 620px) 100vw, 620px\" \/><\/a><\/p>\n<p><span style=\"font-weight: 400;\">One year later, even with Rio de Janeiro\u2019s first-ever market-rate compensations to favela residents, even under so much physical and emotional stress, by May 2015 the mayor had reached that limit and was <a href=\"https:\/\/glo.bo\/2DvziZx\" target=\"_blank\" rel=\"noopener\">unable to convince<\/a> 170 of the remaining families to leave. Rather than upgrading what was left of the community to permit the smaller portion of remaining residents to remain, however, Paes had shifted to an entirely new approach.<\/span><\/p>\n<p><span style=\"font-weight: 400;\">On March 20, 2015, <a href=\"http:\/\/bit.ly\/1Oz2eQc\" target=\"_blank\" rel=\"noopener\">fifty-eight homes had been marked for removal<\/a> via an eminent domain decree, with future decrees offering the possibility of more homes suffering a similar fate.<a href=\"http:\/\/rioonwatch.org\/?p=46589#_ftnb1\" name=\"_ftnrefb1\"><sup>1<\/sup><\/a>\u00a0It was by way of this decree that all of the community\u2019s earlier leaders were eventually evicted, and as a result of the eminent domain decree stipulating that the courts determine the value of the land in question, their compensations were a fraction of those provided to residents who had taken prior compensations. Thus, those most committed to the community, who fought so hard on its behalf and wanted so deeply to remain,\u00a0<\/span>were ultimately those who received the worst compensations, a form of searing revenge by the mayor. <a href=\"http:\/\/bit.ly\/2Frxm8u\" target=\"_blank\" rel=\"noopener\">Guimar\u00e3es<\/a>, <a href=\"http:\/\/bit.ly\/1AM7F3t\" target=\"_blank\" rel=\"noopener\">Nascimento<\/a>, and <a href=\"http:\/\/bit.ly\/2oZXLAj\" target=\"_blank\" rel=\"noopener\">Brito<\/a> were all removed in August, in one excruciating eviction after another, as were numerous other organizers who had come to represent the cause.<\/p>\n<p><span style=\"font-weight: 400;\">Perhaps the single most critical turning point in the community\u2019s struggle came during this period. Building a home, particularly in a favela, can take decades. Tearing it down takes a matter of seconds. Municipal workers targeted homes covered by the eminent domain decree in those weeks, assigning houses for attention by hungry bulldozers following compensations being deposited in the bank accounts of their owners. And so there was a gaping threat that homes that had not yet been compensated for would be torn down. To protect themselves from ending up homeless, residents formed groups to watch over demolitions.<\/span><\/p>\n<p><span style=\"font-weight: 400;\">On June 3, 2015, such a scenario unfolded. Two homes <a href=\"http:\/\/bit.ly\/1FLcuNj\" target=\"_blank\" rel=\"noopener\">that had not yet been compensated<\/a> for were targeted for demolition. Residents formed a ring around the houses as they attempted to explain that the demolition could not go forward. Public defenders and supporters were regularly in the community during those weeks and months and joined them. Yet on this fateful day the municipal guard reacted violently, using rubber bullets, pepper spray, and batons on the protesters and injuring several residents. Some required surgery. The images of the municipal guard\u2019s barbarity <a href=\"http:\/\/bit.ly\/2af92Iu\" target=\"_blank\" rel=\"noopener\">circulated on Brazil\u2019s TV networks, in newspapers, and around the world<\/a>.<\/span><\/p>\n<p><span style=\"color: #ff0000;\"><a href=\"http:\/\/www.rioonwatch.org\/wp-content\/uploads\/2018\/08\/Mr.-Brasil-in-Confrontation.jpg\"><img decoding=\"async\" class=\"aligncenter wp-image-46604 size-large\" title=\"Mr. Brasil, resident of Vila Aut\u00f3dromo for over 20 years, struck in the conflict. Photo: http:\/\/bit.ly\/2q1Jofe\" src=\"http:\/\/www.rioonwatch.org\/wp-content\/uploads\/2018\/08\/Mr.-Brasil-in-Confrontation-1024x616.jpg\" alt=\"\" width=\"620\" height=\"373\" srcset=\"https:\/\/rioonwatch.org\/wp-content\/uploads\/2018\/08\/Mr.-Brasil-in-Confrontation-1024x616.jpg 1024w, https:\/\/rioonwatch.org\/wp-content\/uploads\/2018\/08\/Mr.-Brasil-in-Confrontation-300x181.jpg 300w, https:\/\/rioonwatch.org\/wp-content\/uploads\/2018\/08\/Mr.-Brasil-in-Confrontation-768x462.jpg 768w, https:\/\/rioonwatch.org\/wp-content\/uploads\/2018\/08\/Mr.-Brasil-in-Confrontation.jpg 1040w\" sizes=\"(max-width: 620px) 100vw, 620px\" \/><\/a><\/span><\/p>\n<p><span style=\"font-weight: 400;\">This day was a game changer for the resistance movement remaining in the community. One of those most injured was <a href=\"http:\/\/bit.ly\/2LK2FtG\" target=\"_blank\" rel=\"noopener\">Maria da Penha Macena<\/a>, a small, agile woman in her fifties and one of the friendliest people one will ever meet, beaming with positivity and optimism steeped in her Catholic faith. Penha had by now assumed a leadership position in the community\u2019s struggle and was widely known by media outlets covering the resistance. <\/span><\/p>\n<p><span style=\"font-weight: 400;\">Penha was nearly the only hopeful person left in <a href=\"http:\/\/bit.ly\/VilaAut\" target=\"_blank\" rel=\"noopener\">Vila Aut\u00f3dromo<\/a> by the time of this incident. Morale had been at an all-time low. But the violent clash propelled remaining residents to recommit to the struggle. Over the ensuing months, and through to today, the community and its supporters have\u00a0<a href=\"http:\/\/bit.ly\/1OF9jzT\" target=\"_blank\" rel=\"noopener\">led campaigns, including cultural occupations<\/a>, festivals, and the launch of the <a href=\"http:\/\/bit.ly\/1qWp3G5\" target=\"_blank\" rel=\"noopener\">Evictions Museum<\/a>, expanding on Vila Aut\u00f3dromo\u2019s sense of community to include the now tens of thousands who were following and supporting them in their struggle.<\/span><\/p>\n<p><span style=\"font-weight: 400;\">By the time the most symbolic community structure was demolished\u2014the residents\u2019 association\u2014<a href=\"http:\/\/bit.ly\/1TGtfVS\" target=\"_blank\" rel=\"noopener\">on February 24, 2016<\/a>, Vila Aut\u00f3dromo was no longer felt by its remaining residents or their supporters to be simply the original blueprint of their community. The concept of Vila Aut\u00f3dromo had expanded to <a href=\"http:\/\/bit.ly\/20eaQ1w\" target=\"_blank\" rel=\"noopener\">represent a broad, even global, social struggle<\/a> reflected in one of the community\u2019s many slogans, which was stamped on its walls: \u201cNot Everyone Has a Price.\u201d Penha coined the slogan, summarizing the movement for visitors and the press. And it was exactly that notion that captivated so many who grew to embrace the community as their own.<\/span><\/p>\n<p><span style=\"font-weight: 400;\">The eminent domain decree ultimately led to the eviction of almost all of the community\u2019s remaining inhabitants. The two final houses demolished within the decree belonged to Maria da Penha and <a href=\"http:\/\/bit.ly\/1OVP108\" target=\"_blank\" rel=\"noopener\">Heloisa Helena Costa Berto<\/a>. Berto was a <a href=\"http:\/\/bit.ly\/2tps2ZN\" target=\"_blank\" rel=\"noopener\">Candombl\u00e9 priestess<\/a> whose home had served as a spiritual center and who was chronically mistreated by city workers, even receiving <a href=\"http:\/\/bit.ly\/1TDP7Bj\" target=\"_blank\" rel=\"noopener\">death threats<\/a>. Berto and Penha along with two other women, <a href=\"http:\/\/bit.ly\/2xy0iqh\" target=\"_blank\" rel=\"noopener\">Sandra Maria de Souza<\/a> and Nathalia Silva (Penha\u2019s daughter), became Vila Aut\u00f3dromo\u2019s best-known leaders in the final stages of the community\u2019s resistance and have since <a href=\"http:\/\/bit.ly\/21iUhCi\" target=\"_blank\" rel=\"noopener\">received widespread recognition and awards<\/a> from city and state governments, as well as international human rights organizations.<\/span><\/p>\n<p><a href=\"http:\/\/www.rioonwatch.org\/wp-content\/uploads\/2018\/08\/Heloisa-Helena-Receives-Dandara-Award.jpg\"><img loading=\"lazy\" decoding=\"async\" class=\"aligncenter wp-image-46605 size-large\" title=\"Berto receives the Dandara Award, alongside her children. Photo: http:\/\/bit.ly\/1XwBhBN\" src=\"http:\/\/www.rioonwatch.org\/wp-content\/uploads\/2018\/08\/Heloisa-Helena-Receives-Dandara-Award-1024x715.jpg\" alt=\"\" width=\"620\" height=\"433\" srcset=\"https:\/\/rioonwatch.org\/wp-content\/uploads\/2018\/08\/Heloisa-Helena-Receives-Dandara-Award-1024x715.jpg 1024w, https:\/\/rioonwatch.org\/wp-content\/uploads\/2018\/08\/Heloisa-Helena-Receives-Dandara-Award-300x210.jpg 300w, https:\/\/rioonwatch.org\/wp-content\/uploads\/2018\/08\/Heloisa-Helena-Receives-Dandara-Award-768x536.jpg 768w, https:\/\/rioonwatch.org\/wp-content\/uploads\/2018\/08\/Heloisa-Helena-Receives-Dandara-Award.jpg 1200w\" sizes=\"(max-width: 620px) 100vw, 620px\" \/><\/a><\/p>\n<p><span style=\"font-weight: 400;\">The final eminent domain evictions took place during the last week of February and the first week of March 2016, witnessed and documented by remaining residents along with support from dozens camped out overnight in the community on those final weeks. Vila Aut\u00f3dromo was now down to twenty families that were both outside the decree and had remained steadfast in their unwillingness to negotiate with the city throughout the entire process.<\/span><\/p>\n<p><span style=\"font-weight: 400;\">The final stage of Vila Aut\u00f3dromo\u2019s pre-Olympics struggle now began. It was clear that the city would not leave the area looking like a war zone come August 5 and the Olympic Games\u2019 opening ceremony. And, of course, at least a couple of months would be needed to prepare the site. So whatever was to happen to Vila Aut\u00f3dromo\u2019s twenty remaining families would have to be decided by early June. This was just two months away.<\/span><\/p>\n<p><span style=\"font-weight: 400;\">Once again taking control of the broader narrative and keeping spirits high during those few remaining demolitions, on February 27, 2015, Vila Aut\u00f3dromo residents and supporters launched the #UrbanizaJ\u00e1 (#UpgradesNow) social media campaign, calling on supporters to post videos on social media using the hashtag and declaring why they wanted Vila Aut\u00f3dromo to be fully upgraded now. On the same day, they launched an updated version of the Popular Plan, considering the reduced nature of the community.<\/span><\/p>\n<p><a href=\"http:\/\/www.rioonwatch.org\/wp-content\/uploads\/2018\/08\/Upgrades-Now.png\"><img loading=\"lazy\" decoding=\"async\" class=\"aligncenter wp-image-46606 size-large\" title=\"&quot;Re-Upgrade Now&quot; graffiti. Photo: A. Lezcano \/ El Espa\u00f1ol (http:\/\/bit.ly\/2IoVEgu)\" src=\"http:\/\/www.rioonwatch.org\/wp-content\/uploads\/2018\/08\/Upgrades-Now-1024x555.png\" alt=\"\" width=\"620\" height=\"336\" srcset=\"https:\/\/rioonwatch.org\/wp-content\/uploads\/2018\/08\/Upgrades-Now-1024x555.png 1024w, https:\/\/rioonwatch.org\/wp-content\/uploads\/2018\/08\/Upgrades-Now-300x162.png 300w, https:\/\/rioonwatch.org\/wp-content\/uploads\/2018\/08\/Upgrades-Now-768x416.png 768w, https:\/\/rioonwatch.org\/wp-content\/uploads\/2018\/08\/Upgrades-Now.png 1758w\" sizes=\"(max-width: 620px) 100vw, 620px\" \/><\/a><\/p>\n<p><span style=\"font-weight: 400;\"><a href=\"http:\/\/bbc.in\/1MocJ73\" target=\"_blank\" rel=\"noopener\">Mayor Paes had declared publicly<\/a> over the years, on numerous occasions, that <a href=\"http:\/\/bit.ly\/1RWy79a\" target=\"_blank\" rel=\"noopener\">he would not remove anyone who didn\u2019t agree to relocation<\/a>. His administration had sent in municipal workers to do the dirty work of \u201cconvincing\u201d residents through a variety of means and then made use of a questionable eminent domain decree. But now no such option was left. The final twenty families had never even entertained the idea of negotiating, and nothing short of a violent eviction would remove them.<\/span><\/p>\n<p><span style=\"font-weight: 400;\">The #UrbanizaJ\u00e1 campaign quickly produced dozens if not hundreds of videos on social media, including high-visibility posts from Brazilian celebrities <a href=\"http:\/\/bit.ly\/2uHuuiU\" target=\"_blank\" rel=\"noopener\">Camila Pitanga<\/a>, <a href=\"http:\/\/bit.ly\/2pZTAF7\" target=\"_blank\" rel=\"noopener\">Greg\u00f3rio Duvivier<\/a>, and\u00a0<\/span><span style=\"font-weight: 400;\"><a href=\"http:\/\/bit.ly\/2uGQPgG\" target=\"_blank\" rel=\"noopener\">Bruno Gagliasso<\/a>, as well as internationally known figures like <a href=\"http:\/\/bit.ly\/2uM1gj2\" target=\"_blank\" rel=\"noopener\">David Harvey<\/a>.<\/span><\/p>\n<p><span style=\"font-weight: 400;\">On March 8, 2016, the same emotional day that <a href=\"http:\/\/bit.ly\/1pz3VFe\" target=\"_blank\" rel=\"noopener\">the home of Maria da Penha was demolished<\/a> <em>and<\/em> she went on to receive a major award from the Rio State Legislative Assembly, Mayor Paes held a press conference that community members were restricted from to announce his plan for the community. The mayor\u2019s plan <a href=\"http:\/\/bit.ly\/1pw6Oqv\" target=\"_blank\" rel=\"noopener\">ignored recommendations made in the updated Popular Plan<\/a> and instead proposed not the upgrading of the community but the construction of a set of new homes on a single street, maintaining only the Catholic church from the original community\u2019s blueprint. Residents insisted on a meeting with the mayor to discuss the proposal directly, and it took place on March 15. On that day, <a href=\"http:\/\/bit.ly\/1YkZNnc\" target=\"_blank\" rel=\"noopener\">the community and mayor reached a tentative agreement<\/a>, based mainly on the city\u2019s proposal. The final agreement would come to be <a href=\"http:\/\/bit.ly\/1WHuWDY\" target=\"_blank\" rel=\"noopener\">the first collectively signed relocation agreement<\/a> in favela history.<\/span><\/p>\n<p><a href=\"http:\/\/www.rioonwatch.org\/wp-content\/uploads\/2018\/08\/Vila-Community-Meeting.jpg\"><img loading=\"lazy\" decoding=\"async\" class=\"aligncenter wp-image-46607 size-full\" title=\"Community meeting after the meeting with the mayor on March 15, 2016\" src=\"http:\/\/www.rioonwatch.org\/wp-content\/uploads\/2018\/08\/Vila-Community-Meeting.jpg\" alt=\"\" width=\"620\" height=\"264\" srcset=\"https:\/\/rioonwatch.org\/wp-content\/uploads\/2018\/08\/Vila-Community-Meeting.jpg 620w, https:\/\/rioonwatch.org\/wp-content\/uploads\/2018\/08\/Vila-Community-Meeting-300x128.jpg 300w\" sizes=\"(max-width: 620px) 100vw, 620px\" \/><\/a><\/p>\n<p><span style=\"font-weight: 400;\">As a result of their extraordinary resistance efforts, and with supporters and the media watching, over the subsequent months the remaining residents held firm, watching and waiting, then actively participating, in relocating to their new homes. Several lived in temporary trailers on the site for a number of weeks, while others remained in their original homes as the new houses were prepared. Maria da Penha had the opportunity to speak of <a href=\"http:\/\/bit.ly\/2DvbJ31\" target=\"_blank\" rel=\"noopener\">the community\u2019s struggle to the United Nations in Geneva<\/a>. Media outlets from around the world made daily visits, reporting on the community\u2019s struggle and relative success. Technical partners from the federal universities watched over construction quality. The entire original community was paved over, parts became parking; others became access roads (<a href=\"http:\/\/bit.ly\/2B0pynb\" target=\"_blank\" rel=\"noopener\">the final justification used by the city for demolitions<\/a>). But the bulk of the community\u2019s land was paved over with no apparent purpose. The hundreds of trees Vila Aut\u00f3dromo residents had <a href=\"http:\/\/bit.ly\/1Ws6lDw\" target=\"_blank\" rel=\"noopener\">planted over decades were toppled<\/a> at some point during the demolition process, leaving the area barren and synthetic, like its modern neighbor, the\u00a0<\/span><span style=\"font-weight: 400;\">Olympic park.<\/span><\/p>\n<p><span style=\"font-weight: 400;\">Vila Aut\u00f3dromo <a href=\"http:\/\/bit.ly\/2b09AQL\" target=\"_blank\" rel=\"noopener\">launched the Evictions Museum<\/a> on May 18, 2016, and kept up weekly cultural events and meetings in the months building up to the Games, during the Games, and afterward. The original 700-family, relatively bucolic and green favela with large-lot homes by the lagoon exists only in the memories of those who lived there or visited prior to the onset of 2014 demolitions. In its wake are twenty small, identical, white homes lining a wide street, named Vila Aut\u00f3dromo Street, surrounded by asphalt and pounded by the hot sun. One resident, Delmo Oliveira, caught in a <a href=\"http:\/\/wapo.st\/2r8cdcX\" target=\"_blank\" rel=\"noopener\">legal battle with the city<\/a> that excluded him from the twenty units built prior to the Games, has managed to maintain his original home.<\/span><\/p>\n<p><span style=\"font-weight: 400;\">In the end, the drawn out and painful eviction of Vila Aut\u00f3dromo\u2019s residents cost the city of Rio over R$327 million, as compared to the Popular Plan\u2019s budget, which would have upgraded the original community for <a href=\"https:\/\/vivaavilaautodromo.files.wordpress.com\/2016\/02\/ppva_2016web.pdf\" target=\"_blank\" rel=\"noopener\">under R$14 million<\/a>. More than R$105 million was spent on the Parque Carioca public housing <a href=\"http:\/\/bit.ly\/1Ub0goH\" target=\"_blank\" rel=\"noopener\">complex alone<\/a>. At least another R$220 million was paid out in <a href=\"http:\/\/bit.ly\/2m4W8B8\" target=\"_blank\" rel=\"noopener\">financial compensations<\/a>. And the city\u2019s final rebuilding of Vila Aut\u00f3dromo <a href=\"https:\/\/glo.bo\/2rbuTIv\" target=\"_blank\" rel=\"noopener\">cost at least R$2.9 million<\/a>. Today, the city also faces a lawsuit: 110 of the families that received compensations <a href=\"http:\/\/bit.ly\/2mMIFN0\" target=\"_blank\" rel=\"noopener\">are suing the city over the unjust natures<\/a> of those compensations in relation to those of their neighbors.<\/span><\/p>\n<p><span style=\"font-weight: 400;\">While not the victory residents fought for, and certainly not the victory those evicted under eminent domain (and even many who took compensations) longed for, the fact that those who held out succeeded in staying on their original land in the face of such tremendous pressure and power is an unequivocal success. And these community members have gone on to <a href=\"http:\/\/bit.ly\/2mBI7eZ\" target=\"_blank\" rel=\"noopener\">represent Rio\u2019s favelas in international forums<\/a> like <a href=\"http:\/\/bit.ly\/2LJTNnQ\" target=\"_blank\" rel=\"noopener\">Habitat III<\/a> and the United Nations, and their archives delivered to Brazil\u2019s National Historical Museum during a ceremony on International Museum day, May 18, 2017, one year following the founding of the Evictions Museum. The story of the community\u2019s steadfast early Residents\u2019 Association President, Altair Guimar\u00e3es, evicted during the eminent domain period, was in April 2017 recognized in a documentary titled \u201c<a href=\"http:\/\/bit.ly\/2pl9XKJ\" target=\"_blank\" rel=\"noopener\">One Man, One City, Three Evictions: The Human Cost of Rio\u2019s Growth<\/a>.\u201d<\/span><\/p>\n<p><a href=\"http:\/\/www.rioonwatch.org\/wp-content\/uploads\/2018\/08\/Dona-Penha-in-Geneva.jpg\"><img loading=\"lazy\" decoding=\"async\" class=\"aligncenter wp-image-46608 size-content\" title=\"Dona Penha at a meeting of the UN Human Rights Council in Geneva. Photo: Terres des Hommes International Federation\" src=\"http:\/\/www.rioonwatch.org\/wp-content\/uploads\/2018\/08\/Dona-Penha-in-Geneva-600x264.jpg\" alt=\"\" width=\"600\" height=\"264\" \/><\/a><\/p>\n<p><span style=\"font-weight: 400;\">Vila Aut\u00f3dromo\u2019s illustrative story serves as a glowing example and inspiration to communities in Rio and around the world. The small favela forged a path that communities facing eviction in the name of the Olympic Games or any other megaevent or megainvestment project can look to for inspiration or strategic lessons and on which they can base their movements. And the residents who succeeded in remaining on the new Vila Aut\u00f3dromo Street have set the community up <a href=\"http:\/\/bit.ly\/2mBI7eZ\" target=\"_blank\" rel=\"noopener\">to host and support such organizers<\/a>.<\/span><\/p>\n<h3><em><a href=\"http:\/\/bit.ly\/2NqZhc5\" target=\"_blank\" rel=\"noopener\">Click here for Part 6<\/a>.<\/em><\/h3>\n<p><em>This is the fifth article in a\u00a0<a href=\"http:\/\/bit.ly\/Vilaseries\" target=\"_blank\" rel=\"noopener\">six-part series<\/a>\u00a0that comprises the chapter entitled \u201cNot Everyone Has a Price: How the Small Favela of Vila Aut\u00f3dromo\u2019s Fight Opened a Path to Olympic Resistance\u201d recounting the story of Vila Aut\u00f3dromo\u2019s struggle. The chapter is part of the book \u2018<\/em><em><a href=\"http:\/\/bit.ly\/2AqHKG8\" target=\"_blank\" rel=\"noopener\">Rio 2016: Olympic Myths, Hard Realities<\/a><\/em><em>.\u2019\u00a0RioOnWatch would like to thank Brookings Press for providing the permission to republish the chapter here in its entirety.<\/em><\/p>\n<h3>Videos from the Violent Day of June 3, 2015:<\/h3>\n<p><iframe title=\"PREFEITO MANDA AGREDIR MORADORES DA VILA AUT\u00d3DROMO.\" width=\"500\" height=\"375\" src=\"https:\/\/www.youtube.com\/embed\/TSb6YGLPwA4?feature=oembed\" frameborder=\"0\" allow=\"accelerometer; autoplay; clipboard-write; encrypted-media; gyroscope; picture-in-picture; web-share\" referrerpolicy=\"strict-origin-when-cross-origin\" allowfullscreen><\/iframe><\/p>\n<p><iframe title=\"Vila Aut\u00f3dromo - Penha, moradora agredida\" width=\"500\" height=\"375\" src=\"https:\/\/www.youtube.com\/embed\/LVgg5f4nhFg?feature=oembed\" frameborder=\"0\" allow=\"accelerometer; autoplay; clipboard-write; encrypted-media; gyroscope; picture-in-picture; web-share\" referrerpolicy=\"strict-origin-when-cross-origin\" allowfullscreen><\/iframe><\/p>\n<h3>On\u00a0March 8, 2016, International Women&#8217;s Day, Dona Penha&#8217;s house was demolished\u2014the same day that she was honored at the Rio de Janeiro State Legislative Assembly (ALERJ):<\/h3>\n<p><iframe title=\"From Demolition to Recognition: Vila Aut\u00f3romo&#039;s Maria da Penha on International Women&#039;s Day 2016\" width=\"500\" height=\"281\" src=\"https:\/\/www.youtube.com\/embed\/asuJYJUHB5c?feature=oembed\" frameborder=\"0\" allow=\"accelerometer; autoplay; clipboard-write; encrypted-media; gyroscope; picture-in-picture; web-share\" referrerpolicy=\"strict-origin-when-cross-origin\" allowfullscreen><\/iframe><\/p>\n<h3>Videos from the #UrbanizaJ\u00e1 (#UpgradesNow) Campaign:<\/h3>\n<p><iframe style=\"border: none; overflow: hidden;\" src=\"https:\/\/www.facebook.com\/plugins\/video.php?href=https%3A%2F%2Fwww.facebook.com%2Fcaiapitanga%2Fvideos%2F1061709117201320%2F&amp;width=620&amp;show_text=false&amp;height=347&amp;appId\" width=\"620\" height=\"347\" frameborder=\"0\" scrolling=\"no\" allowfullscreen=\"allowfullscreen\"><\/iframe><\/p>\n<p><iframe style=\"border: none; overflow: hidden;\" src=\"https:\/\/www.facebook.com\/plugins\/video.php?href=https%3A%2F%2Fwww.facebook.com%2Fvivaavilaautodromo%2Fvideos%2F930789193694630%2F&amp;width=620&amp;show_text=false&amp;height=465&amp;appId\" width=\"620\" height=\"465\" frameborder=\"0\" scrolling=\"no\" allowfullscreen=\"allowfullscreen\"><\/iframe><\/p>\n<h3>Additional Bibliographic References<\/h3>\n<p><a href=\"http:\/\/rioonwatch.org\/?p=46589#_ftnrefb1\" name=\"_ftnb1\">[1]<\/a> \u201cPrefeitura remove 58 im\u00f3veis na regi\u00e3o da Vila Aut\u00f3dromo,\u201d <em>O Dia<\/em>, March 20, 2015.<\/p>\n<hr \/>\n<h3><em>Complete Series:\u00a0<a href=\"http:\/\/bit.ly\/2LF8RI8\" target=\"_blank\" rel=\"noopener\">Not Everyone Has a Price: The Story of Vila Aut\u00f3dromo\u2019s Olympic Struggle<\/a><\/em><\/h3>\n<p>Part 1:\u00a0<a href=\"http:\/\/bit.ly\/2M6U0Cs\" target=\"_blank\" rel=\"noopener\">(Re)Introducing Favelas<\/a><br \/>\nPart 2:\u00a0<a href=\"http:\/\/bit.ly\/2OsKElm\" target=\"_blank\" rel=\"noopener\">Introducing Vila Aut\u00f3dromo<\/a><br \/>\nPart 3:\u00a0<a href=\"http:\/\/bit.ly\/2OCFZ0m\" target=\"_blank\" rel=\"noopener\">Vila Aut\u00f3dromo\u2019s Rise as a Symbol of Olympic Resistance (2010-2012) [VIDEO]<\/a><br \/>\nPart 4:\u00a0<a href=\"http:\/\/bit.ly\/2wmMcpr\" target=\"_blank\" rel=\"noopener\">Intimidation and the Critical Turning Point (2013-2014) [VIDEO]<\/a><br \/>\nPart 5:\u00a0<a href=\"http:\/\/bit.ly\/2Na7AsG\" target=\"_blank\" rel=\"noopener\">The City Proceeds with Eminent Domain and Violence (2014-2016) [VIDEO]<\/a><br \/>\nPart 6:\u00a0<a href=\"http:\/\/bit.ly\/2NqZhc5\" target=\"_blank\" rel=\"noopener\">Conclusion\u2014Vila Aut\u00f3dromo in the Context of Rio\u2019s Olympic Evictions<\/a><br \/>\nAlso see:\u00a0<a href=\"http:\/\/bit.ly\/1rtuaxu\" target=\"_blank\" rel=\"noopener\">Timeline of Vila Autodromo<\/a><\/p>\n<p>*<em>RioOnWatch<\/em>\u00a0is a project of the NGO Catalytic Communities<\/p>\n","protected":false},"excerpt":{"rendered":"<div class=\"mh-excerpt\"><p>Clique aqui para Portugu\u00eas This is the fifth article in a\u00a0six-part series\u00a0that comprises the book chapter entitled \u201cNot Everyone Has a Price: How the Small Favela of Vila Aut\u00f3dromo\u2019s Fight Opened a Path to Olympic <a class=\"mh-excerpt-more\" href=\"https:\/\/rioonwatch.org\/?p=46589\" title=\"Not Everyone Has a Price, Part 5: The City Proceeds with Eminent Domain and Violence [VIDEO]\">[&#8230;]<\/a><\/p>\n<\/div>","protected":false},"author":78,"featured_media":46591,"comment_status":"closed","ping_status":"closed","sticky":false,"template":"","format":"standard","meta":{"_monsterinsights_skip_tracking":false,"_monsterinsights_sitenote_active":false,"_monsterinsights_sitenote_note":"","_monsterinsights_sitenote_category":0,"footnotes":""},"categories":[1293,2315,1736,1288,1282,336],"tags":[779,272,2032,11,1513,683,1170,5,1866,270,2634,2789,134,206,4,21],"writer":[51],"translator":[],"illustrator":[],"photographer":[],"class_list":{"0":"post-46589","1":"post","2":"type-post","3":"status-publish","4":"format-standard","5":"has-post-thumbnail","7":"category-evictionswatch","8":"category-legacywatch","9":"category-1736","10":"category-highlight","11":"category-research-analysis","12":"category-violations","13":"tag-community-leaders","14":"tag-mayor-eduardo-paes","15":"tag-evictions-museum","16":"tag-forced-evictions","17":"tag-market-rate-compensation","18":"tag-mobilization","19":"tag-municipal-guard","20":"tag-olympics","21":"tag-peoples-plan","22":"tag-resistance","23":"tag-series","24":"tag-series-vila-autodromo","25":"tag-zero-compensation","26":"tag-upgrading","27":"tag-vila-autodromo","28":"tag-west-zone","29":"writer-theresa-williamson"},"_links":{"self":[{"href":"https:\/\/rioonwatch.org\/index.php?rest_route=\/wp\/v2\/posts\/46589","targetHints":{"allow":["GET"]}}],"collection":[{"href":"https:\/\/rioonwatch.org\/index.php?rest_route=\/wp\/v2\/posts"}],"about":[{"href":"https:\/\/rioonwatch.org\/index.php?rest_route=\/wp\/v2\/types\/post"}],"author":[{"embeddable":true,"href":"https:\/\/rioonwatch.org\/index.php?rest_route=\/wp\/v2\/users\/78"}],"replies":[{"embeddable":true,"href":"https:\/\/rioonwatch.org\/index.php?rest_route=%2Fwp%2Fv2%2Fcomments&post=46589"}],"version-history":[{"count":0,"href":"https:\/\/rioonwatch.org\/index.php?rest_route=\/wp\/v2\/posts\/46589\/revisions"}],"wp:featuredmedia":[{"embeddable":true,"href":"https:\/\/rioonwatch.org\/index.php?rest_route=\/wp\/v2\/media\/46591"}],"wp:attachment":[{"href":"https:\/\/rioonwatch.org\/index.php?rest_route=%2Fwp%2Fv2%2Fmedia&parent=46589"}],"wp:term":[{"taxonomy":"category","embeddable":true,"href":"https:\/\/rioonwatch.org\/index.php?rest_route=%2Fwp%2Fv2%2Fcategories&post=46589"},{"taxonomy":"post_tag","embeddable":true,"href":"https:\/\/rioonwatch.org\/index.php?rest_route=%2Fwp%2Fv2%2Ftags&post=46589"},{"taxonomy":"writer","embeddable":true,"href":"https:\/\/rioonwatch.org\/index.php?rest_route=%2Fwp%2Fv2%2Fwriter&post=46589"},{"taxonomy":"translator","embeddable":true,"href":"https:\/\/rioonwatch.org\/index.php?rest_route=%2Fwp%2Fv2%2Ftranslator&post=46589"},{"taxonomy":"illustrator","embeddable":true,"href":"https:\/\/rioonwatch.org\/index.php?rest_route=%2Fwp%2Fv2%2Fillustrator&post=46589"},{"taxonomy":"photographer","embeddable":true,"href":"https:\/\/rioonwatch.org\/index.php?rest_route=%2Fwp%2Fv2%2Fphotographer&post=46589"}],"curies":[{"name":"wp","href":"https:\/\/api.w.org\/{rel}","templated":true}]}}