{"id":46779,"date":"2018-09-07T11:14:28","date_gmt":"2018-09-07T14:14:28","guid":{"rendered":"http:\/\/www.rioonwatch.org\/?p=46779"},"modified":"2018-09-10T10:37:45","modified_gmt":"2018-09-10T13:37:45","slug":"the-national-museum-a-pillar-of-brazilian-higher-education-and-brazilian-studies-lies-in-ruins","status":"publish","type":"post","link":"https:\/\/rioonwatch.org\/?p=46779","title":{"rendered":"The National Museum, a Pillar of Brazilian Higher Education and Brazilian Studies, Lies in Ruins"},"content":{"rendered":"<p style=\"text-align: right;\"><strong><a href=\"http:\/\/bit.ly\/2wLOEG8\" target=\"_blank\" rel=\"noopener\"><em>Clique aqui para Portugu\u00eas<img decoding=\"async\" width=\"20\" height=\"20\" class=\"alignright size-full wp-image-23766\" src=\"http:\/\/www.rioonwatch.org\/wp-content\/uploads\/2012\/08\/PT-e1439583827971.png\" \/><\/em><\/a><\/strong><\/p>\n<p><i>Over the course of the week, RioOnWatch will be publishing a series of\u00a0<\/i><a href=\"http:\/\/bit.ly\/2Q4kwi6\" target=\"_blank\" rel=\"noopener\"><i>notes on the tragic fire that destroyed the National Museum<\/i><\/a><i>\u00a0this past Sunday. The following note is based on one\u00a0<\/i><a href=\"http:\/\/bit.ly\/2MQgPP6\" target=\"_blank\" rel=\"noopener\"><i>posted on Facebook<\/i><\/a><i>\u00a0by Bryan McCann.<\/i><\/p>\n<p>Like everyone interested in Brazil, history, or museums, I remain saddened and infuriated by the <a href=\"http:\/\/bit.ly\/2Q4kwi6\" target=\"_blank\" rel=\"noopener\">National Museum fire<\/a>. So many have spoken eloquently about what the loss means for Brazil (<a href=\"http:\/\/bit.ly\/2IWM21d\" target=\"_blank\" rel=\"noopener\">Theresa Williamson<\/a>, <a href=\"http:\/\/bit.ly\/2MUHwT2\" target=\"_blank\" rel=\"noopener\"><span style=\"font-weight: 400;\">Cecilia Azevedo<\/span><\/a><span style=\"font-weight: 400;\">, <\/span><a href=\"http:\/\/bit.ly\/2Nnb6zJ\" target=\"_blank\" rel=\"noopener\"><span style=\"font-weight: 400;\">Ed\u00e9sio Fernandes<\/span><\/a><span style=\"font-weight: 400;\">, <\/span><a href=\"http:\/\/bit.ly\/2PghO92\" target=\"_blank\" rel=\"noopener\"><span style=\"font-weight: 400;\">Rafael Soares Gon\u00e7alves<\/span><\/a><span style=\"font-weight: 400;\">,\u00a0<\/span><span style=\"font-weight: 400;\"><a href=\"http:\/\/bit.ly\/2NpljM4\" target=\"_blank\" rel=\"noopener\">Mario Brum<\/a>, to name a few<\/span>&#8230;). <a href=\"http:\/\/bit.ly\/2NoG4Yu\" target=\"_blank\" rel=\"noopener\">Eduardo Viveiros de Castro&#8217;s reflections<\/a> have the combination of rage, sorrow,\u00a0and insight that seems appropriate.<\/p>\n<p><a href=\"http:\/\/www.rioonwatch.org\/wp-content\/uploads\/2018\/09\/Francisca-Keller-Anthropology-Library.jpg\"><img fetchpriority=\"high\" decoding=\"async\" class=\"aligncenter wp-image-46782 size-content\" title=\"The Francisca Keller Anthropology Library at the National Museum, home to the most complete archive of anthropological literature in Brazil. Photo: Biblioteca Francisca Keller Facebook page\" src=\"http:\/\/www.rioonwatch.org\/wp-content\/uploads\/2018\/09\/Francisca-Keller-Anthropology-Library-620x264.jpg\" alt=\"\" width=\"620\" height=\"264\" srcset=\"https:\/\/rioonwatch.org\/wp-content\/uploads\/2018\/09\/Francisca-Keller-Anthropology-Library-620x264.jpg 620w, https:\/\/rioonwatch.org\/wp-content\/uploads\/2018\/09\/Francisca-Keller-Anthropology-Library-940x400.jpg 940w\" sizes=\"(max-width: 620px) 100vw, 620px\" \/><\/a><\/p>\n<p>I can&#8217;t add much to that except my own relatively minor personal experience, and thoughts of the contributions of an illustrious colleague. In 2006-2007 I spent several weeks conducting research at the <a href=\"http:\/\/bit.ly\/2MP17nv\" target=\"_blank\" rel=\"noopener\">Social Anthropology Library<\/a> at the <a href=\"http:\/\/bit.ly\/2G3vuOZ\" target=\"_blank\" rel=\"noopener\">National Museum<\/a>. I took the metro to the <a href=\"http:\/\/bit.ly\/1VUNX4D\" target=\"_blank\" rel=\"noopener\">S\u00e3o Crist\u00f3v\u00e3o<\/a> station (always jam-packed, as it is a transfer point for the metro and commuter rail), crossed over the railroad tracks on the pedestrian bridge, passed through the wrought-iron gates and entered the parkland of the <a href=\"http:\/\/bit.ly\/2CycDz4\" target=\"_blank\" rel=\"noopener\">Quinta da Boa Vista<\/a>\u2014an instant transition from one of Rio&#8217;s most hectic junctions to one of its most serene reserves. More often than not, a group of schoolchildren on a class trip to the museum was on the same trajectory. As they rushed toward the main entrance, I headed around to the back, to the Anthropology Library.<\/p>\n<p>I would spend the day reading the theses and dissertations produced in the Social Anthropology Program in the late 1970s and early 1980s when that program was one of many nodes of a redemocratizing Brazil discovering and documenting its own plurality, and pressing for expanded citizenship. It was no coincidence that the same program produced some of the best theses on favelas of Rio de Janeiro and indigenous populations of distant Acre. It was all part of the same wave of hopeful, committed research\u2014scholarship as citizenship. Those theses were part of a library of tens of thousands of volumes, most of them rare, some of them unique. All now lost in the fire, to my knowledge. In theory, those theses should be among the easiest things to replace after the fire, right? In theory, only, I am afraid, as in many cases there will be no other existing copies.<\/p>\n<p><a href=\"http:\/\/www.rioonwatch.org\/wp-content\/uploads\/2018\/09\/Luzia-skull.jpg\"><img decoding=\"async\" class=\"aligncenter wp-image-46783 size-content\" title=\"Skull of Luzia, the oldest human remains found in the Americas. Photo: BBC Two\" src=\"http:\/\/www.rioonwatch.org\/wp-content\/uploads\/2018\/09\/Luzia-skull-620x264.jpg\" alt=\"\" width=\"620\" height=\"264\" srcset=\"https:\/\/rioonwatch.org\/wp-content\/uploads\/2018\/09\/Luzia-skull-620x264.jpg 620w, https:\/\/rioonwatch.org\/wp-content\/uploads\/2018\/09\/Luzia-skull-940x400.jpg 940w\" sizes=\"(max-width: 620px) 100vw, 620px\" \/><\/a><\/p>\n<p>Most of what has been lost is completely irreplaceable, like the <a href=\"http:\/\/bit.ly\/2MTpxfK\" target=\"_blank\" rel=\"noopener\">12,000-year-old skull of Luzia<\/a>, found in a cave outside Belo Horizonte in the 1970s. Poor Luzia has died a second time, victim of abusive neglect.<\/p>\n<p>On my most recent trip to Rio, in July of this year, I had the honor of being part of a <a href=\"http:\/\/bit.ly\/2nPYwNp\" target=\"_blank\" rel=\"noopener\">Brazilian Studies Association<\/a> (BRASA) committee presenting the Lifetime Contribution Award to <a href=\"http:\/\/bit.ly\/2MSwhdF\" target=\"_blank\" rel=\"noopener\">Anthony Seeger<\/a>, for his long and distinguished career in the service of Brazilian Studies in both Brazil and the US. Among his many achievements, Anthony was director of the <a href=\"http:\/\/bit.ly\/2hcoXKZ\" target=\"_blank\" rel=\"noopener\">Graduate Program in Social Anthropology<\/a> at the National Museum in 1981-1982, a key part of that wave of pioneering research. We celebrated Anthony Seeger and the influence of that program, including all it has done to demonstrate that indigenous Brazil is not merely part of a frozen past but a vital part of a contested present.<\/p>\n<p><a href=\"http:\/\/www.rioonwatch.org\/wp-content\/uploads\/2018\/09\/Museum-Fire.jpg\"><img loading=\"lazy\" decoding=\"async\" class=\"aligncenter wp-image-46784 size-content\" src=\"http:\/\/www.rioonwatch.org\/wp-content\/uploads\/2018\/09\/Museum-Fire-610x264.jpg\" alt=\"\" width=\"610\" height=\"264\" \/><\/a><\/p>\n<p>How sad to think that the next researchers to make their way to Rio will not be visiting the library at the National Museum. It is difficult to imagine it ever opening again, in anything like the same form. And the schoolchildren will not be visiting the museum. And the work that we were celebrating only six weeks ago as one of the foundations of Brazilian higher education and Brazilian Studies now lies in ruins. The National Museum brought together all these disparate threads, and they are now severed.<\/p>\n<p>So much is irreparably lost. The connections, or at least the shared interests\u2014between schoolchildren, researchers past and present, all the <a href=\"http:\/\/bit.ly\/2MSSMiN\" target=\"_blank\" rel=\"noopener\">varied people who crisscross<\/a> the Quinta da Boa Vista\u2014can perhaps be reconstructed, even though so much about <a href=\"http:\/\/bit.ly\/2NcRNsU\" target=\"_blank\" rel=\"noopener\">Brazil&#8217;s current political situation tends to destroy or obstruct<\/a> such connections and shared interests. By severing those connections, the fire both destroys and atomizes, fostering isolation instead of shared interests. Brazil has constructed citizenship from the ashes before. I&#8217;ll hope that it can do so again.<\/p>\n<p><em><a href=\"http:\/\/bit.ly\/2MVP1sT\" target=\"_blank\" rel=\"noopener\">Bryan McCann<\/a> is a professor of Brazilian history at Georgetown University. McCann\u00a0served as president of the Brazilian Studies Association from 2016-2018. His recent book,\u00a0<a href=\"http:\/\/bit.ly\/1jnn0pt\" target=\"_blank\" rel=\"noopener\">Hard Times in the Marvelous City: From Dictatorship to Democracy in the Favelas of Rio de Janeiro<\/a>\u00a0(Duke, 2013) explores the political relationship between Rio\u2019s favelas and municipal and state government. McCann currently serves on the board of <a href=\"http:\/\/bit.ly\/ZsEul3\" target=\"_blank\" rel=\"noopener\">Catalytic Communities<\/a>, the organization that publishes RioOnWatch.<\/em><\/p>\n","protected":false},"excerpt":{"rendered":"<div class=\"mh-excerpt\"><p>Clique aqui para Portugu\u00eas Over the course of the week, RioOnWatch will be publishing a series of\u00a0notes on the tragic fire that destroyed the National Museum\u00a0this past Sunday. The following note is based on one\u00a0posted <a class=\"mh-excerpt-more\" href=\"https:\/\/rioonwatch.org\/?p=46779\" title=\"The National Museum, a Pillar of Brazilian Higher Education and Brazilian Studies, Lies in Ruins\">[&#8230;]<\/a><\/p>\n<\/div>","protected":false},"author":78,"featured_media":46785,"comment_status":"closed","ping_status":"closed","sticky":false,"template":"","format":"standard","meta":{"_monsterinsights_skip_tracking":false,"_monsterinsights_sitenote_active":false,"_monsterinsights_sitenote_note":"","_monsterinsights_sitenote_category":0,"footnotes":""},"categories":[1288,2242,328,336,1329],"tags":[498,479,397,188,715,576,1101,1105,2804,171,2805,685,2634,2808,2323,398],"writer":[2810],"translator":[],"illustrator":[],"photographer":[],"class_list":{"0":"post-46779","1":"post","2":"type-post","3":"status-publish","4":"format-standard","5":"has-post-thumbnail","7":"category-highlight","8":"category-democracy","9":"category-understanding-rio","10":"category-violations","11":"category-by-international-observers","12":"tag-citizenship","13":"tag-democracy","14":"tag-education","15":"tag-history","16":"tag-indigenous","17":"tag-integration","18":"tag-library","19":"tag-military-dictatorship","20":"tag-national-museum","21":"tag-public-space","22":"tag-quinta-da-boa-vista","23":"tag-sao-cristovao","24":"tag-series","25":"tag-series-national-museum-in-flames","26":"tag-ufrj","27":"tag-university","28":"writer-bryan-mccann"},"_links":{"self":[{"href":"https:\/\/rioonwatch.org\/index.php?rest_route=\/wp\/v2\/posts\/46779","targetHints":{"allow":["GET"]}}],"collection":[{"href":"https:\/\/rioonwatch.org\/index.php?rest_route=\/wp\/v2\/posts"}],"about":[{"href":"https:\/\/rioonwatch.org\/index.php?rest_route=\/wp\/v2\/types\/post"}],"author":[{"embeddable":true,"href":"https:\/\/rioonwatch.org\/index.php?rest_route=\/wp\/v2\/users\/78"}],"replies":[{"embeddable":true,"href":"https:\/\/rioonwatch.org\/index.php?rest_route=%2Fwp%2Fv2%2Fcomments&post=46779"}],"version-history":[{"count":0,"href":"https:\/\/rioonwatch.org\/index.php?rest_route=\/wp\/v2\/posts\/46779\/revisions"}],"wp:featuredmedia":[{"embeddable":true,"href":"https:\/\/rioonwatch.org\/index.php?rest_route=\/wp\/v2\/media\/46785"}],"wp:attachment":[{"href":"https:\/\/rioonwatch.org\/index.php?rest_route=%2Fwp%2Fv2%2Fmedia&parent=46779"}],"wp:term":[{"taxonomy":"category","embeddable":true,"href":"https:\/\/rioonwatch.org\/index.php?rest_route=%2Fwp%2Fv2%2Fcategories&post=46779"},{"taxonomy":"post_tag","embeddable":true,"href":"https:\/\/rioonwatch.org\/index.php?rest_route=%2Fwp%2Fv2%2Ftags&post=46779"},{"taxonomy":"writer","embeddable":true,"href":"https:\/\/rioonwatch.org\/index.php?rest_route=%2Fwp%2Fv2%2Fwriter&post=46779"},{"taxonomy":"translator","embeddable":true,"href":"https:\/\/rioonwatch.org\/index.php?rest_route=%2Fwp%2Fv2%2Ftranslator&post=46779"},{"taxonomy":"illustrator","embeddable":true,"href":"https:\/\/rioonwatch.org\/index.php?rest_route=%2Fwp%2Fv2%2Fillustrator&post=46779"},{"taxonomy":"photographer","embeddable":true,"href":"https:\/\/rioonwatch.org\/index.php?rest_route=%2Fwp%2Fv2%2Fphotographer&post=46779"}],"curies":[{"name":"wp","href":"https:\/\/api.w.org\/{rel}","templated":true}]}}