{"id":47812,"date":"2018-10-11T13:48:34","date_gmt":"2018-10-11T16:48:34","guid":{"rendered":"http:\/\/www.rioonwatch.org\/?p=47812"},"modified":"2019-01-11T14:47:02","modified_gmt":"2019-01-11T17:47:02","slug":"victories-and-the-same-brazil-that-elects-black-and-favela-candidates-votes-for-those-who-hate-them","status":"publish","type":"post","link":"https:\/\/rioonwatch.org\/?p=47812","title":{"rendered":"A Brazil that Elects Black and Favela Candidates Also Votes for Those Who Despise Them"},"content":{"rendered":"<p style=\"text-align: right;\"><strong><a href=\"http:\/\/bit.ly\/2ym5qwk\" target=\"_blank\" rel=\"noopener\"><em>Clique aqui para Portugu\u00eas<img decoding=\"async\" width=\"20\" height=\"20\" class=\"alignright size-full wp-image-23766\" src=\"http:\/\/www.rioonwatch.org\/wp-content\/uploads\/2012\/08\/PT-e1439583827971.png\" \/><\/em><\/a><\/strong><\/p>\n<p><span style=\"font-weight: 400;\">In Rio de Janeiro, <a href=\"http:\/\/bit.ly\/2QEZjLW\" target=\"_blank\" rel=\"noopener\">three black women from favelas<\/a> who had worked for <a href=\"http:\/\/bit.ly\/2IsqO7s\" target=\"_blank\" rel=\"noopener\">Marielle Franco<\/a>\u00a0prior to her assassination were elected as state representatives: <a href=\"http:\/\/bit.ly\/2xt7UJc\" target=\"_blank\" rel=\"noopener\">Renata Souza<\/a> (<a href=\"http:\/\/bit.ly\/2dC0T1A\" target=\"_blank\" rel=\"noopener\">PSOL<\/a>), a postdoctoral researcher in media and resistance against militarization and resident of the\u00a0<a href=\"http:\/\/bit.ly\/1rNMXO3\" target=\"_blank\" rel=\"noopener\">Mar\u00e9<\/a>\u00a0favela; <a href=\"http:\/\/bit.ly\/2xq5FGn\" target=\"_blank\" rel=\"noopener\">M\u00f4nica Francisco<\/a> (PSOL), a social scientist, evangelical pastor, and activist from the\u00a0<a href=\"http:\/\/bit.ly\/1DGhXtG\" target=\"_blank\" rel=\"noopener\">Borel<\/a>\u00a0favela; and <a href=\"http:\/\/bit.ly\/2MO352T\" target=\"_blank\" rel=\"noopener\">Dani Monteiro<\/a> (PSOL), a young activist and social sciences student from the\u00a0<a href=\"http:\/\/bit.ly\/1C0OFGu\" target=\"_blank\" rel=\"noopener\">S\u00e3o Carlos<\/a> favela. Also elected were\u00a0<a href=\"http:\/\/bit.ly\/2pL4dL7\" target=\"_blank\" rel=\"noopener\">Tal\u00edria Petrone<\/a> (PSOL)\u2014a black woman, public school teacher, and close friend of Marielle\u2014and\u00a0<a href=\"http:\/\/bit.ly\/2Kcysml\" target=\"_blank\" rel=\"noopener\">Benedita da Silva<\/a> (<a href=\"http:\/\/bit.ly\/2NvuUNY\" target=\"_blank\" rel=\"noopener\">PT<\/a>) from the\u00a0<a href=\"http:\/\/bit.ly\/2xvUV9F\" target=\"_blank\" rel=\"noopener\">Chap\u00e9u Mangueira<\/a>\u00a0favela, the first black woman to occupy a seat in Rio&#8217;s City Council (in 1982), the <a href=\"http:\/\/bit.ly\/2CluusP\" target=\"_blank\" rel=\"noopener\">only black woman elected to the Senate<\/a> (in 1994), and the <a href=\"https:\/\/nyti.ms\/2DgNObh\" target=\"_blank\" rel=\"noopener\">first black woman in Brazil to serve as governor<\/a>\u00a0(in 2002).<\/span><\/p>\n<p><a href=\"http:\/\/www.rioonwatch.org\/wp-content\/uploads\/2018\/10\/Dani-Monica-Renata-Taliria-Rose.jpg\"><img fetchpriority=\"high\" decoding=\"async\" class=\"aligncenter wp-image-47803 size-content\" title=\"From left to right: Dani Monteiro, M\u00f4nica Francisco, Renata Souza (elected state deputies); Tal\u00edria Petrone (elected federal deputy); and Rose Cipriano (not elected) in front of the City Council building\" src=\"http:\/\/www.rioonwatch.org\/wp-content\/uploads\/2018\/10\/Dani-Monica-Renata-Taliria-Rose-620x264.jpg\" alt=\"\" width=\"620\" height=\"264\" srcset=\"https:\/\/rioonwatch.org\/wp-content\/uploads\/2018\/10\/Dani-Monica-Renata-Taliria-Rose-620x264.jpg 620w, https:\/\/rioonwatch.org\/wp-content\/uploads\/2018\/10\/Dani-Monica-Renata-Taliria-Rose-940x400.jpg 940w\" sizes=\"(max-width: 620px) 100vw, 620px\" \/><\/a><\/p>\n<p><span style=\"font-weight: 400;\">In <a href=\"http:\/\/bit.ly\/2C9rVbJ\" target=\"_blank\" rel=\"noopener\">S\u00e3o Paulo<\/a>,\u00a0<a href=\"http:\/\/bit.ly\/2C53dsY\" target=\"_blank\" rel=\"noopener\">Erica Malunguinho<\/a> (PSOL) became the first trans woman\u00a0elected as state deputy in Brazil. Malunguinho is also a black woman from Brazil&#8217;s northeast and the founder of cultural and political center\u00a0<a href=\"http:\/\/bit.ly\/2IITCt3\" target=\"_blank\" rel=\"noopener\">Aparelha Luzia<\/a>\u2014a space for black resistance in downtown S\u00e3o Paulo, also referred to as an urban <em>quilombo<\/em>. \u00a0<\/span><\/p>\n<p><a href=\"http:\/\/www.rioonwatch.org\/wp-content\/uploads\/2018\/10\/Erica-Malunginho.jpg\"><img decoding=\"async\" class=\"aligncenter wp-image-47804 size-content\" title=\"Erica Malunginho at Aparelha Luzia in S\u00e3o Paulo. Photo: Juliana Farinha \/ El Pa\u00eds\" src=\"http:\/\/www.rioonwatch.org\/wp-content\/uploads\/2018\/10\/Erica-Malunginho-620x264.jpg\" alt=\"\" width=\"620\" height=\"264\" srcset=\"https:\/\/rioonwatch.org\/wp-content\/uploads\/2018\/10\/Erica-Malunginho-620x264.jpg 620w, https:\/\/rioonwatch.org\/wp-content\/uploads\/2018\/10\/Erica-Malunginho-300x128.jpg 300w, https:\/\/rioonwatch.org\/wp-content\/uploads\/2018\/10\/Erica-Malunginho-768x327.jpg 768w, https:\/\/rioonwatch.org\/wp-content\/uploads\/2018\/10\/Erica-Malunginho-940x400.jpg 940w, https:\/\/rioonwatch.org\/wp-content\/uploads\/2018\/10\/Erica-Malunginho.jpg 977w\" sizes=\"(max-width: 620px) 100vw, 620px\" \/><\/a><\/p>\n<p><span style=\"font-weight: 400;\">In Pernambuco, the <a href=\"http:\/\/bit.ly\/2OIYnYT\" target=\"_blank\" rel=\"noopener\">collective candidacy Juntas<\/a> (PSOL) gained a seat in the state legislature. <a href=\"http:\/\/bit.ly\/2oIjj3b\" target=\"_blank\" rel=\"noopener\">As current legislation does not yet allow for collective candidacies<\/a>,\u00a0J\u00f4 Cavalcanti\u2014a street vendor and Homeless Workers&#8217; Movement activist\u2014registered her name as \u201cJuntas\u201d and campaigned with four other co-candidates, forming a predominantly black grassroots candidacy. The collective is composed of Katia Cunha, a teacher and activist for feminist and pro-union causes; Carol Vergolino, an audiovisual journalist and feminist activist; Joelma Carla da Silva, a university student and activist from rural Pernambuco; Robeyonc\u00e9 Lima, a lawyer and trans woman from a community in Recife; and Cavalcanti herself. <\/span><\/p>\n<p><a href=\"http:\/\/www.rioonwatch.org\/wp-content\/uploads\/2018\/10\/Juntas-Collective-Pernambuco.jpg\"><img loading=\"lazy\" decoding=\"async\" class=\"aligncenter wp-image-47806 size-content\" title=\"From left to right: Joelma Carla da Silva, Katia Cunha, J\u00f4 Cavalcanti, Carol Vergolino, Robeyonc\u00e9 Lima. Photo: Juntas Facebook page\" src=\"http:\/\/www.rioonwatch.org\/wp-content\/uploads\/2018\/10\/Juntas-Collective-Pernambuco-620x264.jpg\" alt=\"\" width=\"620\" height=\"264\" srcset=\"https:\/\/rioonwatch.org\/wp-content\/uploads\/2018\/10\/Juntas-Collective-Pernambuco-620x264.jpg 620w, https:\/\/rioonwatch.org\/wp-content\/uploads\/2018\/10\/Juntas-Collective-Pernambuco-940x400.jpg 940w\" sizes=\"(max-width: 620px) 100vw, 620px\" \/><\/a><\/p>\n<p><span style=\"font-weight: 400;\">In Minas Gerais, two black women were elected: <a href=\"http:\/\/bit.ly\/2NvMMro\" target=\"_blank\" rel=\"noopener\">\u00c1urea Carolina de Freitas<\/a> (PSOL) as federal deputy\u2014being the most-voted female candidate for this office\u2014and <a href=\"http:\/\/bit.ly\/2Qyd7qX\" target=\"_blank\" rel=\"noopener\">Andreia de Jesus<\/a> (PSOL) as state deputy. In 2016, Freitas was the most-voted candidate in Belo Horizonte&#8217;s City Council election. In Roraima, Jo\u00eania Wapichana (<a href=\"http:\/\/bit.ly\/2C7U82r\" target=\"_blank\" rel=\"noopener\">REDE<\/a>)\u2014the country&#8217;s first indigenous female lawyer\u2014is now also the <a href=\"http:\/\/bit.ly\/2Cb0zSa\" target=\"_blank\" rel=\"noopener\">first indigenous woman to be elected as federal deputy<\/a>. Of the 513 federal deputies in Bras\u00edlia, <a href=\"http:\/\/bit.ly\/2C7h8P3\" target=\"_blank\" rel=\"noopener\">77 female representatives were elected in total<\/a>\u201426 more than the number elected in 2014. Among these representatives, the number of black women rose from ten to thirteen.<\/span><\/p>\n<p><a href=\"http:\/\/www.rioonwatch.org\/wp-content\/uploads\/2018\/10\/Joenia-Wapichana-.jpg\"><img loading=\"lazy\" decoding=\"async\" class=\"aligncenter wp-image-47805 size-content\" title=\"Jo\u00eania Wapichana. Photo: Press release\" src=\"http:\/\/www.rioonwatch.org\/wp-content\/uploads\/2018\/10\/Joenia-Wapichana--620x264.jpg\" alt=\"\" width=\"620\" height=\"264\" \/><\/a><\/p>\n<p><span style=\"font-weight: 400;\">Despite the increase in representation, the configuration of state legislatures and federal Congress is a sad reflection of this moment of <a href=\"http:\/\/bit.ly\/2CeXG3T\" target=\"_blank\" rel=\"noopener\">political polarization<\/a>. Uncoincidentally, in the Chamber of Deputies, the two parties that secured the most seats were the Workers&#8217; Party (PT) and the Social Liberal Party (PSL &#8211; Bolsonaro\u2019s party) with 56 and 52 representatives, respectively. In 2014, only one representative of the PSL was elected as federal deputy. Among Rio de Janeiro\u2019s federal congressional representatives, the most-voted candidate was H\u00e9lio Fernando Barbosa Lopes (known as H\u00e9lio Neg\u00e3o), a black military serviceman of the PSL\u2014belonging to the same party as Bolsonaro, a candidate who makes <a href=\"https:\/\/nyti.ms\/2LDf7fk\" target=\"_blank\" rel=\"noopener\">openly racist statements<\/a>. Despite being the most-voted candidate for this office, he only\u00a0<a href=\"http:\/\/bit.ly\/2EanEr3\" target=\"_blank\" rel=\"noopener\">received 480 votes two years ago<\/a>\u00a0when running for City Council of Nova Igua\u00e7u, a municipality [in Greater Rio] with nearly 600,000 voters. The huge vote surge of this and other PSL candidates in the final moments of the election <a href=\"https:\/\/l.facebook.com\/l.php?u=http%3A%2F%2Fbit.ly%2F2E7Te8U&amp;h=AT1Nvs6b9ok_cbQUPu1cb9aVnZyhE0aSav1Ijyixc8BEfxZ1BRGYuY9hcbrYWOqqqpAlw-cu5sTCMzj6r30WWd46Zgm9zXKGn2w9wLryWjnQsGHTxnzMWaGMcMbhTDFu87WQm1BtH4q_jD7c6BmEs0zT\" target=\"_blank\" rel=\"noopener\">can be attributed in perhaps large part to the strategic use of WhatsApp<\/a> as a means through which to share fake stories targeted to individuals (<a href=\"http:\/\/bit.ly\/2ITnfrK\" target=\"_blank\" rel=\"noopener\">a strategy developed with support from Steve Bannon<\/a>), and the highly contradictory proximity between the two candidates\u00a0<a href=\"http:\/\/bit.ly\/2Eidwwa\" target=\"_blank\" rel=\"noopener\">can be attributed to a campaign strategy to shield Bolsonaro<\/a> from denunciations of racism and appeal to black and brown voters, who comprise nearly 55% of the Brazilian population.<\/span><\/p>\n<p><span style=\"font-weight: 400;\">In the Senate, the parties to elect the most candidates were the\u00a0<a href=\"http:\/\/bit.ly\/2C73qLW\" target=\"_blank\" rel=\"noopener\">Brazilian Democratic Movement<\/a> (MDB), the Sustainability Network (REDE), and the\u00a0<a href=\"http:\/\/bit.ly\/2C5yMCS\" target=\"_blank\" rel=\"noopener\">Progressive Party<\/a> (PP), which is distinct from the current configuration in which Democrats (DEM), the <a href=\"http:\/\/bit.ly\/2C75ZxC\" target=\"_blank\" rel=\"noopener\">Brazilian Social Democracy Party<\/a> (PSDB), and the Workers&#8217; Party (PT) are the parties with the greatest representation. Of the 54 senators elected, <a href=\"http:\/\/bit.ly\/2OacF5r\" target=\"_blank\" rel=\"noopener\">seven are women<\/a> but none are black women. These women will join five incumbents for a total of twelve female senators (there are currently thirteen).<\/span>\u00a0I<span style=\"font-weight: 400;\">n Rio de Janeiro, Fl\u00e1vio Bolsonaro (PSL) and <a href=\"http:\/\/bit.ly\/2CwgN9A\" target=\"_blank\" rel=\"noopener\">Arolde de Oliveira<\/a> (Social Democratic Party\u2013<a href=\"http:\/\/bit.ly\/2C77RXa\" target=\"_blank\" rel=\"noopener\">PSD<\/a>), both supported by presidential candidate Jair Bolsonaro, were elected to the Senate and will join Rom\u00e1rio de Souza Faria (Podemos), who will serve the remaining four years of his term after failing in his attempt at Rio governor. \u00a0<\/span><\/p>\n<p><span style=\"font-weight: 400;\">In the Rio de Janeiro State Legislative Assembly (<a href=\"http:\/\/bit.ly\/2CBZeVO\" target=\"_blank\" rel=\"noopener\">ALERJ<\/a>), there was an increase in the number of black female representatives from favelas<\/span><span style=\"font-weight: 400;\">\u2014but the number of PSL representatives increased as well. With thirteen state deputies, PSL is the party with the greatest representation.<\/span><b>\u00a0<\/b><span style=\"font-weight: 400;\">Among the five most-voted candidates, four are from the PSL\u2014including the single most-voted candidate, representative Rodrigo Amorim. Amorim was little-known prior to his involvement\u00a0<a href=\"http:\/\/bit.ly\/2IIYbUd\" target=\"_blank\" rel=\"noopener\">in a disgraceful act of vandalism<\/a>\u2014destroying the street sign that honored Marielle Franco\u2014<a href=\"http:\/\/bit.ly\/2NBP48v\" target=\"_blank\" rel=\"noopener\">for which he gained recognition on social media<\/a>. The parties with the greatest representation\u00a0<\/span><span style=\"font-weight: 400;\">after PSL are DEM (six representatives), followed by MDB and PSOL (with five each). The result is a highly segmented legislature comprised of representatives from 26 parties.\u00a0<\/span><\/p>\n<figure id=\"attachment_47932\" aria-describedby=\"caption-attachment-47932\" style=\"width: 243px\" class=\"wp-caption alignright\"><a href=\"http:\/\/www.rioonwatch.org\/wp-content\/uploads\/2018\/10\/Legenda-Bolsonaro.png\"><img loading=\"lazy\" decoding=\"async\" class=\"size-medium wp-image-47932\" src=\"http:\/\/www.rioonwatch.org\/wp-content\/uploads\/2018\/10\/Legenda-Bolsonaro-243x300.png\" alt=\"\" width=\"243\" height=\"300\" srcset=\"https:\/\/rioonwatch.org\/wp-content\/uploads\/2018\/10\/Legenda-Bolsonaro-243x300.png 243w, https:\/\/rioonwatch.org\/wp-content\/uploads\/2018\/10\/Legenda-Bolsonaro.png 597w\" sizes=\"(max-width: 243px) 100vw, 243px\" \/><\/a><figcaption id=\"caption-attachment-47932\" class=\"wp-caption-text\">Line-up recommended through last-minute channels on private WhatsApp threads in Rio de Janeiro on Saturday.<\/figcaption><\/figure>\n<p><span style=\"font-weight: 400;\">For executive offices, the scenario is even more disheartening. There will be a runoff gubernatorial election in Rio.\u00a0<a href=\"https:\/\/glo.bo\/2CwgP17\" target=\"_blank\" rel=\"noopener\">Wilson Witzel<\/a> (Social Christian Party\u2013PSC), the candidate supported by Bolsonaro, received 41% of valid votes. Bolsonaro\u2019s support, and last-minute WhatsApp transmissions from Bolsonaro&#8217;s social media teams listing his recommended line-up, could explain the rapid and exponential growth of a candidate without any prior experience in politics and who, less than three weeks prior to the election, had secured only 2% of intended votes. Eduardo Paes (DEM), in his turn, received 20% of valid votes. On one hand, Witzel defends \u201c<a href=\"https:\/\/glo.bo\/2CwgP17\" target=\"_blank\" rel=\"noopener\">protecting police officers from possible conviction<\/a>&#8220;\u2014that is, granting police more freedom to act with impunity in one of the most deadly states for black and poor people in Brazil. On the other hand, Paes authorized the aggressive<\/span>\u00a0eviction\u00a0<span style=\"font-weight: 400;\">of countless favelas during the pre-Olympic period. Neither candidate was present at the <a href=\"http:\/\/bit.ly\/2IrwejG\" target=\"_blank\" rel=\"noopener\">debates with favela residents<\/a>. \u00a0<\/span><\/p>\n<p>Witzel appeared in the media in 2013 when he ordered the arrest of protestors and demanded the de-occupation of the former <a href=\"http:\/\/bit.ly\/2aNFNeX\" target=\"_blank\" rel=\"noopener\">Indigenous Museum<\/a>, occupied by indigenous peoples who had been violently removed by police from <a href=\"http:\/\/bit.ly\/1HJUz0K\" target=\"_blank\" rel=\"noopener\">Aldeia Maracan\u00e3<\/a>. In his proposed government plan, Witzel claims that &#8220;the issue of public security needs to be a &#8216;police matter&#8217; and no longer a matter of politics.&#8221; Furthermore, the candidate appeared speaking alongside the two elected PSL deputies <a href=\"http:\/\/bit.ly\/2QwIRMU\" target=\"_blank\" rel=\"noopener\">when Marielle&#8217;s plaque was destroyed<\/a>.<\/p>\n<p>As for the presidential election, candidate Jair Bolsonaro proceeds to the runoff with 46% of valid votes in the first round (the <a href=\"https:\/\/glo.bo\/2pO45e9\" target=\"_blank\" rel=\"noopener\">first second round poll<\/a> puts him at 58%). His proposals include granting legal protection for police who <a href=\"http:\/\/bit.ly\/2ygXU5Q\" target=\"_blank\" rel=\"noopener\">commit crimes while on-duty<\/a> and <a href=\"http:\/\/bit.ly\/2IdOIUx\" target=\"_blank\" rel=\"noopener\">classifying the act of residing on a property without a land title\u00a0as terrorism<\/a>\u2014both of which directly threaten the bodily integrity and housing rights of favela residents. He has <a href=\"http:\/\/bit.ly\/2yplHRu\" target=\"_blank\" rel=\"noopener\">declared himself in favor of militias<\/a>\u2014which act violently and perpetrate crimes of extortion (and often drug trafficking as well). He has gone so far as to defend the legalization and state-sponsorship of militias, though he has <a href=\"https:\/\/glo.bo\/2ypuyCx\" target=\"_blank\" rel=\"noopener\">toned down this discourse in recent years due to strong [public] rejection<\/a><\/p>\n<p>His speeches are imbued with overt racism. Responding to a question about what he would do if one of his sons were to date a black woman, he said: &#8220;I&#8217;m not going to discuss promiscuity with anyone. I won&#8217;t run this risk. My sons were well-educated&#8221;\u2014in an unfortunate association between promiscuity and race. He also said that he &#8220;<a href=\"https:\/\/glo.bo\/2y95vV3\" target=\"_blank\" rel=\"noopener\">would not board a plane piloted by a beneficiary of affirmative action<\/a>, nor would he be willing to undergo an operation performed by such a doctor.&#8221; After visiting a\u00a0<em>quilombola\u00a0<\/em>community, <a href=\"http:\/\/bit.ly\/2PnotxC\" target=\"_blank\" rel=\"noopener\">Bolsonaro said<\/a> that &#8220;the least heavy afro-descendant weighed seven <em>arrobas<\/em> (270 lbs)&#8221; and that the residents &#8220;do nothing\u2014they&#8217;re not even good for procreation.&#8221; He has said that if elected, he will eliminate protections for indigenous and\u00a0<em>quilombola\u00a0<\/em>territories.<\/p>\n<p><a href=\"http:\/\/www.rioonwatch.org\/wp-content\/uploads\/2018\/10\/Mestre-Moa-do-Katende.jpg\"><img loading=\"lazy\" decoding=\"async\" class=\"aligncenter wp-image-47808 size-full\" title=\"Capoeira Master Moa do Katende\" src=\"http:\/\/www.rioonwatch.org\/wp-content\/uploads\/2018\/10\/Mestre-Moa-do-Katende.jpg\" alt=\"\" width=\"750\" height=\"620\" srcset=\"https:\/\/rioonwatch.org\/wp-content\/uploads\/2018\/10\/Mestre-Moa-do-Katende.jpg 750w, https:\/\/rioonwatch.org\/wp-content\/uploads\/2018\/10\/Mestre-Moa-do-Katende-300x248.jpg 300w\" sizes=\"(max-width: 750px) 100vw, 750px\" \/><\/a><\/p>\n<p>Furthermore, his discourse on social activism is alarming. <a href=\"http:\/\/bit.ly\/2OghB97\" target=\"_blank\" rel=\"noopener\">In a video commentary on the first-round election results<\/a>, he said that he will put an end to social activism in Brazil, threatening civil society. This sector&#8217;s most important work involves monitoring, addressing, and demanding government transparency and promoting human rights, including preventing and denouncing rights violations committed against favela residents. He has also said that <a href=\"https:\/\/glo.bo\/2PnDfEO\" target=\"_blank\" rel=\"noopener\">he will withdraw Brazil from the United Nations<\/a>, an international organization that brings together all nations and broadly aims to promote cooperation, including around issues of international law, international security, economic development, social progress, human rights, and world peace.<\/p>\n<p>With a scarcity of proposals in both <a href=\"http:\/\/bit.ly\/2ygXU5Q\" target=\"_blank\" rel=\"noopener\">his governance plan<\/a> (which is more antagonistic than proactive) and in his discourse (he didn&#8217;t participate in debates), it&#8217;s possible to argue that Bolsonaro&#8217;s popularity among voters stems less from his proposals and more from what he represents. We are already seeing the effects of what a possible Bolsonaro presidency represents and licenses\u2014before he has even been elected. On the night following the first election, composer and capoeira master <a href=\"http:\/\/bit.ly\/2E6b7Vj\" target=\"_blank\" rel=\"noopener\">Moa do Katend\u00ea was stabbed to death<\/a>\u00a0by a Bolsonaro supporter in a political discussion in Bahia. During the campaign in a S\u00e3o Paulo metro station, <a href=\"http:\/\/bit.ly\/2OMXoHd\" target=\"_blank\" rel=\"noopener\">supporters chanted<\/a>\u00a0to their opponents <a href=\"http:\/\/bit.ly\/2A4VadY\" target=\"_blank\" rel=\"noopener\">that Bolsonaro plans to kill LGBT persons<\/a>.<\/p>\n<p>Attacks on favelas and favela residents\u2014which\u00a0are being legitimized by this candidate\u2014can be exemplified in the following exchange on Twitter, in which a supporter echoes Bolsonaro&#8217;s <a href=\"https:\/\/glo.bo\/2QPWLLo\" target=\"_blank\" rel=\"noopener\">promise to gun down Rocinha<\/a> if criminals fail to surrender and blames a favela resident&#8217;s supposed lack of willingness to work as the cause of shootouts near his house. The resident in question is <a href=\"http:\/\/bit.ly\/2LmX3Wc\" target=\"_blank\" rel=\"noopener\">Rene Silva<\/a>, a resident of <a href=\"http:\/\/bit.ly\/1nEeBwu\" target=\"_blank\" rel=\"noopener\">Complexo do Alem\u00e3o<\/a> and founder of the alternative media outlet\u00a0<em><a href=\"http:\/\/bit.ly\/2do6TZB\" target=\"_blank\" rel=\"noopener\">Voz das Comunidades<\/a>.\u00a0<\/em>Silva was recently recognized in New York as one of the <a href=\"http:\/\/bit.ly\/2NsDmNy\" target=\"_blank\" rel=\"noopener\">100 Most Influential People of African Descent Under 40<\/a>,\u00a0a prize awarded to Ta\u00eds Ara\u00fajo and L\u00e1zaro Ramos last year.<\/p>\n<p><a href=\"http:\/\/www.rioonwatch.org\/wp-content\/uploads\/2018\/10\/Rene-Silva-Twitter-1.jpg\"><img loading=\"lazy\" decoding=\"async\" class=\"aligncenter wp-image-47863 size-full\" title=\"Photo: Rene Silva on Twitter\" src=\"http:\/\/www.rioonwatch.org\/wp-content\/uploads\/2018\/10\/Rene-Silva-Twitter-1.jpg\" alt=\"\" width=\"620\" height=\"395\" srcset=\"https:\/\/rioonwatch.org\/wp-content\/uploads\/2018\/10\/Rene-Silva-Twitter-1.jpg 620w, https:\/\/rioonwatch.org\/wp-content\/uploads\/2018\/10\/Rene-Silva-Twitter-1-300x191.jpg 300w\" sizes=\"(max-width: 620px) 100vw, 620px\" \/><\/a><img loading=\"lazy\" decoding=\"async\" class=\"aligncenter wp-image-47862 size-full\" title=\"Photo: Rene Silva on Twitter\" src=\"http:\/\/www.rioonwatch.org\/wp-content\/uploads\/2018\/10\/Rene-Silva-Twitter-2-1.jpg\" alt=\"\" width=\"620\" height=\"420\" srcset=\"https:\/\/rioonwatch.org\/wp-content\/uploads\/2018\/10\/Rene-Silva-Twitter-2-1.jpg 620w, https:\/\/rioonwatch.org\/wp-content\/uploads\/2018\/10\/Rene-Silva-Twitter-2-1-300x203.jpg 300w\" sizes=\"(max-width: 620px) 100vw, 620px\" \/><\/p>\n<p>Some maintain that a president cannot enact laws alone and that if elected, Bolsonaro would not be capable of passing his most extremist ideas through Congress. This belief should be revisited in times of polarization and in light of the new configuration of Congress, with significant representation from his own party.<\/p>\n<p><a href=\"http:\/\/www.rioonwatch.org\/wp-content\/uploads\/2018\/10\/Rene-Silva-Twitter.jpg\"><img loading=\"lazy\" decoding=\"async\" class=\"aligncenter wp-image-47809 size-full\" title=\"Photo: Twitter page of Rene Silva\" src=\"http:\/\/www.rioonwatch.org\/wp-content\/uploads\/2018\/10\/Rene-Silva-Twitter.jpg\" alt=\"\" width=\"960\" height=\"612\" \/><\/a><\/p>\n","protected":false},"excerpt":{"rendered":"<div class=\"mh-excerpt\"><p>Clique aqui para Portugu\u00eas In Rio de Janeiro, three black women from favelas who had worked for Marielle Franco\u00a0prior to her assassination were elected as state representatives: Renata Souza (PSOL), a postdoctoral researcher in media <a class=\"mh-excerpt-more\" href=\"https:\/\/rioonwatch.org\/?p=47812\" title=\"A Brazil that Elects Black and Favela Candidates Also Votes for Those Who Despise Them\">[&#8230;]<\/a><\/p>\n<\/div>","protected":false},"author":78,"featured_media":47807,"comment_status":"closed","ping_status":"closed","sticky":false,"template":"","format":"standard","meta":{"_monsterinsights_skip_tracking":false,"_monsterinsights_sitenote_active":false,"_monsterinsights_sitenote_note":"","_monsterinsights_sitenote_category":0,"footnotes":""},"categories":[2689,1668,1288,336],"tags":[646,2069,804,525,162,280,32,1688,2239,272,595,2211,11,715,936,1507,2449,2039,152,2835,2481,374,2241,2820,2837,2215,2836,2217,2040,450,1189,2218,1408,406,2185,1843],"writer":[2247],"translator":[2802,2528],"illustrator":[],"photographer":[],"class_list":{"0":"post-47812","1":"post","2":"type-post","3":"status-publish","4":"format-standard","5":"has-post-thumbnail","7":"category-mariellelegacy","8":"category-participationwatch","9":"category-highlight","10":"category-violations","11":"tag-aldeia-maracana","12":"tag-alerj","13":"tag-borel","14":"tag-chapeu-mangueira","15":"tag-city-council","16":"tag-complexo-da-mare","17":"tag-complexo-do-alemao","18":"tag-congress","19":"tag-dem","20":"tag-mayor-eduardo-paes","21":"tag-elections","22":"tag-favela-representation-in-politics","23":"tag-forced-evictions","24":"tag-indigenous","25":"tag-land-titling","26":"tag-lgbt","27":"tag-marielle-franco","28":"tag-pmdb","29":"tag-participation","30":"tag-podemos","31":"tag-police-violence","32":"tag-politics","33":"tag-pp","34":"tag-psb","35":"tag-psc","36":"tag-psdb","37":"tag-psl","38":"tag-psol","39":"tag-pt","40":"tag-quilombo","41":"tag-racism","42":"tag-rede","43":"tag-sao-carlos","44":"tag-sao-paulo","45":"tag-united-nations","46":"tag-voz-das-comunidades","47":"writer-luisa-fenizola","48":"translator-abigail-cramer","49":"translator-ava-rose-hoffman"},"_links":{"self":[{"href":"https:\/\/rioonwatch.org\/index.php?rest_route=\/wp\/v2\/posts\/47812","targetHints":{"allow":["GET"]}}],"collection":[{"href":"https:\/\/rioonwatch.org\/index.php?rest_route=\/wp\/v2\/posts"}],"about":[{"href":"https:\/\/rioonwatch.org\/index.php?rest_route=\/wp\/v2\/types\/post"}],"author":[{"embeddable":true,"href":"https:\/\/rioonwatch.org\/index.php?rest_route=\/wp\/v2\/users\/78"}],"replies":[{"embeddable":true,"href":"https:\/\/rioonwatch.org\/index.php?rest_route=%2Fwp%2Fv2%2Fcomments&post=47812"}],"version-history":[{"count":0,"href":"https:\/\/rioonwatch.org\/index.php?rest_route=\/wp\/v2\/posts\/47812\/revisions"}],"wp:featuredmedia":[{"embeddable":true,"href":"https:\/\/rioonwatch.org\/index.php?rest_route=\/wp\/v2\/media\/47807"}],"wp:attachment":[{"href":"https:\/\/rioonwatch.org\/index.php?rest_route=%2Fwp%2Fv2%2Fmedia&parent=47812"}],"wp:term":[{"taxonomy":"category","embeddable":true,"href":"https:\/\/rioonwatch.org\/index.php?rest_route=%2Fwp%2Fv2%2Fcategories&post=47812"},{"taxonomy":"post_tag","embeddable":true,"href":"https:\/\/rioonwatch.org\/index.php?rest_route=%2Fwp%2Fv2%2Ftags&post=47812"},{"taxonomy":"writer","embeddable":true,"href":"https:\/\/rioonwatch.org\/index.php?rest_route=%2Fwp%2Fv2%2Fwriter&post=47812"},{"taxonomy":"translator","embeddable":true,"href":"https:\/\/rioonwatch.org\/index.php?rest_route=%2Fwp%2Fv2%2Ftranslator&post=47812"},{"taxonomy":"illustrator","embeddable":true,"href":"https:\/\/rioonwatch.org\/index.php?rest_route=%2Fwp%2Fv2%2Fillustrator&post=47812"},{"taxonomy":"photographer","embeddable":true,"href":"https:\/\/rioonwatch.org\/index.php?rest_route=%2Fwp%2Fv2%2Fphotographer&post=47812"}],"curies":[{"name":"wp","href":"https:\/\/api.w.org\/{rel}","templated":true}]}}