{"id":52583,"date":"2019-05-20T11:13:41","date_gmt":"2019-05-20T14:13:41","guid":{"rendered":"http:\/\/www.rioonwatch.org\/?p=52583"},"modified":"2025-09-13T14:08:38","modified_gmt":"2025-09-13T17:08:38","slug":"families-in-chacara-do-algodao-fight-for-their-future-by-remembering-their-past","status":"publish","type":"post","link":"https:\/\/rioonwatch.org\/?p=52583","title":{"rendered":"Families of Ch\u00e1cara do Algod\u00e3o in Upscale Horto Fight for Their Future by Remembering Their Past"},"content":{"rendered":"<p class=\"p1\" style=\"text-align: right;\"><em><a href=\"http:\/\/bit.ly\/2MvvVdn\" target=\"_blank\" rel=\"noopener noreferrer\"><strong>Clique aqui para Por<\/strong><strong>tugu\u00eas<\/strong><strong><img decoding=\"async\" width=\"20\" height=\"20\" class=\"alignright size-full wp-image-23766\" src=\"https:\/\/www.rioonwatch.org\/wp-content\/uploads\/2012\/08\/PT-e1439583827971.png\" \/><\/strong><\/a><\/em><\/p>\n<p class=\"p1\">Originally constructed as a workers&#8217; village for employees of the local fabric factory, Ch\u00e1cara do Algod\u00e3o is a small community with a long history interlaced with the rise of Brazil&#8217;s textile industry located in the <a href=\"http:\/\/bit.ly\/2w37GqM\" target=\"_blank\" rel=\"noopener noreferrer\">Horto<\/a> neighborhood, in Rio&#8217;s <a href=\"http:\/\/bit.ly\/1pfz23A\" target=\"_blank\" rel=\"noopener noreferrer\">South Zone<\/a>.<\/p>\n<p class=\"p1\">The first cotton mills were unveiled in Brazil around 1845, <a href=\"http:\/\/bit.ly\/2HcdWnt\" target=\"_blank\" rel=\"noopener noreferrer\">growing rapidly<\/a> to make the textile industry one of the nation\u2019s most important well into the 20th century. According to <a href=\"http:\/\/bit.ly\/2CTjUah\" target=\"_blank\" rel=\"noopener noreferrer\">historian Stanley J. Stein<\/a>, the cotton textile industry was largely responsible for jumpstarting Brazil\u2019s industrialization and alleviating the country\u2019s reliance on exporting raw goods. Fabric manufacturer <a href=\"http:\/\/bit.ly\/2OJsFYY\" target=\"_blank\" rel=\"noopener noreferrer\">Companhia Am\u00e9rica Fabril<\/a> was a major player in this story. In 1915, at perhaps the height of its operations, the company employed <a href=\"http:\/\/bit.ly\/2HdaI33\" target=\"_blank\" rel=\"noopener noreferrer\">3,100 workers and had 2,170 looms and 85,205 spindles<\/a> across four factories. It was the <a href=\"http:\/\/bit.ly\/2TTzbxt\" target=\"_blank\" rel=\"noopener noreferrer\">largest textile company<\/a> in Rio de Janeiro at the time and at one point, the largest in Brazil. The factory was founded under a different name in 1878 (when Rio was the capital of the <a href=\"http:\/\/bit.ly\/2HcpjLZ\" target=\"_blank\" rel=\"noopener noreferrer\">Empire of Brazil<\/a>) in <a href=\"http:\/\/bit.ly\/1tPBKAW\" target=\"_blank\" rel=\"noopener noreferrer\">Mag\u00e9<\/a>, a municipality in Greater Rio de Janeiro, and became known as Am\u00e9rica Fabril after merging with another major factory.<\/p>\n<p>Following the declaration of Brazil&#8217;s independence, the government of the <a href=\"http:\/\/bit.ly\/1Xjcajy\" target=\"_blank\" rel=\"noopener noreferrer\">early republic<\/a> sought to stimulate industrialization. Benefiting from policies enacted under the guidance of finance minister <a href=\"http:\/\/bit.ly\/2YrTDID\" target=\"_blank\" rel=\"noopener noreferrer\">Ruy Barbosa<\/a>, Am\u00e9rica Fabril grew rapidly and eventually acquired a factory in Horto, F\u00e1brica Carioca, in 1920. Situated where media conglomerate Rede Globo now stands, the <a href=\"http:\/\/bit.ly\/2Yqn0uN\" target=\"_blank\" rel=\"noopener noreferrer\">factory had been granted the license to build on federal land in 1889<\/a> in hopes that the industry would stimulate the economy and attract workers to Brazil. One of those workers was the grandfather of Maria da Gl\u00f3ria Alves, known as Gl\u00f3ria, who continues to live in the community of Ch\u00e1cara do Algod\u00e3o.<\/p>\n<p><a href=\"http:\/\/www.rioonwatch.org\/wp-content\/uploads\/2019\/04\/Fabrica-Carioca-e1554394356564.jpg\"><img fetchpriority=\"high\" decoding=\"async\" class=\"aligncenter wp-image-52616 size-content\" title=\"Historic image of F\u00e1brica Carioca, the fabric factory managed by Companhia Am\u00e9rica Fabril in Horto. Photo: Cidade do Rio\" src=\"http:\/\/www.rioonwatch.org\/wp-content\/uploads\/2019\/04\/Fabrica-Carioca-e1554394356564-620x264.jpg\" alt=\"\" width=\"620\" height=\"264\" srcset=\"https:\/\/rioonwatch.org\/wp-content\/uploads\/2019\/04\/Fabrica-Carioca-e1554394356564-620x264.jpg 620w, https:\/\/rioonwatch.org\/wp-content\/uploads\/2019\/04\/Fabrica-Carioca-e1554394356564-940x400.jpg 940w\" sizes=\"(max-width: 620px) 100vw, 620px\" \/><\/a><\/p>\n<p>\u201cI had a wholesome childhood, there was everything here. There were outdoor movies and soccer. The school was right here. We played day and night here in the street. During Carnival, there was a factory block party. At Christmas, all the kids left with a toy and with clothes. My upbringing was here together with the other families. Here everyone was an &#8216;aunt,&#8217; everyone was friends. In those times, only one household had a TV and they invited us to watch\u2014a room full of children. Everyone was family,\u201d Gl\u00f3ria recalled.<\/p>\n<p><a href=\"http:\/\/www.rioonwatch.org\/wp-content\/uploads\/2019\/04\/Sports-Club-in-Chacara-do-Algodao.jpg\"><img decoding=\"async\" class=\"aligncenter wp-image-52614 size-content\" title=\"Sports club in Ch\u00e1cara do Algod\u00e3o\" src=\"http:\/\/www.rioonwatch.org\/wp-content\/uploads\/2019\/04\/Sports-Club-in-Chacara-do-Algodao-620x264.jpg\" alt=\"\" width=\"620\" height=\"264\" srcset=\"https:\/\/rioonwatch.org\/wp-content\/uploads\/2019\/04\/Sports-Club-in-Chacara-do-Algodao-620x264.jpg 620w, https:\/\/rioonwatch.org\/wp-content\/uploads\/2019\/04\/Sports-Club-in-Chacara-do-Algodao-940x400.jpg 940w\" sizes=\"(max-width: 620px) 100vw, 620px\" \/><\/a><\/p>\n<p>Gl\u00f3ria was referring to the <em>vila oper\u00e1ria<\/em>, the workers&#8217; housing that attracted people from across the region and world to work in the factory. It wasn&#8217;t the only workers&#8217; village in the area; several other institutions, including the Botanical Gardens itself, created housing for their employees. Am\u00e9rica Fabril\u2019s workers&#8217; village in Horto became known as Ch\u00e1cara do Algod\u00e3o. As Gl\u00f3ria stated, Ch\u00e1cara do Algod\u00e3o had everything that a community might need: a school, a sports club, leisure areas, events, and parties\u2014like the famous carnival block party. Gl\u00f3ria&#8217;s grandfather, mother, aunt, and other family members all worked in the factory; it was truly a family ordeal.<\/p>\n<p>However, a crisis hit the textile industry in the early 1960s and the factory in Horto was shut down soon thereafter, in 1962. In an attempt to save the company, the Central Bank of Brazil (BCB) <a href=\"http:\/\/bit.ly\/2HbWsYa\" target=\"_blank\" rel=\"noopener noreferrer\">transferred funds<\/a> to an investment bank, which then invested in the company. Nevertheless, the attempt failed, and control of the company\u2019s assets was handed over to the bank. While the company technically still existed, much of the land was <a href=\"http:\/\/bit.ly\/2OJsFYY\" target=\"_blank\" rel=\"noopener noreferrer\">sold to Rede Globo<\/a>, while the former employees were left in their houses.<\/p>\n<h3><strong>Dirty Business<\/strong><\/h3>\n<p>For a while, life went on. Workers found new jobs; Gl\u00f3ria&#8217;s mother followed Am\u00e9rica Fabril to its factory in <a href=\"http:\/\/bit.ly\/1MwIQ3z\" target=\"_blank\" rel=\"noopener noreferrer\">Tijuca<\/a>, in the <a href=\"http:\/\/bit.ly\/2HYnvqS\" target=\"_blank\" rel=\"noopener noreferrer\">North Zone<\/a>. The city of Rio de Janeiro even passed <a href=\"http:\/\/bit.ly\/2HbqtHH\" target=\"_blank\" rel=\"noopener noreferrer\">Municipal Decree 7313<\/a> in 1987 authorizing the cultural preservation of the Ch\u00e1cara do Algod\u00e3o workers&#8217; village, citing its importance to the city&#8217;s history and to those families in need of affordable housing.<\/p>\n<p>Shortly thereafter, however, Am\u00e9rica Fabril began pressuring residents to leave in spite of the municipal decree. In response, the community entered into a federal lawsuit to initiate a collective land titling process, which began in 1989. While the eviction order was halted, the company <a href=\"http:\/\/bit.ly\/4Tactics\" target=\"_blank\" rel=\"noopener noreferrer\">attempted to divide the community<\/a>, suing each family separately in state courts in 2001 for neglecting to pay rent. Then came the smokescreen that would forever alter the composition of the community.<\/p>\n<p><a href=\"http:\/\/www.rioonwatch.org\/wp-content\/uploads\/2019\/04\/Street-in-Vila-Operaria-of-Chacara-do-Algodao-e1554393781901.jpg\"><img loading=\"lazy\" decoding=\"async\" class=\"aligncenter wp-image-52611 size-content\" title=\"Street in Ch\u00e1cara do Algod\u00e3o\" src=\"http:\/\/www.rioonwatch.org\/wp-content\/uploads\/2019\/04\/Street-in-Vila-Operaria-of-Chacara-do-Algodao-e1554393781901-620x264.jpg\" alt=\"\" width=\"620\" height=\"264\" srcset=\"https:\/\/rioonwatch.org\/wp-content\/uploads\/2019\/04\/Street-in-Vila-Operaria-of-Chacara-do-Algodao-e1554393781901-620x264.jpg 620w, https:\/\/rioonwatch.org\/wp-content\/uploads\/2019\/04\/Street-in-Vila-Operaria-of-Chacara-do-Algodao-e1554393781901-940x400.jpg 940w\" sizes=\"(max-width: 620px) 100vw, 620px\" \/><\/a><\/p>\n<p>Am\u00e9rica Fabril hired a lawyer to convince individual family members to sell their houses or &#8220;officially&#8221; buy them, giving up their stake in the federal collective land titling case. The houses were later resold at a much higher cost, plausibly in an effort to pay off Am\u00e9rica Fabril\u2019s debts to the Central Bank. \u201cThe factory created a smokescreen to prevent us from seeing that it was a collective case, then individualized and criminalized the [land titling] case to be able to do this type of thing. This land was given to Am\u00e9rica Fabril with the purpose of doing social good, to build a factory and bring skilled workers here&#8230; They gave the workers homes so they could live nearby. However, when the government ceded the land, it was meant for social good\u2014not for real estate speculation. The factory then took it and speculated on federal land. They divided it up and sold what wasn&#8217;t theirs. This land was granted with the purpose of generating income tax for the government, jobs\u2014these types of things\u2014for a social purpose,\u201d stated Jorge Alves, a longtime resident.<\/p>\n<p>Prior to the court case brought by Am\u00e9rica Fabril, residents were only charged a small fee for upkeep of the community and stopped paying once the factory shut down. According to residents, the company used these receipts claiming they were rent payments and that residents had stopped paying. Then, the company hired a private lawyer to intimidate residents into selling or buying their houses to avoid further lawsuits, thus giving up their stake in the federal collective land titling case.<\/p>\n<p>The sale of the land where the community is located\u2014originally ceded to the factory for the purpose of developing workers&#8217; housing\u2014to the highest bidders in order to pay off the debts of a bankrupted private company stands in direct opposition to Clauses 22 and 23 of Article 5 of the <a href=\"http:\/\/bit.ly\/1OzrB24\" target=\"_blank\" rel=\"noopener noreferrer\">Brazilian Constitution<\/a>, which states that <a href=\"http:\/\/bit.ly\/1OzrB24\" target=\"_blank\" rel=\"noopener noreferrer\">land must serve a social function<\/a>. Community members remember the remaining cases being decided very quickly with most residents losing, including the Alves family. It wasn\u2019t until public defenders from the <a href=\"http:\/\/bit.ly\/2fCNuIN\" target=\"_blank\" rel=\"noopener noreferrer\">Land and Housing Nucleus<\/a> (NUTH) delivered a petition to halt the cases until the federal collective land titling case was decided that things calmed down.<\/p>\n<p><a href=\"http:\/\/www.rioonwatch.org\/wp-content\/uploads\/2019\/04\/Houses-in-Vila-Operaria-of-Chacara-do-Algodao-e1554393435860.jpg\"><img loading=\"lazy\" decoding=\"async\" class=\"aligncenter wp-image-52608 size-content\" title=\"Houses in Ch\u00e1cara do Algod\u00e3o\" src=\"http:\/\/www.rioonwatch.org\/wp-content\/uploads\/2019\/04\/Houses-in-Vila-Operaria-of-Chacara-do-Algodao-e1554393435860-620x264.jpg\" alt=\"\" width=\"620\" height=\"264\" srcset=\"https:\/\/rioonwatch.org\/wp-content\/uploads\/2019\/04\/Houses-in-Vila-Operaria-of-Chacara-do-Algodao-e1554393435860-620x264.jpg 620w, https:\/\/rioonwatch.org\/wp-content\/uploads\/2019\/04\/Houses-in-Vila-Operaria-of-Chacara-do-Algodao-e1554393435860-940x400.jpg 940w\" sizes=\"(max-width: 620px) 100vw, 620px\" \/><\/a><\/p>\n<p>Much damage had already been done, however. The community of 200 families had been reduced to 23. Some families \u201cbought\u201d the right to their houses and land, but simultaneously gave up their spot in the federal land titling case. Others sold out for fractions of their worth. While the community is still intact, it is now a small patchwork of the original families who continue to resist. Community leader Jo\u00e3o Paulo Barbosa Alves stated: \u201cWe&#8217;re experiencing the legacy of [early 20th century instigator of urban renewal] <a href=\"http:\/\/bit.ly\/2HcDEYP\" target=\"_blank\" rel=\"noopener noreferrer\">Pereira Passos<\/a>, which hasn\u2019t ended, it continues: this legacy of eviction. This legacy where the poor, mixed, black, indigenous, or Italian immigrant working-class people don&#8217;t have the right to live in Horto. Here, what\u2019s happening is the continuation of the cycle of evictions that has always existed in Rio de Janeiro. Geographically speaking, we live in a privileged place but financially speaking, our family does not have this privilege.\u201d<\/p>\n<h3><strong>Gentrification<\/strong><\/h3>\n<p>Another major theme becomes apparent when studying the case of the community of Ch\u00e1cara do Algod\u00e3o: gentrification. Why push forward when there are so many holes in the federal government\u2019s case for eviction? Luiz Claudio Barbosa Alves, a community leader, replied: \u201cAs I understand, it&#8217;s related to the exclusion of the poor from the South Zone. There was even a judge, who, when the public defender went to submit the petition for injunction, said, \u2018I\u2019m a judge and I can\u2019t live there. Why should they get to live there?\u2019 To me, it&#8217;s very explicit how much this land is worth and how we haven\u2019t historically been able to overcome this class dispute, with racial dimensions as well.\u201d<\/p>\n<p>Indeed, gentrification in the area is apparent from the moment one arrives. As Luiz Claudio Alves and his brother Jo\u00e3o Paulo explain, the whole area used to be known as Horto when they were younger. The map below sourced from <em>Jornal Vozes do Horto<\/em> shows the historical extent of the neighborhood; number fourteen shows Ch\u00e1cara do Algod\u00e3o. Slowly but surely, the upscale neighborhood of Jardim Bot\u00e2nico is growing, chipping away at Horto, which was once considered to encompass the entire area. Houses of celebrities can be spotted in the hills lurking over the community. While the resisting 23 families are legally barred from making changes to their houses due to the cultural heritage decree, the rest of the community looks freshly painted and hosts fancy new shops and boutiques. The Alves brothers now say they live in both Horto and Jardim Bot\u00e2nico, depending on who asks. While the area&#8217;s gentrification is highly visible, the process it entails is not simply limited to aesthetics.<\/p>\n<p><a href=\"http:\/\/www.rioonwatch.org\/wp-content\/uploads\/2019\/04\/Horto-Map-e1554393666631.jpg\"><img loading=\"lazy\" decoding=\"async\" class=\"aligncenter wp-image-52610 size-content\" title=\"Map of Horto. Source: Jornal Vozes do Horto \" src=\"http:\/\/www.rioonwatch.org\/wp-content\/uploads\/2019\/04\/Horto-Map-e1554393666631-620x264.jpg\" alt=\"\" width=\"620\" height=\"264\" srcset=\"https:\/\/rioonwatch.org\/wp-content\/uploads\/2019\/04\/Horto-Map-e1554393666631-620x264.jpg 620w, https:\/\/rioonwatch.org\/wp-content\/uploads\/2019\/04\/Horto-Map-e1554393666631-940x400.jpg 940w\" sizes=\"(max-width: 620px) 100vw, 620px\" \/><\/a><\/p>\n<p>\u201cOne single bread roll costs R$1 (US$0.25), so the gentrification starts there. You are inside the bubble of the South Zone, where life is getting more and more expensive. You don\u2019t have the social conditions to break out of this and life continues to become more expensive. This is gentrification. You don\u2019t feel it. Speculation is driving up consumption, driving up the cost of living\u2014but salaries aren&#8217;t going up with it. To give you an idea, I\u2019m the first in my family with a college education and my brother was the first to attend a public university. You walk through life within a power structure that doesn\u2019t give you the necessary access to get a job that would allow you to make enough to pay for a R$1 bread roll,\u201d stated Luiz Claudio.<\/p>\n<h3><strong>Moving Forward by Looking Back<\/strong><\/h3>\n<p>The Alves family is not giving up without a fight. Jorge quipped: \u201cThey are going to bother us until the end but nothing stops us from fighting for our rights until the end as well because they are constitutional rights.\u201d The Alves family believes that the community of Ch\u00e1cara do Algod\u00e3o is special and that its story deserves to be remembered, told, and preserved. In fact, in the original decree declaring Ch\u00e1cara do Algod\u00e3o an area of historic preservation, it was noted that the community serves as a valuable record of the history of the city of Rio de Janeiro.<\/p>\n<p><a href=\"http:\/\/www.rioonwatch.org\/wp-content\/uploads\/2019\/04\/Alvez-Brothers-e1554393862992.jpg\"><img loading=\"lazy\" decoding=\"async\" class=\"aligncenter wp-image-52612 size-content\" title=\"The Alves brothers, residents of Ch\u00e1cara do Algod\u00e3o\" src=\"http:\/\/www.rioonwatch.org\/wp-content\/uploads\/2019\/04\/Alvez-Brothers-e1554393862992-620x264.jpg\" alt=\"\" width=\"620\" height=\"264\" srcset=\"https:\/\/rioonwatch.org\/wp-content\/uploads\/2019\/04\/Alvez-Brothers-e1554393862992-620x264.jpg 620w, https:\/\/rioonwatch.org\/wp-content\/uploads\/2019\/04\/Alvez-Brothers-e1554393862992-940x400.jpg 940w\" sizes=\"(max-width: 620px) 100vw, 620px\" \/><\/a><br \/>\nNow in their fifth generation, the Alves family is pushing to organize the community and educate people on the history of workers&#8217; villages. Ch\u00e1cara do Algod\u00e3o bears the marks of the hard work put in to construct the nation, a community built around family. As Gl\u00f3ria recalled: \u201cI have always lived here, 61 years living here. This is the place where I was born, where I got married, where my daughters, grandchildren, and great-granddaughter are.\u201d<\/p>\n<p><a href=\"http:\/\/www.rioonwatch.org\/wp-content\/uploads\/2019\/04\/Houses-from-Above-Chacara-do-Algodao-e1554393324946.jpg\"><img loading=\"lazy\" decoding=\"async\" class=\"aligncenter wp-image-52607 size-content\" title=\"View from above Ch\u00e1cara do Algod\u00e3o\" src=\"http:\/\/www.rioonwatch.org\/wp-content\/uploads\/2019\/04\/Houses-from-Above-Chacara-do-Algodao-e1554393324946-620x264.jpg\" alt=\"\" width=\"620\" height=\"264\" srcset=\"https:\/\/rioonwatch.org\/wp-content\/uploads\/2019\/04\/Houses-from-Above-Chacara-do-Algodao-e1554393324946-620x264.jpg 620w, https:\/\/rioonwatch.org\/wp-content\/uploads\/2019\/04\/Houses-from-Above-Chacara-do-Algodao-e1554393324946-940x400.jpg 940w\" sizes=\"(max-width: 620px) 100vw, 620px\" \/><\/a><\/p>\n<p>Gl\u00f3ria\u2019s grandfather died in an accident while on the job. He gave his life serving his country, company, and family. His memory\u2014and that of countless others\u2014lives on in the streets and homes of Ch\u00e1cara do Algod\u00e3o. For now, residents await the decision in the federal collective land titling case, which, depending on the outcome, could potentially set a significant precedent as a housing rights victory <em>or<\/em> uproot 23 hard-working multi-generational families. Meanwhile, residents are organizing, hoping to show the true importance of preserving the community. As Jo\u00e3o Paulo reflected: \u201cThere have been a lot of people that have passed through this house\u2014many family members who have fought for me to be here today. I think the most important struggle for me at this moment is to be able to unite and try to understand what exactly workers&#8217; villages are and what is at stake here. For me, there is the question of housing but there is also the cultural importance of this street and others. It\u2019s a fight for housing, but it&#8217;s also a fight to preserve our roots. Today, I fight for my family\u2019s roots. I cannot talk about my life without acknowledging this house.\u201d<\/p>\n","protected":false},"excerpt":{"rendered":"<div class=\"mh-excerpt\"><p>Clique aqui para Portugu\u00eas Originally constructed as a workers&#8217; village for employees of the local fabric factory, Ch\u00e1cara do Algod\u00e3o is a small community with a long history interlaced with the rise of Brazil&#8217;s textile <a class=\"mh-excerpt-more\" href=\"https:\/\/rioonwatch.org\/?p=52583\" title=\"Families of Ch\u00e1cara do Algod\u00e3o in Upscale Horto Fight for Their Future by Remembering Their Past\">[&#8230;]<\/a><\/p>\n<\/div>","protected":false},"author":151,"featured_media":53405,"comment_status":"closed","ping_status":"closed","sticky":false,"template":"","format":"standard","meta":{"_monsterinsights_skip_tracking":false,"_monsterinsights_sitenote_active":false,"_monsterinsights_sitenote_note":"","_monsterinsights_sitenote_category":0,"footnotes":""},"categories":[1267,1854,1288,1271,1329],"tags":[1720,756,449,2806,1496,674,11,65,170,188,884,282,26,894,1033,1360,1618,2413,10,156],"writer":[2431],"translator":[],"illustrator":[],"photographer":[],"class_list":{"0":"post-52583","1":"post","2":"type-post","3":"status-publish","4":"format-standard","5":"has-post-thumbnail","7":"category-gentrificationwatch","8":"category-housingwatch","9":"category-highlight","10":"category-favelaqualities","11":"category-by-international-observers","12":"tag-affordable-housing","13":"tag-community-organizing","14":"tag-constitution","15":"tag-cultural-preservation","16":"tag-eviction-tactics-divide-and-conquer","17":"tag-memory","18":"tag-forced-evictions","19":"tag-gentrification","20":"tag-historic-preservation","21":"tag-history","22":"tag-horto","23":"tag-housing","24":"tag-housing-rights","25":"tag-jardim-botanico","26":"tag-land-rights","27":"tag-mage","28":"tag-pereira-passos","29":"tag-public-defenders-housing-nucleus-nuth","30":"tag-real-estate-speculation","31":"tag-south-zone","32":"writer-tyler-strobl"},"_links":{"self":[{"href":"https:\/\/rioonwatch.org\/index.php?rest_route=\/wp\/v2\/posts\/52583","targetHints":{"allow":["GET"]}}],"collection":[{"href":"https:\/\/rioonwatch.org\/index.php?rest_route=\/wp\/v2\/posts"}],"about":[{"href":"https:\/\/rioonwatch.org\/index.php?rest_route=\/wp\/v2\/types\/post"}],"author":[{"embeddable":true,"href":"https:\/\/rioonwatch.org\/index.php?rest_route=\/wp\/v2\/users\/151"}],"replies":[{"embeddable":true,"href":"https:\/\/rioonwatch.org\/index.php?rest_route=%2Fwp%2Fv2%2Fcomments&post=52583"}],"version-history":[{"count":1,"href":"https:\/\/rioonwatch.org\/index.php?rest_route=\/wp\/v2\/posts\/52583\/revisions"}],"predecessor-version":[{"id":81672,"href":"https:\/\/rioonwatch.org\/index.php?rest_route=\/wp\/v2\/posts\/52583\/revisions\/81672"}],"wp:featuredmedia":[{"embeddable":true,"href":"https:\/\/rioonwatch.org\/index.php?rest_route=\/wp\/v2\/media\/53405"}],"wp:attachment":[{"href":"https:\/\/rioonwatch.org\/index.php?rest_route=%2Fwp%2Fv2%2Fmedia&parent=52583"}],"wp:term":[{"taxonomy":"category","embeddable":true,"href":"https:\/\/rioonwatch.org\/index.php?rest_route=%2Fwp%2Fv2%2Fcategories&post=52583"},{"taxonomy":"post_tag","embeddable":true,"href":"https:\/\/rioonwatch.org\/index.php?rest_route=%2Fwp%2Fv2%2Ftags&post=52583"},{"taxonomy":"writer","embeddable":true,"href":"https:\/\/rioonwatch.org\/index.php?rest_route=%2Fwp%2Fv2%2Fwriter&post=52583"},{"taxonomy":"translator","embeddable":true,"href":"https:\/\/rioonwatch.org\/index.php?rest_route=%2Fwp%2Fv2%2Ftranslator&post=52583"},{"taxonomy":"illustrator","embeddable":true,"href":"https:\/\/rioonwatch.org\/index.php?rest_route=%2Fwp%2Fv2%2Fillustrator&post=52583"},{"taxonomy":"photographer","embeddable":true,"href":"https:\/\/rioonwatch.org\/index.php?rest_route=%2Fwp%2Fv2%2Fphotographer&post=52583"}],"curies":[{"name":"wp","href":"https:\/\/api.w.org\/{rel}","templated":true}]}}