{"id":52894,"date":"2019-04-29T07:00:41","date_gmt":"2019-04-29T10:00:41","guid":{"rendered":"http:\/\/www.rioonwatch.org\/?p=52894"},"modified":"2020-08-07T14:03:04","modified_gmt":"2020-08-07T17:03:04","slug":"favela-evictions-in-rio-de-janeiro-book-launch-debating-rios-olympic-legacy","status":"publish","type":"post","link":"https:\/\/rioonwatch.org\/?p=52894","title":{"rendered":"&#8216;Favela Evictions in Rio de Janeiro&#8217; Book Launch: Debating Rio&#8217;s Olympic Legacy"},"content":{"rendered":"<p style=\"text-align: right;\"><span style=\"font-weight: 400;\"><strong><em><a href=\"http:\/\/bit.ly\/2ZPPK1t\" target=\"_blank\" rel=\"noopener noreferrer\">Clique aqui para Portugu\u00eas<\/a><\/em>\u00a0<\/strong><img decoding=\"async\" src=\"http:\/\/www.rioonwatch.org\/wp-content\/uploads\/2012\/08\/PT-e1439583827971.png\" \/><\/span><\/p>\n<p style=\"text-align: left:;\">On Wednesday, April 17, the <a href=\"http:\/\/bit.ly\/2IRnUM8\" target=\"_blank\" rel=\"noopener noreferrer\">Cities\u2013Urban Research Nucleus<\/a> at the State University of Rio de Janeiro (UERJ), publishing house <a href=\"http:\/\/bit.ly\/2IyT0cl\" target=\"_blank\" rel=\"noopener noreferrer\">Appris<\/a>, and researcher Alexandre Magalh\u00e3es <span style=\"font-weight: 400;\">organized a panel debate to discuss &#8220;<a href=\"http:\/\/bit.ly\/2IVBPAP\" target=\"_blank\" rel=\"noopener noreferrer\">What is left of Olympic Rio<\/a>?&#8221; and to officially launch Magalh\u00e3es\u2019 book <i>Remo\u00e7\u00f5es de Favelas no Rio de Janeiro: Entre Formas de Controle e Resist\u00eancia <\/i>(&#8220;Favela Evictions in Rio de Janeiro: Between Forms of Control and Resistance&#8221;). In addition to Magalh\u00e3es, the panel debate included UERJ law professor <a href=\"http:\/\/bit.ly\/2feqlaF\" target=\"_blank\" rel=\"noopener noreferrer\">Alexandre Mendes<\/a>; UERJ sociology professor <a href=\"http:\/\/bit.ly\/2W2knOK\" target=\"_blank\" rel=\"noopener noreferrer\">Marcia Leite<\/a>; and <a href=\"http:\/\/bit.ly\/2GBYjFt\" target=\"_blank\" rel=\"noopener noreferrer\">Maria da Penha Macena<\/a> (commonly known as Penha), a resident of <a href=\"http:\/\/bit.ly\/VilaAut\" target=\"_blank\" rel=\"noopener noreferrer\">Vila Aut\u00f3dromo<\/a> and one of the main <a href=\"http:\/\/bit.ly\/2OCFZ0m\" target=\"_blank\" rel=\"noopener noreferrer\">symbols of Olympic resistance<\/a> in the fight against forced evictions propelled by the 2016 Olympic Games.<\/span><\/p>\n<p><span style=\"font-weight: 400;\">Leite moderated the panel and introduced the event as the inaugural activity of UERJ&#8217;s urban sociology program. She then gave the first word to Penha, who started by recounting <a href=\"http:\/\/bit.ly\/2M971Pn\" target=\"_blank\" rel=\"noopener noreferrer\">her community&#8217;s fight against evictions<\/a>. She recalled former mayor Eduardo Paes talking on TV about the <a href=\"http:\/\/bit.ly\/1AfqpsR\" target=\"_blank\" rel=\"noopener noreferrer\">legacy of the Olympic Games for the city of Rio<\/a>. Today, <a href=\"http:\/\/bit.ly\/1rtuaxu\" target=\"_blank\" rel=\"noopener noreferrer\">three years later<\/a>, she still asks herself, \u201cWhere is this legacy that has been talked about so much?\u201d The only legacy that she can acknowledge are the numerous problems that her community\u2014and all the communities who fought against forced evictions\u2014have been left to deal with after the Olympics concluded and the international public eye moved elsewhere. She highlighted that evictions took place all over the city and affected Rio de Janeiro by destroying pieces of history and disrupting daily routines that had existed within communities for decades: \u201cIt is not only Vila Aut\u00f3dromo but the entire city of Rio de Janeiro that went through a very dramatic and cruel process because many families were evicted. The Olympics were used to remove [families] that lived well, each in their own communities [where they were] accustomed to their day-to-day lives and their history. And the city&#8217;s mayor perpetrated this cruelty, removing families from their communities just to leave the land empty.\u201d<\/span><\/p>\n<p><a href=\"http:\/\/www.rioonwatch.org\/wp-content\/uploads\/2019\/04\/Penha.jpg\"><img fetchpriority=\"high\" decoding=\"async\" class=\"aligncenter wp-image-52906 size-content\" src=\"http:\/\/www.rioonwatch.org\/wp-content\/uploads\/2019\/04\/Penha-620x264.jpg\" alt=\"Photo by Daiana Contini\" width=\"620\" height=\"264\" srcset=\"https:\/\/rioonwatch.org\/wp-content\/uploads\/2019\/04\/Penha-620x264.jpg 620w, https:\/\/rioonwatch.org\/wp-content\/uploads\/2019\/04\/Penha-940x400.jpg 940w\" sizes=\"(max-width: 620px) 100vw, 620px\" \/><\/a><span style=\"font-weight: 400;\"><br \/>\nPenha continued: \u201cIt&#8217;s painful because they don\u2019t even ask. They have no respect for human beings. For this reason, Vila Aut\u00f3dromo ended up fighting. It was a communal struggle by all residents because we all dreamed of upgrading our community.&#8221; In fact, in partnership with local universities, residents of Vila Aut\u00f3dromo created a <a href=\"http:\/\/bit.ly\/1GByQIA\" target=\"_blank\" rel=\"noopener noreferrer\">People\u2019s Plan<\/a> to prove to City authorities that the community and its territory could, in fact, be upgraded on-site. However, <a href=\"http:\/\/bit.ly\/1pw6Oqv\" target=\"_blank\" rel=\"noopener noreferrer\">the plan was largely ignored<\/a> and evictions continued. Out of the 700 original families, <a href=\"http:\/\/bit.ly\/2ayGPcR\" target=\"_blank\" rel=\"noopener noreferrer\">only twenty resisted<\/a> until the very end. According to Penha, these twenty families are symbols of the violence that took place in the community. &#8220;The truth is that Vila Aut\u00f3dromo was violated by all of the authorities because the land belonged to the government and the government could have intervened but it didn\u2019t,&#8221; said Penha.<\/span><\/p>\n<p>So what is the legacy of Rio&#8217;s Olympics? The only legacy that Penha sees is \u201ca legacy of blood, suffering, and sadness because still today the majority of our companions, from our fight and from the community, <a href=\"http:\/\/bit.ly\/2bZlOLy\" target=\"_blank\" rel=\"noopener noreferrer\">feel very distressed<\/a>. The majority of our elderly have died and we see people who used to live in our communities dying of strokes at the age of 58.&#8221; Penha concluded by describing the situation in which community members are currently living. Today Vila Aut\u00f3dromo faces many difficulties \u201cbecause current [City] authorities are acting the same as the previous and <a href=\"http:\/\/bit.ly\/2S2aId6\" target=\"_blank\" rel=\"noopener noreferrer\">we are still fighting<\/a>.\u201d Vila Aut\u00f3dromo has an <a href=\"http:\/\/bit.ly\/1YkZNnc\" target=\"_blank\" rel=\"noopener noreferrer\">agreement with the City government<\/a> but half of what was promised in this deal\u2014including a square and a cultural space\u2014<a href=\"http:\/\/bit.ly\/2Mdv0xH\" target=\"_blank\" rel=\"noopener noreferrer\">has not been fulfilled<\/a>. Penha expresses all her disappointment and the absurdity of how \u201coriginally, promises would have significance, while nowadays not even a document signed by [City authorities] has value anymore because they make promises and never deliver. We are the ones who pay the salaries of our oppressors. We work and we pay to be robbed and to be oppressed\u2014and that is cruel.&#8221;<\/p>\n<p><a href=\"http:\/\/www.rioonwatch.org\/wp-content\/uploads\/2019\/04\/Alexandre-Magalhaes.jpg\"><img decoding=\"async\" class=\"aligncenter wp-image-52907 size-content\" src=\"http:\/\/www.rioonwatch.org\/wp-content\/uploads\/2019\/04\/Alexandre-Magalhaes-620x264.jpg\" alt=\"Photo by Daiana Contini\" width=\"620\" height=\"264\" srcset=\"https:\/\/rioonwatch.org\/wp-content\/uploads\/2019\/04\/Alexandre-Magalhaes-620x264.jpg 620w, https:\/\/rioonwatch.org\/wp-content\/uploads\/2019\/04\/Alexandre-Magalhaes-940x400.jpg 940w\" sizes=\"(max-width: 620px) 100vw, 620px\" \/><\/a><\/p>\n<p><span style=\"font-weight: 400;\">Researcher and professor Alexandre Magalh\u00e3es then started introducing his new book. Visibly touched, Magalh\u00e3es remarked that the book represents for him a big accomplishment and the transition between student and professional life. After thanking everyone who contributed to the book, including family and friends, he gave a big thanks to <a href=\"http:\/\/bit.ly\/21iUhCi\" target=\"_blank\" rel=\"noopener noreferrer\">Penha, Jane Nascimento, and Sandra Maria de Souza<\/a>\u2014some of the residents most engaged in fighting against eviction in Vila Aut\u00f3dromo in attendance at the event. \u201c[I want to thank] all of the residents of Vila Aut\u00f3dromo who I met along this journey. I learned a lot with you. You are a source of energy, of struggle, in spite of all the suffering that you went through, including the horrible and profound effects of evictions. I am extremely grateful to have met you,\u201d continued Magalh\u00e3es.<\/span><\/p>\n<p><a href=\"http:\/\/www.rioonwatch.org\/wp-content\/uploads\/2019\/04\/Remoc\u0327o\u0303es-de-Favelas-Magalha\u0303es.jpg\"><img decoding=\"async\" class=\"alignright wp-image-52939\" src=\"http:\/\/www.rioonwatch.org\/wp-content\/uploads\/2019\/04\/Remoc\u0327o\u0303es-de-Favelas-Magalha\u0303es-210x300.jpg\" alt=\"\" width=\"300\" height=\"428\" srcset=\"https:\/\/rioonwatch.org\/wp-content\/uploads\/2019\/04\/Remoc\u0327o\u0303es-de-Favelas-Magalha\u0303es-210x300.jpg 210w, https:\/\/rioonwatch.org\/wp-content\/uploads\/2019\/04\/Remoc\u0327o\u0303es-de-Favelas-Magalha\u0303es-768x1097.jpg 768w, https:\/\/rioonwatch.org\/wp-content\/uploads\/2019\/04\/Remoc\u0327o\u0303es-de-Favelas-Magalha\u0303es-717x1024.jpg 717w, https:\/\/rioonwatch.org\/wp-content\/uploads\/2019\/04\/Remoc\u0327o\u0303es-de-Favelas-Magalha\u0303es.jpg 1200w\" sizes=\"(max-width: 300px) 100vw, 300px\" \/><\/a>Magalh\u00e3es then explained that the idea for the research that eventually led to the present book started during an event in 2005, where he first heard about and encountered the phenomenon of evictions in Rio&#8217;s favelas, which subsequently intensified in anticipation of the World Cup and the Olympic Games. According to Magalh\u00e3es, it was only in April 2010, when <a href=\"http:\/\/bit.ly\/2ZwNuMe\" target=\"_blank\" rel=\"noopener noreferrer\">heavy rains, floods, and landslides caused hundreds of deaths<\/a> across Rio, that eviction policies started to become institutionalized and systemized by City authorities. This occurred in tandem with the development of federal public housing program <a href=\"http:\/\/bit.ly\/2gcarNx\" target=\"_blank\" rel=\"noopener noreferrer\">Minha Casa Minha Vida<\/a>, launched in 2009, \u201cwhich gave the material and financial support necessary for evictions to take shape, produce negative effects in people\u2019s lives, and more profoundly impact the city because it was a process that changed and reconfigured the city,&#8221; Magalh\u00e3es described. Since that period, evictions systematically continued at an alarming rate across the city. He stated that many of the difficulties that activists continue to face in their efforts to build a more inclusive and respectful city stem from this intense period of evictions in Rio de Janeiro in the lead-up to 2014 World Cup and 2016 Olympics.<\/p>\n<p><span style=\"font-weight: 400;\">Reflecting on this avalanche of violence and evictions, Magalh\u00e3es stated: \u201cI think that with our struggle and resistance efforts, we managed to prevent these [evictions] from having even worse effects. Many processes were stopped entirely because residents of the community including Penha, Jane, and Sandra\u2014along with academic allies and many others\u2014literally threw their bodies in front of the tractors to prevent more demolitions from happening.&#8221; In Magalh\u00e3es&#8217; perspective, he was not just a researcher; he internalized the community&#8217;s struggle and experienced a process that transformed him profoundly. \u201cI could feel how many people suffered because of that kind of violence\u2014and that impacted me and still impacts me. I could feel that I had an ethical and political obligation towards all of these people that I met along the journey. It was more than research. I did what I did because I believed in their struggle. I still believe in it today because it will not be possible to build a democratic city without these people,\u201d said Magalh\u00e3es, trying to hold back tears.<\/span><\/p>\n<p><a href=\"http:\/\/www.rioonwatch.org\/wp-content\/uploads\/2019\/04\/Alexandre-Mendes.jpg\"><img loading=\"lazy\" decoding=\"async\" class=\"aligncenter wp-image-52908 size-content\" src=\"http:\/\/www.rioonwatch.org\/wp-content\/uploads\/2019\/04\/Alexandre-Mendes-620x264.jpg\" alt=\"Photo by Daiana Contini\" width=\"620\" height=\"264\" srcset=\"https:\/\/rioonwatch.org\/wp-content\/uploads\/2019\/04\/Alexandre-Mendes-620x264.jpg 620w, https:\/\/rioonwatch.org\/wp-content\/uploads\/2019\/04\/Alexandre-Mendes-940x400.jpg 940w\" sizes=\"(max-width: 620px) 100vw, 620px\" \/><\/a><\/p>\n<p><span style=\"font-weight: 400;\">UERJ professor Alexandre Mendes highlighted that it is exactly this sensibility, characteristic of Magalh\u00e3es, that allowed him to enter, participate in, and relate to the struggle of communities affected by evictions. This is materialized in the book, which doesn\u2019t attempt to romanticize facts but produces a true and conscious account of the fight against evictions, the people who were at the forefront of this struggle, and the consequences that this form of violence has brought upon the city and its residents. Mendes highlighted a line from the book that he particularly liked: \u201cTo observe is to participate, and to participate is to feel.&#8221;<br \/>\n<\/span><\/p>\n<p><span style=\"font-weight: 400;\">A favela resident from <a href=\"http:\/\/bit.ly\/2DuTrjt\" target=\"_blank\" rel=\"noopener noreferrer\">Metr\u00f4-Mangueira<\/a> in attendance expressed some concern with academics studying and researching favela communities, saying that more often than not, outside researchers are not able to truly internalize residents&#8217; struggles because they will always have their safe homes in the safe parts of Rio to go back to at the end of the day and therefore they aren&#8217;t able to concretely contribute to to the community&#8217;s struggle. Sandra Maria de Souza, a resident of Vila Aut\u00f3dromo, intervened by recalling the dedication of several researchers\u2014students and professors from Brazilian and international institutions alike\u2014who made Vila Autodr\u00f3mo the subject of their studies. \u201cFor people like Alexandre, the research was a consequence of their passion and activism. Alexandre has known Vila Aut\u00f3dromo since he was a kid; he used to play ball around there&#8230; he was already fighting for us! So that is our Olympic legacy: this relation of affection, this network of support that was built during the process of fighting against evictions along the course of Vila Aut\u00f3dromo&#8217;s resistance,\u201d explained Souza.<\/span><\/p>\n<p><a href=\"http:\/\/www.rioonwatch.org\/wp-content\/uploads\/2019\/04\/Sandra.jpg\"><img loading=\"lazy\" decoding=\"async\" class=\"aligncenter wp-image-52909 size-content\" src=\"http:\/\/www.rioonwatch.org\/wp-content\/uploads\/2019\/04\/Sandra-620x264.jpg\" alt=\"Photo by Daiana Contini\" width=\"620\" height=\"264\" srcset=\"https:\/\/rioonwatch.org\/wp-content\/uploads\/2019\/04\/Sandra-620x264.jpg 620w, https:\/\/rioonwatch.org\/wp-content\/uploads\/2019\/04\/Sandra-940x400.jpg 940w\" sizes=\"(max-width: 620px) 100vw, 620px\" \/><\/a><\/p>\n<p><span style=\"font-weight: 400;\">Souza highlighted the role of academic allies like Magalh\u00e3es whose contributions were crucial to Vila Autodromo\u2019s victory. \u201cIt was thanks to this support and intense research by people who would leave their apartments and give up their own comfort to spend the whole day fighting with us\u2014people willing to put themselves in front of tractors, to remain inside of houses that were about to be demolished. These people need to be respected because the time that they spent alongside us was fundamental to our victory [too]. We would not have won alone\u2014we managed to mobilize a huge number of people from around the world. <a href=\"http:\/\/bit.ly\/2aWODX2\" target=\"_blank\" rel=\"noopener noreferrer\">These people are our true Olympic legacy<\/a>\u2014this network of affection built by common people and researchers, who today, thanks to their activism and that approach to favelas, have changed and are changing the academic world,&#8221; Souza continued.\u00a0<\/span><\/p>\n<p><a href=\"http:\/\/www.rioonwatch.org\/wp-content\/uploads\/2019\/04\/Audience.jpg\"><img loading=\"lazy\" decoding=\"async\" class=\"aligncenter wp-image-52910 size-content\" src=\"http:\/\/www.rioonwatch.org\/wp-content\/uploads\/2019\/04\/Audience-620x264.jpg\" alt=\"Photo by Daiana Contini\" width=\"620\" height=\"264\" srcset=\"https:\/\/rioonwatch.org\/wp-content\/uploads\/2019\/04\/Audience-620x264.jpg 620w, https:\/\/rioonwatch.org\/wp-content\/uploads\/2019\/04\/Audience-940x400.jpg 940w\" sizes=\"(max-width: 620px) 100vw, 620px\" \/><\/a><\/p>\n<p><span style=\"font-weight: 400;\">The conversation touched on an important question: <a href=\"http:\/\/bit.ly\/2oLs0ed\" target=\"_blank\" rel=\"noopener noreferrer\">who and what are academic studies on favelas for<\/a>? According to Souza, there are two sides to it: &#8220;There are researchers who keep researching, reading authors from different centuries, and holding debates, seminars, and talks at universities\u2014which is good for them to gain money, prestige, and build their careers. But to rebuild the city\u2014to transform the world, to put an end to violence, cruelty, and social injustice\u2014this is of no use because the university doesn\u2019t have reason to exist when it continues to talk to itself.\u201d In other words, research must extend beyond academic circles and engage with civil society in order to effectively address challenges facing the city&#8217;s residents. Souza continued to explain that \u201cluckily, at the universities, we have a very large number of researches who give meaning to these [academic] spaces. It is when research goes beyond just research that it becomes a form of activism, and when research serves as a form of activism, it gives way to social transformation&#8230; This form of research needs to be respected, loved, and valued because it allows our voices and our history to reach segments of society that we would not be able to reach otherwise. Because we suffer from a process of silencing that is carried out by public authorities and the elite who dominate this system that they themselves have built.\u201d<\/span><\/p>\n<p><a href=\"http:\/\/www.rioonwatch.org\/wp-content\/uploads\/2019\/04\/Panel-2.jpg\"><img loading=\"lazy\" decoding=\"async\" class=\"aligncenter wp-image-52911 size-content\" src=\"http:\/\/www.rioonwatch.org\/wp-content\/uploads\/2019\/04\/Panel-2-620x264.jpg\" alt=\"Photo by Daiana Contini\" width=\"620\" height=\"264\" srcset=\"https:\/\/rioonwatch.org\/wp-content\/uploads\/2019\/04\/Panel-2-620x264.jpg 620w, https:\/\/rioonwatch.org\/wp-content\/uploads\/2019\/04\/Panel-2-940x400.jpg 940w\" sizes=\"(max-width: 620px) 100vw, 620px\" \/><\/a><\/p>\n<p><span style=\"font-weight: 400;\">Marcia Leite made a final remark in an effort to summarize the discussion and answer the question, &#8220;What is the legacy of Rio\u2019s Olympics?&#8221; She recalled the moment when it was announced on TV that the 2016 Olympic Games would be held in Rio de Janeiro. \u201cThere was total euphoria in the city and for a long time, there was this euphoric feeling that [the Olympics] would change Rio&#8217;s destiny.\u201d Major urban interventions were justified by the idea that the Olympics, like any other mega-event, would give Rio de Janeiro the opportunity to insert itself in the global economic landscape and &#8220;become a city like Barcelona with big events, a better life for everybody, more business, more money\u2014more everything.&#8221; The problem is that in order to achieve this so-called prosperity, residents would have to deal with certain &#8220;inconveniences&#8221; for some time\u2014justified by the fact that their lives would improve thereafter. Only later, largely thanks to social movements including those formed by favela residents, people started asking themselves, &#8220;Who gained from Rio&#8217;s Olympic legacy?&#8221; Leite tried to answer this question by using the words most frequently cited by Magalh\u00e3es and Penha during the discussion: &#8220;It was a legacy for some, but not for others. What remained of Olympic Rio: terror, destruction, evil, pain, violence, blood, sweat, suffering, oppression, cruelty, brutality, sadness, and new technologies of power hinged on violence.&#8221;<\/span><\/p>\n","protected":false},"excerpt":{"rendered":"<div class=\"mh-excerpt\"><p>Clique aqui para Portugu\u00eas\u00a0 On Wednesday, April 17, the Cities\u2013Urban Research Nucleus at the State University of Rio de Janeiro (UERJ), publishing house Appris, and researcher Alexandre Magalh\u00e3es organized a panel debate to discuss &#8220;What <a class=\"mh-excerpt-more\" href=\"https:\/\/rioonwatch.org\/?p=52894\" title=\"&#8216;Favela Evictions in Rio de Janeiro&#8217; Book Launch: Debating Rio&#8217;s Olympic Legacy\">[&#8230;]<\/a><\/p>\n<\/div>","protected":false},"author":186,"featured_media":52905,"comment_status":"closed","ping_status":"closed","sticky":false,"template":"","format":"standard","meta":{"_monsterinsights_skip_tracking":false,"_monsterinsights_sitenote_active":false,"_monsterinsights_sitenote_note":"","_monsterinsights_sitenote_category":0,"footnotes":""},"categories":[1854,2315,1736,1288,1333,1334,328,1329],"tags":[882,852,756,272,11,282,26,25,1259,157,5,270,1402,651,4,21,167],"writer":[2922],"translator":[],"illustrator":[],"photographer":[],"class_list":{"0":"post-52894","1":"post","2":"type-post","3":"status-publish","4":"format-standard","5":"has-post-thumbnail","7":"category-housingwatch","8":"category-legacywatch","9":"category-1736","10":"category-highlight","11":"category-event-reports","12":"category-reviews","13":"category-understanding-rio","14":"category-by-international-observers","15":"tag-academia-x-civil-society","16":"tag-book","17":"tag-community-organizing","18":"tag-mayor-eduardo-paes","19":"tag-forced-evictions","20":"tag-housing","21":"tag-housing-rights","22":"tag-human-rights","23":"tag-mega-events","24":"tag-minha-casa-minha-vida","25":"tag-olympics","26":"tag-resistance","27":"tag-legacy","28":"tag-uerj","29":"tag-vila-autodromo","30":"tag-west-zone","31":"tag-world-cup","32":"writer-daiana-contini"},"_links":{"self":[{"href":"https:\/\/rioonwatch.org\/index.php?rest_route=\/wp\/v2\/posts\/52894","targetHints":{"allow":["GET"]}}],"collection":[{"href":"https:\/\/rioonwatch.org\/index.php?rest_route=\/wp\/v2\/posts"}],"about":[{"href":"https:\/\/rioonwatch.org\/index.php?rest_route=\/wp\/v2\/types\/post"}],"author":[{"embeddable":true,"href":"https:\/\/rioonwatch.org\/index.php?rest_route=\/wp\/v2\/users\/186"}],"replies":[{"embeddable":true,"href":"https:\/\/rioonwatch.org\/index.php?rest_route=%2Fwp%2Fv2%2Fcomments&post=52894"}],"version-history":[{"count":0,"href":"https:\/\/rioonwatch.org\/index.php?rest_route=\/wp\/v2\/posts\/52894\/revisions"}],"wp:featuredmedia":[{"embeddable":true,"href":"https:\/\/rioonwatch.org\/index.php?rest_route=\/wp\/v2\/media\/52905"}],"wp:attachment":[{"href":"https:\/\/rioonwatch.org\/index.php?rest_route=%2Fwp%2Fv2%2Fmedia&parent=52894"}],"wp:term":[{"taxonomy":"category","embeddable":true,"href":"https:\/\/rioonwatch.org\/index.php?rest_route=%2Fwp%2Fv2%2Fcategories&post=52894"},{"taxonomy":"post_tag","embeddable":true,"href":"https:\/\/rioonwatch.org\/index.php?rest_route=%2Fwp%2Fv2%2Ftags&post=52894"},{"taxonomy":"writer","embeddable":true,"href":"https:\/\/rioonwatch.org\/index.php?rest_route=%2Fwp%2Fv2%2Fwriter&post=52894"},{"taxonomy":"translator","embeddable":true,"href":"https:\/\/rioonwatch.org\/index.php?rest_route=%2Fwp%2Fv2%2Ftranslator&post=52894"},{"taxonomy":"illustrator","embeddable":true,"href":"https:\/\/rioonwatch.org\/index.php?rest_route=%2Fwp%2Fv2%2Fillustrator&post=52894"},{"taxonomy":"photographer","embeddable":true,"href":"https:\/\/rioonwatch.org\/index.php?rest_route=%2Fwp%2Fv2%2Fphotographer&post=52894"}],"curies":[{"name":"wp","href":"https:\/\/api.w.org\/{rel}","templated":true}]}}