{"id":5295,"date":"2012-09-27T09:00:57","date_gmt":"2012-09-27T12:00:57","guid":{"rendered":"http:\/\/rioonwatch.org\/?p=5295"},"modified":"2018-01-15T13:09:38","modified_gmt":"2018-01-15T16:09:38","slug":"a-history-of-favela-upgrades-1897-1988","status":"publish","type":"post","link":"https:\/\/rioonwatch.org\/?p=5295","title":{"rendered":"A History of Favela Upgrades Part I (1897-1988)"},"content":{"rendered":"<p style=\"text-align: right;\"><a href=\"http:\/\/bit.ly\/VV4Ddn\" target=\"_blank\"><strong><em>Clique aqui para Portugu\u00eas<img decoding=\"async\" width=\"20\" height=\"20\" class=\"alignright size-full wp-image-23766\" src=\"http:\/\/www.rioonwatch.org\/wp-content\/uploads\/2012\/08\/PT-e1439583827971.png\" alt=\"\" \/><\/em><\/strong><\/a><\/p>\n<p><em>This is\u00a0<strong>Part 1<\/strong>\u00a0of a three-part series on the History of Favela Upgrades in Rio. Click for\u00a0<strong><a href=\"http:\/\/bit.ly\/SdiQ3H\" target=\"_blank\">Part 2<\/a> <\/strong>and<strong> <a href=\"http:\/\/bit.ly\/Xbgg0K\" target=\"_blank\">Part 3<\/a><\/strong>.<\/em><\/p>\n<figure id=\"attachment_5350\" aria-describedby=\"caption-attachment-5350\" style=\"width: 300px\" class=\"wp-caption alignright\"><a href=\"http:\/\/www.rioonwatch.org\/5295\/a-history-of-favela-upgrades-1897-1988\/img_0096\/\" rel=\"attachment wp-att-5350\"><img fetchpriority=\"high\" decoding=\"async\" class=\"size-full wp-image-5350\" title=\"IMG_0096\" src=\"http:\/\/www.rioonwatch.org\/wp-content\/uploads\/2012\/09\/IMG_0096.jpg\" alt=\"\" width=\"300\" height=\"225\" srcset=\"https:\/\/rioonwatch.org\/wp-content\/uploads\/2012\/09\/IMG_0096.jpg 300w, https:\/\/rioonwatch.org\/wp-content\/uploads\/2012\/09\/IMG_0096-174x131.jpg 174w, https:\/\/rioonwatch.org\/wp-content\/uploads\/2012\/09\/IMG_0096-70x53.jpg 70w\" sizes=\"(max-width: 300px) 100vw, 300px\" \/><\/a><figcaption id=\"caption-attachment-5350\" class=\"wp-caption-text\">In favelas where the government steps in to do &#8216;urbanization,&#8217; or upgrading projects, such as Morro da Provid\u00eancia, these works are joined by the creative improvements that residents have made to their homes over decades.<\/figcaption><\/figure>\n<p>Housing rights activists today defend the practice of on-site upgrading of informal communities\u2014as opposed to evicting them\u2014on the basis of <a href=\"http:\/\/bit.ly\/OpEdProvidencia\">historic preservation<\/a>, <a href=\"http:\/\/bit.ly\/Nbwzb7\">low-quality compensation housing<\/a>, <a href=\"http:\/\/onforb.es\/QxJfs9\">residents\u2019 location-based employment<\/a>, and <a href=\"http:\/\/bit.ly\/nUoRAw\">squatter legislation<\/a>. In practice, what has caused favela upgrading to come to pass over the years in Rio de Janeiro is a very specific political story. \u201cTo support or to remove\u201d is the best-documented public policy experiment in Rio\u2019s favelas, and also the one for which the clearest answer has developed.<\/p>\n<h3><strong>Early 1900s<\/strong><\/h3>\n<p><a href=\"http:\/\/bit.ly\/PeCavl\">The first favela in Rio<\/a> was founded in 1897 by veterans of the Canudos war, and the hundreds that followed throughout the 20<sup>th<\/sup> century similarly met the needs of self-starting urban migrants faced with the city\u2019s lack of affordable housing. Although policies toward favelas were not outlined in government documents until 1937, when the <em>C\u00f3digo de Obras<\/em> said they should be demolished, government first intervened in low-income areas in the 1910s when mayor Francisco Perreira Passos destroyed thousands of\u00a0<em>corti\u00e7os<\/em>, or tenement buildings, and numerous favelas to make way for \u201cthe Haussmannization of Rio,\u201d an imitation of Paris\u2019s wide boulevards and gardens conceived by the French planner.<\/p>\n<figure id=\"attachment_5412\" aria-describedby=\"caption-attachment-5412\" style=\"width: 180px\" class=\"wp-caption alignright\"><a href=\"http:\/\/www.rioonwatch.org\/?attachment_id=\" rel=\"attachment wp-att-5412\"><img decoding=\"async\" class=\"size-full wp-image-5395\" title=\"Provid\u00eancia's first upgrade by English volunteers\" src=\"http:\/\/www.rioonwatch.org\/wp-content\/uploads\/2012\/09\/Provid\u00eancias-first-upgrade-by-English-volunteers.jpg\" alt=\"\" width=\"180\" height=\"270\" srcset=\"https:\/\/rioonwatch.org\/wp-content\/uploads\/2012\/09\/Provid\u00eancias-first-upgrade-by-English-volunteers.jpg 300w, https:\/\/rioonwatch.org\/wp-content\/uploads\/2012\/09\/Provid\u00eancias-first-upgrade-by-English-volunteers-200x300.jpg 200w\" sizes=\"(max-width: 180px) 100vw, 180px\" \/><\/a><figcaption id=\"caption-attachment-5412\" class=\"wp-caption-text\">The first upgrades in Provid\u00eancia were performed in 1958 by Methodist missionaries affiliated with what is now the Instituto Central do Povo (photo by Maur\u00edcio Hora).<\/figcaption><\/figure>\n<p>The 1937 building code referred to favelas as \u201caberrations.\u201d Early 1940s mayor Henrique Dodsworth called them a threat to public health and as the official government response, removed the people living there to \u201cproletariat parks.\u201d In these parks, residents were given identity cards and had to check in with guards before gates closed at 10pm each night. At 9pm, an administrator would give a speech over the loudspeaker reflecting on the events of the day and sharing lessons he had for the residents, and at times the government organized demonstrations of support for president Get\u00falio Vargas\u2019s <em>Estado Novo<\/em> programs.<\/p>\n<p>The three parks housed 4,000 people when the program stopped growing due to maintenance costs, but the patterns of assigning a moral blame for poverty and building financially unsustainable public housing would continue for decades.<\/p>\n<p>In the late 1940s, the Catholic Church began funding social organizations in the favelas in response to a perceived threat of Communist organizing there. Indeed, in 1947 the Brazilian Communist Party won 24% in municipal elections in Rio and was promptly banned. A slogan of the time encouraged people to \u201cclimb up the hill before the Communists come down,\u201d and the <em>Funda\u00e7\u00e3o Le\u00e3o XIII<\/em>, founded to \u201cgive material and moral assistance\u201d to favela residents, brought various combinations of ideological guidance, basic plumbing and lighting, doctors, teachers, and broader public awareness to 34 communities. The church was also responsible for building Cruzada S\u00e3o Sebasti\u00e3o, the first <em>conjunto<\/em>, or public housing project, near to the original home of its residents.<\/p>\n<figure id=\"attachment_5356\" aria-describedby=\"caption-attachment-5356\" style=\"width: 300px\" class=\"wp-caption alignright\"><a href=\"http:\/\/marleneangra.blogspot.com.br\/2010\/12\/famerj-apedema-cut-e-faferj-em-parceria.html\"><img loading=\"lazy\" decoding=\"async\" class=\"size-full wp-image-5356\" title=\"FAFERJ\" src=\"http:\/\/www.rioonwatch.org\/wp-content\/uploads\/2012\/09\/FAFERJ.jpeg\" alt=\"\" width=\"300\" height=\"169\" srcset=\"https:\/\/rioonwatch.org\/wp-content\/uploads\/2012\/09\/FAFERJ.jpeg 300w, https:\/\/rioonwatch.org\/wp-content\/uploads\/2012\/09\/FAFERJ-174x98.jpeg 174w\" sizes=\"(max-width: 300px) 100vw, 300px\" \/><\/a><figcaption id=\"caption-attachment-5356\" class=\"wp-caption-text\">The State Federation of Residents&#8217; Associations (FAFERJ) was established in the early 1960s and is still active today.<\/figcaption><\/figure>\n<p>Collective action around the need for basic utilities grew in Rio&#8217;s favelas in the 1950s, with busloads of people showing up at the mayor\u2019s office numerous times. To streamline this request process, the city required each favela to have a Residents\u2019 Association and in 1963 the various Associations became connected through a statewide network (it became the\u00a0<em>Federa\u00e7\u00e3o\u00a0das Associa\u00e7\u00f5es de Moradores de Favelas do Estado do Rio de Janeiro<\/em>, or FAFERJ). This organized things better but also laid the groundwork for the complicated relationship between Associations and the government\u2014the same group responsible for pressuring the administration when people\u2019s needs are not met is also responsible for working with the government when services are delivered.<\/p>\n<h3><strong>1960s and 1970s<\/strong><\/h3>\n<p>In 1960, Rio governor Carlos Lacerda unlinked municipal assistance to the favelas from the Catholic Church and sociologist Jos\u00e9 Arthur Rios was put in charge of coordinating government social services. Rios\u00a0established\u00a0<em>Opera\u00e7\u00e3o <a href=\"http:\/\/bit.ly\/mSgSfE\">Mutir\u00e3o<\/a>, <\/em>which for the first time deemed resident participation necessary in community upgrades and relied on their own labor. The government provided engineering assistance and materials left over from other construction sites. Similarly, in 1968 governor Negr\u00e3o de Lima gathered a group of architects, economists, and planners to form a program that offered design support and long term, low-interest loans on construction materials to residents: the <em>Companhia de Desenvolvimento de Comunidades<\/em> (Community Development Company, or CODESCO). CODESCO had residents vote on where within the community new streets would run and made sure to keep families together when moving people from one part of the neighborhood to another.<\/p>\n<p><em>Opera\u00e7\u00e3o Mutir\u00e3o <\/em>and CODESCO were ahead of their time politically. Lacerda, backed by real estate interests who wanted to clear the Zona Sul favelas for development, shut down\u00a0<em>Opera\u00e7\u00e3o Mutir\u00e3o<\/em>\u00a0after a year and a half. CODESCO was only able to see one of its three community upgrade plans through to completion before a federal program called CHISAM (<em>Coordena\u00e7\u00e3o de Habita\u00e7\u00e3o de Interesse Social da \u00c1rea Metropolitana do Rio de Janeiro<\/em>) began evicting residents from communities across the city. In a 2004 interview, CODESCO administrator <a href=\"http:\/\/bit.ly\/QFTJTz\">Silvio Ferraz<\/a> called the simultaneous existence of CHISAM on the national level \u201csuper contradictory\u201d and recalled the governor saying to him, \u201cyou can urbanize as long as you do not make a fanfare about it, so as not to provoke CHISAM.\u201d<\/p>\n<figure id=\"attachment_5297\" aria-describedby=\"caption-attachment-5297\" style=\"width: 300px\" class=\"wp-caption alignright\"><a href=\"http:\/\/www.rioonwatch.org\/5295\/a-history-of-favela-upgrades-1897-1988\/selva-de-pedra\/\" rel=\"attachment wp-att-5297\"><img loading=\"lazy\" decoding=\"async\" class=\"size-full wp-image-5297\" title=\"Selva de Pedra\" src=\"http:\/\/www.rioonwatch.org\/wp-content\/uploads\/2012\/09\/Selva-de-Pedra-.jpeg\" alt=\"\" width=\"300\" height=\"199\" \/><\/a><figcaption id=\"caption-attachment-5297\" class=\"wp-caption-text\">Selva de Pedra was an early conjunto that eventually became middle-class housing due to the National Housing Bank&#8217;s choice of materials that made rent too expensive for favela evictees (photo by Digo Souza).<\/figcaption><\/figure>\n<p>CHISAM caused over 100,000 people to lose their homes between 1968 and 1975. They were rehoused in <em>conjuntos <\/em>built on the then edge of the city, such as Vila Kennedy and Quitungo. <em>Conjuntos<\/em>\u00a0have historically varied in quality;\u00a0in the higher-quality complexes, many new residents could not afford the price of rent and utilities and so did not stay for long.\u00a0One\u00a0resident even wrote an instructional book outlining the common practice of protesting removal by not paying rent, selling the unit to someone with a higher income, and moving to a different favela. Other <em>conjuntos\u00a0<\/em>began to deteriorate after six months because there was corruption in the construction process and not much money spent on maintenance. Some became abandoned, but others, such as City of God, still house communities today.<\/p>\n<p>Meanwhile, Brazil\u2019s \u201cEconomic Miracle\u201d of the 1960s and 70s had people pouring into the city from the country&#8217;s interior, and the 1964 opening of Avenida Brasil running northwest from downtown Rio led to a development boom along that corridor and jobs for people who could move bricks and pour cement. <em>Conjunto<\/em> construction could not keep up with the dozens of new favelas these urban migrants were establishing.<\/p>\n<p>In 1973 CHISAM was shut down and the <a href=\"http:\/\/bit.ly\/QbCbyf\">National Housing Bank<\/a> started financing homes for the middle and lower-middle class in an attempt to avoid bankruptcy. \u00a0In the second half of the 1970s, the government paid much less attention to favelas save a federal program called Promorar which gave land title and upgrades to six communities in the Complexo da Mar\u00e9.<\/p>\n<figure id=\"attachment_5406\" aria-describedby=\"caption-attachment-5406\" style=\"width: 300px\" class=\"wp-caption alignright\"><a href=\"http:\/\/ashistoriasdosmonumentosdorio.blogspot.com.br\/2011\/08\/estatua-da-liberdade-de-vila-kennedy-em.html\"><img loading=\"lazy\" decoding=\"async\" class=\"size-full wp-image-5406\" title=\"Vila Kennedy\" src=\"http:\/\/www.rioonwatch.org\/wp-content\/uploads\/2012\/09\/Vila-Kennedy.jpeg\" alt=\"\" width=\"300\" height=\"186\" \/><\/a><figcaption id=\"caption-attachment-5406\" class=\"wp-caption-text\">More affordable conjuntos that are still standing today include Vila Kennedy, pictured here in 1963.<\/figcaption><\/figure>\n<p>As a backdrop to Rio\u2019s stumbles with removal and settlement during this time, voices both locally and internationally called for taking another path. In 1972 Rio\u2019s <a href=\"http:\/\/bit.ly\/Smgv1U\">State Federation of Residents\u2019 Associations<\/a>\u00a0(FAFERJ) hosted its third Congress, in which the leaders of 79 favelas advocated for on-site urbanization and the end of removals. Throughout the 1970s the World Bank, which had seen the failure of urban renewal programs in the United States, directly lobbied the Brazilian National Housing Bank for an on-site upgrading policy.\u00a0 In the thick of the military dictatorship, neither of these yielded many results.<\/p>\n<h3><strong>1980s<\/strong><\/h3>\n<p>Approaching the next decade, the political winds changed. The Catholic Church founded a legal assistance program in 1979 that drew on the tradition of liberation theology and helped favela residents fight for land ownership, stopping 17 evictions. Rio\u2019s 1979 to 1980 mayor Israel Klabin oversaw UNICEF\u2019s investment in infrastructure upgrades in Rocinha. In 1981 FAFERJ\u00a0met again, this time to outline specific demands that included waste collection, water and sewerage, land title, urbanization, and paving of streets and alleys. The idea of adopting these policies became more popular among competing leftist political parties as the dictatorship neared its end.<\/p>\n<p>In 1982 Leonel Brizola became governor of Rio de Janeiro state on a pro-urban poor platform and oversaw the launch of the municipal <em>Projeto Mutir\u00e3o<\/em> program and its state counterpart, <em>Cada Familia Um Lote. Projeto Mutir\u00e3o<\/em>\u00a0for the first time\u00a0paid residents the minimum wage for their &#8220;sweat equity,&#8221; or hours of labor worked, and together these programs completed urbanization projects in 17 favelas.<\/p>\n<figure id=\"attachment_5298\" aria-describedby=\"caption-attachment-5298\" style=\"width: 200px\" class=\"wp-caption alignright\"><a href=\"http:\/\/www.rioonwatch.org\/5295\/a-history-of-favela-upgrades-1897-1988\/photo-2-providenica-headshot\/\" rel=\"attachment wp-att-5298\"><img loading=\"lazy\" decoding=\"async\" class=\"size-full wp-image-5298\" title=\"Photo 2 - Provid\u00eanica headshot\" src=\"http:\/\/www.rioonwatch.org\/wp-content\/uploads\/2012\/09\/Photo-2-Provid\u00eanica-headshot.jpeg\" alt=\"\" width=\"200\" height=\"301\" srcset=\"https:\/\/rioonwatch.org\/wp-content\/uploads\/2012\/09\/Photo-2-Provid\u00eanica-headshot.jpeg 200w, https:\/\/rioonwatch.org\/wp-content\/uploads\/2012\/09\/Photo-2-Provid\u00eanica-headshot-199x300.jpeg 199w\" sizes=\"(max-width: 200px) 100vw, 200px\" \/><\/a><figcaption id=\"caption-attachment-5298\" class=\"wp-caption-text\">Local mobilization around the right to remain in self-constructed homes, such as this art installation in Provid\u00eancia, has contributed to the move away from government evictions.<\/figcaption><\/figure>\n<p>When Brazil returned to democracy in 1985, the illiterate regained suffrage, and suddenly a fourth of Rio\u2019s voting population was living in a favela. Three years later, squatter\u2019s rights provisions in the new federal constitution declared that land became the property of an adverse possessor after five years of occupation.<\/p>\n<p>Whether a favela has dirt streets instead of pavement is not the most powerful determinant of quality of life there. That depends much more on <a href=\"http:\/\/bit.ly\/QVd9Et\">macroeconomic job opportunity and internal community politics and security dynamics<\/a>. However, if the community is removed to another location it will diminish both economic opportunity <em>and<\/em> stability\u2014the argument that residents were able to make successfully, for the most part, by the 1980s. It is <a href=\"http:\/\/bit.ly\/QxJuU9\">this argument<\/a> that activists return to in the case of favela evictions even today.<\/p>\n<p>The next question then arose&#8211;how, then, do you administer on-site upgrades so that they benefit a community the most\u2014would require urbanization projects on a scale much bigger than any before in Rio. According to UFRJ law professor Alex Magalh\u00e3es, the political conditions for just that arose in 1992 when Cesar Maia won the Rio mayoral election by a tiny margin over Benedita da Silva, who was herself raised in a favela and would have become the city\u2019s first black mayor. Benedita had the firm backing of the city\u2019s <em>comunidades<\/em>, and Maia would need to give them some special treatment to maintain enough popular support while in office. His solution would be an urbanization program with far greater reach and funding than ever before.<\/p>\n<p><em>The <a href=\"http:\/\/bit.ly\/SdiQ3H\">2nd installment<\/a> in this 3-part series on the history of favela upgrades focuses on the Favela-Bairro program of the 1990s and 2000s. Click for\u00a0<em><strong><a href=\"http:\/\/bit.ly\/SdiQ3H\" target=\"_blank\">Part 2<\/a>.\u00a0<\/strong><\/em><\/em><\/p>\n<h3><strong><em>References<\/em><\/strong><em>\u00a0<\/em><\/h3>\n<p>Burgos, Marcelo Baumann. <em>Dos Parques Prolet\u00e1rios ao Favela-Bairro: as pol\u00edticas p\u00fablicas nas favelas do Rio de Janeiro. <\/em>In: Zaluar, Alba; Alvito, Marcos (Orgs.). <em>Um s\u00e9culo de favela.<\/em> Rio de Janeiro: Funda\u00e7\u00e3o Get\u00falio Vargas, 1998.<\/p>\n<p>Correia, Fernanda Guimar\u00e3es, <em>Breve Hist\u00f3rico da Quest\u00e3o Habitacional na Cidade do Rio de Janeiro. <\/em>Universidade Federal do Rio de Janeiro, Departamento de Ci\u00eancia Pol\u00edtica.<\/p>\n<p>De Fran\u00e7a, Bruno Alves. <em>Urbaniza\u00e7\u00e3o de Favelas no Rio de Janeiro: as favelas de Praia da Rosa e Sapucaia 12 anos ap\u00f3s a experi\u00eancia do Programa Bairrinho.<\/em> Rio de Janeiro: Disserta\u00e7\u00e3o apresentada ao Curso de Mestrado do Programa de P\u00f3s-Gradua\u00e7\u00e3o em Planejamento Urbano e Regional da Universidade Federal do Rio de Janeiro, 2011.<\/p>\n<p>Fisher, Brodwyn. <em>A Poverty of Rights: Citizenship and Inequality in Twentieth Century Rio de Janeiro. <\/em>Stanford: Stanford University Press, 2008.<\/p>\n<p>Perlman, Janice. <em>Favela: Four Decades of Living on the Edge in Rio de Janeiro.<\/em> New York: Oxford University Press, 2010.<\/p>\n<p>Rios, Jos\u00e9 Arthur. <em>Depoimento. <\/em>In: Freire, Am\u00e9rico; Oliveira, L\u00facia Lippi. <em>Cap\u00edtulos da mem\u00f3ria do urbanismo carioca.<\/em>\u00a0Rio de Janeiro: Funda\u00e7\u00e3o Get\u00falio Vargas, 2002.<\/p>\n<p>Slob, Bart. <em>Do barraco para o apartamento: a \u201chumaniza\u00e7\u00e3o e a \u201curbaniza\u00e7\u00e3o\u201d de uma favela situada em um bairro nobre de Rio de Janeiro. <\/em>Niteroi: Trabalho de Concurs\u00e3o de Curso, Universiteit Leiden, 2002.<\/p>\n","protected":false},"excerpt":{"rendered":"<div class=\"mh-excerpt\"><p>Clique aqui para Portugu\u00eas This is\u00a0Part 1\u00a0of a three-part series on the History of Favela Upgrades in Rio. Click for\u00a0Part 2 and Part 3. Housing rights activists today defend the practice of on-site upgrading of <a class=\"mh-excerpt-more\" href=\"https:\/\/rioonwatch.org\/?p=5295\" title=\"A History of Favela Upgrades Part I (1897-1988)\">[&#8230;]<\/a><\/p>\n<\/div>","protected":false},"author":20,"featured_media":15294,"comment_status":"closed","ping_status":"closed","sticky":false,"template":"","format":"standard","meta":{"_monsterinsights_skip_tracking":false,"_monsterinsights_sitenote_active":false,"_monsterinsights_sitenote_note":"","_monsterinsights_sitenote_category":0,"footnotes":""},"categories":[335,1282,329,328,1329],"tags":[275,624,617,1261,616,231,614,619,219,258,280,230,622,187,188,282,26,1475,218,618,37,615,1292,623,144,1616,613,2634,1026,620,612,621],"writer":[611],"translator":[],"illustrator":[],"photographer":[],"class_list":{"0":"post-5295","1":"post","2":"type-post","3":"status-publish","4":"format-standard","5":"has-post-thumbnail","7":"category-policies","8":"category-research-analysis","9":"category-solutions","10":"category-understanding-rio","11":"category-by-international-observers","12":"tag-adverse-possession","13":"tag-cada-familia-um-lote","14":"tag-catholic-church","15":"tag-central-rio","16":"tag-chisam","17":"tag-city-of-god","18":"tag-codesco","19":"tag-codigo-de-obras","20":"tag-collective-action","21":"tag-community-solution","22":"tag-complexo-da-mare","23":"tag-conjunto-residencial","24":"tag-faferj","25":"tag-favela-bairro","26":"tag-history","27":"tag-housing","28":"tag-housing-rights","29":"tag-leonel-brizola","30":"tag-mutirao","31":"tag-neighborhood-association","32":"tag-north-zone","33":"tag-operacao-mutirao","34":"tag-organizing","35":"tag-projeto-mutirao","36":"tag-morro-da-providencia","37":"tag-reference","38":"tag-santo-amaro","39":"tag-series","40":"tag-series-history-of-favela-upgrades","41":"tag-sweat-equity","42":"tag-vila-kennedy","43":"tag-world-bank","44":"writer-catherine-osborn"},"_links":{"self":[{"href":"https:\/\/rioonwatch.org\/index.php?rest_route=\/wp\/v2\/posts\/5295","targetHints":{"allow":["GET"]}}],"collection":[{"href":"https:\/\/rioonwatch.org\/index.php?rest_route=\/wp\/v2\/posts"}],"about":[{"href":"https:\/\/rioonwatch.org\/index.php?rest_route=\/wp\/v2\/types\/post"}],"author":[{"embeddable":true,"href":"https:\/\/rioonwatch.org\/index.php?rest_route=\/wp\/v2\/users\/20"}],"replies":[{"embeddable":true,"href":"https:\/\/rioonwatch.org\/index.php?rest_route=%2Fwp%2Fv2%2Fcomments&post=5295"}],"version-history":[{"count":0,"href":"https:\/\/rioonwatch.org\/index.php?rest_route=\/wp\/v2\/posts\/5295\/revisions"}],"wp:featuredmedia":[{"embeddable":true,"href":"https:\/\/rioonwatch.org\/index.php?rest_route=\/wp\/v2\/media\/15294"}],"wp:attachment":[{"href":"https:\/\/rioonwatch.org\/index.php?rest_route=%2Fwp%2Fv2%2Fmedia&parent=5295"}],"wp:term":[{"taxonomy":"category","embeddable":true,"href":"https:\/\/rioonwatch.org\/index.php?rest_route=%2Fwp%2Fv2%2Fcategories&post=5295"},{"taxonomy":"post_tag","embeddable":true,"href":"https:\/\/rioonwatch.org\/index.php?rest_route=%2Fwp%2Fv2%2Ftags&post=5295"},{"taxonomy":"writer","embeddable":true,"href":"https:\/\/rioonwatch.org\/index.php?rest_route=%2Fwp%2Fv2%2Fwriter&post=5295"},{"taxonomy":"translator","embeddable":true,"href":"https:\/\/rioonwatch.org\/index.php?rest_route=%2Fwp%2Fv2%2Ftranslator&post=5295"},{"taxonomy":"illustrator","embeddable":true,"href":"https:\/\/rioonwatch.org\/index.php?rest_route=%2Fwp%2Fv2%2Fillustrator&post=5295"},{"taxonomy":"photographer","embeddable":true,"href":"https:\/\/rioonwatch.org\/index.php?rest_route=%2Fwp%2Fv2%2Fphotographer&post=5295"}],"curies":[{"name":"wp","href":"https:\/\/api.w.org\/{rel}","templated":true}]}}