{"id":53741,"date":"2019-06-08T13:49:55","date_gmt":"2019-06-08T16:49:55","guid":{"rendered":"https:\/\/www.rioonwatch.org\/?p=53741"},"modified":"2019-06-13T12:07:50","modified_gmt":"2019-06-13T15:07:50","slug":"mental-health-activists-gather-in-mare-to-discuss-the-fight-against-mental-asylums-and-treatment-alternatives-in-favelas-and-peripheries","status":"publish","type":"post","link":"https:\/\/rioonwatch.org\/?p=53741","title":{"rendered":"Mental Health Activists Gather in Mar\u00e9 Favela to Discuss Mental Asylums and Treatment Alternatives"},"content":{"rendered":"<p style=\"text-align: right;\"><em><a href=\"http:\/\/bit.ly\/2RaFTPY\" target=\"_blank\" rel=\"noopener noreferrer\"><strong>Clique aqui para Por<\/strong><strong>tugu\u00eas<\/strong><\/a><a href=\"http:\/\/bit.ly\/2VqutYP\"><img decoding=\"async\" width=\"20\" height=\"20\" class=\"alignright wp-image-23766 size-full\" src=\"https:\/\/www.rioonwatch.org\/wp-content\/uploads\/2012\/08\/PT-e1439583827971.png\" \/><\/a><\/em><\/p>\n<p style=\"text-align: left;\">On Friday, May 24, <a href=\"http:\/\/bit.ly\/2JViAZB\" target=\"_blank\" rel=\"noopener noreferrer\">Redes da Mar\u00e9<\/a> (Mar\u00e9 Development Networks NGO) led a conversation at Galp\u00e3o Bela Mar\u00e9\u2014a cultural center in <a href=\"http:\/\/bit.ly\/2Mz3PxF\" target=\"_blank\" rel=\"noopener noreferrer\">Mar\u00e9<\/a>, in Rio de Janeiro&#8217;s <a href=\"http:\/\/bit.ly\/2IgR5qe\" target=\"_blank\" rel=\"noopener noreferrer\">North Zone<\/a>\u2014to discuss ways to improve <a href=\"http:\/\/bit.ly\/2MuW5wE\" target=\"_blank\" rel=\"noopener noreferrer\">mental health treatment in favelas<\/a>. The discussion is part of a series of activities and mobilizations against mental asylums in Brazil in commemoration of National Anti-Mental Asylum Struggle Day, May 18. The<a href=\"http:\/\/bit.ly\/2TiC0f5\" target=\"_blank\" rel=\"noopener noreferrer\"> anti-asylum movement in Brazil<\/a> seeks to not only recognize the rights of citizens with mental health issues but also to create new social spaces to aid in the treatment of these issues. The session discussed creating such spaces particularly in favelas, and also addressed the growing problem of <a href=\"http:\/\/bit.ly\/2K17m5Z\" target=\"_blank\" rel=\"noopener noreferrer\">healthcare privatization<\/a> and treatment center closings in the city and how this is especially harmful to favela residents.<\/p>\n<p>An issue that is often overlooked in communities with limited resources, mental illness and substance abuse tend to deeply affect the personal, family, and work lives of favela residents. Those who lack adequate resources to seek treatment may perceive that mental health treatment is a luxury afforded only to the wealthy. In the absence of accessible care, many lower-income individuals suffer throughout their lives with issues such as <a href=\"http:\/\/bit.ly\/2htZqfz\" target=\"_blank\" rel=\"noopener noreferrer\">depression, anxiety<\/a>, and drug and alcohol abuse without proper treatment, greatly affecting their familial life and productivity.<\/p>\n<p><a href=\"https:\/\/www.rioonwatch.org\/wp-content\/uploads\/2019\/06\/IMG_0180-e1559682054256.jpg\"><img fetchpriority=\"high\" decoding=\"async\" class=\"aligncenter wp-image-53756 size-content\" src=\"https:\/\/www.rioonwatch.org\/wp-content\/uploads\/2019\/06\/IMG_0180-e1559682054256-620x264.jpg\" alt=\"\" width=\"620\" height=\"264\" \/><\/a><br \/>\nThe conversation was mediated by Luna Arouca, a program coordinator at Espa\u00e7o Normal (&#8220;Normal Space&#8221;), a project by Redes da Mar\u00e9 that serves as the first center designed specifically for favela residents affected by drug and alcohol abuse, based in <a href=\"http:\/\/bit.ly\/2HSVQHk\" target=\"_blank\" rel=\"noopener noreferrer\">Nova Holanda<\/a>, Mar\u00e9 and also serving other communities along <a href=\"http:\/\/bit.ly\/2KmfsW6\" target=\"_blank\" rel=\"noopener noreferrer\">Avenida Brasil<\/a>. The main objective is to create a wide network of care centers in the area in order to provide alternatives to counter the <a href=\"http:\/\/bit.ly\/2Mz9Ieh\" target=\"_blank\" rel=\"noopener noreferrer\">damaging effects of the war on drugs<\/a>.<\/p>\n<p><a href=\"https:\/\/www.rioonwatch.org\/wp-content\/uploads\/2019\/06\/Espac\u0327o-Normal.jpg\"><img decoding=\"async\" class=\"aligncenter wp-image-53871 size-content\" title=\"Espa\u00e7o Normal commemorated its one-year anniversary in May. Photo: Douglas Lopes \/ Redes da Mar\u00e9\" src=\"https:\/\/www.rioonwatch.org\/wp-content\/uploads\/2019\/06\/Espac\u0327o-Normal-620x264.jpg\" alt=\"\" width=\"620\" height=\"264\" srcset=\"https:\/\/rioonwatch.org\/wp-content\/uploads\/2019\/06\/Espac\u0327o-Normal-620x264.jpg 620w, https:\/\/rioonwatch.org\/wp-content\/uploads\/2019\/06\/Espac\u0327o-Normal-940x400.jpg 940w\" sizes=\"(max-width: 620px) 100vw, 620px\" \/><\/a><\/p>\n<p>The talk included a speech by Lillian Leonel, who frequents Espa\u00e7o Normal. Leonel spoke of the various ways in which Espa\u00e7o Normal has helped her fight issues arising from drug abuse and homelessness. She described Espa\u00e7o Normal as a dependable network that helps her access support from <a href=\"http:\/\/bit.ly\/2K00AgF\" target=\"_blank\" rel=\"noopener noreferrer\">Psycho-Social Care Centers<\/a> (CAPS) and healthcare professionals. More importantly, she emphasized the difference in treatment between mental asylums and treatments offered through Espa\u00e7o Normal. \u201c[Here], we are considered sick [and needing treatment],\u201d she stated. \u201cWhat would we do in an asylum? They wouldn&#8217;t help us. They would just stop us from living our lives.\u201d<\/p>\n<p><a href=\"https:\/\/www.rioonwatch.org\/wp-content\/uploads\/2019\/06\/IMG_0181-e1559682316846.jpg\"><img loading=\"lazy\" decoding=\"async\" class=\"aligncenter wp-image-53757 size-content\" title=\"Renata Souza\" src=\"https:\/\/www.rioonwatch.org\/wp-content\/uploads\/2019\/06\/IMG_0181-e1559682284314-620x264.jpg\" alt=\"\" width=\"620\" height=\"264\" \/><\/a><\/p>\n<p>Another featured speaker was <a href=\"http:\/\/bit.ly\/2QJKTed\" target=\"_blank\" rel=\"noopener noreferrer\">Renata Souza<\/a>, a state representative from Mar\u00e9. She described the criminalization of drug abuse as part of the <a href=\"http:\/\/bit.ly\/2Mt49hh\" target=\"_blank\" rel=\"noopener noreferrer\">structural racism that is ingrained in the city<\/a> and as something that predominantly affects low-income black communities in the city&#8217;s peripheries. She described mental asylums as another <a href=\"http:\/\/bit.ly\/2MwFN6z\" target=\"_blank\" rel=\"noopener noreferrer\">means to control poor black people<\/a> instead of an attempt to treat these mental health issues. She stated, \u201cIf a black poor person isn&#8217;t shot, then they&#8217;re incarcerated. They&#8217;re incarcerated inside asylums. They&#8217;re incarcerated within the criminal justice system.\u201d Souza emphasized the need to continue the fight against mental asylums to prevent the continued incarceration of poor black people from the periphery.<\/p>\n<p>Other speakers included Daniele Menezes, a psychologist at the Miriam Makeba Psycho-Social Care Center in <a href=\"http:\/\/bit.ly\/2K2BWvL\" target=\"_blank\" rel=\"noopener noreferrer\">Bonsucesso<\/a>; Daniel Souza, an organizer and founder of the Street Clinic in <a href=\"http:\/\/bit.ly\/2Mv09Nq\" target=\"_blank\" rel=\"noopener noreferrer\">Jacarezinho<\/a>; and Beatriz Adura, a psychologist and member of the collective <a href=\"http:\/\/bit.ly\/2K3OVxg\" target=\"_blank\" rel=\"noopener noreferrer\">Niter\u00f3i Without Asylums<\/a>.<\/p>\n<p>The conversation ended in a question and answer session with the invited guests, as well as a cultural activity and poetry reading. The event successfully provided information on and expanded understandings of the ways in which mental health should be discussed and treated in favelas. This event was just one of many of the movement against mental asylums and fight for better mental health treatment in Rio.<\/p>\n<h4><strong><em>Espa\u00e7o Normal offers a bathroom, kitchen, clothing, conversation center, and socio-legal aid to those seeking assistance.<\/em><\/strong><\/h4>\n<h4><em>Address: Rua das Rosas, 54 \u2013 Nova Holanda, Mar\u00e9<br \/>\nContact: +55 (21) 3105-4767<br \/>\nVisiting Hours: Monday-Friday from 2pm to 6pm<\/em><\/h4>\n","protected":false},"excerpt":{"rendered":"<div class=\"mh-excerpt\"><p>Clique aqui para Portugu\u00eas On Friday, May 24, Redes da Mar\u00e9 (Mar\u00e9 Development Networks NGO) led a conversation at Galp\u00e3o Bela Mar\u00e9\u2014a cultural center in Mar\u00e9, in Rio de Janeiro&#8217;s North Zone\u2014to discuss ways to <a class=\"mh-excerpt-more\" href=\"https:\/\/rioonwatch.org\/?p=53741\" title=\"Mental Health Activists Gather in Mar\u00e9 Favela to Discuss Mental Asylums and Treatment Alternatives\">[&#8230;]<\/a><\/p>\n<\/div>","protected":false},"author":190,"featured_media":53869,"comment_status":"closed","ping_status":"closed","sticky":false,"template":"","format":"standard","meta":{"_monsterinsights_skip_tracking":false,"_monsterinsights_sitenote_active":false,"_monsterinsights_sitenote_note":"","_monsterinsights_sitenote_category":0,"footnotes":""},"categories":[1290,1333,335,329,1329],"tags":[1552,1493,280,831,1396,107,25,499,1862,281,1817,1555,2733,2444],"writer":[2959],"translator":[],"illustrator":[],"photographer":[],"class_list":{"0":"post-53741","1":"post","2":"type-post","3":"status-publish","4":"format-standard","5":"has-post-thumbnail","7":"category-civilsociety","8":"category-event-reports","9":"category-policies","10":"category-solutions","11":"category-by-international-observers","12":"tag-avenida-brasil","13":"tag-bonsucesso","14":"tag-complexo-da-mare","15":"tag-compulsory-drug-treatment","16":"tag-criminalization-of-poverty","17":"tag-health","18":"tag-human-rights","19":"tag-jacarezinho","20":"tag-mental-health","21":"tag-nova-holanda","22":"tag-psychology","23":"tag-redes-de-desenvolvimento-da-mare","24":"tag-renata-souza","25":"tag-war-on-drugs","26":"writer-zaynah-karem"},"_links":{"self":[{"href":"https:\/\/rioonwatch.org\/index.php?rest_route=\/wp\/v2\/posts\/53741","targetHints":{"allow":["GET"]}}],"collection":[{"href":"https:\/\/rioonwatch.org\/index.php?rest_route=\/wp\/v2\/posts"}],"about":[{"href":"https:\/\/rioonwatch.org\/index.php?rest_route=\/wp\/v2\/types\/post"}],"author":[{"embeddable":true,"href":"https:\/\/rioonwatch.org\/index.php?rest_route=\/wp\/v2\/users\/190"}],"replies":[{"embeddable":true,"href":"https:\/\/rioonwatch.org\/index.php?rest_route=%2Fwp%2Fv2%2Fcomments&post=53741"}],"version-history":[{"count":0,"href":"https:\/\/rioonwatch.org\/index.php?rest_route=\/wp\/v2\/posts\/53741\/revisions"}],"wp:featuredmedia":[{"embeddable":true,"href":"https:\/\/rioonwatch.org\/index.php?rest_route=\/wp\/v2\/media\/53869"}],"wp:attachment":[{"href":"https:\/\/rioonwatch.org\/index.php?rest_route=%2Fwp%2Fv2%2Fmedia&parent=53741"}],"wp:term":[{"taxonomy":"category","embeddable":true,"href":"https:\/\/rioonwatch.org\/index.php?rest_route=%2Fwp%2Fv2%2Fcategories&post=53741"},{"taxonomy":"post_tag","embeddable":true,"href":"https:\/\/rioonwatch.org\/index.php?rest_route=%2Fwp%2Fv2%2Ftags&post=53741"},{"taxonomy":"writer","embeddable":true,"href":"https:\/\/rioonwatch.org\/index.php?rest_route=%2Fwp%2Fv2%2Fwriter&post=53741"},{"taxonomy":"translator","embeddable":true,"href":"https:\/\/rioonwatch.org\/index.php?rest_route=%2Fwp%2Fv2%2Ftranslator&post=53741"},{"taxonomy":"illustrator","embeddable":true,"href":"https:\/\/rioonwatch.org\/index.php?rest_route=%2Fwp%2Fv2%2Fillustrator&post=53741"},{"taxonomy":"photographer","embeddable":true,"href":"https:\/\/rioonwatch.org\/index.php?rest_route=%2Fwp%2Fv2%2Fphotographer&post=53741"}],"curies":[{"name":"wp","href":"https:\/\/api.w.org\/{rel}","templated":true}]}}