{"id":54146,"date":"2019-07-08T09:07:44","date_gmt":"2019-07-08T12:07:44","guid":{"rendered":"https:\/\/www.rioonwatch.org\/?p=54146"},"modified":"2019-07-09T12:01:00","modified_gmt":"2019-07-09T15:01:00","slug":"e-voices-using-digital-networks-to-promote-connectivity-in-favelas-across-the-global-south","status":"publish","type":"post","link":"https:\/\/rioonwatch.org\/?p=54146","title":{"rendered":"E-Voices: Using Digital Networks to Promote Connectivity in Favelas Across the Global South"},"content":{"rendered":"<p>On Tuesday, June 18, a seminar titled &#8220;<a href=\"http:\/\/bit.ly\/31xToxZ\" target=\"_blank\" rel=\"noopener noreferrer\">Activist Experiences from Brazil and the Global South<\/a>&#8221; was held at the <a href=\"http:\/\/bit.ly\/2J7BN7l\" target=\"_blank\" rel=\"noopener noreferrer\">Federal Fluminense University<\/a> (UFF) in <a href=\"http:\/\/bit.ly\/2Fur1ae\" target=\"_blank\" rel=\"noopener noreferrer\">Niter\u00f3i<\/a>. The day-long event focused on ways in which countries of the Global South can connect through digital platforms to advance human rights activism on a global scale. Speakers presented on ideas about the use of technology and social media to promote political rights in favelas.<\/p>\n<p><a href=\"https:\/\/www.rioonwatch.org\/wp-content\/uploads\/2019\/06\/eVoices-Community-Journalists.jpg\"><img fetchpriority=\"high\" decoding=\"async\" class=\"aligncenter wp-image-54271\" title=\"Photo: Dissemina Facebook page\" src=\"https:\/\/www.rioonwatch.org\/wp-content\/uploads\/2019\/06\/eVoices-Community-Journalists.jpg\" alt=\"\" width=\"620\" height=\"370\" srcset=\"https:\/\/rioonwatch.org\/wp-content\/uploads\/2019\/06\/eVoices-Community-Journalists.jpg 1200w, https:\/\/rioonwatch.org\/wp-content\/uploads\/2019\/06\/eVoices-Community-Journalists-300x179.jpg 300w, https:\/\/rioonwatch.org\/wp-content\/uploads\/2019\/06\/eVoices-Community-Journalists-768x459.jpg 768w, https:\/\/rioonwatch.org\/wp-content\/uploads\/2019\/06\/eVoices-Community-Journalists-1024x612.jpg 1024w\" sizes=\"(max-width: 620px) 100vw, 620px\" \/><\/a><\/p>\n<p>The seminar began with a series of activities on the theme of &#8220;<a href=\"http:\/\/bit.ly\/2XP0fAI\" target=\"_blank\" rel=\"noopener noreferrer\">Building Bridges Between Brazil and Africa<\/a>,&#8221; followed by a panel discussion on &#8220;Artivism and Creative Actions to Combat Marginalization&#8221; featuring community journalists <a href=\"http:\/\/bit.ly\/2KH1IX1\" target=\"_blank\" rel=\"noopener noreferrer\">Thain\u00e3 de Medeiros<\/a> of <a href=\"http:\/\/on.fb.me\/1QuH6gN\" target=\"_blank\" rel=\"noopener noreferrer\">Coletivo Papo Reto<\/a>, Anderson Caboi of <a href=\"http:\/\/bit.ly\/2hLTvmu\" target=\"_blank\" rel=\"noopener noreferrer\">Mar\u00e9 0800<\/a>, Andressa N\u00fabia of the <a href=\"http:\/\/bit.ly\/2bg2p8p\" target=\"_blank\" rel=\"noopener noreferrer\">GatoM\u00cdDIA<\/a> collective, and Tatiana Lima of the <a href=\"http:\/\/bit.ly\/2KFfglT\" target=\"_blank\" rel=\"noopener noreferrer\">N\u00facleo Piratininga de Comunica\u00e7\u00e3o<\/a>.<\/p>\n<p>Introducing the final panel of the day on the topic of technologies, race, gender, and human rights in the Global South, UFF professor Andrea Medrado spoke about the <a href=\"http:\/\/bit.ly\/31xJQmA\" target=\"_blank\" rel=\"noopener noreferrer\">e-Voices Guide for Practitioners on &#8220;Activism, Art-ivism and Digital Media to Reduce Marginalization&#8221;<\/a> organized by UFF&#8217;s community-based learning <a href=\"http:\/\/bit.ly\/2KI2y5G\" target=\"_blank\" rel=\"noopener noreferrer\">Dissemina Project<\/a> in partnership with <a href=\"http:\/\/bit.ly\/2Ky7Dtf\" target=\"_blank\" rel=\"noopener noreferrer\">e-Voices: Redressing Marginality<\/a>, a network that explores how marginalized groups in Brazil, Kenya, and Syria make use of digital media to promote active citizenship and political rights. The handbook details the ways in which an international network of academics and activists focused primarily on the Global South can explore the theme of marginalization and how digital media can be used as a tool for marginalized groups to make their voices heard.<\/p>\n<p><a href=\"https:\/\/www.rioonwatch.org\/wp-content\/uploads\/2019\/06\/Audience-eVoices.jpg\"><img decoding=\"async\" class=\"aligncenter wp-image-54267 size-content\" title=\"Photo: Dissemina Facebook page\" src=\"https:\/\/www.rioonwatch.org\/wp-content\/uploads\/2019\/06\/Audience-eVoices-620x264.jpg\" alt=\"\" width=\"620\" height=\"264\" srcset=\"https:\/\/rioonwatch.org\/wp-content\/uploads\/2019\/06\/Audience-eVoices-620x264.jpg 620w, https:\/\/rioonwatch.org\/wp-content\/uploads\/2019\/06\/Audience-eVoices-940x400.jpg 940w\" sizes=\"(max-width: 620px) 100vw, 620px\" \/><\/a><\/p>\n<p><span style=\"font-weight: 400;\">As Medrado explained, the e-Voices Guide for Practitioners draws on the experiences of activists, favela residents, and professionals who use media to combat marginalization. The guide discusses both the advantages and challenges that social media has brought to favela activists, focusing on two prominent social media groups based in Rio&#8217;s favelas: <a href=\"http:\/\/bit.ly\/2Mz3PxF\" target=\"_blank\" rel=\"noopener noreferrer\">Complexo da Mar\u00e9<\/a>&#8216;s <a href=\"http:\/\/bit.ly\/30hMLhw\" target=\"_blank\" rel=\"noopener noreferrer\">Mar\u00e9 Vive<\/a> and <a href=\"http:\/\/bit.ly\/2XRgRuR\" target=\"_blank\" rel=\"noopener noreferrer\">Complexo do Alem\u00e3o<\/a>&#8216;s Coletivo Papo Reto.<\/span><\/p>\n<p><span style=\"font-weight: 400;\">Mar\u00e9 Vive was created in 2014 as a strategy to cover the <a href=\"http:\/\/bit.ly\/2XIts3B\" target=\"_blank\" rel=\"noopener noreferrer\">military occupation of Mar\u00e9<\/a> ahead of the World Cup <a href=\"http:\/\/bit.ly\/2XOdipl\" target=\"_blank\" rel=\"noopener noreferrer\">through the perspective of residents<\/a>, using social media\u2014primarily the group&#8217;s <a href=\"http:\/\/bit.ly\/2c78Meb\" target=\"_blank\" rel=\"noopener noreferrer\">Facebook page<\/a>\u2014as a platform to share information and live updates on police operations in the community in order to keep residents safe. In the years that followed, Mar\u00e9 Vive developed into a platform where residents can also post job opportunities, accomplishments, events, and courses available to Mar\u00e9 residents. <\/span><span style=\"font-weight: 400;\">Similarly, Coletivo Papo Reto was created in Complexo de Alem\u00e3o as a network for residents during times of crisis, originally serving to inform residents about the wellbeing of families affected by particularly <a href=\"http:\/\/bit.ly\/2Y2hBu4\" target=\"_blank\" rel=\"noopener noreferrer\">devastating heavy rains in 2013<\/a> and to mobilize the community to gather and distribute food, clothing, and other basic goods to those affected. Over the years, the group developed into a broad-based network of citizen journalists and activists working to <a href=\"http:\/\/nyti.ms\/2pqGAsC\" target=\"_blank\" rel=\"noopener noreferrer\">dispute mainstream media narratives<\/a>, document police abuses, and share community news through the strategic use of social media.<\/span><\/p>\n<p><span style=\"font-weight: 400;\">These online media platforms have given activists, NGOs, and residents the opportunity not only to <a href=\"http:\/\/bit.ly\/2X58Bmr\" target=\"_blank\" rel=\"noopener noreferrer\">enhance connectivity within favelas<\/a> on an <a href=\"http:\/\/bit.ly\/30dggkL\" target=\"_blank\" rel=\"noopener noreferrer\">unprecedented scale<\/a> but also to connect different favelas across the city. Beyond Rio, the platforms have garnered international attention and successfully formed networks with organizations specializing in media technology and data security around the world, such as New York-based human rights organization <a href=\"http:\/\/bit.ly\/22Hi1m2\" target=\"_blank\" rel=\"noopener noreferrer\">Witness<\/a>, a partner of Coletivo Papo Reto. These solidarity networks permit residents to continue their activism at a grassroots level as platforms created and managed by favela residents\u2014guided by the principle of &#8220;for us, by us&#8221; (<em>n\u00f3s por n\u00f3s, <\/em>in Portuguese)\u2014while also gaining the knowledge and resources of media and technology professionals who can help to protect activists\u2019 personal safety.<\/span><\/p>\n<p>Reflecting on the experiences of Coletivo Papo Reto and Mar\u00e9 Vive, the <a href=\"http:\/\/bit.ly\/31xJQmA\" target=\"_blank\" rel=\"noopener noreferrer\">e-Voices Guide enumerates<\/a> a list of lessons and strategies that have contributed to these groups&#8217; effectiveness as community-based platforms with global reach:<\/p>\n<ol>\n<li>Being genuinely grassroots<\/li>\n<li>Local knowledge and relevance<\/li>\n<li>Community media expertise<\/li>\n<li>Favela networks<\/li>\n<li>International networks<\/li>\n<li>Data security<\/li>\n<li>Everyday online protection<\/li>\n<li>Favela pride<\/li>\n<li>Getting into institutional politics<\/li>\n<\/ol>\n<p>Likewise, the guide details the many challenges facing these activist groups, including &#8220;financial sustainability, a general mistrust of NGOs, a general mistrust of mainstream commercial media, professionalism versus authenticity, [a need for] more structure between initiatives, media regulation and competition, mistrust of the justice system, and surveillance.&#8221;<\/p>\n<p>To address this challenge of connectivity among initiatives, one of the goals of the e-Voices network is to connect favela and other informal communities throughout the Global South through social media. Although there has been much activism to the end of promoting digital and face-to-face connections among favela residents within Brazil, taking these connections to the global level presents its own set of challenges. \u201cThese exchanges between countries of the Global South are truly rare. We don\u2019t exchange, we don\u2019t converse directly,\u201d Medrado stated. To foster international connectivity, the e-Voices network seeks to &#8220;bring together academics, researchers, activists, professionals, and NGOs to exchange with one another.\u201d<\/p>\n<p><img decoding=\"async\" class=\"aligncenter wp-image-54149 size-content\" title=\"Panel discussion featuring Renata Souza, Atila Roque, and Andrea Medrado\" src=\"https:\/\/www.rioonwatch.org\/wp-content\/uploads\/2019\/06\/IMG_4200-620x264.jpg\" alt=\"E-Voices Semianr\" width=\"620\" height=\"264\" \/><br \/>\nAnother highlighted speaker at the seminar was Rio de Janeiro state representative <a href=\"http:\/\/bit.ly\/2QJKTed\" target=\"_blank\" rel=\"noopener noreferrer\">Renata Souza<\/a>, who is also a member of the e-Voices network. Souza spoke about the importance of digital media for favela residents not only to connect with activists, researchers, and promote their political and social rights, but also to <a href=\"http:\/\/bit.ly\/2X58Bmr\" target=\"_blank\" rel=\"noopener noreferrer\">assert their right to visibility<\/a>. For residents of systemically neglected communities, social media can serve as an indispensable platform to make themselves visible and make their voices heard.<\/p>\n<p>Souza also stressed the importance of social media and connectivity as a tool for favela residents to shape their own stories and portray themselves in ways that are beneficial to them and will help in their struggle for rights. \u201cWhen people want to create their own stories, they need to be recognized\u2014they need to be seen,\u201d she stated.<\/p>\n","protected":false},"excerpt":{"rendered":"<div class=\"mh-excerpt\"><p>On Tuesday, June 18, a seminar titled &#8220;Activist Experiences from Brazil and the Global South&#8221; was held at the Federal Fluminense University (UFF) in Niter\u00f3i. The day-long event focused on ways in which countries of <a class=\"mh-excerpt-more\" href=\"https:\/\/rioonwatch.org\/?p=54146\" title=\"E-Voices: Using Digital Networks to Promote Connectivity in Favelas Across the Global South\">[&#8230;]<\/a><\/p>\n<\/div>","protected":false},"author":190,"featured_media":54269,"comment_status":"closed","ping_status":"closed","sticky":false,"template":"","format":"standard","meta":{"_monsterinsights_skip_tracking":false,"_monsterinsights_sitenote_active":false,"_monsterinsights_sitenote_note":"","_monsterinsights_sitenote_category":0,"footnotes":""},"categories":[1294,1288,1333,329,1329],"tags":[882,255,310,315,24,1653,280,32,2860,25,878,2354,1681,1900,2733,796,128,2536],"writer":[2959],"translator":[],"illustrator":[],"photographer":[],"class_list":{"0":"post-54146","1":"post","2":"type-post","3":"status-publish","4":"format-standard","5":"has-post-thumbnail","7":"category-communitymedia","8":"category-highlight","9":"category-event-reports","10":"category-solutions","11":"category-by-international-observers","12":"tag-academia-x-civil-society","13":"tag-activism","14":"tag-africa","15":"tag-african-diaspora","16":"tag-alternative-media","17":"tag-community-media","18":"tag-complexo-da-mare","19":"tag-complexo-do-alemao","20":"tag-creative-tech","21":"tag-human-rights","22":"tag-international-comparison","23":"tag-kenya","24":"tag-media-collective","25":"tag-media-narrative","26":"tag-renata-souza","27":"tag-social-media","28":"tag-technology","29":"tag-uff","30":"writer-zaynah-karem"},"_links":{"self":[{"href":"https:\/\/rioonwatch.org\/index.php?rest_route=\/wp\/v2\/posts\/54146","targetHints":{"allow":["GET"]}}],"collection":[{"href":"https:\/\/rioonwatch.org\/index.php?rest_route=\/wp\/v2\/posts"}],"about":[{"href":"https:\/\/rioonwatch.org\/index.php?rest_route=\/wp\/v2\/types\/post"}],"author":[{"embeddable":true,"href":"https:\/\/rioonwatch.org\/index.php?rest_route=\/wp\/v2\/users\/190"}],"replies":[{"embeddable":true,"href":"https:\/\/rioonwatch.org\/index.php?rest_route=%2Fwp%2Fv2%2Fcomments&post=54146"}],"version-history":[{"count":0,"href":"https:\/\/rioonwatch.org\/index.php?rest_route=\/wp\/v2\/posts\/54146\/revisions"}],"wp:featuredmedia":[{"embeddable":true,"href":"https:\/\/rioonwatch.org\/index.php?rest_route=\/wp\/v2\/media\/54269"}],"wp:attachment":[{"href":"https:\/\/rioonwatch.org\/index.php?rest_route=%2Fwp%2Fv2%2Fmedia&parent=54146"}],"wp:term":[{"taxonomy":"category","embeddable":true,"href":"https:\/\/rioonwatch.org\/index.php?rest_route=%2Fwp%2Fv2%2Fcategories&post=54146"},{"taxonomy":"post_tag","embeddable":true,"href":"https:\/\/rioonwatch.org\/index.php?rest_route=%2Fwp%2Fv2%2Ftags&post=54146"},{"taxonomy":"writer","embeddable":true,"href":"https:\/\/rioonwatch.org\/index.php?rest_route=%2Fwp%2Fv2%2Fwriter&post=54146"},{"taxonomy":"translator","embeddable":true,"href":"https:\/\/rioonwatch.org\/index.php?rest_route=%2Fwp%2Fv2%2Ftranslator&post=54146"},{"taxonomy":"illustrator","embeddable":true,"href":"https:\/\/rioonwatch.org\/index.php?rest_route=%2Fwp%2Fv2%2Fillustrator&post=54146"},{"taxonomy":"photographer","embeddable":true,"href":"https:\/\/rioonwatch.org\/index.php?rest_route=%2Fwp%2Fv2%2Fphotographer&post=54146"}],"curies":[{"name":"wp","href":"https:\/\/api.w.org\/{rel}","templated":true}]}}