{"id":54545,"date":"2019-07-12T11:14:38","date_gmt":"2019-07-12T14:14:38","guid":{"rendered":"https:\/\/www.rioonwatch.org\/?p=54545"},"modified":"2019-08-27T13:36:54","modified_gmt":"2019-08-27T16:36:54","slug":"mare-cheia-organizes-itinerant-poetry-battle-in-mares-favelas","status":"publish","type":"post","link":"https:\/\/rioonwatch.org\/?p=54545","title":{"rendered":"Mar\u00e9 Cheia Organizes Itinerant Poetry Battle in Mar\u00e9\u2019s Favelas"},"content":{"rendered":"<p style=\"text-align: right;\"><a href=\"http:\/\/bit.ly\/2LI4NWa\"><em><strong>Clique aqui para Por<\/strong><strong>tugu\u00eas<\/strong><\/em><strong><img decoding=\"async\" width=\"20\" height=\"20\" class=\"alignright size-full wp-image-23766\" src=\"https:\/\/www.rioonwatch.org\/wp-content\/uploads\/2012\/08\/PT-e1439583827971.png\" \/><\/strong><\/a><\/p>\n<p>On Sunday, June 30, the <a href=\"http:\/\/bit.ly\/303XBHS\" target=\"_blank\" rel=\"noopener noreferrer\">third edition<\/a> of the <a href=\"http:\/\/bit.ly\/2xt4jv6\" target=\"_blank\" rel=\"noopener noreferrer\">Mar\u00e9 Cheia Slam<\/a> poetry battle took place at\u00a0the <a href=\"http:\/\/bit.ly\/2XzrKNK\" target=\"_blank\" rel=\"noopener noreferrer\">Parque Uni\u00e3o<\/a> Skate Park in the <a href=\"http:\/\/bit.ly\/2IgZ9Y4\" target=\"_blank\" rel=\"noopener noreferrer\">Complexo da Mar\u00e9<\/a> favelas, in Rio\u2019s <a href=\"http:\/\/bit.ly\/2IgR5qe\" target=\"_blank\" rel=\"noopener noreferrer\">North Zone<\/a>. Sillas Alves Nascimento, a resident of nearby <a href=\"http:\/\/bit.ly\/2HSVQHk\" target=\"_blank\" rel=\"noopener noreferrer\">Nova Holanda<\/a> known in the local rap community as SL MC, was the first to arrive and sign up for the afternoon battle. &#8220;I always wanted to do slam because the lyrics are the most important,&#8221; Sillas said. &#8220;In rap, people also pay attention to the lyrics, but it\u2019s more about finding the right beat.&#8221;<\/p>\n<p>Little by little, crowds began to arrive, filling the square&#8217;s benches. Karoline Rodrigues, a resident of <a href=\"http:\/\/bit.ly\/2XBH2le\" target=\"_blank\" rel=\"noopener noreferrer\">Vila do Jo\u00e3o<\/a>, another of Mar\u00e9&#8217;s favelas, said that it was her first time at the skate park and was the second slam competition that she had attended in Mar\u00e9: &#8220;I always go to the <a href=\"http:\/\/bit.ly\/2JrQnbq\" target=\"_blank\" rel=\"noopener noreferrer\">Slam das Minas<\/a> [women&#8217;s poetry slam]. I really like it. Then, when I saw this initiative here in Mar\u00e9, I said to myself: &#8216;I have to go, I have to go!'&#8221; Rodrigues recalled that a work meeting had kept her from watching the <a href=\"http:\/\/bit.ly\/2LxuMja\" target=\"_blank\" rel=\"noopener noreferrer\">first Mar\u00e9 Cheia Slam in March<\/a>, held in Nova Holanda, but she caught the <a href=\"http:\/\/bit.ly\/2JmpRPp\" target=\"_blank\" rel=\"noopener noreferrer\">second edition<\/a> held in nearby <a href=\"http:\/\/bit.ly\/2XJvufS\" target=\"_blank\" rel=\"noopener noreferrer\">Vila do Pinheiro<\/a> in April. &#8220;Usually, events happen in Nova Holanda, but in Pinheiro there isn&#8217;t anything. I said, &#8216;We really have to occupy this space,'&#8221; Rodrigues remembers. &#8220;So I think this idea of bringing the slam to the rest of Mar\u00e9 is really cool,&#8221; she said.<\/p>\n<p><a href=\"https:\/\/www.rioonwatch.org\/wp-content\/uploads\/2019\/07\/MareCheia2-1.jpg\"><img fetchpriority=\"high\" decoding=\"async\" class=\"aligncenter wp-image-54577 size-content\" title=\"SL MC and Profeta MC, Mar\u00e9 residents and competitors in the third Mar\u00e9 Cheia Slam. Photo: Naldinho Louren\u00e7o\" src=\"https:\/\/www.rioonwatch.org\/wp-content\/uploads\/2019\/07\/MareCheia2-1-620x264.jpg\" alt=\"\" width=\"620\" height=\"264\" srcset=\"https:\/\/rioonwatch.org\/wp-content\/uploads\/2019\/07\/MareCheia2-1-620x264.jpg 620w, https:\/\/rioonwatch.org\/wp-content\/uploads\/2019\/07\/MareCheia2-1-940x400.jpg 940w\" sizes=\"(max-width: 620px) 100vw, 620px\" \/><\/a><\/p>\n<p>The event logo created by Matheus de Ara\u00fajo, a poet and the slam&#8217;s organizer, shows a map of the favelas that make up Mar\u00e9. &#8220;I tried to find something representative of all of [Mar\u00e9\u2019s] 140,000 residents,&#8221; said Ara\u00fajo. &#8220;I first thought about stilt houses, since that&#8217;s how Mar\u00e9 started out. But I wanted something more current. Then I got the idea of the map of Mar\u00e9 because it&#8217;s really emblematic. Mar\u00e9 is a strategic point in the city of Rio\u2014whoever comes in or out [of Rio] has to pass by Mar\u00e9.\u201d<\/p>\n<p>Also on the day&#8217;s agenda was the <a href=\"http:\/\/bit.ly\/2XjAY0B\" target=\"_blank\" rel=\"noopener noreferrer\">launch<\/a> of the newspaper <a href=\"http:\/\/bit.ly\/2NwaNEj\" target=\"_blank\" rel=\"noopener noreferrer\"><em>Literatura Comunica!<\/em><\/a> (&#8220;Literature Communicates!&#8221;) in celebration of the project&#8217;s six-year anniversary. The literary newspaper highlights reading groups organized around the work of writer <a href=\"http:\/\/bit.ly\/30q2nj8\" target=\"_blank\" rel=\"noopener noreferrer\">Carolina de Jesus<\/a>, compiling articles and testimonials, most of them authored by residents of Mar\u00e9, <a href=\"http:\/\/bit.ly\/2XHoboG\" target=\"_blank\" rel=\"noopener noreferrer\">Cerro Cor\u00e1<\/a> (in the <a href=\"http:\/\/bit.ly\/318kJ9H\" target=\"_blank\" rel=\"noopener noreferrer\">South Zone<\/a>) and <a href=\"http:\/\/bit.ly\/2IpNNB7\" target=\"_blank\" rel=\"noopener noreferrer\">Vila Aut\u00f3dromo<\/a> (in the <a href=\"http:\/\/bit.ly\/2KVA7k7\" target=\"_blank\" rel=\"noopener noreferrer\">West Zone<\/a>) who participated in activities related to the project.<\/p>\n<p>Gabrielle Alves, a resident of Vila do Pinheiro, wrote the article &#8220;Education and Racism in the Work of Carolina Maria de Jesus,&#8221; featured in the newspaper\u2019s first edition: &#8220;This was my first [published] article. So when I started, it was a huge challenge, a real battle, because I&#8217;m not used to this. I had written this text two years ago and when I read it again to publish, I felt like I could have done it in another way. I found it interesting because I had thought that I hadn&#8217;t evolved, that I hadn\u2019t changed much. But at that moment, I realized that I really had evolved. I was able to take on other kinds of perceptions and to express myself in a way that I wasn&#8217;t able to before,&#8221; Alves recalls. &#8220;So, I wrote it a second time and felt more prepared when it came to constructing the text. The harmony that I had with <a href=\"http:\/\/bit.ly\/1kMcpWI\" target=\"_blank\" rel=\"noopener noreferrer\">Carolina de Jesus&#8217; book<\/a> helped. I think it was simpler, easier, because her language inspires our language as well.&#8221;<\/p>\n<p><a href=\"https:\/\/www.rioonwatch.org\/wp-content\/uploads\/2019\/07\/MareCheia3-1.jpg\"><img decoding=\"async\" class=\"aligncenter wp-image-54578 size-content\" title=\"The launch of Literatura Comunica! Photo: Naldinho Louren\u00e7o\" src=\"https:\/\/www.rioonwatch.org\/wp-content\/uploads\/2019\/07\/MareCheia3-1-620x264.jpg\" alt=\"\" width=\"620\" height=\"264\" srcset=\"https:\/\/rioonwatch.org\/wp-content\/uploads\/2019\/07\/MareCheia3-1-620x264.jpg 620w, https:\/\/rioonwatch.org\/wp-content\/uploads\/2019\/07\/MareCheia3-1-940x400.jpg 940w\" sizes=\"(max-width: 620px) 100vw, 620px\" \/><\/a><br \/>\nGabriel da Matta, a teacher from the Machado de Assis <a href=\"http:\/\/bit.ly\/2JCm0Ot\" target=\"_blank\" rel=\"noopener noreferrer\"><em>pr\u00e9-vestibular<\/em><\/a> college entrance exam preparatory course in <a href=\"http:\/\/bit.ly\/2JpV3OV\" target=\"_blank\" rel=\"noopener noreferrer\">Morro da Provid\u00eancia<\/a>, in Rio&#8217;s <a href=\"http:\/\/bit.ly\/2XE1xxx\" target=\"_blank\" rel=\"noopener noreferrer\">Port Region<\/a>,\u00a0told of his experience organizing reading groups with two other teachers in occupied schools in Rio in 2016: &#8220;Looking back at the pictures and remembering the events that happened, the schools where we worked&#8230; in Rio, <a href=\"http:\/\/bit.ly\/2LNFi62\" target=\"_blank\" rel=\"noopener noreferrer\">Niter\u00f3i<\/a>, and <a href=\"http:\/\/bit.ly\/2LUU23h\" target=\"_blank\" rel=\"noopener noreferrer\">S\u00e3o Gon\u00e7alo<\/a> [in <a href=\"http:\/\/bit.ly\/2IqnU52\" target=\"_blank\" rel=\"noopener noreferrer\">Greater Rio<\/a>]&#8230; Even if it wasn&#8217;t a long time ago, it was a memory exercise too, it was really interesting.&#8221;<\/p>\n<p>After the distribution of the newspaper, Mar\u00e9 Cheia slam masters Ara\u00fajo and Rejane Barcelos introduced the competitors of the third edition: SL MC and Profeta MC, both of whom are Mar\u00e9 residents. At the first edition of Mar\u00e9 Cheia, poet Valentine from <a href=\"http:\/\/bit.ly\/2Zrt2vo\" target=\"_blank\" rel=\"noopener noreferrer\">Duque de Caxias<\/a> in the <a href=\"http:\/\/bit.ly\/1eW26wq\" target=\"_blank\" rel=\"noopener noreferrer\">Baixada Fluminense<\/a> won. At the second, Dudu Neves from <a href=\"http:\/\/bit.ly\/2LNGKW2\" target=\"_blank\" rel=\"noopener noreferrer\">City of God<\/a> in the West Zone took the crown.<\/p>\n<blockquote><p>&#8220;Searching for peace, breaking barriers, MAR\u00c9 CHEIA SLAM!&#8221; Rejane Barcelos chanted with the crowd.<\/p><\/blockquote>\n<p>The winner of the third battle was SL MC, who won the poetry book <a href=\"https:\/\/amzn.to\/2ROdlvK\" target=\"_blank\" rel=\"noopener noreferrer\"><em>Mar\u00e9 Cheia<\/em><\/a> by Ara\u00fajo as an award, as well as a place in the Mar\u00e9 Cheia finals to be held in September at the <a href=\"http:\/\/bit.ly\/2qqmQm8\" target=\"_blank\" rel=\"noopener noreferrer\">Herbert Vianna Municipal Cultural Center<\/a> in Mar\u00e9. The winner of this final battle will serve as Mar\u00e9 Cheia&#8217;s nominee for Rio de Janeiro\u2019s state poetry competition, <a href=\"http:\/\/bit.ly\/2Jl7Y3q\" target=\"_blank\" rel=\"noopener noreferrer\">Slam RJ<\/a>.<\/p>\n<p><a href=\"https:\/\/www.rioonwatch.org\/wp-content\/uploads\/2019\/07\/MareCheia4-1.jpeg\"><img loading=\"lazy\" decoding=\"async\" class=\"aligncenter wp-image-54576 size-content\" title=\"SL MC won this round, and will go on to compete in the finals in September. Photo: Naldinho Louren\u00e7o\" src=\"https:\/\/www.rioonwatch.org\/wp-content\/uploads\/2019\/07\/MareCheia4-1-620x264.jpeg\" alt=\"\" width=\"620\" height=\"264\" srcset=\"https:\/\/rioonwatch.org\/wp-content\/uploads\/2019\/07\/MareCheia4-1-620x264.jpeg 620w, https:\/\/rioonwatch.org\/wp-content\/uploads\/2019\/07\/MareCheia4-1-940x400.jpeg 940w\" sizes=\"(max-width: 620px) 100vw, 620px\" \/><\/a><br \/>\nIn Rio de Janeiro, slam competitions began in 2013 and gained traction in 2014 when the <a href=\"http:\/\/bit.ly\/2LNYyR1\" target=\"_blank\" rel=\"noopener noreferrer\">Literary Festival of the Urban Periphery<\/a> (FLUP) organized the first edition of the Rio Poetry slam under the curation of Roberta Estrela D&#8217;Alva. In 2008, after an exchange trip to the United States, where she got to know the poetry battles called &#8220;slams,&#8221; D&#8217;Alva started the first slam in Brazil, called ZAP! (Zona Aut\u00f4noma da Palavra, or &#8220;Autonomous Words Zone&#8221;) in <a href=\"http:\/\/bit.ly\/2RR28KT\" target=\"_blank\" rel=\"noopener noreferrer\">S\u00e3o Paulo\u2019s<\/a> Pompeia neighborhood. From then on, poetry slams began catching on around the country. This form of literary competition was created by <a href=\"http:\/\/bit.ly\/2LGEEY2\" target=\"_blank\" rel=\"noopener noreferrer\">Marc Smith<\/a> in a white working-class Chicago neighborhood, as Roberta D&#8217;Alva recounts in the 2017 documentary <a href=\"http:\/\/bit.ly\/2XHCd9Q\" target=\"_blank\" rel=\"noopener noreferrer\"><em>Slam: Voz de Levante<\/em><\/a> (&#8220;Slam: The Voice of Uprising&#8221;).<\/p>\n<p>Mar\u00e9 jumped into the slam circuit on March 24, 2019 thanks to the work of Ara\u00fajo, a Mar\u00e9 local: &#8220;I came up with the idea, but I don&#8217;t do it alone. There&#8217;s also Thais Ayomine, Isadora Gran, and Rejane Camel\u00f4, as well as Patrick Mendes, who has been taking pictures for us at every edition.&#8221;<\/p>\n<p>The <a href=\"http:\/\/bit.ly\/2RR3Mw3\" target=\"_blank\" rel=\"noopener noreferrer\">Rainha do Verso<\/a> (&#8220;Verse Queen&#8221;) Rejane Barcelos was born in Itaperuna, in the interior of Rio state, and has been living for a year and a half in Vila do Pinheiro. Barcelos traces her poetry roots back to when she learned to read and write. She contributed to the <a href=\"http:\/\/bit.ly\/3206gwS\" target=\"_blank\" rel=\"noopener noreferrer\"><em>Brutas Flores<\/em><\/a> (&#8220;Raw Flowers&#8221;) anthology and has launched several &#8220;<a href=\"http:\/\/bit.ly\/2FRffap\" target=\"_blank\" rel=\"noopener noreferrer\">zines<\/a>,&#8221; including <em>Reza Forte<\/em> (Pray Hard), which will launch at the Paraty International Literary Festival (FLIP) this year. &#8220;I&#8217;m a black woman. So, a black woman can&#8217;t dedicate herself to only one thing. I do many things: I&#8217;m a cleaner, I&#8217;m a street vendor, I study Arabic as an undergraduate student at the <a href=\"http:\/\/bit.ly\/2XiG2Ha\" target=\"_blank\" rel=\"noopener noreferrer\">Federal University of Rio de Janeiro<\/a> (UFRJ), and anything else that comes up. I like to dive too,\u201d said Barcelos, who is also one of the organizers of the Mar\u00e9 Cheia Slam.<\/p>\n<p><a href=\"https:\/\/www.rioonwatch.org\/wp-content\/uploads\/2019\/07\/MareCheia5-1.jpg\"><img loading=\"lazy\" decoding=\"async\" class=\"aligncenter wp-image-54575 size-content\" title=\"Rejane Barcelos, the Verse Queen, is one of organizers of the Mar\u00e9 Cheia Slam. Photo: Naldinho Louren\u00e7o\" src=\"https:\/\/www.rioonwatch.org\/wp-content\/uploads\/2019\/07\/MareCheia5-1-620x264.jpg\" alt=\"\" width=\"620\" height=\"264\" srcset=\"https:\/\/rioonwatch.org\/wp-content\/uploads\/2019\/07\/MareCheia5-1-620x264.jpg 620w, https:\/\/rioonwatch.org\/wp-content\/uploads\/2019\/07\/MareCheia5-1-940x400.jpg 940w\" sizes=\"(max-width: 620px) 100vw, 620px\" \/><\/a><br \/>\nBarcelos also announced a street poetry course, a workshop based on the slam method. The course is now open for registration and will take place at the <a href=\"http:\/\/bit.ly\/2LNVT9G\" target=\"_blank\" rel=\"noopener noreferrer\">Mar\u00e9 Women&#8217;s Reference Center<\/a> (CRMM) in Vila do Jo\u00e3o twice a week. Registration occurs directly at the CRMM or personally with Barcelos via <a href=\"http:\/\/bit.ly\/2RR3Mw3\" target=\"_blank\" rel=\"noopener noreferrer\">social media<\/a>.<\/p>\n<p>Ara\u00fajo, raised in Mar\u00e9\u2019s <a href=\"http:\/\/bit.ly\/2LKhC2o\" target=\"_blank\" rel=\"noopener noreferrer\">Rubens Vaz<\/a> favela, also studies literature at UFRJ but says that his relationship with literature began long before college\u2014from the street, from literary soirees, and from slams. In 2016, he participated in <a href=\"http:\/\/bit.ly\/30aFsIK\" target=\"_blank\" rel=\"noopener noreferrer\">FLUPP Pensa<\/a> (&#8220;FLUP Thinks&#8221;), a six-month program in which writers visited public schools to provide workshops for favela youth leading up to the festival, and in January 2018 published his first poetry book, <em>Mar\u00e9 Cheia<\/em>, at the <a href=\"http:\/\/bit.ly\/2rKMv9H\" target=\"_blank\" rel=\"noopener noreferrer\">Mar\u00e9 Arts Center<\/a> (CAM). &#8220;It had everything to do with the process of learning about myself, about social and racial issues,&#8221; he said. &#8220;I launched my book at CAM, here in Mar\u00e9, and I wouldn\u2019t have it any other way. This is where I was born and this is what I talk about every time I carry my word to [perform in] other places. It was only fair that my first steps happen here too.&#8221;<\/p>\n<p>After his book launch in Mar\u00e9, Ara\u00fajo showcased his work in other favelas and also at the <a href=\"http:\/\/bit.ly\/2XFhCqX\" target=\"_blank\" rel=\"noopener noreferrer\">2018 International Literary Festival in Paraty<\/a> (FLIP). The book is prefaced by slammer Mel Duarte and was published by Multifoco Publishers. &#8220;Mar\u00e9 Cheia started as a book, but it&#8217;s charged with a concept: we must be the &#8216;<em>mar\u00e9 cheia<\/em>&#8216; [high tide] and overflow the banks of society. It&#8217;s a metaphorical relationship and I wanted to bring this into the slam too,&#8221; Ara\u00fajo said.<\/p>\n<p><a href=\"https:\/\/www.rioonwatch.org\/wp-content\/uploads\/2019\/07\/MareCheia6-1.jpeg\"><img loading=\"lazy\" decoding=\"async\" class=\"aligncenter wp-image-54574 size-content\" title=\"Matheus Araujo and his book, Mar\u00e9 Cheia. Photo: Naldinho Louren\u00e7o\" src=\"https:\/\/www.rioonwatch.org\/wp-content\/uploads\/2019\/07\/MareCheia6-1-620x264.jpeg\" alt=\"\" width=\"620\" height=\"264\" srcset=\"https:\/\/rioonwatch.org\/wp-content\/uploads\/2019\/07\/MareCheia6-1-620x264.jpeg 620w, https:\/\/rioonwatch.org\/wp-content\/uploads\/2019\/07\/MareCheia6-1-940x400.jpeg 940w\" sizes=\"(max-width: 620px) 100vw, 620px\" \/><\/a><br \/>\nThe skate park also hosts the <a href=\"http:\/\/bit.ly\/2JacVNS\" target=\"_blank\" rel=\"noopener noreferrer\">Roda Cultural do Parque Uni\u00e3o<\/a> (&#8220;Parque Uni\u00e3o Cultural Circle&#8221;), which has been creating a buzz for the last two years. Andr\u00e9 Luiz Vasconcelos, one of the organizers of the Roda Cultural, also attended the Mar\u00e9 Cheia Slam: &#8220;For me, it is an honor to see this here in Mar\u00e9,&#8221; Vasconcelos said. &#8220;I have known Matheus for a long time. We studied in the same school for awhile, and it\u2019s an honor to see him diving into the knowledge of poetry too,&#8221; he said.<\/p>\n<p>The Roda Cultural used to take place every Friday but has been suspended due to a lack of sound equipment. The group, however, is still active, promoting community initiatives on the weekends to revitalize the square. The Mar\u00e9 Cheia Slam also has no sound equipment and has to be realized without microphones and speakers. Anyone looking to get to know the projects better and give a hand may contact them directly via social media: <a href=\"http:\/\/bit.ly\/2xt4jv6\" target=\"_blank\" rel=\"noopener noreferrer\">Slam Mar\u00e9 Cheia<\/a> and <a href=\"http:\/\/bit.ly\/2JacVNS\" target=\"_blank\" rel=\"noopener noreferrer\">Roda Cultural do Parque Uni\u00e3o<\/a>.<\/p>\n<p><i>Miriane Peregrino is a researcher, community journalist, and teacher with a master\u2019s degree in literature from the State University of Rio de Janeiro (UERJ). In 2013, she created the Literatura Comunica! (\u201cLiterature Speaks!\u201d) literacy project, which is active in schools, community libraries, and cultural centers. <em>Born in the interior of Rio state, she has worked in Mar\u00e9 since 2013.<\/em><\/i><\/p>\n","protected":false},"excerpt":{"rendered":"<div class=\"mh-excerpt\"><p>Clique aqui para Portugu\u00eas On Sunday, June 30, the third edition of the Mar\u00e9 Cheia Slam poetry battle took place at\u00a0the Parque Uni\u00e3o Skate Park in the Complexo da Mar\u00e9 favelas, in Rio\u2019s North Zone. <a class=\"mh-excerpt-more\" href=\"https:\/\/rioonwatch.org\/?p=54545\" title=\"Mar\u00e9 Cheia Organizes Itinerant Poetry Battle in Mar\u00e9\u2019s Favelas\">[&#8230;]<\/a><\/p>\n<\/div>","protected":false},"author":162,"featured_media":54579,"comment_status":"closed","ping_status":"closed","sticky":false,"template":"","format":"standard","meta":{"_monsterinsights_skip_tracking":false,"_monsterinsights_sitenote_active":false,"_monsterinsights_sitenote_note":"","_monsterinsights_sitenote_category":0,"footnotes":""},"categories":[1288,1328,1333,1268,329],"tags":[396,1098,231,280,504,694,2622,221,665,1197,666,551,281,362,293,144,1952,120,2323,4,1142,1321,259],"writer":[1532],"translator":[2879],"illustrator":[],"photographer":[],"class_list":{"0":"post-54545","1":"post","2":"type-post","3":"status-publish","4":"format-standard","5":"has-post-thumbnail","7":"category-highlight","8":"category-by-community-contributors","9":"category-event-reports","10":"category-favelaculture","11":"category-solutions","12":"tag-art","13":"tag-cerro-cora","14":"tag-city-of-god","15":"tag-complexo-da-mare","16":"tag-culture","17":"tag-duque-de-caxias","18":"tag-event","19":"tag-favela-culture","20":"tag-flupp","21":"tag-greater-rio","22":"tag-literature","23":"tag-niteroi","24":"tag-nova-holanda","25":"tag-parque-uniao","26":"tag-poetry","27":"tag-morro-da-providencia","28":"tag-rubens-vaz","29":"tag-sao-goncalo","30":"tag-ufrj","31":"tag-vila-autodromo","32":"tag-vila-do-joao","33":"tag-vila-do-pinheiro","34":"tag-youth","35":"writer-miriane-peregrino","36":"translator-gabriel-martins"},"_links":{"self":[{"href":"https:\/\/rioonwatch.org\/index.php?rest_route=\/wp\/v2\/posts\/54545","targetHints":{"allow":["GET"]}}],"collection":[{"href":"https:\/\/rioonwatch.org\/index.php?rest_route=\/wp\/v2\/posts"}],"about":[{"href":"https:\/\/rioonwatch.org\/index.php?rest_route=\/wp\/v2\/types\/post"}],"author":[{"embeddable":true,"href":"https:\/\/rioonwatch.org\/index.php?rest_route=\/wp\/v2\/users\/162"}],"replies":[{"embeddable":true,"href":"https:\/\/rioonwatch.org\/index.php?rest_route=%2Fwp%2Fv2%2Fcomments&post=54545"}],"version-history":[{"count":0,"href":"https:\/\/rioonwatch.org\/index.php?rest_route=\/wp\/v2\/posts\/54545\/revisions"}],"wp:featuredmedia":[{"embeddable":true,"href":"https:\/\/rioonwatch.org\/index.php?rest_route=\/wp\/v2\/media\/54579"}],"wp:attachment":[{"href":"https:\/\/rioonwatch.org\/index.php?rest_route=%2Fwp%2Fv2%2Fmedia&parent=54545"}],"wp:term":[{"taxonomy":"category","embeddable":true,"href":"https:\/\/rioonwatch.org\/index.php?rest_route=%2Fwp%2Fv2%2Fcategories&post=54545"},{"taxonomy":"post_tag","embeddable":true,"href":"https:\/\/rioonwatch.org\/index.php?rest_route=%2Fwp%2Fv2%2Ftags&post=54545"},{"taxonomy":"writer","embeddable":true,"href":"https:\/\/rioonwatch.org\/index.php?rest_route=%2Fwp%2Fv2%2Fwriter&post=54545"},{"taxonomy":"translator","embeddable":true,"href":"https:\/\/rioonwatch.org\/index.php?rest_route=%2Fwp%2Fv2%2Ftranslator&post=54545"},{"taxonomy":"illustrator","embeddable":true,"href":"https:\/\/rioonwatch.org\/index.php?rest_route=%2Fwp%2Fv2%2Fillustrator&post=54545"},{"taxonomy":"photographer","embeddable":true,"href":"https:\/\/rioonwatch.org\/index.php?rest_route=%2Fwp%2Fv2%2Fphotographer&post=54545"}],"curies":[{"name":"wp","href":"https:\/\/api.w.org\/{rel}","templated":true}]}}