{"id":54816,"date":"2019-07-22T06:00:49","date_gmt":"2019-07-22T09:00:49","guid":{"rendered":"https:\/\/www.rioonwatch.org\/?p=54816"},"modified":"2025-09-13T14:08:38","modified_gmt":"2025-09-13T17:08:38","slug":"the-griots-of-mare-narratives-of-black-favela-women","status":"publish","type":"post","link":"https:\/\/rioonwatch.org\/?p=54816","title":{"rendered":"The Griots of Mar\u00e9: Narratives of Black Favela Women"},"content":{"rendered":"<p style=\"text-align: right;\"><a href=\"http:\/\/bit.ly\/2SAVkSl\" target=\"_blank\" rel=\"noopener noreferrer\"><em><strong>Clique aqui para Por<\/strong><strong>tugu\u00eas<\/strong><\/em><strong><img decoding=\"async\" width=\"20\" height=\"20\" class=\"alignright size-full wp-image-23766\" src=\"https:\/\/www.rioonwatch.org\/wp-content\/uploads\/2012\/08\/PT-e1439583827971.png\" \/><\/strong><\/a><\/p>\n<p>The favelas that make up <a href=\"http:\/\/bit.ly\/2IgZ9Y4\" target=\"_blank\" rel=\"noopener noreferrer\">Mar\u00e9<\/a>, in Rio de Janeiro&#8217;s <a href=\"http:\/\/bit.ly\/2IgR5qe\" target=\"_blank\" rel=\"noopener noreferrer\">North Zone<\/a>, are home to <a href=\"http:\/\/bit.ly\/2XVUtR2\" target=\"_blank\" rel=\"noopener noreferrer\">140,000 inhabitants<\/a> and many stories to tell. The favelas&#8217; origins <a href=\"http:\/\/bit.ly\/2SAW5uF\" target=\"_blank\" rel=\"noopener noreferrer\">date back<\/a> to the foundation of <a href=\"http:\/\/bit.ly\/2SpdyWy\" target=\"_blank\" rel=\"noopener noreferrer\">Morro do Timbau<\/a> in the 1940s, but each part of Mar\u00e9 has its own history of emergence.<\/p>\n<p><a href=\"http:\/\/bit.ly\/2SoOMWL\" target=\"_blank\" rel=\"noopener noreferrer\">Nova Holanda<\/a>, for example, <a href=\"http:\/\/bit.ly\/32hitxy\" target=\"_blank\" rel=\"noopener noreferrer\">started in the 1960s<\/a> as a Provisional Housing Center created by the government and coordinated by the <a href=\"http:\/\/bit.ly\/2NG7Xwr\" target=\"_blank\" rel=\"noopener noreferrer\">Le\u00e3o XIII Foundation<\/a> to house the population removed from other favelas in the city, such as <a href=\"http:\/\/bit.ly\/2SqlSoX\" target=\"_blank\" rel=\"noopener noreferrer\">Favela do Esqueleto<\/a>, <a href=\"http:\/\/bit.ly\/2SsHssZ\" target=\"_blank\" rel=\"noopener noreferrer\">Praia do Pinto<\/a>, <a href=\"http:\/\/bit.ly\/2Sr6c52\" target=\"_blank\" rel=\"noopener noreferrer\">Morro da Formiga<\/a> and <a href=\"http:\/\/bit.ly\/2SvC60b\" target=\"_blank\" rel=\"noopener noreferrer\">Morro do Querosene<\/a>. For many of those families, what was meant to be provisional became permanent, and remains so to this day.<\/p>\n<p>According to Tereza On\u00e3, from <a href=\"http:\/\/bit.ly\/2wazFWn\" target=\"_blank\" rel=\"noopener noreferrer\">Mar\u00e9&#8217;s Memory and Identity Nucleus<\/a>\u00a0(NUMIM) of the NGO <a href=\"http:\/\/bit.ly\/2JViAZB\" target=\"_blank\" rel=\"noopener noreferrer\">Redes da Mar\u00e9<\/a> (Mar\u00e9 Development Networks), another striking feature of Nova Holanda is that it is constituted by a majority black population. Aware of this, On\u00e3 formed a team of female black researchers to investigate Mar\u00e9\u2019s local memory as tied to issues of gender and race. The meetings between the researchers and long-term residents of Nova Holanda became known as \u201cTea with the Grandmothers.\u201d<\/p>\n<p>\u201cNova Holanda has a history that the rest of the city needs to know about; it is the community with the largest number of black residents in Mar\u00e9. It\u2019s no coincidence that in Nova Holanda we have such a tense relationship with the police,\u201d says On\u00e3, who has coordinated this oral history work for the past four years.<\/p>\n<p>The documentary <a href=\"http:\/\/bit.ly\/2Jp54Mf\" target=\"_blank\" rel=\"noopener noreferrer\"><em>As Griots da Mar\u00e9<\/em><\/a>, directed by Diego Jesus and Tereza On\u00e3 in 2016, is one of Tea with the Grandmothers\u2019 first outputs. The 15-minute film, which contains the narratives of female Mar\u00e9 residents, is available on the Olhares da Mar\u00e9 Film School\u2019s (<a href=\"http:\/\/bit.ly\/2G47CNT\" target=\"_blank\" rel=\"noopener noreferrer\">ECOM<\/a>) channel.<\/p>\n<p><iframe src=\"https:\/\/www.youtube.com\/embed\/8fsKHoptUUs\" width=\"620\" height=\"349\" frameborder=\"0\" allowfullscreen=\"allowfullscreen\"><span data-mce-type=\"bookmark\" style=\"display: inline-block; width: 0px; overflow: hidden; line-height: 0;\" class=\"mce_SELRES_start\">\ufeff<\/span><\/iframe><\/p>\n<p>\u201cThey still don\u2019t have a clear idea about what a <a href=\"http:\/\/bit.ly\/2ZqBGdD\" target=\"_blank\" rel=\"noopener noreferrer\">griot<\/a> is,\u201d observes On\u00e3. \u201cI call them <a href=\"http:\/\/bit.ly\/2ZsDK56\" target=\"_blank\" rel=\"noopener noreferrer\">griots<\/a>, but they do not see themselves as such yet. This griot thing has to do with history, with the memory of our blackness. My dream is for them to look in the mirror and say, \u2018Wow! I&#8217;m a griot!\u2019 This is still under construction. [This work] is a way of giving visibility to them. I&#8217;m only here because they\u2019ve been here before me. For us, black people, our ancestry is fundamental. We are in 2019 and the history of the Negro in Brazil still hasn\u2019t been told.\u201d Based on <a href=\"http:\/\/bit.ly\/2LgMl4l\" target=\"_blank\" rel=\"noopener noreferrer\">Law 11.645\/08<\/a>, the research team has been discussing memory and identity in Mar\u00e9. In traditional African culture, griots are the <a href=\"http:\/\/bit.ly\/2YIKpIf\" target=\"_blank\" rel=\"noopener noreferrer\">guardians and storytellers<\/a> of their communities.<\/p>\n<p>On May 30, gathered at Tea with the Grandmothers during the \u201cAbdias Nascimento, the Art of a Warrior\u201d exhibition, held at the Mar\u00e9 Arts Center until June 15, the grandmothers Tereza (52), Durvalina (88), Eva Iara (59) and Maria Augusta\/Aid\u00ea (95) shared their experiences.<\/p>\n<p>Dona Durvalina, who features in The Griots of Mar\u00e9, tells us that she was born in the neighboring state of Minas Gerais and has a large extended family in Mar\u00e9: \u201cI have five children, 16 grandchildren, 32 great-grandchildren, and six great-great-grandchildren. If I have a birthday party, just my family will be enough to fill the party,\u201d she says, laughing. From the group of grandmothers, Dona Durvalina says she already knew Aid\u00ea: Mar\u00e9 \u201cwas a community where everyone talked. This is no longer possible today, but I know all my old ones.\u201d<\/p>\n<p><a href=\"https:\/\/www.rioonwatch.org\/wp-content\/uploads\/2019\/07\/MareGriots2.jpeg\"><img fetchpriority=\"high\" decoding=\"async\" class=\"aligncenter wp-image-54825 size-content\" title=\"Left to Right: Dona Eva, Dona Aid\u00ea, and Dona Durvalina share their stories at Tea with the Grandmothers. Photo: Miriane Peregrino\" src=\"https:\/\/www.rioonwatch.org\/wp-content\/uploads\/2019\/07\/MareGriots2-620x264.jpeg\" alt=\"\" width=\"620\" height=\"264\" srcset=\"https:\/\/rioonwatch.org\/wp-content\/uploads\/2019\/07\/MareGriots2-620x264.jpeg 620w, https:\/\/rioonwatch.org\/wp-content\/uploads\/2019\/07\/MareGriots2-940x400.jpeg 940w\" sizes=\"(max-width: 620px) 100vw, 620px\" \/><\/a><br \/>\nMaria Augusta, known by all as Aid\u00ea, is also a native of Minas Gerais state but arrived in Mar\u00e9 when she was 12-years old after the removal of her family from the Morro do Querosene favela. She remembers a fire that took over her house many years ago: \u201cMy dear, the house caught fire. It was really sad. I was sleeping when I heard a tchiii-tchiii sound. Then they knocked on the door: \u2018Aid\u00ea! Aid\u00ea! The house is on fire!\u2019 Girl, when I saw that, I went crazy. But thank God, it was all repaired and everything is back in its place,\u201d recalls Dona Aid\u00ea, who started going to the Grandmas\u2019 Tea at the invitation of her daughters. \u201cI wouldn\u2019t leave the house. I would only leave to go to the doctor\u2019s and to my daughters\u2019 house. They told me to come and I liked it.\u201d<\/p>\n<p>Eva Iara, who migrated to Mar\u00e9 from <a href=\"http:\/\/bit.ly\/2Ss2N5T\" target=\"_blank\" rel=\"noopener noreferrer\">S\u00e3o Jo\u00e3o de Meriti<\/a>, on the outskirts of Rio proper, shares that she has a twin brother named Ad\u00e3o. That morning was her first Tea with the Grandmothers: \u201cToday is my first time and I enjoyed it. Every time she [On\u00e3] would come by, she would invite me, but I was too shy. Then she said, \u2018Leave this shyness and come.\u2019 I liked it, I&#8217;ll come more often from now on.\u201d<\/p>\n<p>On\u00e3, who is also a grandmother, states that \u201cthere is a history of Mar\u00e9 that only they know.\u201d The meetings also carry out joint actions with the <a href=\"http:\/\/bit.ly\/2XDa88E\" target=\"_blank\" rel=\"noopener noreferrer\">Lima Barreto Popular Library<\/a> at Redes da Mar\u00e9, and the <a href=\"http:\/\/bit.ly\/2Jsrf2Q\" target=\"_blank\" rel=\"noopener noreferrer\">Muda Mar\u00e9<\/a> environmental education project, including visits to the nearby Piscin\u00e3o de Ramos pool and workshops: \u201cWe need to know Mar\u00e9 better. Those who live in Piscin\u00e3o say that that they do not live in Mar\u00e9. This group intends to reduce that distance.\u201d<\/p>\n<p>Besides the group of Nova Holanda residents, Tea with the Grandmothers has another nucleus in <a href=\"http:\/\/bit.ly\/2SqndvZ\" target=\"_blank\" rel=\"noopener noreferrer\">Vila do Pinheiro<\/a>, also in Mar\u00e9. All in all, there are 12 long-term female residents participating in the meetings: \u201cIt is not yet a project. We do not have funding, in fact, but we cannot stop the meetings,\u201d says On\u00e3.<\/p>\n<p><a href=\"https:\/\/www.rioonwatch.org\/wp-content\/uploads\/2019\/07\/MareGriots3.jpg\"><img decoding=\"async\" class=\"aligncenter wp-image-54824 size-content\" title=\"Dona Eva, Dona Aid\u00ea, Dona Durvalina, and Tereza O\u00f1a at a visit to the Abdias Nascimento Exhibit at the Mar\u00e9 Arts Center (CAM). May 30, 2019. Photo: Miriane Peregrino \" src=\"https:\/\/www.rioonwatch.org\/wp-content\/uploads\/2019\/07\/MareGriots3-620x264.jpg\" alt=\"\" width=\"620\" height=\"264\" srcset=\"https:\/\/rioonwatch.org\/wp-content\/uploads\/2019\/07\/MareGriots3-620x264.jpg 620w, https:\/\/rioonwatch.org\/wp-content\/uploads\/2019\/07\/MareGriots3-940x400.jpg 940w\" sizes=\"(max-width: 620px) 100vw, 620px\" \/><\/a><br \/>\nThe next step is to collect stories about Mar\u00e9\u2019s healers, or <em>rezadeiras<\/em>. \u201cTea with the Grandmothers is an embryo of this. We will create a project about the healers starting from their stories, and another about the <a href=\"http:\/\/bit.ly\/2LNGSEX\" target=\"_blank\" rel=\"noopener noreferrer\">folia de reis<\/a> festivities in Mar\u00e9 from their stories,\u201d says On\u00e3. With their still unknown stories, the healers mark the narratives of several of Rio\u2019s favelas. They are stories that come from the city&#8217;s <a href=\"http:\/\/bit.ly\/318kJ9H\" target=\"_blank\" rel=\"noopener noreferrer\">South Zone<\/a> favelas as well, from old-timers like Nega Vilma in <a href=\"http:\/\/bit.ly\/2SvoXEy\" target=\"_blank\" rel=\"noopener noreferrer\">Santa Marta<\/a>, Dona Binha in <a href=\"http:\/\/bit.ly\/2SpeNoG\" target=\"_blank\" rel=\"noopener noreferrer\">Pav\u00e3o-Pav\u00e3ozinho<\/a> and <a href=\"http:\/\/bit.ly\/2SpKdvj\" target=\"_blank\" rel=\"noopener noreferrer\">Cantagalo<\/a>, Dona Alzira in <a href=\"http:\/\/bit.ly\/2SxloO8\" target=\"_blank\" rel=\"noopener noreferrer\">Vidigal<\/a>, and Dona Orosina Vieira in Morro do Timbau (Mar\u00e9).<\/p>\n<p>In the context of <a href=\"http:\/\/bit.ly\/2gby7Hv\" target=\"_blank\" rel=\"noopener noreferrer\">ongoing persecution of Afro-Brazilian religions and practices<\/a> within and outside favelas, it is even more urgent to record these narratives and <a href=\"http:\/\/bit.ly\/2ZsDK56\" target=\"_blank\" rel=\"noopener noreferrer\">bring visibility to its leading characters<\/a>. Dona Durvalina was a <em>rezadeira<\/em> until she was 70: \u201cI started when I was seven and I stopped at 70. I thought the time had come. God gave everything a deadline, one for when to be born, to walk, to grow, and that was my deadline. Everything has its time.\u201d<\/p>\n<p><em>Miriane Peregrino is a researcher, community journalist, and teacher with a Master\u2019s Degree in literature from the State University of Rio de Janeiro (UERJ). In 2013, she created the Literatura Comunica! (\u201cLiterature Speaks!\u201d) literacy project, which is active in schools, community libraries, and cultural centers. Born in the interior of Rio state, she has worked in Mar\u00e9 since 2013.<\/em><\/p>\n","protected":false},"excerpt":{"rendered":"<div class=\"mh-excerpt\"><p>Clique aqui para Portugu\u00eas The favelas that make up Mar\u00e9, in Rio de Janeiro&#8217;s North Zone, are home to 140,000 inhabitants and many stories to tell. The favelas&#8217; origins date back to the foundation of <a class=\"mh-excerpt-more\" href=\"https:\/\/rioonwatch.org\/?p=54816\" title=\"The Griots of Mar\u00e9: Narratives of Black Favela Women\">[&#8230;]<\/a><\/p>\n<\/div>","protected":false},"author":162,"featured_media":54826,"comment_status":"closed","ping_status":"closed","sticky":false,"template":"","format":"standard","meta":{"_monsterinsights_skip_tracking":false,"_monsterinsights_sitenote_active":false,"_monsterinsights_sitenote_note":"","_monsterinsights_sitenote_category":0,"footnotes":""},"categories":[1288,1328,1268,1271,329],"tags":[662,112,280,221,650,674,2996,188,116,2731,1143,37,281,962,155,640,1555,2400,270,66,1699,2463,363,1321],"writer":[1532],"translator":[2483],"illustrator":[],"photographer":[],"class_list":{"0":"post-54816","1":"post","2":"type-post","3":"status-publish","4":"format-standard","5":"has-post-thumbnail","7":"category-highlight","8":"category-by-community-contributors","9":"category-favelaculture","10":"category-favelaqualities","11":"category-solutions","12":"tag-afro-brazilian-culture","13":"tag-cantagalo","14":"tag-complexo-da-mare","15":"tag-favela-culture","16":"tag-favela-do-esqueleto","17":"tag-memory","18":"tag-griot","19":"tag-history","20":"tag-morro-da-formiga","21":"tag-morro-do-querosene","22":"tag-morro-do-timbau","23":"tag-north-zone","24":"tag-nova-holanda","25":"tag-oral-history","26":"tag-pavao-pavaozinho","27":"tag-praia-do-pinto","28":"tag-redes-de-desenvolvimento-da-mare","29":"tag-resilience","30":"tag-resistance","31":"tag-santa-marta","32":"tag-sao-joao-de-meriti","33":"tag-social-museology","34":"tag-vidigal","35":"tag-vila-do-pinheiro","36":"writer-miriane-peregrino","37":"translator-desiree-poets"},"_links":{"self":[{"href":"https:\/\/rioonwatch.org\/index.php?rest_route=\/wp\/v2\/posts\/54816","targetHints":{"allow":["GET"]}}],"collection":[{"href":"https:\/\/rioonwatch.org\/index.php?rest_route=\/wp\/v2\/posts"}],"about":[{"href":"https:\/\/rioonwatch.org\/index.php?rest_route=\/wp\/v2\/types\/post"}],"author":[{"embeddable":true,"href":"https:\/\/rioonwatch.org\/index.php?rest_route=\/wp\/v2\/users\/162"}],"replies":[{"embeddable":true,"href":"https:\/\/rioonwatch.org\/index.php?rest_route=%2Fwp%2Fv2%2Fcomments&post=54816"}],"version-history":[{"count":1,"href":"https:\/\/rioonwatch.org\/index.php?rest_route=\/wp\/v2\/posts\/54816\/revisions"}],"predecessor-version":[{"id":81669,"href":"https:\/\/rioonwatch.org\/index.php?rest_route=\/wp\/v2\/posts\/54816\/revisions\/81669"}],"wp:featuredmedia":[{"embeddable":true,"href":"https:\/\/rioonwatch.org\/index.php?rest_route=\/wp\/v2\/media\/54826"}],"wp:attachment":[{"href":"https:\/\/rioonwatch.org\/index.php?rest_route=%2Fwp%2Fv2%2Fmedia&parent=54816"}],"wp:term":[{"taxonomy":"category","embeddable":true,"href":"https:\/\/rioonwatch.org\/index.php?rest_route=%2Fwp%2Fv2%2Fcategories&post=54816"},{"taxonomy":"post_tag","embeddable":true,"href":"https:\/\/rioonwatch.org\/index.php?rest_route=%2Fwp%2Fv2%2Ftags&post=54816"},{"taxonomy":"writer","embeddable":true,"href":"https:\/\/rioonwatch.org\/index.php?rest_route=%2Fwp%2Fv2%2Fwriter&post=54816"},{"taxonomy":"translator","embeddable":true,"href":"https:\/\/rioonwatch.org\/index.php?rest_route=%2Fwp%2Fv2%2Ftranslator&post=54816"},{"taxonomy":"illustrator","embeddable":true,"href":"https:\/\/rioonwatch.org\/index.php?rest_route=%2Fwp%2Fv2%2Fillustrator&post=54816"},{"taxonomy":"photographer","embeddable":true,"href":"https:\/\/rioonwatch.org\/index.php?rest_route=%2Fwp%2Fv2%2Fphotographer&post=54816"}],"curies":[{"name":"wp","href":"https:\/\/api.w.org\/{rel}","templated":true}]}}