{"id":54991,"date":"2019-08-03T12:58:47","date_gmt":"2019-08-03T15:58:47","guid":{"rendered":"https:\/\/www.rioonwatch.org\/?p=54991"},"modified":"2019-08-05T10:09:34","modified_gmt":"2019-08-05T13:09:34","slug":"fourth-annual-black-july-favelas-fight-against-racism-and-militarization-part-1-lgbtphobia-and-favela-resistance","status":"publish","type":"post","link":"https:\/\/rioonwatch.org\/?p=54991","title":{"rendered":"Fourth Annual Black July: Favelas Fight Racism, Part 1\u2014LGBTphobia and Favela Resistance"},"content":{"rendered":"<p style=\"text-align: right;\"><a href=\"http:\/\/bit.ly\/2YKofc9\" target=\"_blank\" rel=\"noopener noreferrer\"><strong><em>Clique aqui para Portugu\u00eas<img decoding=\"async\" width=\"20\" height=\"20\" class=\"alignright size-full wp-image-23766\" src=\"https:\/\/www.rioonwatch.org\/wp-content\/uploads\/2012\/08\/PT-e1439583827971.png\" \/><\/em><\/strong><\/a><\/p>\n<p><em>This is the first of two articles on Black July, now in its <a href=\"http:\/\/bit.ly\/2Y9Ob1i\" target=\"_blank\" rel=\"noopener noreferrer\">fourth annual iteration<\/a>. Both articles focus on the three roundtable discussions that took place on July 25, day two of the three-day event. According to <a href=\"http:\/\/bit.ly\/2Ydy82n\" target=\"_blank\" rel=\"noopener noreferrer\">Black July<\/a> organizers, the annual event is \u201can international collaboration in the fight against racism, militarization, and apartheid, undertaken by the mothers and family members of victims of State violence and various groups that make up the movement of favelas in Rio de Janeiro.\u201d <a href=\"http:\/\/bit.ly\/2YI0W2n\" target=\"_blank\" rel=\"noopener noreferrer\">Read part 2 here<\/a>.<\/em><\/p>\n<h3>The Fourth Edition<\/h3>\n<p>For its fourth edition, this year&#8217;s <a href=\"http:\/\/bit.ly\/2YhInCS\" target=\"_blank\" rel=\"noopener noreferrer\">Black July<\/a> took place on July 24, 25, and 26, and stayed close to the annual event&#8217;s original purpose: combating racism, apartheid, and\u2014according to organizers\u2014contributing to the &#8220;<a href=\"http:\/\/bit.ly\/2NcTXdi\">internationalization of the fight<\/a>, to tell and decry our pain, and to gather our strength against those that oppress and kill us.&#8221;<\/p>\n<p><a href=\"http:\/\/bit.ly\/2SSsOeT\" target=\"_blank\" rel=\"noopener noreferrer\">On July 24<\/a>, a debate on &#8220;Environmental Racism&#8217;s Intersection with Violence&#8221; took place in the <a href=\"http:\/\/bit.ly\/32QPjFA\" target=\"_blank\" rel=\"noopener noreferrer\">Terreiro Il\u00ea Omolu Oxum<\/a>, a religious and cultural space of Afro-Brazilian resistance in <a href=\"http:\/\/bit.ly\/2Ss2N5T\" target=\"_blank\" rel=\"noopener noreferrer\">S\u00e3o Jo\u00e3o de Meriti<\/a>, located in <a href=\"http:\/\/bit.ly\/2IqnU52\" target=\"_blank\" rel=\"noopener noreferrer\">Greater Rio<\/a> de Janeiro&#8217;s <a href=\"http:\/\/bit.ly\/2XQQdyV\" target=\"_blank\" rel=\"noopener noreferrer\">Baixada Fluminense<\/a> region.<\/p>\n<p><a href=\"https:\/\/www.rioonwatch.org\/wp-content\/uploads\/2019\/08\/JulhoNegro2.jpg\"><img fetchpriority=\"high\" decoding=\"async\" class=\"aligncenter wp-image-54998 size-content\" title=\"The debate &quot;Environmental Racism and its Cross-section with Violence&quot; at the Terreiro Il\u00ea Omolu Oxum in S\u00e3o Jo\u00e3o de Meriti. Photo: Julho Negro Facebook\" src=\"https:\/\/www.rioonwatch.org\/wp-content\/uploads\/2019\/08\/JulhoNegro2-620x264.jpg\" alt=\"\" width=\"620\" height=\"264\" srcset=\"https:\/\/rioonwatch.org\/wp-content\/uploads\/2019\/08\/JulhoNegro2-620x264.jpg 620w, https:\/\/rioonwatch.org\/wp-content\/uploads\/2019\/08\/JulhoNegro2-940x400.jpg 940w\" sizes=\"(max-width: 620px) 100vw, 620px\" \/><\/a><br \/>\nThe <a href=\"http:\/\/bit.ly\/32Y4T29\" target=\"_blank\" rel=\"noopener noreferrer\">afternoon of the 25th<\/a> saw attendees move to the <a href=\"http:\/\/bit.ly\/2YnmVwb\" target=\"_blank\" rel=\"noopener noreferrer\">Mar\u00e9 Museum<\/a>, in the <a href=\"http:\/\/bit.ly\/2IgZ9Y4\" target=\"_blank\" rel=\"noopener noreferrer\">Mar\u00e9 favelas<\/a> of the city&#8217;s <a href=\"http:\/\/bit.ly\/2IgR5qe\" target=\"_blank\" rel=\"noopener noreferrer\">North Zone<\/a>, for three roundtable discussions\u2014the subject of this two-part series. That evening featured a performance by the <a href=\"http:\/\/bit.ly\/2YDDnrL\" target=\"_blank\" rel=\"noopener noreferrer\">Encruzilhada Feminina<\/a>, as well as the <a href=\"http:\/\/bit.ly\/2Ou7z4y\" target=\"_blank\" rel=\"noopener noreferrer\">Slam Manguinhos<\/a> poetry battle, which took place at the <a href=\"http:\/\/bit.ly\/2YoSrKr\" target=\"_blank\" rel=\"noopener noreferrer\">Manguinhos<\/a> train station in front of Brazil&#8217;s national health institute, the Oswaldo Cruz Foundation (<a href=\"http:\/\/bit.ly\/2Xhut34\" target=\"_blank\" rel=\"noopener noreferrer\">Fiocruz<\/a>).<\/p>\n<p><a href=\"https:\/\/www.rioonwatch.org\/wp-content\/uploads\/2019\/08\/JulhoNegro3.jpg\"><img decoding=\"async\" class=\"aligncenter wp-image-54993 size-content\" title=\"The Encruzilhada Feminina presentation on day two of this year's Black July. Photo: Encruzilhada Feminina Facebook\" src=\"https:\/\/www.rioonwatch.org\/wp-content\/uploads\/2019\/08\/JulhoNegro3-620x264.jpg\" alt=\"\" width=\"620\" height=\"264\" srcset=\"https:\/\/rioonwatch.org\/wp-content\/uploads\/2019\/08\/JulhoNegro3-620x264.jpg 620w, https:\/\/rioonwatch.org\/wp-content\/uploads\/2019\/08\/JulhoNegro3-940x400.jpg 940w\" sizes=\"(max-width: 620px) 100vw, 620px\" \/><\/a><\/p>\n<p>On July 26, organizers pitched a &#8220;Tent of Resistance&#8221; in the center of Largo da Carioca, a central square in Rio de Janeiro&#8217;s <a href=\"http:\/\/bit.ly\/2X5DZ4e\" target=\"_blank\" rel=\"noopener noreferrer\">downtown<\/a>, distributing clothing, toys, and books. Organizers also used the setting as a stage for the weekend&#8217;s final activity, the &#8220;<a href=\"http:\/\/bit.ly\/310ZNAt\" target=\"_blank\" rel=\"noopener noreferrer\">Popular Jury: Latin American States on Trial<\/a>,&#8221; featuring two panels with activists from Mexico, Venezuela, from the Mapuche people (Chile), mothers and family members of the victims of State violence, and Rio favela residents. Watch the <a href=\"http:\/\/bit.ly\/2YeQujt\" target=\"_blank\" rel=\"noopener noreferrer\">full video<\/a> here:<\/p>\n<p><iframe style=\"border: none; overflow: hidden;\" src=\"https:\/\/www.facebook.com\/plugins\/video.php?href=https%3A%2F%2Fwww.facebook.com%2F3julhonegro%2Fvideos%2F488413211923827%2F&amp;show_text=0&amp;width=560\" width=\"620\" height=\"349\" frameborder=\"0\" scrolling=\"no\" allowfullscreen=\"allowfullscreen\"><span data-mce-type=\"bookmark\" style=\"display: inline-block; width: 0px; overflow: hidden; line-height: 0;\" class=\"mce_SELRES_start\">\ufeff<\/span><span data-mce-type=\"bookmark\" style=\"display: inline-block; width: 0px; overflow: hidden; line-height: 0;\" class=\"mce_SELRES_start\">\ufeff<\/span><span data-mce-type=\"bookmark\" style=\"display: inline-block; width: 0px; overflow: hidden; line-height: 0;\" class=\"mce_SELRES_start\">\ufeff<\/span><\/iframe><\/p>\n<p>This year, in addition to the event&#8217;s official programming, organizers held independent, self-run workshops throughout the city, including the &#8220;Our History Our Voice Festival,&#8221; in the Baixada city of <a href=\"http:\/\/bit.ly\/2YsbiEx\" target=\"_blank\" rel=\"noopener noreferrer\">Belford Roxo<\/a> on July 27, and the debate &#8220;<a href=\"http:\/\/bit.ly\/2LQtG30\" target=\"_blank\" rel=\"noopener noreferrer\">Religious Racism and the Impact of Militarization on the Lives of the Black and Peripheral Population<\/a>,&#8221; at the Afro-Brazilian religious site Terreiro Ologunede-Il\u00ea \u00c0se Alade Ode Lomi, in <a href=\"http:\/\/bit.ly\/2L0wOZ3\" target=\"_blank\" rel=\"noopener noreferrer\">Nova Igua\u00e7u<\/a>, also in the Baixada, as part of Black July&#8217;s closing ceremony.<\/p>\n<h3><strong><a href=\"https:\/\/www.rioonwatch.org\/wp-content\/uploads\/2019\/08\/JulhoNegro4.jpg\"><img loading=\"lazy\" decoding=\"async\" class=\"aligncenter wp-image-54997 size-content\" title=\"The debate &quot;Religious Racism and the Impact of Militarization on the Lives of the Black and Peripheral Population,&quot; at the Terreiro Ologunede-Il\u00ea \u00c0se Alade Ode Lomi, in Nova Igua\u00e7u. Photo: Julho Negro Facebook\" src=\"https:\/\/www.rioonwatch.org\/wp-content\/uploads\/2019\/08\/JulhoNegro4-620x264.jpg\" alt=\"\" width=\"620\" height=\"264\" srcset=\"https:\/\/rioonwatch.org\/wp-content\/uploads\/2019\/08\/JulhoNegro4-620x264.jpg 620w, https:\/\/rioonwatch.org\/wp-content\/uploads\/2019\/08\/JulhoNegro4-940x400.jpg 940w\" sizes=\"(max-width: 620px) 100vw, 620px\" \/><\/a><br \/>\nThe Essence of Black July<\/strong><\/h3>\n<p>For <a href=\"http:\/\/bit.ly\/2YnSENW\" target=\"_blank\" rel=\"noopener noreferrer\">Gizele Martins<\/a>, journalist, resident of Mar\u00e9, and one of the event&#8217;s organizers, Black July&#8217;s central goal is to &#8220;discuss militarization, racism, and apartheid at the <a href=\"http:\/\/bit.ly\/2YmDXdW\" target=\"_blank\" rel=\"noopener noreferrer\">international level<\/a>, bringing people from other countries that live and experience this theme, both as [a tool for] training and [as a platform for] denunciation.&#8221; Martins says that &#8220;it is a way for us to <a href=\"http:\/\/bit.ly\/2YkFYYf\" target=\"_blank\" rel=\"noopener noreferrer\">meet with other countries<\/a>, with other mothers and family members to discuss these topics. It is a way of gathering strength and recognizing these themes beyond what we know in Rio.&#8221;<\/p>\n<p><a href=\"https:\/\/www.rioonwatch.org\/wp-content\/uploads\/2019\/08\/JulhoNegro5.jpg\"><img loading=\"lazy\" decoding=\"async\" class=\"aligncenter wp-image-54996 size-content\" title=\"Gizele Martins. Photo: B\u00e1rbara Dias\" src=\"https:\/\/www.rioonwatch.org\/wp-content\/uploads\/2019\/08\/JulhoNegro5-620x264.jpg\" alt=\"\" width=\"620\" height=\"264\" srcset=\"https:\/\/rioonwatch.org\/wp-content\/uploads\/2019\/08\/JulhoNegro5-620x264.jpg 620w, https:\/\/rioonwatch.org\/wp-content\/uploads\/2019\/08\/JulhoNegro5-940x400.jpg 940w\" sizes=\"(max-width: 620px) 100vw, 620px\" \/><\/a><br \/>\nOn July 25, <em>RioOnWatch<\/em> attended the Mar\u00e9 Museum roundtables to hear activists\u2014many of them from the favelas\u2014that organized, based on their life experiences, in an effort to fill the gap left by the absence of effective and efficient public policies for a large portion of the population. At the event, it became clear that being an activist from one of these peripheral spaces gave an element of affection to the struggle. Rather than the battle belonging to the &#8220;other,&#8221; it is &#8220;ours,&#8221; as event participants repeated many times throughout the day. Speaking of one&#8217;s own space and people that are &#8220;one&#8217;s own&#8221; carries an important value with it. This approximation of such unique yet universal experiences gave the event a welcoming air\u2014even in its purpose of combating the ever closing-in racist structures that deprive these populations of their rights, be it the right to security, housing, education, or others.<\/p>\n<h3><strong><a href=\"https:\/\/www.rioonwatch.org\/wp-content\/uploads\/2019\/08\/JulhoNegro6.jpg\"><img loading=\"lazy\" decoding=\"async\" class=\"aligncenter wp-image-54992 size-content\" title=\"An exhibit outside the Mar\u00e9 Museum. Photo: Julho Negro Facebook\" src=\"https:\/\/www.rioonwatch.org\/wp-content\/uploads\/2019\/08\/JulhoNegro6-620x264.jpg\" alt=\"\" width=\"620\" height=\"264\" srcset=\"https:\/\/rioonwatch.org\/wp-content\/uploads\/2019\/08\/JulhoNegro6-620x264.jpg 620w, https:\/\/rioonwatch.org\/wp-content\/uploads\/2019\/08\/JulhoNegro6-940x400.jpg 940w\" sizes=\"(max-width: 620px) 100vw, 620px\" \/><\/a><br \/>\nThe Space<\/strong><\/h3>\n<p>The second day of activities of the fourth annual Black July event took place at a museum inside the favelas of Mar\u00e9. The Mar\u00e9 Museum <a href=\"http:\/\/bit.ly\/2YlHdpP\" target=\"_blank\" rel=\"noopener noreferrer\">tells the story<\/a> of its people and their strategies <a href=\"http:\/\/bit.ly\/2YgDzxs\" target=\"_blank\" rel=\"noopener noreferrer\">for re-existing<\/a> within a society that validates the exclusionary practices of the State. The museum stands in dialogue with Black July in its expression of art in resistance to the practices of exclusion and negligence on behalf of the State. In addition to the museum&#8217;s permanent exhibition, before the event&#8217;s roundtables began, it was possible to reflect on the themes addressed through the histories presented in photographs and excerpts from speeches of various favela activists, in the museum&#8217;s external area.<\/p>\n<h3><strong>Speaking of Art&#8230;<\/strong><\/h3>\n<p>Lucas Francisco, resident of Mar\u00e9 and longtime fan of the museum, also a dance student at Rio&#8217;s Federal University (<a href=\"http:\/\/bit.ly\/2XiG2Ha\" target=\"_blank\" rel=\"noopener noreferrer\">UFRJ<\/a>), began the debates on the 25th with a hard-hitting presentation. Mixing dance with activism in an impactful way, Francisco&#8217;s performance addressed LGBTphobia and the social norms imposed on boys, mixing dance with a strong depiction of militarization and torture. Francisco&#8217;s performance left the crowd speechless before art&#8217;s ability to express pain in an intense and beautiful way.<\/p>\n<h3><strong><a href=\"https:\/\/www.rioonwatch.org\/wp-content\/uploads\/2019\/08\/JulhoNegro7.jpg\"><img loading=\"lazy\" decoding=\"async\" class=\"aligncenter wp-image-54995 size-content\" title=\"Lucas Francisco. Photo: B\u00e1rbara Dias\" src=\"https:\/\/www.rioonwatch.org\/wp-content\/uploads\/2019\/08\/JulhoNegro7-620x264.jpg\" alt=\"\" width=\"620\" height=\"264\" srcset=\"https:\/\/rioonwatch.org\/wp-content\/uploads\/2019\/08\/JulhoNegro7-620x264.jpg 620w, https:\/\/rioonwatch.org\/wp-content\/uploads\/2019\/08\/JulhoNegro7-940x400.jpg 940w\" sizes=\"(max-width: 620px) 100vw, 620px\" \/><\/a><br \/>\nTable 1: LGBTQ+ Militarization and Favela Resistance<\/strong><\/h3>\n<p>In its debut at this year&#8217;s Black July, the LGBTQ+ roundtable contained a panel of experts that, based in their personal experiences, resolved to hold the State accountable, so that this population might finally see their rights fully guaranteed. Betto Duarti, a representative of the <a href=\"http:\/\/bit.ly\/2YtWWyf\" target=\"_blank\" rel=\"noopener noreferrer\">LGBTQ+ movement in Mar\u00e9<\/a>, and a resident of Mar\u00e9&#8217;s <a href=\"http:\/\/bit.ly\/2YEgsIv\" target=\"_blank\" rel=\"noopener noreferrer\">Vila do Jo\u00e3o<\/a> favela for more than 30 years, one of the figures responsible for the first <a href=\"http:\/\/bit.ly\/333LfSo\" target=\"_blank\" rel=\"noopener noreferrer\">LGBT parades in Mar\u00e9<\/a>, was one of the discussion&#8217;s participants. He relayed that as a representative of the LGBTQ+ movement in Mar\u00e9, the fight for healthcare for these populations is one of the most important practices. Betto is often sought out when someone suffers from poor healthcare due to prejudice.<\/p>\n<p>Also at the roundtable were Dayana Gusm\u00e3o, born in Mar\u00e9 and a member of the <a href=\"http:\/\/bit.ly\/2K62CdZ\" target=\"_blank\" rel=\"noopener noreferrer\">Lesbi Resistance of the Favelas collective<\/a>, and Michele Seixas, member of the <a href=\"http:\/\/bit.ly\/2YtAKVe\" target=\"_blank\" rel=\"noopener noreferrer\">Brazilian Lesbian Articulation<\/a>, and a resident of <a href=\"http:\/\/bit.ly\/2ImAzVp\" target=\"_blank\" rel=\"noopener noreferrer\">Complexo do Alem\u00e3o<\/a>. Lesbians, these intellectual women centered their discussions on the machismo violence that plagues the lesbian population and results in <a href=\"http:\/\/bit.ly\/31hWqFz\" target=\"_blank\" rel=\"noopener noreferrer\">lesbicide<\/a>.<\/p>\n<p><a href=\"https:\/\/www.rioonwatch.org\/wp-content\/uploads\/2019\/08\/JulhoNegro8.jpg\"><img loading=\"lazy\" decoding=\"async\" class=\"aligncenter wp-image-54994 size-content\" title=\"Betto Duarti, Michele Seixas, Dayana Gusm\u00e3o, and Flavinha C\u00e2ndido. Photo: B\u00e1rbara Dias\" src=\"https:\/\/www.rioonwatch.org\/wp-content\/uploads\/2019\/08\/JulhoNegro8-620x264.jpg\" alt=\"\" width=\"620\" height=\"264\" srcset=\"https:\/\/rioonwatch.org\/wp-content\/uploads\/2019\/08\/JulhoNegro8-620x264.jpg 620w, https:\/\/rioonwatch.org\/wp-content\/uploads\/2019\/08\/JulhoNegro8-940x400.jpg 940w\" sizes=\"(max-width: 620px) 100vw, 620px\" \/><\/a><br \/>\nOne important point for the debate was the question of the LGBT prison population. According to Seixas, the data\u2014so important in the construction of measures to improve the lives of all\u2014are often neglected, making it difficult to map out the quantity of LGBTQs deprived of their freedom and what actions are being taken to reinsert them in society. For Seixas, this attitude plays a part in the politics of invisibility: &#8220;the absence of these data is something intentional, because the lack of data makes it impossible to build public policies and execute them&#8230; Within existing public policy [for the prison population] the element of invisibility is even greater with regard to black, lesbian women from the favelas.&#8221; In closing the roundtable, Seixas added: &#8220;<a href=\"http:\/\/bit.ly\/2MDm1V9\" target=\"_blank\" rel=\"noopener noreferrer\">necropolitics<\/a> has worked well, and that&#8217;s nothing new&#8230; the killing of LGBT people has gained a certain banality, now that Brazil [leads in] <a href=\"http:\/\/bit.ly\/2KsqMQq\" target=\"_blank\" rel=\"noopener noreferrer\">the ranking for deaths<\/a> of [this group].&#8221;<\/p>\n<p><em>This is the first article in a two-part series on 2019 Black July. <a href=\"http:\/\/bit.ly\/2YI0W2n\" target=\"_blank\" rel=\"noopener noreferrer\">For part 2 click here<\/a>.<\/em><\/p>\n<div class=\"entry clearfix\">\n<div class=\"entry clearfix\">\n<p><em>Carla Souza is a teacher by training and loves her job as an early childhood education teacher. Raised in\u00a0<a href=\"http:\/\/bit.ly\/1m4JS9c\" target=\"_blank\" rel=\"noopener noreferrer\">Rocinha<\/a>, she understands her existence as a black woman and favela resident as a focus of struggle and resistance in the world.<\/em><\/p>\n<\/div>\n<\/div>\n","protected":false},"excerpt":{"rendered":"<div class=\"mh-excerpt\"><p>Clique aqui para Portugu\u00eas This is the first of two articles on Black July, now in its fourth annual iteration. Both articles focus on the three roundtable discussions that took place on July 25, day <a class=\"mh-excerpt-more\" href=\"https:\/\/rioonwatch.org\/?p=54991\" title=\"Fourth Annual Black July: Favelas Fight Racism, Part 1\u2014LGBTphobia and Favela Resistance\">[&#8230;]<\/a><\/p>\n<\/div>","protected":false},"author":162,"featured_media":54999,"comment_status":"closed","ping_status":"closed","sticky":false,"template":"","format":"standard","meta":{"_monsterinsights_skip_tracking":false,"_monsterinsights_sitenote_active":false,"_monsterinsights_sitenote_note":"","_monsterinsights_sitenote_category":0,"footnotes":""},"categories":[1288,1328,1290,1333,1268],"tags":[662,396,1700,280,32,910,2622,2329,1197,878,2924,2466,1507,637,1678,1160,122,1189,270,956,2323,1431,1142],"writer":[2688],"translator":[2995],"illustrator":[],"photographer":[],"class_list":{"0":"post-54991","1":"post","2":"type-post","3":"status-publish","4":"format-standard","5":"has-post-thumbnail","7":"category-highlight","8":"category-by-community-contributors","9":"category-civilsociety","10":"category-event-reports","11":"category-favelaculture","12":"tag-afro-brazilian-culture","13":"tag-art","14":"tag-belford-roxo","15":"tag-complexo-da-mare","16":"tag-complexo-do-alemao","17":"tag-creative-organizing","18":"tag-event","19":"tag-fiocruz","20":"tag-greater-rio","21":"tag-international-comparison","22":"tag-international-solidarity","23":"tag-julho-negro","24":"tag-lgbt","25":"tag-manguinhos","26":"tag-mexico","27":"tag-museu-da-mare","28":"tag-nova-iguacu","29":"tag-racism","30":"tag-resistance","31":"tag-self-help-planning","32":"tag-ufrj","33":"tag-venezuela","34":"tag-vila-do-joao","35":"writer-carla-souza","36":"translator-edmund-ruge"},"_links":{"self":[{"href":"https:\/\/rioonwatch.org\/index.php?rest_route=\/wp\/v2\/posts\/54991","targetHints":{"allow":["GET"]}}],"collection":[{"href":"https:\/\/rioonwatch.org\/index.php?rest_route=\/wp\/v2\/posts"}],"about":[{"href":"https:\/\/rioonwatch.org\/index.php?rest_route=\/wp\/v2\/types\/post"}],"author":[{"embeddable":true,"href":"https:\/\/rioonwatch.org\/index.php?rest_route=\/wp\/v2\/users\/162"}],"replies":[{"embeddable":true,"href":"https:\/\/rioonwatch.org\/index.php?rest_route=%2Fwp%2Fv2%2Fcomments&post=54991"}],"version-history":[{"count":0,"href":"https:\/\/rioonwatch.org\/index.php?rest_route=\/wp\/v2\/posts\/54991\/revisions"}],"wp:featuredmedia":[{"embeddable":true,"href":"https:\/\/rioonwatch.org\/index.php?rest_route=\/wp\/v2\/media\/54999"}],"wp:attachment":[{"href":"https:\/\/rioonwatch.org\/index.php?rest_route=%2Fwp%2Fv2%2Fmedia&parent=54991"}],"wp:term":[{"taxonomy":"category","embeddable":true,"href":"https:\/\/rioonwatch.org\/index.php?rest_route=%2Fwp%2Fv2%2Fcategories&post=54991"},{"taxonomy":"post_tag","embeddable":true,"href":"https:\/\/rioonwatch.org\/index.php?rest_route=%2Fwp%2Fv2%2Ftags&post=54991"},{"taxonomy":"writer","embeddable":true,"href":"https:\/\/rioonwatch.org\/index.php?rest_route=%2Fwp%2Fv2%2Fwriter&post=54991"},{"taxonomy":"translator","embeddable":true,"href":"https:\/\/rioonwatch.org\/index.php?rest_route=%2Fwp%2Fv2%2Ftranslator&post=54991"},{"taxonomy":"illustrator","embeddable":true,"href":"https:\/\/rioonwatch.org\/index.php?rest_route=%2Fwp%2Fv2%2Fillustrator&post=54991"},{"taxonomy":"photographer","embeddable":true,"href":"https:\/\/rioonwatch.org\/index.php?rest_route=%2Fwp%2Fv2%2Fphotographer&post=54991"}],"curies":[{"name":"wp","href":"https:\/\/api.w.org\/{rel}","templated":true}]}}