{"id":55005,"date":"2019-08-04T07:28:52","date_gmt":"2019-08-04T10:28:52","guid":{"rendered":"https:\/\/www.rioonwatch.org\/?p=55005"},"modified":"2021-07-08T16:02:17","modified_gmt":"2021-07-08T19:02:17","slug":"fourth-annual-black-july-favelas-fight-against-racism-and-militarization-part-2-genocide-and-the-strength-of-black-women","status":"publish","type":"post","link":"https:\/\/rioonwatch.org\/?p=55005","title":{"rendered":"Fourth Annual Black July: Favelas Fight Racism, Part 2\u2014Genocide and Black Women&#8217;s Strength"},"content":{"rendered":"<p style=\"text-align: right;\"><a href=\"http:\/\/bit.ly\/2Yx7sor\" target=\"_blank\" rel=\"noopener noreferrer\"><strong><em>Clique aqui para Portugu\u00eas<img decoding=\"async\" width=\"20\" height=\"20\" class=\"alignright size-full wp-image-23766\" src=\"https:\/\/www.rioonwatch.org\/wp-content\/uploads\/2012\/08\/PT-e1439583827971.png\" \/><\/em><\/strong><\/a><\/p>\n<p><em>This is the second of two articles on Black July, now in its <a href=\"http:\/\/bit.ly\/2Y9Ob1i\" target=\"_blank\" rel=\"noopener noreferrer\">fourth annual iteration<\/a>. Both articles focus on the three roundtable discussions that took place on July 25, day two of the three-day event. According to <a href=\"http:\/\/bit.ly\/2Ydy82n\" target=\"_blank\" rel=\"noopener noreferrer\">Black July<\/a> organizers, the annual event is \u201can international collaboration in the fight against racism, militarization, and apartheid, undertaken by the mothers and family members of victims of State violence and various groups that make up the movement of favelas in Rio de Janeiro.\u201d <a href=\"http:\/\/bit.ly\/2T9fMde\" target=\"_blank\" rel=\"noopener noreferrer\">Read part 1 here<\/a>.<\/em><\/p>\n<h3><strong>Roundtable 3: Genocide\u2014From Drugs to Prison<\/strong><\/h3>\n<p>As a <a href=\"http:\/\/bit.ly\/2YiV1S9\" target=\"_blank\" rel=\"noopener noreferrer\">community writer<\/a> from <a href=\"http:\/\/bit.ly\/317A4Hx\" target=\"_blank\" rel=\"noopener noreferrer\">Rocinha<\/a> reporting for <em>RioOnWatch, <\/em>I can affirm that the theme of militarization of life\u2014the focus of <a href=\"http:\/\/bit.ly\/2Ke42SB\" target=\"_blank\" rel=\"noopener noreferrer\">Black July&#8217;s second roundtable<\/a>\u2014speaks to my trajectory as a resident of Rio&#8217;s favelas for over 38 years. For those who live outside this reality, the militarization of day-to-day life works like this: it&#8217;s leaving home in the morning to go buy bread with your child and the first thing you see is a soldier with a rifle pointed at the bakery; it&#8217;s checking in on social media to see if the police operation that began during school hours has finished; it&#8217;s checking in to see if your child is alright and if it is safe for them to come home from school; it&#8217;s waking up at 6am with a helicopter buzzing over your roof, blasting announcements that you should remain inside your home, and that leaving for work might actually cost you your life; it&#8217;s avoiding carrying common household objects like <a href=\"http:\/\/bit.ly\/2F8Thki\" target=\"_blank\" rel=\"noopener noreferrer\">umbrellas<\/a>, <a href=\"http:\/\/bit.ly\/2YmdAVE\" target=\"_blank\" rel=\"noopener noreferrer\">drills<\/a>, and cellphones on days with police operations so that they&#8217;re not confused with a gun and so you don&#8217;t become a target. The examples are infinite, but this <a href=\"http:\/\/bit.ly\/2MuW5wE\" target=\"_blank\" rel=\"noopener noreferrer\">cycle has gone on<\/a> for years in the streets of so many favelas. And this kind of violence is unheard of in the upper-class neighborhoods where many favela residents work. It was on this topic\u2014this denied right\u2014that the second roundtable began debating.<\/p>\n<p>Sitting on the panel were: Cristiano Silva de Oliveira from the Eu Sou Eu (I Am Me) collective, which focuses on the question of life in prison, and a participant in the <a href=\"http:\/\/bit.ly\/2YwbfSX\" target=\"_blank\" rel=\"noopener noreferrer\">State Front for Disincarceration<\/a>; Eliene Vieira, a member of <a href=\"http:\/\/bit.ly\/2Ykn1ow\" target=\"_blank\" rel=\"noopener noreferrer\">Mothers of Manguinhos<\/a>\u00a0and of the <a href=\"http:\/\/bit.ly\/29VNixk\" target=\"_blank\" rel=\"noopener noreferrer\">Manguinhos Social Forum<\/a>; Louren\u00e7o Cezar of <a href=\"http:\/\/bit.ly\/2YomcuI\" target=\"_blank\" rel=\"noopener noreferrer\">CEASM<\/a> and the <a href=\"http:\/\/bit.ly\/2Yomu4M\" target=\"_blank\" rel=\"noopener noreferrer\">Mar\u00e9 Museum<\/a>; and M\u00f4nica Cruz of the NGO <a href=\"http:\/\/bit.ly\/31iVC3k\" target=\"_blank\" rel=\"noopener noreferrer\">Global Justice<\/a> (Justi\u00e7a Global), also a resident of <a href=\"http:\/\/bit.ly\/2YoSrKr\" target=\"_blank\" rel=\"noopener noreferrer\">Manguinhos<\/a>. On the question of who most experiences the reality of militarization (<a href=\"http:\/\/bit.ly\/2YmFTmH\" target=\"_blank\" rel=\"noopener noreferrer\">war on whom?<\/a>), the panel&#8217;s participants were in complete agreement: it is those who have their lives shattered daily by State actions that <a href=\"http:\/\/bit.ly\/2YmFmBd\" target=\"_blank\" rel=\"noopener noreferrer\">target only one territory in the city<\/a>\u2014its favelas.<\/p>\n<p><a href=\"https:\/\/www.rioonwatch.org\/wp-content\/uploads\/2019\/08\/JulhoNegropt21.jpg\"><img fetchpriority=\"high\" decoding=\"async\" class=\"aligncenter wp-image-55009 size-content\" title=\"From left to right: Cristiano Silva de Oliveira, Eliane Vieira, Louren\u00e7o Cezar, e M\u00f4nica Cruz. Photo: B\u00e1rbara Dias\" src=\"https:\/\/www.rioonwatch.org\/wp-content\/uploads\/2019\/08\/JulhoNegropt21-620x264.jpg\" alt=\"\" width=\"620\" height=\"264\" srcset=\"https:\/\/rioonwatch.org\/wp-content\/uploads\/2019\/08\/JulhoNegropt21-620x264.jpg 620w, https:\/\/rioonwatch.org\/wp-content\/uploads\/2019\/08\/JulhoNegropt21-940x400.jpg 940w\" sizes=\"(max-width: 620px) 100vw, 620px\" \/><\/a><br \/>\nCezar spoke on the role of left-wing politicians and their effort to build a new scenario in relation to public security in the favelas. &#8220;We live in our little world here, but there are people who have been studying this for years and could be bringing their knowledge here to create a project that is ours. I know that in the Northeast of Brazil, for example, certain states have drastically reduced their levels of violence. We need to know what they&#8217;re doing, because we are in the line of fire, taking fire from all sides. It&#8217;s hard for us to step out of the crossfire and reflect on this. We need more tools to get out into the field and convince more hearts and minds. That&#8217;s what I feel is missing.&#8221;<\/p>\n<p>Cezar&#8217;s words point to a clear need for bottom-up public policies. As he indicates, the only thing that is known about favelas is <a href=\"http:\/\/bit.ly\/2YmLvND\" target=\"_blank\" rel=\"noopener noreferrer\">their place in the war on drugs<\/a>: the <a href=\"http:\/\/bit.ly\/2YmYyyV\" target=\"_blank\" rel=\"noopener noreferrer\">culture made up of real people and families<\/a> goes unseen, reducing the lives of common citizens through <a href=\"http:\/\/bit.ly\/2MwFN6z\" target=\"_blank\" rel=\"noopener noreferrer\">prejudice and criminalization<\/a>. As Oliveira put it, &#8220;Our bodies are killable.&#8221;<\/p>\n<p>Vieira, one of the mothers that make up Mothers of Manguinhos, echoed, &#8220;I&#8217;ve been hearing about this so-called failed State for a while now. But for those of us that live in the favelas, this failure has always been there. My son had his chest shot through [by the police] and was thrown in jail. It was then that I realized that I needed to speak up not only for him, but for all youth. Before, I blamed myself. I blamed my son. But then another woman taught me that we have rights.&#8221; Vieira finished, &#8220;the police aren&#8217;t for killing, they&#8217;re for protecting.&#8221;<\/p>\n<h3><a href=\"https:\/\/www.rioonwatch.org\/wp-content\/uploads\/2019\/08\/JulhoNegroPt22.jpg\"><img decoding=\"async\" class=\"aligncenter wp-image-55008 size-content\" title=\"Julho Negro at the Mar\u00e9 Museum entrance. Photo: Julho Negro Facebook\" src=\"https:\/\/www.rioonwatch.org\/wp-content\/uploads\/2019\/08\/JulhoNegroPt22-620x264.jpg\" alt=\"\" width=\"620\" height=\"264\" srcset=\"https:\/\/rioonwatch.org\/wp-content\/uploads\/2019\/08\/JulhoNegroPt22-620x264.jpg 620w, https:\/\/rioonwatch.org\/wp-content\/uploads\/2019\/08\/JulhoNegroPt22-940x400.jpg 940w\" sizes=\"(max-width: 620px) 100vw, 620px\" \/><\/a><br \/>\nRoundtable 3: Black Women\u2014Our Resistance Has Come Far<\/h3>\n<p>The third table of <a href=\"http:\/\/bit.ly\/2Ke42SB\" target=\"_blank\" rel=\"noopener noreferrer\">the day<\/a> was made up of black women and one trans woman psychologist, all there to debate racism. Since the era of colonization when Africans were forcibly brought to Brazil, until modern day, racism has plagued its victims psychologically as well as physically. To speak of this pain, which ravages black people and especially low-income blacks, is to speak of seemingly endless pain. However, in testament to the importance of Black July, these women took the stage to form a powerful group. Some transformed their pain into efforts to give strength to other black women who had lost their sons <a href=\"http:\/\/bit.ly\/2YGmWXk\" target=\"_blank\" rel=\"noopener noreferrer\">to the prison system<\/a> or to death.<\/p>\n<p>On this table\u2014which took place on July 25, <a href=\"http:\/\/bit.ly\/2YDqSZ8\" target=\"_blank\" rel=\"noopener noreferrer\">Day of the Black Latin American and Caribbean Woman<\/a> as well as <a href=\"http:\/\/bit.ly\/2YFnv3A\" target=\"_blank\" rel=\"noopener noreferrer\">Tereza de Benguela Day<\/a>\u2014sat M\u00f4nica Cunha, of <a href=\"http:\/\/on.fb.me\/1LbJlEx\" target=\"_blank\" rel=\"noopener noreferrer\">Movimento Moleque<\/a> and the <a href=\"http:\/\/bit.ly\/2XB6wDl\" target=\"_blank\" rel=\"noopener noreferrer\">Human Rights Commission<\/a>\u00a0of Rio&#8217;s State Assembly (Alerj); Saney Souza of the <a href=\"http:\/\/bit.ly\/2SYIyNp\" target=\"_blank\" rel=\"noopener noreferrer\">West Zone Women&#8217;s Popular Committee<\/a> and the <a href=\"http:\/\/bit.ly\/2QQLr0k\" target=\"_blank\" rel=\"noopener noreferrer\">Rio Urban Agriculture Network<\/a>; Irone Santiago, resident of Mar\u00e9 and mother of Vitor, who became <a href=\"http:\/\/bit.ly\/2Sodoid\" target=\"_blank\" rel=\"noopener noreferrer\">paraplegic at the hands of the State<\/a>; and Maiara Fafini, psychologist, trans woman and also member of the Human Rights Commission at the Alerj.<\/p>\n<p><a href=\"https:\/\/www.rioonwatch.org\/wp-content\/uploads\/2019\/08\/JulhoNegropt23.jpg\"><img loading=\"lazy\" decoding=\"async\" class=\"aligncenter wp-image-55007 size-content\" title=\"Left to right: Irone Santiago, M\u00f4nica Cunha, Saney Souza, and Maiara Fafini. Photo: B\u00e1rbara Dias\" src=\"https:\/\/www.rioonwatch.org\/wp-content\/uploads\/2019\/08\/JulhoNegropt23-620x264.jpg\" alt=\"\" width=\"620\" height=\"264\" srcset=\"https:\/\/rioonwatch.org\/wp-content\/uploads\/2019\/08\/JulhoNegropt23-620x264.jpg 620w, https:\/\/rioonwatch.org\/wp-content\/uploads\/2019\/08\/JulhoNegropt23-940x400.jpg 940w\" sizes=\"(max-width: 620px) 100vw, 620px\" \/><\/a><br \/>\nCunha brought up the alarming number of deaths among black men, warning, &#8220;We are constantly heading to the front lines of this battle to make sure that our own don&#8217;t fall victim. Yesterday at a meeting with Sueli Carneiro, she said that she sees a lack of male black youth in our activism, that she sees mainly women. And I told her &#8216;that&#8217;s because they&#8217;re dead or in jail. They aren&#8217;t getting into college in the same proportions. Right now, it&#8217;s us women that are getting in more than they are. This is nothing to be happy about though, to be treated as a gender dispute as we used to&#8230; that&#8217;s not it anymore&#8230; Black men are dying or being locked up. What sort of a victory is that? What gain? We continue showing up and getting our degrees and seeing less and less of our brothers. Where are those that should be here at our side?&#8221; Cunha added &#8220;Genocide doesn&#8217;t just come from gunshots. It happens earlier, with the lack of basic necessities: health, education, housing, and nutrition. All of this is part of genocide. The gunshot is just the end.&#8221;<\/p>\n<p>On another important topic, Saney de Souza brought up the question of the situation currently faced by social movements that defend minorities. &#8220;In the analyses that we have undertaken from some time ago until now, above all since <a href=\"http:\/\/bit.ly\/1SZLVKS\" target=\"_blank\" rel=\"noopener noreferrer\">the coup<\/a> [against former President <a href=\"http:\/\/bit.ly\/2YjVGmi\" target=\"_blank\" rel=\"noopener noreferrer\">Dilma Rousseff<\/a>], it seems things are likely to get worse. We will see the persecution of social movements, persecution of individual figures&#8230; I ask myself: Was there ever a time that things were good? When things were going just fine [in the favelas]?&#8221; said Souza.<\/p>\n<p>Fafini closed the discussion with a quote from writer and researcher <a href=\"http:\/\/bit.ly\/2ytvJBu\" target=\"_blank\" rel=\"noopener noreferrer\">Muniz Sodr\u00e9<\/a>: &#8220;Don&#8217;t trust anyone who sees only the abstract and the astral, without paying attention to the territory.&#8221;<\/p>\n<p>The day ended with empathy and a welcoming air, though with many questions left unanswered. Above all, the day indicated a need for a more collaborative path, one of united leadership and community-based communicators seeking to fill the gaps left by the State for ages. Now, more than ever, this movement must be by and for us. In the words of Soledad Ortiz Vasquez, invited to Black July from Mexico&#8217;s Council for the Defense of the Rights of the People (<a href=\"http:\/\/bit.ly\/2SVDqtF\" target=\"_blank\" rel=\"noopener noreferrer\">CODEP<\/a>), what&#8217;s needed is &#8220;unity among the people to fight the classic enemy.&#8221;<\/p>\n<p><a href=\"https:\/\/www.rioonwatch.org\/wp-content\/uploads\/2019\/08\/JulhoNegropt24.jpg\"><img loading=\"lazy\" decoding=\"async\" class=\"aligncenter wp-image-55006 size-content\" title=\"Soledad Ortiz of CODEP was invited from Mexico. Photo: B\u00e1rbara Dias\" src=\"https:\/\/www.rioonwatch.org\/wp-content\/uploads\/2019\/08\/JulhoNegropt24-620x264.jpg\" alt=\"\" width=\"620\" height=\"264\" srcset=\"https:\/\/rioonwatch.org\/wp-content\/uploads\/2019\/08\/JulhoNegropt24-620x264.jpg 620w, https:\/\/rioonwatch.org\/wp-content\/uploads\/2019\/08\/JulhoNegropt24-940x400.jpg 940w\" sizes=\"(max-width: 620px) 100vw, 620px\" \/><\/a><br \/>\nHearing the day&#8217;s talks reminded me of the struggles of those close to me, of friends, neighbors, and family members. None of this is new and, unfortunately, the topics remain the same because the attacks remain the same. We of the favelas would tell of births, parties, and meetings rather than death, but the system does not allow us to live normal lives, to speak only of trivial things. All of this brought to mind the song <a href=\"http:\/\/bit.ly\/2YgTPyu\" target=\"_blank\" rel=\"noopener noreferrer\">Amenidades<\/a>, by Rubia Divino. I&#8217;ll leave it to her poetic lyrics to close:<\/p>\n<p>&#8220;A body stopped on the road, exhausted from walking<br \/>\nOn TV, on the radio<br \/>\nEyes, ears behind glass feel the blood pour,<br \/>\nMinorities crucified for lack of love that kills<br \/>\nThe rock hits the girl, the black man is beaten, a year<br \/>\nof irrationality<br \/>\nIn congress, a coup, a shot<br \/>\nShot by a parliamentary anti-christ, looking to crush, to condemn the poor youths of the nation<br \/>\nThe woman cornered in the alley with no implication&#8230; hopelessness<br \/>\nOn setting foot in this world, the system that plans to remove me<br \/>\nI wanted amenities, to speak of amenities, but when will this end?<br \/>\nI wanted amenities, if you want amenities get in the closet and go back to Narnia<br \/>\nThey don&#8217;t respect creed<br \/>\nThey don&#8217;t respect choice<br \/>\nThey don&#8217;t respect birth<br \/>\nThey don&#8217;t respect the constitution<br \/>\nThey don&#8217;t respect the body<br \/>\nWhere will this end?&#8221;<\/p>\n<p>Listen to the song Amenidades below:<\/p>\n<p><iframe title=\"Amenidades by Rubia Divino\" width=\"500\" height=\"400\" scrolling=\"no\" frameborder=\"no\" src=\"https:\/\/w.soundcloud.com\/player\/?visual=true&#038;url=https%3A%2F%2Fapi.soundcloud.com%2Ftracks%2F250703901&#038;show_artwork=true&#038;maxheight=750&#038;maxwidth=500\"><\/iframe><\/p>\n<p>This is the second article in a two-part series on 2019 Black July. <a href=\"http:\/\/bit.ly\/2T9fMde\" target=\"_blank\" rel=\"noopener noreferrer\">For part 1 click here<\/a>.<\/p>\n<p><em>Carla Souza is a teacher by training and loves her job as an early childhood education teacher. Raised in\u00a0<a href=\"http:\/\/bit.ly\/1m4JS9c\" target=\"_blank\" rel=\"noopener noreferrer\">Rocinha<\/a>, she understands her existence as a black woman and favela resident as a focus of struggle and resistance in the world.<\/em><\/p>\n","protected":false},"excerpt":{"rendered":"<div class=\"mh-excerpt\"><p>Clique aqui para Portugu\u00eas This is the second of two articles on Black July, now in its fourth annual iteration. Both articles focus on the three roundtable discussions that took place on July 25, day <a class=\"mh-excerpt-more\" href=\"https:\/\/rioonwatch.org\/?p=55005\" title=\"Fourth Annual Black July: Favelas Fight Racism, Part 2\u2014Genocide and Black Women&#8217;s Strength\">[&#8230;]<\/a><\/p>\n<\/div>","protected":false},"author":162,"featured_media":55010,"comment_status":"closed","ping_status":"closed","sticky":false,"template":"","format":"standard","meta":{"_monsterinsights_skip_tracking":false,"_monsterinsights_sitenote_active":false,"_monsterinsights_sitenote_note":"","_monsterinsights_sitenote_category":0,"footnotes":""},"categories":[1328,1290,1333,335,336],"tags":[662,2069,396,2108,280,910,1396,844,436,1627,878,2466,3000,2135,1678,918,3383,1160,1370,2481,671,301,1189,270,12,268,2444],"writer":[2688],"translator":[2995],"illustrator":[],"photographer":[],"class_list":{"0":"post-55005","1":"post","2":"type-post","3":"status-publish","4":"format-standard","5":"has-post-thumbnail","7":"category-by-community-contributors","8":"category-civilsociety","9":"category-event-reports","10":"category-policies","11":"category-violations","12":"tag-afro-brazilian-culture","13":"tag-alerj","14":"tag-art","15":"tag-ceasm","16":"tag-complexo-da-mare","17":"tag-creative-organizing","18":"tag-criminalization-of-poverty","19":"tag-forum-de-manguinhos","20":"tag-gender","21":"tag-human-rights-commission-alerj","22":"tag-international-comparison","23":"tag-julho-negro","24":"tag-justica-global","25":"tag-maes-de-manguinhos","26":"tag-mexico","27":"tag-military-police","28":"tag-movimento-moleque","29":"tag-museu-da-mare","30":"tag-music","31":"tag-police-violence","32":"tag-president-dilma-rousseff","33":"tag-public-policy","34":"tag-racism","35":"tag-resistance","36":"tag-rocinha","37":"tag-state-violence","38":"tag-war-on-drugs","39":"writer-carla-souza","40":"translator-edmund-ruge"},"_links":{"self":[{"href":"https:\/\/rioonwatch.org\/index.php?rest_route=\/wp\/v2\/posts\/55005","targetHints":{"allow":["GET"]}}],"collection":[{"href":"https:\/\/rioonwatch.org\/index.php?rest_route=\/wp\/v2\/posts"}],"about":[{"href":"https:\/\/rioonwatch.org\/index.php?rest_route=\/wp\/v2\/types\/post"}],"author":[{"embeddable":true,"href":"https:\/\/rioonwatch.org\/index.php?rest_route=\/wp\/v2\/users\/162"}],"replies":[{"embeddable":true,"href":"https:\/\/rioonwatch.org\/index.php?rest_route=%2Fwp%2Fv2%2Fcomments&post=55005"}],"version-history":[{"count":0,"href":"https:\/\/rioonwatch.org\/index.php?rest_route=\/wp\/v2\/posts\/55005\/revisions"}],"wp:featuredmedia":[{"embeddable":true,"href":"https:\/\/rioonwatch.org\/index.php?rest_route=\/wp\/v2\/media\/55010"}],"wp:attachment":[{"href":"https:\/\/rioonwatch.org\/index.php?rest_route=%2Fwp%2Fv2%2Fmedia&parent=55005"}],"wp:term":[{"taxonomy":"category","embeddable":true,"href":"https:\/\/rioonwatch.org\/index.php?rest_route=%2Fwp%2Fv2%2Fcategories&post=55005"},{"taxonomy":"post_tag","embeddable":true,"href":"https:\/\/rioonwatch.org\/index.php?rest_route=%2Fwp%2Fv2%2Ftags&post=55005"},{"taxonomy":"writer","embeddable":true,"href":"https:\/\/rioonwatch.org\/index.php?rest_route=%2Fwp%2Fv2%2Fwriter&post=55005"},{"taxonomy":"translator","embeddable":true,"href":"https:\/\/rioonwatch.org\/index.php?rest_route=%2Fwp%2Fv2%2Ftranslator&post=55005"},{"taxonomy":"illustrator","embeddable":true,"href":"https:\/\/rioonwatch.org\/index.php?rest_route=%2Fwp%2Fv2%2Fillustrator&post=55005"},{"taxonomy":"photographer","embeddable":true,"href":"https:\/\/rioonwatch.org\/index.php?rest_route=%2Fwp%2Fv2%2Fphotographer&post=55005"}],"curies":[{"name":"wp","href":"https:\/\/api.w.org\/{rel}","templated":true}]}}