{"id":5535,"date":"2012-10-08T12:09:53","date_gmt":"2012-10-08T15:09:53","guid":{"rendered":"http:\/\/rioonwatch.org\/?p=5535"},"modified":"2016-02-18T10:05:17","modified_gmt":"2016-02-18T13:05:17","slug":"composition-of-rios-city-council-2013-2016","status":"publish","type":"post","link":"https:\/\/rioonwatch.org\/?p=5535","title":{"rendered":"Composition of Rio&#8217;s City Council 2013-2016"},"content":{"rendered":"<p style=\"text-align: right;\"><a href=\"http:\/\/bit.ly\/OgH5x2\" target=\"_blank\"><strong><em>Clique aqui para Portugu\u00eas<img decoding=\"async\" width=\"20\" height=\"20\" class=\"alignright size-full wp-image-23766\" src=\"http:\/\/www.rioonwatch.org\/wp-content\/uploads\/2012\/08\/PT-e1439583827971.png\" alt=\"\" \/><\/em><\/strong><\/a><\/p>\n<p><em>For original post in Portuguese on Meu Rio&#8217;s Elei\u00e7\u00f5es Cariocas click <a href=\"http:\/\/bit.ly\/OgH5x2\" target=\"_blank\">here<\/a>.<\/em><\/p>\n<p style=\"text-align: center;\"><img fetchpriority=\"high\" decoding=\"async\" class=\"size-full wp-image-5536 aligncenter\" title=\"City Council, photo by Bernardo Castro\" src=\"http:\/\/www.rioonwatch.org\/wp-content\/uploads\/2012\/10\/C\u00e2mara.jpeg\" alt=\"\" width=\"550\" height=\"350\" srcset=\"https:\/\/rioonwatch.org\/wp-content\/uploads\/2012\/10\/C\u00e2mara.jpeg 550w, https:\/\/rioonwatch.org\/wp-content\/uploads\/2012\/10\/C\u00e2mara-300x190.jpeg 300w\" sizes=\"(max-width: 550px) 100vw, 550px\" \/><\/p>\n<p>The elections are over and we already know the names of those councilors who will represent the people of Rio in the City Council (<a href=\"http:\/\/bit.ly\/OOb4y8\">the most expensive in the nation<\/a>) in the forthcoming mandate.<\/p>\n<p>See below the new make-up of the Council for the coming term (2013-2016). Despite some new names elected, there were few major changes. The base of pro-government supporters remained in the majority, with 39 councilors affiliated to parties supporting the re-elected Mayor Eduardo Paes (PMDB), while there are 11 councilors from opposition parties and one independent councilor.<\/p>\n<p>Two of the re-elected councilors (Guaran\u00e1 of the PMDB and Cristiane Brasil of the PTB) are noteworthy for having given up their positions as councilors during the last term, in order to work directly for the Mayor. If they were to do repeat this in the coming year, it would not come as a surprise, and for this reason it is important to know who will replace them. If Guaran\u00e1 leaves the Council once more, current councilor Jo\u00e3o Cabral (PMDB) will replace him. And if Cristiane Brasil leaves her position, Zico (PTB) (who despite his name has nothing to do with the ex-football player) will take on her role.<\/p>\n<p>Of the few surprises in this election, it is worth noting the PSOL bench, which doubled from two to four councilors, as well as the election of the ex-Mayor Cesar Maia, who despite coming third gained significantly fewer votes than expected, meaning that the DEM bench became even smaller than in the current term. Another bench that shrunk was that of the Green Party (PV), falling from three councilors to just one. Of the other candidates hoping to be elected, neither Ricardo Campos (son of Cidinha Campos) nor Junior da Lucinha (son of Deputy Lucinha) was successful. The number of blank or spoiled ballot papers totaled almost 641,000.<\/p>\n<p>Whatever the outcome, and regardless of a pro-government majority, of the opposition, of the benches and of councilor X or Y, with the winds of change gathering great speed and the processes for change intensifying, the City Council needs to be overseen and carefully inspected now more than ever. And as promised, the outcome of these elections will have significant consequences (<a href=\"http:\/\/bit.ly\/RqlfVH\">click here<\/a> to find out more).<\/p>\n<p><strong>Key:<\/strong> (<span style=\"color: #000000;\">Black<\/span>: Pro-government base | <span style=\"color: #ff9900;\">Orange<\/span>: Opposition | <span style=\"color: #339966;\">Green<\/span>: Independent | Asterisk*: Candidates likely to leave the Council to work for the Executive Branch (mayor)<\/p>\n<p><strong><span style=\"color: #000000;\">PMDB (13 Council members)<\/span><\/strong><\/p>\n<p>Rosa Fernandes<br \/>\nGuaran\u00e1*<br \/>\nJorge Felippe<br \/>\nChiquinho Braz\u00e3o<br \/>\nAlexandre Isquierdo<br \/>\nJorge Braz<br \/>\nRafael Aloisio Freitas<br \/>\nS. Ferraz<br \/>\nJorginho da SOS<br \/>\nWillian Coelho<br \/>\nThiago K. Ribeiro<br \/>\nLeila do Flamengo<br \/>\nProf. Uoston<\/p>\n<p><strong><span style=\"color: #000000;\">PT (4 Council members)<\/span><\/strong><\/p>\n<p>Reimont<br \/>\nMarcelo Arar<br \/>\nElton Babu<br \/>\nEdson Zanata<\/p>\n<p><span style=\"color: #ff9900;\"><strong>PSOL (4 Council members)<\/strong><\/span><\/p>\n<p>Paulo Pinheiro<br \/>\nEliomar Coelho<br \/>\nRenato Cinco<br \/>\nJefferson Moura<\/p>\n<p><span style=\"color: #ff9900;\"><strong>DEM (3 Council members)<\/strong><\/span><\/p>\n<p>Cesar Maia<br \/>\nTio Carlos<br \/>\nCarlo Caiado<\/p>\n<p><span style=\"color: #000000;\"><strong>PSDC (3 Council members)<\/strong><\/span><\/p>\n<p>Luiz Carlos Ramos<br \/>\nDr. Jo\u00e3o Ricardo<br \/>\nEduard\u00e3o<\/p>\n<p><span style=\"color: #000000;\"><strong>PP (3 <strong>Council members<\/strong>)<\/strong><\/span><\/p>\n<p>Vera Liz<br \/>\nCarlos Bolsonaro<br \/>\nMarcelo Cid Heraclito Queiroz<\/p>\n<p><span style=\"color: #000000;\"><strong>PSC (2 <strong>Council members<\/strong>)<\/strong><\/span><\/p>\n<p>Jairinho<br \/>\nDr. Carlos Eduardo<\/p>\n<p><span style=\"color: #ff9900;\"><strong>PR (2 <strong>Council members<\/strong>)<\/strong><\/span><\/p>\n<p>Veronica Costa<br \/>\nM\u00e1rcio Garcia<\/p>\n<p><span style=\"color: #ff9900;\"><strong>PSDB (2 <strong>Council members<\/strong>)<\/strong><\/span><\/p>\n<p>Junior da Lucinha<br \/>\nTeresa Bergher<\/p>\n<p><span style=\"color: #000000;\"><strong>PDT (2 <strong>Council members<\/strong>)<\/strong><\/span><\/p>\n<p>Leonel Brizola Neto<br \/>\nDr. Jorge Manaia<\/p>\n<p><strong><span style=\"color: #000000;\">PRB (2 <strong>Council members<\/strong>)<\/span><\/strong><\/p>\n<p>Jo\u00e3o Mendes de Jesus<br \/>\nTania Bastos<\/p>\n<p><strong><span style=\"color: #000000;\">PSB (2 <strong>Council members<\/strong>)<\/span><\/strong><\/p>\n<p>Dr. Carlos Eduardo<br \/>\nMarcelino D\u00b4Almeida<\/p>\n<p><strong><span style=\"color: #000000;\">PTB (2 <strong>Council members<\/strong>)<\/span><\/strong><\/p>\n<p>Cristiane Brasil*<br \/>\nLaura Carneiro<\/p>\n<p><strong><span style=\"color: #000000;\">PTC (1 <strong>Council member<\/strong>)<\/span><\/strong><\/p>\n<p>Renato Moura<\/p>\n<p><strong><span style=\"color: #000000;\">PSL (1 <strong>Council member<\/strong>)<\/span><\/strong><\/p>\n<p>\u00c1tila Nunes<\/p>\n<p><strong><span style=\"color: #000000;\">PHS (1 <strong>Council member<\/strong>)<\/span><\/strong><\/p>\n<p>Marcelo Piui<\/p>\n<p><strong><span style=\"color: #000000;\">PSD (1 <strong>Council member<\/strong>)<\/span><\/strong><\/p>\n<p>Eliseu Kessler<\/p>\n<p><strong><span style=\"color: #000000;\">PTN (1 <strong>Council member<\/strong>)<\/span><\/strong><\/p>\n<p>Dr. Gilberto<\/p>\n<p><span style=\"color: #339966;\"><strong>PV (1 Council member)<\/strong><\/span><\/p>\n<p>Paulo Messina<\/p>\n<p><strong><span style=\"color: #000000;\">PRTB (1 <strong>Council member<\/strong>)<\/span><\/strong><\/p>\n<p>Jimmy Pereira<\/p>\n","protected":false},"excerpt":{"rendered":"<div class=\"mh-excerpt\"><p>Clique aqui para Portugu\u00eas For original post in Portuguese on Meu Rio&#8217;s Elei\u00e7\u00f5es Cariocas click here. The elections are over and we already know the names of those councilors who will represent the people of <a class=\"mh-excerpt-more\" href=\"https:\/\/rioonwatch.org\/?p=5535\" title=\"Composition of Rio&#8217;s City Council 2013-2016\">[&#8230;]<\/a><\/p>\n<\/div>","protected":false},"author":5,"featured_media":5537,"comment_status":"closed","ping_status":"closed","sticky":false,"template":"","format":"standard","meta":{"_monsterinsights_skip_tracking":false,"_monsterinsights_sitenote_active":false,"_monsterinsights_sitenote_note":"","_monsterinsights_sitenote_category":0,"footnotes":""},"categories":[335,1330,328],"tags":[162,479,632,598],"writer":[631],"translator":[633],"illustrator":[],"photographer":[],"class_list":{"0":"post-5535","1":"post","2":"type-post","3":"status-publish","4":"format-standard","5":"has-post-thumbnail","7":"category-policies","8":"category-translation","9":"category-understanding-rio","10":"tag-city-council","11":"tag-democracy","12":"tag-meu-rio","13":"tag-municipal-election","14":"writer-bernardo-castro","15":"translator-katy-stone"},"_links":{"self":[{"href":"https:\/\/rioonwatch.org\/index.php?rest_route=\/wp\/v2\/posts\/5535","targetHints":{"allow":["GET"]}}],"collection":[{"href":"https:\/\/rioonwatch.org\/index.php?rest_route=\/wp\/v2\/posts"}],"about":[{"href":"https:\/\/rioonwatch.org\/index.php?rest_route=\/wp\/v2\/types\/post"}],"author":[{"embeddable":true,"href":"https:\/\/rioonwatch.org\/index.php?rest_route=\/wp\/v2\/users\/5"}],"replies":[{"embeddable":true,"href":"https:\/\/rioonwatch.org\/index.php?rest_route=%2Fwp%2Fv2%2Fcomments&post=5535"}],"version-history":[{"count":0,"href":"https:\/\/rioonwatch.org\/index.php?rest_route=\/wp\/v2\/posts\/5535\/revisions"}],"wp:featuredmedia":[{"embeddable":true,"href":"https:\/\/rioonwatch.org\/index.php?rest_route=\/wp\/v2\/media\/5537"}],"wp:attachment":[{"href":"https:\/\/rioonwatch.org\/index.php?rest_route=%2Fwp%2Fv2%2Fmedia&parent=5535"}],"wp:term":[{"taxonomy":"category","embeddable":true,"href":"https:\/\/rioonwatch.org\/index.php?rest_route=%2Fwp%2Fv2%2Fcategories&post=5535"},{"taxonomy":"post_tag","embeddable":true,"href":"https:\/\/rioonwatch.org\/index.php?rest_route=%2Fwp%2Fv2%2Ftags&post=5535"},{"taxonomy":"writer","embeddable":true,"href":"https:\/\/rioonwatch.org\/index.php?rest_route=%2Fwp%2Fv2%2Fwriter&post=5535"},{"taxonomy":"translator","embeddable":true,"href":"https:\/\/rioonwatch.org\/index.php?rest_route=%2Fwp%2Fv2%2Ftranslator&post=5535"},{"taxonomy":"illustrator","embeddable":true,"href":"https:\/\/rioonwatch.org\/index.php?rest_route=%2Fwp%2Fv2%2Fillustrator&post=5535"},{"taxonomy":"photographer","embeddable":true,"href":"https:\/\/rioonwatch.org\/index.php?rest_route=%2Fwp%2Fv2%2Fphotographer&post=5535"}],"curies":[{"name":"wp","href":"https:\/\/api.w.org\/{rel}","templated":true}]}}