{"id":55487,"date":"2019-09-05T14:02:10","date_gmt":"2019-09-05T17:02:10","guid":{"rendered":"https:\/\/www.rioonwatch.org\/?p=55487"},"modified":"2025-09-13T14:08:38","modified_gmt":"2025-09-13T17:08:38","slug":"mare-favela-launches-yet-another-fantastic-museum-the-traveling-museum-of-images-miim","status":"publish","type":"post","link":"https:\/\/rioonwatch.org\/?p=55487","title":{"rendered":"Mar\u00e9 Favela Launches Yet Another Fantastic Museum: The Traveling Museum of Images (MIIM)"},"content":{"rendered":"<p style=\"text-align: right;\"><a href=\"http:\/\/bit.ly\/2KYm5h1\" target=\"_blank\" rel=\"noopener noreferrer\"><strong><em>Clique aqui para Portugu\u00eas<\/em><\/strong><\/a><a href=\"http:\/\/bit.ly\/2KYm5h1\"><img decoding=\"async\" class=\"alignright wp-image-23766 size-full\" src=\"https:\/\/www.rioonwatch.org\/wp-content\/uploads\/2012\/08\/PT-e1439583827971.png\" alt=\"\" width=\"20\" height=\"20\" \/><\/a><\/p>\n<p><a href=\"http:\/\/bit.ly\/2IgZ9Y4\" target=\"_blank\" rel=\"noopener noreferrer\">Complexo da Mar\u00e9<\/a>, a group of 16 favelas home to <a href=\"http:\/\/bit.ly\/2XVUtR2\" target=\"_blank\" rel=\"noopener noreferrer\">140,000 residents<\/a> in Rio de Janeiro\u2019s <a href=\"http:\/\/bit.ly\/30j9YjF\" target=\"_blank\" rel=\"noopener noreferrer\">North Zone<\/a>, is now home to three incredible museums. The <a href=\"http:\/\/bit.ly\/2YgDzxs\" target=\"_blank\" rel=\"noopener noreferrer\">Mar\u00e9 Museum<\/a>, <a href=\"http:\/\/bit.ly\/2KVFxem\" target=\"_blank\" rel=\"noopener noreferrer\">inaugurated May 13, 2006<\/a> as a project of the\u00a0Center for Studies and Solidarity Actions of Mar\u00e9 (<a href=\"http:\/\/bit.ly\/2YomcuI\" target=\"_blank\" rel=\"noopener noreferrer\">CEASM<\/a>), is the oldest and most traditional of the three, given its permanent physical structure. Mar\u00e9\u2019s second museum, the <a href=\"http:\/\/bit.ly\/2wK8d23\" target=\"_blank\" rel=\"noopener noreferrer\">Mar\u00e9 a C\u00e9u Aberto<\/a> (Mar\u00e9 Open-Air Museum), a project under development by <a href=\"http:\/\/bit.ly\/1ElmQXr\" target=\"_blank\" rel=\"noopener noreferrer\">Redes da Mar\u00e9<\/a> (Mar\u00e9 Development Networks NGO), is an experiential museum that takes visitors on a walking journey through the community. And finally, the Traveling Museum of Images, or <a href=\"http:\/\/bit.ly\/2zoft58\" target=\"_blank\" rel=\"noopener noreferrer\">MIIM<\/a>, to use its Portuguese acronym, is Mar\u00e9&#8217;s latest, inaugurated on August 18, 2019.<\/p>\n<p>Mar\u00e9 resident Francisco Valdean, founder of the MIIM, launched the museum <a href=\"http:\/\/bit.ly\/2U7uwJQ\" target=\"_blank\" rel=\"noopener noreferrer\">with a Facebook post<\/a>, explaining that \u201cthe MIIM is a different kind of museum. It doesn\u2019t have an address; it\u2019s a traveling museum. More specifically, the museum is contained in a cardboard box the size of a shoebox.\u201d<\/p>\n<p>The unpretentious Facebook launch, along with the concept of housing the museum in a cardboard box, have caused some surprise. In an interview, Valdean joked about visitors\u2019 reactions. &#8220;There are two kinds of reactions to the museum. There are people that say &#8216;Come on, you call that a museum?!&#8217; and there are others that say &#8216;Wow! It&#8217;s a museum!&#8217; Some people doubt that the MIIM is a museum and others are super impressed that, yes, this is a museum!\u201d<\/p>\n<p>Valdean wears many hats at the MIIM: he\u2019s the museum\u2019s creator, director, curator, and guide. He casually pulls the cardboard box out of a bag, removes the lid, and opens the museum. Inside there are three permanent exhibitions: Monoculars, Photographic Negatives, and Albums of Private Lives in Mar\u00e9. Before \u201centering\u201d the museum, visitors sign their names in a guest log, also kept inside the box. Valdean hopes to eventually cover three themes at the museum: culture, daily life, and the politics of images in Mar\u00e9, covering the period from <a href=\"http:\/\/bit.ly\/2SAW5uF\" target=\"_blank\" rel=\"noopener noreferrer\">Mar\u00e9&#8217;s origins<\/a> in 1940 to present day. Valdean\u2019s archive is not yet complete. For the Monocular (mini slide viewer) exhibit, he hopes to achieve a collection of 100 images. For the Private Lives exhibit, the idea is to have two parts: first, a series of 6&#215;4 photos, and second, texts where he describes images that he hasn\u2019t photographed, inviting visitors to create images that accompany the texts in their minds.<\/p>\n<p><a href=\"https:\/\/www.rioonwatch.org\/wp-content\/uploads\/2019\/09\/MIIM2.jpg\"><img fetchpriority=\"high\" decoding=\"async\" class=\"aligncenter wp-image-55493 size-content\" title=\"Monocles and MIIM images. Photo: MIIM release\" src=\"https:\/\/www.rioonwatch.org\/wp-content\/uploads\/2019\/09\/MIIM2-620x264.jpg\" alt=\"\" width=\"620\" height=\"264\" srcset=\"https:\/\/rioonwatch.org\/wp-content\/uploads\/2019\/09\/MIIM2-620x264.jpg 620w, https:\/\/rioonwatch.org\/wp-content\/uploads\/2019\/09\/MIIM2-940x400.jpg 940w\" sizes=\"(max-width: 620px) 100vw, 620px\" \/><\/a><\/p>\n<p>Though Valdean is still in the process of acquiring photos for the permanent exhibitions, other artists have already expressed interest in putting on temporary exhibitions at the MIIM, and Valdean has begun to put together a program.<\/p>\n<p>Visitors can experience the museum sitting at a bar, at a barbecue, on their porch, or in a classroom at school, for example, all the while conversing with the museum\u2019s guide-curator-director-creator. The museum\u2019s archive includes old and new photos. Each mini slide viewer holds a surprise for the visitor. One such surprise is a photo of a group of students at the local <a href=\"http:\/\/bit.ly\/2ZfhW18\" target=\"_blank\" rel=\"noopener noreferrer\">Escola Municipal Bahia<\/a> school, where Valdean studied and now works as a sociology teacher. Another slide viewer displays a photo of <a href=\"http:\/\/bit.ly\/2lAOOOZ\" target=\"_blank\" rel=\"noopener noreferrer\">Marielle Franco<\/a> holding a protest banner in support of the &#8220;Free our Sacred Objects&#8221; <a href=\"http:\/\/bit.ly\/2MTPZpa\" target=\"_blank\" rel=\"noopener noreferrer\">campaign<\/a>. Valdean took the photo of Franco three months before the city councillor was assassinated. In another slide viewer we can see a group of women gathered at the <a href=\"http:\/\/bit.ly\/2RlVrPy\" target=\"_blank\" rel=\"noopener noreferrer\">Nova Holanda<\/a> Residents Association, probably during the 1970s, as part of an <a href=\"http:\/\/bit.ly\/2NTjYwO\" target=\"_blank\" rel=\"noopener noreferrer\">all-female campaign<\/a> to found the association. The photos bring visitors up close and personal with Mar\u00e9\u2019s streets, squares, events, and residents, as well as Valdean\u2019s own personal life: his friends from school, his wife, and his father-in-law\u2019s bar in the Mar\u00e9 favela of <a href=\"http:\/\/bit.ly\/2MSyDca\" target=\"_blank\" rel=\"noopener noreferrer\">Vila do Jo\u00e3o<\/a>.<\/p>\n<p>At the end of the visit to the museum, Valdean puts the images back in the cardboard box and closes it. But the conversation continues once the box is closed, with visitors impressed by the simplicity of MIIM and the irony of its name. The acronym resembles the Portuguese word for &#8220;me,&#8221; reminding us that every Mar\u00e9 resident holds a museum within them\u2014an archive of memories of Mar\u00e9 and the city of Rio de Janeiro.<\/p>\n<p>\u201cMuseums today <a href=\"http:\/\/bit.ly\/2K1oZCt\" target=\"_blank\" rel=\"noopener noreferrer\">need to be re-thought<\/a>, to reflect and reevaluate their purpose. A museum can\u2019t just be a physical space, standing still waiting for visitors to come to it, which is the way we usually think of museums,\u201d said Valdean. \u201cInstead of waiting for visitors to come to them, museums could go to the people, go to schools, or to <a href=\"http:\/\/bit.ly\/2NTglXI\" target=\"_blank\" rel=\"noopener noreferrer\">Family Health Clinics<\/a>. MIIM is designed to go where people are, but at the same time it could motivate people to go to traditional museums as well.\u201d<\/p>\n<p><a href=\"https:\/\/www.rioonwatch.org\/wp-content\/uploads\/2019\/09\/MIIM3.jpg\"><img decoding=\"async\" class=\"aligncenter wp-image-55492 size-content\" title=\"Monocular images. Photo: MIIM release\" src=\"https:\/\/www.rioonwatch.org\/wp-content\/uploads\/2019\/09\/MIIM3-620x264.jpg\" alt=\"\" width=\"620\" height=\"264\" srcset=\"https:\/\/rioonwatch.org\/wp-content\/uploads\/2019\/09\/MIIM3-620x264.jpg 620w, https:\/\/rioonwatch.org\/wp-content\/uploads\/2019\/09\/MIIM3-940x400.jpg 940w\" sizes=\"(max-width: 620px) 100vw, 620px\" \/><\/a><\/p>\n<p>Although the \u2018I\u2019 in MIIM stands for itinerant, Valdean prefers to refer to the museum using the word <em>ambulante<\/em>, which is often used in the context of traveling street vendors. He explains that he has had lots of different jobs since he arrived in Rio from Cear\u00e1, a state in northeast Brazil, aged 15, including a three-year stint as a street vendor.<\/p>\n<p>\u201cWhen I arrived in <a href=\"http:\/\/bit.ly\/2Rphjts\" target=\"_blank\" rel=\"noopener noreferrer\">Baixa do Sapateiro<\/a> [one of Mar\u00e9&#8217;s favelas] I was given the nickname \u2018Para,\u2019 because people assumed I was from Para\u00edba [a state in northeast Brazil, neighboring Cear\u00e1],\u201d he says. \u201cI used to say \u2018I\u2019m not from Para\u00edba, I\u2019m from Cear\u00e1.\u2019 Everyone in Rio thought that all northeasterners were from the same place. Then I realized that \u2018Para\u2019 was a kind of collective name and that there were dozens of \u2018Paras\u2019 from lots of different places in the Northeast. I realized that it was a term used by residents to say that you weren\u2019t a local.\u201d<\/p>\n<p>Valdean remembers that life as a migrant wasn\u2019t easy. In his case, it was photography that opened doors for him in Mar\u00e9. \u201cMigrants don\u2019t walk freely across Mar\u00e9, but I had my camera with me. It was rare to have a camera in those days and my group of friends would invite me out with them to take photos.&#8221;<\/p>\n<p>Living in the 500-resident village of Cachoeira Grande, in <a href=\"http:\/\/bit.ly\/2IqnU52\" target=\"_blank\" rel=\"noopener noreferrer\">Greater Rio<\/a>, Valdean only completed his studies through third grade\u2014that was the highest level of education available for Cachoeira residents at the time. But Valdean\u2019s aunt lived in Nova Holanda and his mother lived in Baixa do Sapateiro, both favelas in Complexo da Mar\u00e9. He went to live with his mother. Now he lives in <a href=\"http:\/\/bit.ly\/2SpdyWy\" target=\"_blank\" rel=\"noopener noreferrer\">Morro do Timbau<\/a> in Mar\u00e9 with his wife Viviane and his daughter Luiza, and has now lived in Mar\u00e9 for 22 years. \u201cMigrants always bring dreams with them on their journey, don\u2019t they? My dream was to study a bit more and get to finish high school,\u201d says Valdean.<\/p>\n<p>Balancing his studies and his work, Valdean managed to finish grade school via a supplementary course and, in 2003, began high school at Escola Bahia. The following year, he enrolled in a professional photography course at the <a href=\"http:\/\/bit.ly\/2lxXyFB\" target=\"_blank\" rel=\"noopener noreferrer\">School of Popular Photographers<\/a> run by the <a href=\"http:\/\/bit.ly\/2StyTyf\" target=\"_blank\" rel=\"noopener noreferrer\">Favelas Observatory<\/a> NGO, located in Nova Holanda. Having completed high school and the photography course just as social inclusion policies were being promoted more widely in Rio, Valdean was able to study Social Sciences at Rio de Janeiro\u2019s State University, <a href=\"http:\/\/bit.ly\/2XiGIwl\" target=\"_blank\" rel=\"noopener noreferrer\">UERJ<\/a>. He then obtained a Masters Degree in Visual Anthropology and is currently midway through a Ph.D. in Arts. As part of his Ph.D., Valdean has been working on photos from the favelas of Mar\u00e9.<\/p>\n<p><a href=\"https:\/\/www.rioonwatch.org\/wp-content\/uploads\/2019\/09\/MIIM4.jpg\"><img loading=\"lazy\" decoding=\"async\" class=\"aligncenter wp-image-55491 size-content\" title=\"Francisco Valdean, creator of the MIIM. Photo: MIIM release\" src=\"https:\/\/www.rioonwatch.org\/wp-content\/uploads\/2019\/09\/MIIM4-620x264.jpg\" alt=\"\" width=\"620\" height=\"264\" srcset=\"https:\/\/rioonwatch.org\/wp-content\/uploads\/2019\/09\/MIIM4-620x264.jpg 620w, https:\/\/rioonwatch.org\/wp-content\/uploads\/2019\/09\/MIIM4-940x400.jpg 940w\" sizes=\"(max-width: 620px) 100vw, 620px\" \/><\/a><\/p>\n<p>The idea to create MIIM was the result of Valdean\u2019s experience as a photographer in Mar\u00e9, along with his academic and artistic training. In 2018, while in artistic residency at the State University of Minas Gerais (UFMG), Valdean discovered the Fiotim Museum, a project created by the artist Jorge Fonseca. The Fiotim Museum fit inside a car and the name was a play on words based on the famous <a href=\"http:\/\/bit.ly\/2PC1p2O\" target=\"_blank\" rel=\"noopener noreferrer\">Inhotim Museum<\/a>. Another important influence for Valdean was the 2015 <em>Interiores da Mar\u00e9 <\/em>(<a href=\"http:\/\/bit.ly\/2Lgykoq\" target=\"_blank\" rel=\"noopener noreferrer\">Mar\u00e9 Interiors<\/a>)<em>\u00a0<\/em>exhibition by artists Henrique Gomes from Brazil and Antonello Veneri from Italy, held at the Galp\u00e3o Bela Mar\u00e9 arts center. The exhibition consisted of photos of Mar\u00e9 residents in their houses. The photos were printed on panels, some of which were displayed inside the arts center while others were displayed on the street outside. Valdean helped Henrique take down the photos after the exhibition and deliver them to the residents who were photographed. He remembered that in one of the houses, a married couple was upset, thinking that their photo had been left out on the street. Gomes defended his project, saying that the exhibition as agreed upon involved placing certain photos inside the arts center and others on the street.<\/p>\n<p>\u201cWhen the photo of the couple was displayed outside on the street, everyone who saw it was worried and went to the couple\u2019s house to see if something bad had happened. I thought to myself &#8216;that&#8217;s what I&#8217;m looking for,&#8217;\u201d said Valdean. \u201cIn the eyes of Mar\u00e9 residents, the fact that the photo of the couple was displayed outside on the street could only mean violence. But neither the photo of the couple nor the exhibition as a whole had anything to do with violence. It was just that for people living in Mar\u00e9, a photo outside had to mean violence: there was no other possible explanation [as to why someone&#8217;s photo would be displayed in the street]. That was the moment that my research took another direction. I started to think about how the city of Rio imagines Mar\u00e9 and how Mar\u00e9 imagines itself. Mar\u00e9 is also impacted by the <a href=\"http:\/\/bit.ly\/2m2UW2H\" target=\"_blank\" rel=\"noopener noreferrer\">images of the community that are shared by the media<\/a>. Regarding this symbolic field of images, focusing on this issue, I wanted to create a tool by which I could understand how Mar\u00e9 imagines itself. And it was in these last few months that I had the idea to create this museum.\u201d<\/p>\n<p>For his master&#8217;s thesis, entitled \u201c<em>Imagens da Mar\u00e9: narrativas fotogr\u00e1ficas de um territ\u00f3rio favelado<\/em>\u201d (Images of Mar\u00e9: photographic narratives of a favela territory), Valdean identified three archetypal images of Mar\u00e9 produced by mainstream media: images of violence, images of removals, and images of historic Mar\u00e9&#8217;s stilt-supported houses.<\/p>\n<p>\u201cMy interpretation is that photojournalism shows Mar\u00e9 from a <a href=\"http:\/\/bit.ly\/2F38BgU\" target=\"_blank\" rel=\"noopener noreferrer\">specific point of view<\/a>. It follows State actions: evictions are done by the State, which garners media interest. There was a lot of coverage of Mar\u00e9\u2019s stilt houses in 1979 when the <a href=\"http:\/\/bit.ly\/2MS2Rfg\" target=\"_blank\" rel=\"noopener noreferrer\">Project Rio urban renewal program<\/a> was underway\u2014this was also a project undertaken by the State that got a lot of media coverage. When it comes to violence, photographs show the actions of the State too. Nobody seems to be interested in photos showing the point of view of Mar\u00e9 residents, different from what we do at the <a href=\"http:\/\/bit.ly\/2MS3zcq\" target=\"_blank\" rel=\"noopener noreferrer\">Imagens do Povo<\/a> (Images of the People) photography project.&#8221; Along with fellow photographer and Mar\u00e9 resident Bira Carvalho, Valdean is one of the coordinators of the Imagens do Povo <a href=\"http:\/\/bit.ly\/1P1BWID\" target=\"_blank\" rel=\"noopener noreferrer\">photo archive<\/a>.<\/p>\n<p>On beginning his Ph.D. in Arts, Valdean proposed researching photos created by Mar\u00e9 residents who had not been trained in photography. For Valdean, &#8220;This turned into the idea to create the museum.\u201d<\/p>\n<p>Although the idea of turning a simple cardboard box into a museum causes some surprise and can seem like a joke, visitors quickly recognize the complexity and creativity of the concept: the museum provokes reflection not only on the production of images regarding and inside the favela, but also on the equipment and tools employed in their preservation and dissemination.<\/p>\n<p><a href=\"https:\/\/www.rioonwatch.org\/wp-content\/uploads\/2019\/09\/MIIM5.jpg\"><img loading=\"lazy\" decoding=\"async\" class=\"aligncenter wp-image-55489 size-content\" title=\"Monocular images. Photo: MIIM release\" src=\"https:\/\/www.rioonwatch.org\/wp-content\/uploads\/2019\/09\/MIIM5-620x264.jpg\" alt=\"\" width=\"620\" height=\"264\" srcset=\"https:\/\/rioonwatch.org\/wp-content\/uploads\/2019\/09\/MIIM5-620x264.jpg 620w, https:\/\/rioonwatch.org\/wp-content\/uploads\/2019\/09\/MIIM5-940x400.jpg 940w\" sizes=\"(max-width: 620px) 100vw, 620px\" \/><\/a><\/p>\n<p>Valdean, who teaches sociology at two schools in Mar\u00e9, talks about the different reactions from his students, many of whom have never been to a traditional museum but who have visited the MIIM, as well as friends, neighbors, and locals at his father-in-law\u2019s bar in Vila do Jo\u00e3o. Since launching the museum on August 18, Mar\u00e9\u2019s newest museum is already scheduling visits. Interested visitors can book by contacting Valdean through MIIM\u2019s Facebook page, <a href=\"http:\/\/bit.ly\/2zmLnyV\" target=\"_blank\" rel=\"noopener noreferrer\">here<\/a>.<\/p>\n<p><em>Miriane Peregrino is a researcher, <\/em><em>community journalist, and teacher with a <\/em><em>Master\u2019s Degree in literature from the State <\/em><em>University of Rio de Janeiro (UERJ). In <\/em><em>2013, she created the Literatura Comunica! <\/em><em>(\u201cLiterature Speaks!\u201d) literacy project, which <\/em><em>is active in schools, community libraries, and cultural centers. Born in the interior of Rio state, she has worked in Mar\u00e9 since <\/em><em>2013.<\/em><\/p>\n","protected":false},"excerpt":{"rendered":"<div class=\"mh-excerpt\"><p>Clique aqui para Portugu\u00eas Complexo da Mar\u00e9, a group of 16 favelas home to 140,000 residents in Rio de Janeiro\u2019s North Zone, is now home to three incredible museums. The Mar\u00e9 Museum, inaugurated May 13, <a class=\"mh-excerpt-more\" href=\"https:\/\/rioonwatch.org\/?p=55487\" title=\"Mar\u00e9 Favela Launches Yet Another Fantastic Museum: The Traveling Museum of Images (MIIM)\">[&#8230;]<\/a><\/p>\n<\/div>","protected":false},"author":162,"featured_media":55490,"comment_status":"closed","ping_status":"closed","sticky":false,"template":"","format":"standard","meta":{"_monsterinsights_skip_tracking":false,"_monsterinsights_sitenote_active":false,"_monsterinsights_sitenote_note":"","_monsterinsights_sitenote_category":0,"footnotes":""},"categories":[1288,1328,1268,1271,1670,1284,329],"tags":[396,1144,2108,2109,280,397,1042,674,1197,2449,1366,1143,1160,716,37,281,523,572,2447,1555,1403,651,1142],"writer":[1532],"translator":[1401],"illustrator":[],"photographer":[],"class_list":{"0":"post-55487","1":"post","2":"type-post","3":"status-publish","4":"format-standard","5":"has-post-thumbnail","7":"category-highlight","8":"category-by-community-contributors","9":"category-favelaculture","10":"category-favelaqualities","11":"category-favela-tourism","12":"category-interviews-profiles","13":"category-solutions","14":"tag-art","15":"tag-baixa-do-sapateiro","16":"tag-ceasm","17":"tag-community-museum","18":"tag-complexo-da-mare","19":"tag-education","20":"tag-espocc","21":"tag-memory","22":"tag-greater-rio","23":"tag-marielle-franco","24":"tag-analyzing-media-portrayal-of-favelas","25":"tag-morro-do-timbau","26":"tag-museu-da-mare","27":"tag-museum","28":"tag-north-zone","29":"tag-nova-holanda","30":"tag-observatorio-de-favelas","31":"tag-photography","32":"tag-projeto-rio","33":"tag-redes-de-desenvolvimento-da-mare","34":"tag-solution","35":"tag-uerj","36":"tag-vila-do-joao","37":"writer-miriane-peregrino","38":"translator-sarah-jacobs"},"_links":{"self":[{"href":"https:\/\/rioonwatch.org\/index.php?rest_route=\/wp\/v2\/posts\/55487","targetHints":{"allow":["GET"]}}],"collection":[{"href":"https:\/\/rioonwatch.org\/index.php?rest_route=\/wp\/v2\/posts"}],"about":[{"href":"https:\/\/rioonwatch.org\/index.php?rest_route=\/wp\/v2\/types\/post"}],"author":[{"embeddable":true,"href":"https:\/\/rioonwatch.org\/index.php?rest_route=\/wp\/v2\/users\/162"}],"replies":[{"embeddable":true,"href":"https:\/\/rioonwatch.org\/index.php?rest_route=%2Fwp%2Fv2%2Fcomments&post=55487"}],"version-history":[{"count":1,"href":"https:\/\/rioonwatch.org\/index.php?rest_route=\/wp\/v2\/posts\/55487\/revisions"}],"predecessor-version":[{"id":81668,"href":"https:\/\/rioonwatch.org\/index.php?rest_route=\/wp\/v2\/posts\/55487\/revisions\/81668"}],"wp:featuredmedia":[{"embeddable":true,"href":"https:\/\/rioonwatch.org\/index.php?rest_route=\/wp\/v2\/media\/55490"}],"wp:attachment":[{"href":"https:\/\/rioonwatch.org\/index.php?rest_route=%2Fwp%2Fv2%2Fmedia&parent=55487"}],"wp:term":[{"taxonomy":"category","embeddable":true,"href":"https:\/\/rioonwatch.org\/index.php?rest_route=%2Fwp%2Fv2%2Fcategories&post=55487"},{"taxonomy":"post_tag","embeddable":true,"href":"https:\/\/rioonwatch.org\/index.php?rest_route=%2Fwp%2Fv2%2Ftags&post=55487"},{"taxonomy":"writer","embeddable":true,"href":"https:\/\/rioonwatch.org\/index.php?rest_route=%2Fwp%2Fv2%2Fwriter&post=55487"},{"taxonomy":"translator","embeddable":true,"href":"https:\/\/rioonwatch.org\/index.php?rest_route=%2Fwp%2Fv2%2Ftranslator&post=55487"},{"taxonomy":"illustrator","embeddable":true,"href":"https:\/\/rioonwatch.org\/index.php?rest_route=%2Fwp%2Fv2%2Fillustrator&post=55487"},{"taxonomy":"photographer","embeddable":true,"href":"https:\/\/rioonwatch.org\/index.php?rest_route=%2Fwp%2Fv2%2Fphotographer&post=55487"}],"curies":[{"name":"wp","href":"https:\/\/api.w.org\/{rel}","templated":true}]}}